{"id":12463,"date":"2025-09-18T08:37:36","date_gmt":"2025-09-18T06:37:36","guid":{"rendered":"https:\/\/veritasinfo.org\/?p=12463"},"modified":"2025-09-18T08:40:05","modified_gmt":"2025-09-18T06:40:05","slug":"beogradi-mbeshtet-akuzat-ruse-per-nderhyrjen-e-brukselit-ne-protesta","status":"publish","type":"post","link":"https:\/\/veritasinfo.org\/?p=12463","title":{"rendered":"Beogradi mb\u00ebshtet akuzat ruse p\u00ebr nd\u00ebrhyrjen e Brukselit n\u00eb protesta"},"content":{"rendered":"<p>Beograd 18 Shtator 2025<\/p>\n<p data-start=\"34\" data-end=\"145\"><strong data-start=\"34\" data-end=\"130\">Protest\u00eb n\u00eb Beograd, n\u00eb sheshin Slavija, me thirrjen e student\u00ebve n\u00eb bllokad\u00eb, 15 mars 2025.<\/strong><\/p>\n<p data-start=\"156\" data-end=\"222\">Akuzat e Kremlinit kund\u00ebr Bashkimit Evropian (BE), por pa prova.<\/p>\n<p data-start=\"224\" data-end=\"397\">Kjo \u00ebsht\u00eb mesazhi kryesor i sh\u00ebrbimeve ruse t\u00eb inteligjenc\u00ebs, t\u00eb cilat akuzojn\u00eb Bashkimin dhe vendet an\u00ebtare t\u00eb tij se q\u00ebndrojn\u00eb pas demonstratave antiqeveritare n\u00eb Serbi.<\/p>\n<p data-start=\"399\" data-end=\"599\">Nd\u00ebrsa m\u00eb 1 n\u00ebntor sh\u00ebnohet p\u00ebrvjetori i vdekjes s\u00eb 16 personave n\u00eb nj\u00eb aksident q\u00eb ndezi protestat masive, mij\u00ebra demonstrues q\u00eb k\u00ebrkojn\u00eb p\u00ebrgjegj\u00ebsi nga pushteti, Kremlini i sheh si \u201ctrushp\u00eblar\u00eb\u201d.<\/p>\n<p data-start=\"601\" data-end=\"756\">N\u00eb nj\u00eb komunikat\u00eb t\u00eb Sh\u00ebrbimit t\u00eb Inteligjenc\u00ebs s\u00eb Jashtme t\u00eb Rusis\u00eb (SVR) m\u00eb 15 shtator, thuhet se \u00ebsht\u00eb n\u00eb veprim \u201cveprimtaria n\u00ebnversive\u201d e Brukselit.<\/p>\n<p data-start=\"758\" data-end=\"963\">Student\u00ebt n\u00eb bllokad\u00eb t\u00eb fakulteteve, t\u00eb cil\u00ebt udh\u00ebheqin protestat, p\u00ebrshkruhen si \u201crinia q\u00eb po radikalizohet\u201d dhe q\u00eb \u201cpo kalon nga protesta paq\u00ebsore drejt metodave \u2018revolucionare\u2019 t\u00eb luft\u00ebs dhe dhun\u00ebs\u201d.<\/p>\n<p data-start=\"965\" data-end=\"1143\">\u201cQ\u00ebllimi i rrym\u00ebs liberale evropiane \u00ebsht\u00eb q\u00eb n\u00eb pushtet, n\u00eb k\u00ebt\u00eb vendin m\u00eb t\u00eb madh ballkanik, t\u00eb sjell\u00eb nj\u00eb udh\u00ebheqje t\u00eb bindur e besnike ndaj Brukselit\u201d, ka porositur SVR-ja.<\/p>\n<p data-start=\"1145\" data-end=\"1420\">Ivana Strander, bashk\u00ebpun\u00ebtore e Fondacionit p\u00ebr Mbrojtjen e Demokracis\u00eb nga Uashingtoni, vler\u00ebson se Kremlini vazhdon mb\u00ebshtetjen p\u00ebr regjimin e presidentit Aleksandar Vu\u00e7iq, i cili tash tri vjet refuzon t\u00eb vendos\u00eb sanksione ndaj Rusis\u00eb p\u00ebr shkak t\u00eb pushtimit t\u00eb Ukrain\u00ebs.<\/p>\n<p data-start=\"1422\" data-end=\"1645\">\u201cPresidenti rus Vladimir Putin e p\u00ebrdor Ballkanin p\u00ebr t\u00eb anashkaluar sanksionet dhe p\u00ebr t\u00eb financuar makinerin\u00eb e tij t\u00eb luft\u00ebs. Po ashtu, Putinit i p\u00ebrshtatet kaosi n\u00eb Ballkan, dhe Vu\u00e7iq e ndihmon n\u00eb k\u00ebt\u00eb\u201d, vler\u00ebson ajo.<\/p>\n","protected":false},"excerpt":{"rendered":"<p>Beograd 18 Shtator 2025 Protest\u00eb n\u00eb Beograd, n\u00eb sheshin Slavija, me thirrjen e student\u00ebve n\u00eb bllokad\u00eb, 15 mars 2025. Akuzat e Kremlinit kund\u00ebr Bashkimit Evropian<\/p>\n","protected":false},"author":6,"featured_media":12464,"comment_status":"open","ping_status":"open","sticky":false,"template":"","format":"standard","meta":{"footnotes":""},"categories":[58],"tags":[],"class_list":["post-12463","post","type-post","status-publish","format-standard","has-post-thumbnail","hentry","category-politike-sq"],"yoast_head":"<!-- This site is optimized with the Yoast SEO plugin v25.3.1 - https:\/\/yoast.com\/wordpress\/plugins\/seo\/ -->\n<title>Beogradi mb\u00ebshtet akuzat ruse p\u00ebr nd\u00ebrhyrjen e Brukselit n\u00eb protesta -<\/title>\n<meta name=\"robots\" content=\"index, follow, max-snippet:-1, max-image-preview:large, max-video-preview:-1\" \/>\n<link rel=\"canonical\" href=\"https:\/\/veritasinfo.org\/?p=12463\" \/>\n<meta property=\"og:locale\" content=\"en_US\" \/>\n<meta property=\"og:type\" content=\"article\" \/>\n<meta property=\"og:title\" content=\"Beogradi mb\u00ebshtet akuzat ruse p\u00ebr nd\u00ebrhyrjen e Brukselit n\u00eb protesta -\" \/>\n<meta property=\"og:description\" content=\"Beograd 18 Shtator 2025 Protest\u00eb n\u00eb Beograd, n\u00eb sheshin Slavija, me thirrjen e student\u00ebve n\u00eb bllokad\u00eb, 15 mars 2025. Akuzat e Kremlinit kund\u00ebr Bashkimit Evropian\" \/>\n<meta property=\"og:url\" content=\"https:\/\/veritasinfo.org\/?p=12463\" \/>\n<meta property=\"article:published_time\" content=\"2025-09-18T06:37:36+00:00\" \/>\n<meta property=\"article:modified_time\" content=\"2025-09-18T06:40:05+00:00\" \/>\n<meta property=\"og:image\" content=\"https:\/\/veritasinfo.org\/wp-content\/uploads\/2025\/09\/yy.jpg\" \/>\n\t<meta property=\"og:image:width\" content=\"1000\" \/>\n\t<meta property=\"og:image:height\" content=\"562\" \/>\n\t<meta property=\"og:image:type\" content=\"image\/jpeg\" \/>\n<meta name=\"author\" content=\"US5\" \/>\n<meta name=\"twitter:card\" content=\"summary_large_image\" \/>\n<meta name=\"twitter:label1\" content=\"Written by\" \/>\n\t<meta name=\"twitter:data1\" content=\"US5\" \/>\n\t<meta name=\"twitter:label2\" content=\"Est. reading time\" \/>\n\t<meta name=\"twitter:data2\" content=\"2 minutes\" \/>\n<script type=\"application\/ld+json\" class=\"yoast-schema-graph\">{\"@context\":\"https:\/\/schema.org\",\"@graph\":[{\"@type\":\"WebPage\",\"@id\":\"https:\/\/veritasinfo.org\/?p=12463\",\"url\":\"https:\/\/veritasinfo.org\/?p=12463\",\"name\":\"Beogradi mb\u00ebshtet akuzat ruse p\u00ebr nd\u00ebrhyrjen e Brukselit n\u00eb protesta -\",\"isPartOf\":{\"@id\":\"https:\/\/veritasinfo.org\/#website\"},\"primaryImageOfPage\":{\"@id\":\"https:\/\/veritasinfo.org\/?p=12463#primaryimage\"},\"image\":{\"@id\":\"https:\/\/veritasinfo.org\/?p=12463#primaryimage\"},\"thumbnailUrl\":\"https:\/\/veritasinfo.org\/wp-content\/uploads\/2025\/09\/yy.jpg\",\"datePublished\":\"2025-09-18T06:37:36+00:00\",\"dateModified\":\"2025-09-18T06:40:05+00:00\",\"author\":{\"@id\":\"https:\/\/veritasinfo.org\/#\/schema\/person\/bc442336e35414d04494ab8fb45db4c6\"},\"breadcrumb\":{\"@id\":\"https:\/\/veritasinfo.org\/?p=12463#breadcrumb\"},\"inLanguage\":\"en-US\",\"potentialAction\":[{\"@type\":\"ReadAction\",\"target\":[\"https:\/\/veritasinfo.org\/?p=12463\"]}]},{\"@type\":\"ImageObject\",\"inLanguage\":\"en-US\",\"@id\":\"https:\/\/veritasinfo.org\/?p=12463#primaryimage\",\"url\":\"https:\/\/veritasinfo.org\/wp-content\/uploads\/2025\/09\/yy.jpg\",\"contentUrl\":\"https:\/\/veritasinfo.org\/wp-content\/uploads\/2025\/09\/yy.jpg\",\"width\":1000,\"height\":562},{\"@type\":\"BreadcrumbList\",\"@id\":\"https:\/\/veritasinfo.org\/?p=12463#breadcrumb\",\"itemListElement\":[{\"@type\":\"ListItem\",\"position\":1,\"name\":\"Home\",\"item\":\"https:\/\/veritasinfo.org\/\"},{\"@type\":\"ListItem\",\"position\":2,\"name\":\"Beogradi mb\u00ebshtet akuzat ruse p\u00ebr nd\u00ebrhyrjen e Brukselit n\u00eb protesta\"}]},{\"@type\":\"WebSite\",\"@id\":\"https:\/\/veritasinfo.org\/#website\",\"url\":\"https:\/\/veritasinfo.org\/\",\"name\":\"\",\"description\":\"\",\"potentialAction\":[{\"@type\":\"SearchAction\",\"target\":{\"@type\":\"EntryPoint\",\"urlTemplate\":\"https:\/\/veritasinfo.org\/?s={search_term_string}\"},\"query-input\":{\"@type\":\"PropertyValueSpecification\",\"valueRequired\":true,\"valueName\":\"search_term_string\"}}],\"inLanguage\":\"en-US\"},{\"@type\":\"Person\",\"@id\":\"https:\/\/veritasinfo.org\/#\/schema\/person\/bc442336e35414d04494ab8fb45db4c6\",\"name\":\"US5\",\"image\":{\"@type\":\"ImageObject\",\"inLanguage\":\"en-US\",\"@id\":\"https:\/\/veritasinfo.org\/#\/schema\/person\/image\/\",\"url\":\"https:\/\/secure.gravatar.com\/avatar\/16a61e7272a0c5d001121ebb9e60e925d5816e4ac1e443ed3e640d9a6ae55d0c?s=96&d=mm&r=g\",\"contentUrl\":\"https:\/\/secure.gravatar.com\/avatar\/16a61e7272a0c5d001121ebb9e60e925d5816e4ac1e443ed3e640d9a6ae55d0c?s=96&d=mm&r=g\",\"caption\":\"US5\"},\"url\":\"https:\/\/veritasinfo.org\/?author=6\"}]}<\/script>\n<!-- \/ Yoast SEO plugin. -->","yoast_head_json":{"title":"Beogradi mb\u00ebshtet akuzat ruse p\u00ebr nd\u00ebrhyrjen e Brukselit n\u00eb protesta -","robots":{"index":"index","follow":"follow","max-snippet":"max-snippet:-1","max-image-preview":"max-image-preview:large","max-video-preview":"max-video-preview:-1"},"canonical":"https:\/\/veritasinfo.org\/?p=12463","og_locale":"en_US","og_type":"article","og_title":"Beogradi mb\u00ebshtet akuzat ruse p\u00ebr nd\u00ebrhyrjen e Brukselit n\u00eb protesta -","og_description":"Beograd 18 Shtator 2025 Protest\u00eb n\u00eb Beograd, n\u00eb sheshin Slavija, me thirrjen e student\u00ebve n\u00eb bllokad\u00eb, 15 mars 2025. Akuzat e Kremlinit kund\u00ebr Bashkimit Evropian","og_url":"https:\/\/veritasinfo.org\/?p=12463","article_published_time":"2025-09-18T06:37:36+00:00","article_modified_time":"2025-09-18T06:40:05+00:00","og_image":[{"width":1000,"height":562,"url":"https:\/\/veritasinfo.org\/wp-content\/uploads\/2025\/09\/yy.jpg","type":"image\/jpeg"}],"author":"US5","twitter_card":"summary_large_image","twitter_misc":{"Written by":"US5","Est. reading time":"2 minutes"},"schema":{"@context":"https:\/\/schema.org","@graph":[{"@type":"WebPage","@id":"https:\/\/veritasinfo.org\/?p=12463","url":"https:\/\/veritasinfo.org\/?p=12463","name":"Beogradi mb\u00ebshtet akuzat ruse p\u00ebr nd\u00ebrhyrjen e Brukselit n\u00eb protesta -","isPartOf":{"@id":"https:\/\/veritasinfo.org\/#website"},"primaryImageOfPage":{"@id":"https:\/\/veritasinfo.org\/?p=12463#primaryimage"},"image":{"@id":"https:\/\/veritasinfo.org\/?p=12463#primaryimage"},"thumbnailUrl":"https:\/\/veritasinfo.org\/wp-content\/uploads\/2025\/09\/yy.jpg","datePublished":"2025-09-18T06:37:36+00:00","dateModified":"2025-09-18T06:40:05+00:00","author":{"@id":"https:\/\/veritasinfo.org\/#\/schema\/person\/bc442336e35414d04494ab8fb45db4c6"},"breadcrumb":{"@id":"https:\/\/veritasinfo.org\/?p=12463#breadcrumb"},"inLanguage":"en-US","potentialAction":[{"@type":"ReadAction","target":["https:\/\/veritasinfo.org\/?p=12463"]}]},{"@type":"ImageObject","inLanguage":"en-US","@id":"https:\/\/veritasinfo.org\/?p=12463#primaryimage","url":"https:\/\/veritasinfo.org\/wp-content\/uploads\/2025\/09\/yy.jpg","contentUrl":"https:\/\/veritasinfo.org\/wp-content\/uploads\/2025\/09\/yy.jpg","width":1000,"height":562},{"@type":"BreadcrumbList","@id":"https:\/\/veritasinfo.org\/?p=12463#breadcrumb","itemListElement":[{"@type":"ListItem","position":1,"name":"Home","item":"https:\/\/veritasinfo.org\/"},{"@type":"ListItem","position":2,"name":"Beogradi mb\u00ebshtet akuzat ruse p\u00ebr nd\u00ebrhyrjen e Brukselit n\u00eb protesta"}]},{"@type":"WebSite","@id":"https:\/\/veritasinfo.org\/#website","url":"https:\/\/veritasinfo.org\/","name":"","description":"","potentialAction":[{"@type":"SearchAction","target":{"@type":"EntryPoint","urlTemplate":"https:\/\/veritasinfo.org\/?s={search_term_string}"},"query-input":{"@type":"PropertyValueSpecification","valueRequired":true,"valueName":"search_term_string"}}],"inLanguage":"en-US"},{"@type":"Person","@id":"https:\/\/veritasinfo.org\/#\/schema\/person\/bc442336e35414d04494ab8fb45db4c6","name":"US5","image":{"@type":"ImageObject","inLanguage":"en-US","@id":"https:\/\/veritasinfo.org\/#\/schema\/person\/image\/","url":"https:\/\/secure.gravatar.com\/avatar\/16a61e7272a0c5d001121ebb9e60e925d5816e4ac1e443ed3e640d9a6ae55d0c?s=96&d=mm&r=g","contentUrl":"https:\/\/secure.gravatar.com\/avatar\/16a61e7272a0c5d001121ebb9e60e925d5816e4ac1e443ed3e640d9a6ae55d0c?s=96&d=mm&r=g","caption":"US5"},"url":"https:\/\/veritasinfo.org\/?author=6"}]}},"featured_image_urls":{"full":["https:\/\/veritasinfo.org\/wp-content\/uploads\/2025\/09\/yy.jpg",1000,562,false],"thumbnail":["https:\/\/veritasinfo.org\/wp-content\/uploads\/2025\/09\/yy-150x150.jpg",150,150,true],"medium":["https:\/\/veritasinfo.org\/wp-content\/uploads\/2025\/09\/yy-300x169.jpg",300,169,true],"medium_large":["https:\/\/veritasinfo.org\/wp-content\/uploads\/2025\/09\/yy-768x432.jpg",640,360,true],"large":["https:\/\/veritasinfo.org\/wp-content\/uploads\/2025\/09\/yy.jpg",640,360,false],"1536x1536":["https:\/\/veritasinfo.org\/wp-content\/uploads\/2025\/09\/yy.jpg",1000,562,false],"2048x2048":["https:\/\/veritasinfo.org\/wp-content\/uploads\/2025\/09\/yy.jpg",1000,562,false],"kreeti-slider-full":["https:\/\/veritasinfo.org\/wp-content\/uploads\/2025\/09\/yy.jpg",1000,562,false],"kreeti-featured":["https:\/\/veritasinfo.org\/wp-content\/uploads\/2025\/09\/yy.jpg",1000,562,false],"kreeti-medium":["https:\/\/veritasinfo.org\/wp-content\/uploads\/2025\/09\/yy.jpg",720,405,false],"kreeti-medium-square":["https:\/\/veritasinfo.org\/wp-content\/uploads\/2025\/09\/yy.jpg",350,197,false]},"author_info":{"info":["US5"]},"category_info":"<a href=\"https:\/\/veritasinfo.org\/?cat=58\" rel=\"category\">Politik\u00eb<\/a>","tag_info":"Politik\u00eb","comment_count":"0","_links":{"self":[{"href":"https:\/\/veritasinfo.org\/index.php?rest_route=\/wp\/v2\/posts\/12463","targetHints":{"allow":["GET"]}}],"collection":[{"href":"https:\/\/veritasinfo.org\/index.php?rest_route=\/wp\/v2\/posts"}],"about":[{"href":"https:\/\/veritasinfo.org\/index.php?rest_route=\/wp\/v2\/types\/post"}],"author":[{"embeddable":true,"href":"https:\/\/veritasinfo.org\/index.php?rest_route=\/wp\/v2\/users\/6"}],"replies":[{"embeddable":true,"href":"https:\/\/veritasinfo.org\/index.php?rest_route=%2Fwp%2Fv2%2Fcomments&post=12463"}],"version-history":[{"count":1,"href":"https:\/\/veritasinfo.org\/index.php?rest_route=\/wp\/v2\/posts\/12463\/revisions"}],"predecessor-version":[{"id":12465,"href":"https:\/\/veritasinfo.org\/index.php?rest_route=\/wp\/v2\/posts\/12463\/revisions\/12465"}],"wp:featuredmedia":[{"embeddable":true,"href":"https:\/\/veritasinfo.org\/index.php?rest_route=\/wp\/v2\/media\/12464"}],"wp:attachment":[{"href":"https:\/\/veritasinfo.org\/index.php?rest_route=%2Fwp%2Fv2%2Fmedia&parent=12463"}],"wp:term":[{"taxonomy":"category","embeddable":true,"href":"https:\/\/veritasinfo.org\/index.php?rest_route=%2Fwp%2Fv2%2Fcategories&post=12463"},{"taxonomy":"post_tag","embeddable":true,"href":"https:\/\/veritasinfo.org\/index.php?rest_route=%2Fwp%2Fv2%2Ftags&post=12463"}],"curies":[{"name":"wp","href":"https:\/\/api.w.org\/{rel}","templated":true}]}}