{"id":1245,"date":"2025-06-21T18:02:48","date_gmt":"2025-06-21T16:02:48","guid":{"rendered":"https:\/\/veritasinfo.org\/?p=1245"},"modified":"2025-06-21T18:02:48","modified_gmt":"2025-06-21T16:02:48","slug":"propaganda-cinike-e-vuciqit-fajeson-femijet-e-viteve-2000-per-ekstradim-te-millosheviqit","status":"publish","type":"post","link":"https:\/\/veritasinfo.org\/?p=1245","title":{"rendered":"Propaganda cinike e Vu\u00e7iqit : Faj\u00ebson f\u00ebmij\u00ebt e viteve 2000 p\u00ebr ekstradim te Millosheviqit"},"content":{"rendered":"<p><strong>Beograd 21 Qershor 2025 \u2013 <\/strong><\/p>\n<p>Presidenti i Serbis\u00eb, Aleksandar Vu\u00e7i\u00e7, faj\u00ebsoi student\u00ebt n\u00eb bllokada p\u00ebr ekstradimin e ish-presidentit t\u00eb Jugosllavis\u00eb, Slobodan Millosheviq, n\u00eb Hag\u00eb n\u00eb Vidovdan. Ndaj akuz\u00ebs s\u00eb tij reaguan student\u00ebt e Fakultetit t\u00eb Mjek\u00ebsis\u00eb n\u00eb bllokad\u00eb, t\u00eb cil\u00ebt, duke cituar nj\u00eb nga deklaratat e tij t\u00eb m\u00ebparshme, i than\u00eb t\u00eb &#8220;freskohet me uj\u00eb t\u00eb ftoht\u00eb&#8221;.<\/p>\n<p>Akuza e Aleksandar Vu\u00e7i\u00e7 drejtuar student\u00ebve mund t\u00eb mos ting\u00ebllonte kaq e habitshme, duke pasur parasysh se jemi m\u00ebsuar q\u00eb presidenti t\u00eb mos ngarkohet nga e v\u00ebrteta, n\u00ebse nuk do t\u00eb ishte ngjarja q\u00eb ndodhi m\u00eb 28 qershor 2001, kur shumica e student\u00ebve t\u00eb sot\u00ebm q\u00eb marrin pjes\u00eb n\u00eb bllokada as nuk kishin lindur. &#8220;Kishim dit\u00eb t\u00eb tmerrshme, si dor\u00ebzimi i q\u00ebllimsh\u00ebm i Presidentit Milloshevi\u00e7 n\u00eb Gjykat\u00ebn e Hag\u00ebs n\u00eb Vidovdan. Ishte nj\u00eb nga turpet m\u00eb t\u00eb m\u00ebdha q\u00eb bllokuesit kryen kund\u00ebr shtetit t\u00eb Serbis\u00eb&#8221;, tha Vu\u00e7i\u00e7.<\/p>\n<p><img fetchpriority=\"high\" decoding=\"async\" class=\"alignnone size-medium wp-image-1247\" src=\"https:\/\/veritasinfo.org\/wp-content\/uploads\/2025\/06\/foto-300x185.jpg\" alt=\"\" width=\"300\" height=\"185\" srcset=\"https:\/\/veritasinfo.org\/wp-content\/uploads\/2025\/06\/foto-300x185.jpg 300w, https:\/\/veritasinfo.org\/wp-content\/uploads\/2025\/06\/foto-1024x633.jpg 1024w, https:\/\/veritasinfo.org\/wp-content\/uploads\/2025\/06\/foto-768x475.jpg 768w, https:\/\/veritasinfo.org\/wp-content\/uploads\/2025\/06\/foto.jpg 1536w\" sizes=\"(max-width: 300px) 100vw, 300px\" \/>Duke reaguar ndaj k\u00ebsaj deklarate, student\u00ebt e Fakultetit t\u00eb Mjek\u00ebsis\u00eb n\u00eb bllokad\u00eb i than\u00eb presidentit &#8220;t\u00eb freskohet me uj\u00eb t\u00eb ftoht\u00eb&#8221;. &#8220;Student\u00ebt akuzohen p\u00ebr ekstradimin e Slobodan Millosheviqit n\u00eb Gjykat\u00ebn e Hag\u00ebs. \u00c7far\u00eb do t\u00eb thoshte nj\u00eb njeri disa muaj m\u00eb par\u00eb: &#8216;N\u00ebse je i vet\u00ebdijsh\u00ebm, freskoje veten me uj\u00eb t\u00eb ftoht\u00eb'&#8221;, shkruan ata n\u00eb llogarin\u00eb e tyre zyrtare X.<\/p>\n<p>N\u00eb k\u00ebt\u00eb m\u00ebnyr\u00eb, student\u00ebt inkurajuan nj\u00eb nga deklaratat m\u00eb skandaloze t\u00eb Presidentit t\u00eb Serbis\u00eb, kur foli p\u00ebr shofer\u00ebt q\u00eb p\u00ebrplasin makinat e tyre mbi pjes\u00ebmarr\u00ebsit n\u00eb bllokad\u00eb. Duke folur p\u00ebr incidentin e regjistruar n\u00eb Loznic\u00eb, kur nj\u00eb shofer &#8220;kapi&#8221; nj\u00eb burr\u00eb n\u00eb kalimin p\u00ebr k\u00ebmb\u00ebsor\u00eb gjat\u00eb homazheve p\u00ebr viktimat n\u00eb Novi Sad, Vu\u00e7i\u00e7 pohoi se personi q\u00eb bllokoi rrug\u00ebn ishte fajtor, jo shoferi.<\/p>\n<p>&#8220;Ju paraqisni nj\u00eb k\u00ebrkes\u00eb, policia nuk e miraton tubimin, q\u00eb do t\u00eb thot\u00eb se \u00ebsht\u00eb i ndaluar, sepse policia nuk mund t\u00eb miratoj\u00eb di\u00e7ka q\u00eb \u00ebsht\u00eb kund\u00ebr ligjit, dhe pastaj ju i k\u00ebrkoni policis\u00eb t&#8217;ju ndihmoj\u00eb kur p\u00ebrballeni me ndonj\u00eb problem nd\u00ebrsa po shkelni ligjin&#8221;, tha Vu\u00e7i\u00e7 n\u00eb at\u00eb koh\u00eb, dhe m\u00eb pas vler\u00ebsoi se ata q\u00eb po k\u00ebrkojn\u00eb arrestimin e shoferit t\u00eb lartp\u00ebrmendur &#8220;nuk jan\u00eb t\u00eb vet\u00ebdijsh\u00ebm&#8221;.<\/p>\n<p>\u201cIshte n\u00eb Loznic\u00eb, te nj\u00eb makin\u00eb fabia, dikush i hipi mbi kapakun e motorrit, sepse burri donte t\u00eb kalonte, k\u00ebshtu q\u00eb tha ta arrestojm\u00eb burrin q\u00eb po ngiste makin\u00ebn. Si mund ta arrestosh nj\u00eb burr\u00eb q\u00eb nuk po shkelte ligjin? Burri po ecte n\u00eb rrug\u00ebn e tij. A je i vet\u00ebdijsh\u00ebm, freskoje veten me uj\u00eb t\u00eb ftoht\u00eb, f\u00ebrko syt\u00eb, hidhe timonin. I preve rrug\u00ebn dikujt, i the &#8211; nuk do t\u00eb t\u00eb l\u00eb t\u00eb kalosh, nj\u00eb burr\u00eb kalon dhe ti varesh mbi makin\u00ebn e tij\u201d, tha \u00a0Vu\u00e7i\u00e7.<\/p>\n<p>P\u00ebr hir t\u00eb s\u00eb v\u00ebrtet\u00ebs, ky incident ndodhi n\u00eb Pozharevac, jo n\u00eb Loznic\u00eb, dhe ky lloj sjelljeje \u00ebsht\u00eb i ndaluar me ligj. Ligji p\u00ebr sigurin\u00eb n\u00eb trafik thot\u00eb, nd\u00ebr t\u00eb tjera, se drejtimi i dhunsh\u00ebm i mjetit \u00ebsht\u00eb &#8220;sjellja e shoferit q\u00eb \u00ebsht\u00eb n\u00eb shkelje t\u00eb r\u00ebnd\u00eb t\u00eb rregullave t\u00eb trafikut, dometh\u00ebn\u00eb kur shoferi nuk tregon kujdes p\u00ebr sigurin\u00eb e pjes\u00ebmarr\u00ebsve t\u00eb tjer\u00eb n\u00eb trafik&#8221;.<\/p>\n","protected":false},"excerpt":{"rendered":"<p>Beograd 21 Qershor 2025 \u2013 Presidenti i Serbis\u00eb, Aleksandar Vu\u00e7i\u00e7, faj\u00ebsoi student\u00ebt n\u00eb bllokada p\u00ebr ekstradimin e ish-presidentit t\u00eb Jugosllavis\u00eb, Slobodan Millosheviq, n\u00eb Hag\u00eb n\u00eb<\/p>\n","protected":false},"author":2,"featured_media":1246,"comment_status":"open","ping_status":"open","sticky":false,"template":"","format":"standard","meta":{"footnotes":""},"categories":[58],"tags":[],"class_list":["post-1245","post","type-post","status-publish","format-standard","has-post-thumbnail","hentry","category-politike-sq"],"yoast_head":"<!-- This site is optimized with the Yoast SEO plugin v25.3.1 - https:\/\/yoast.com\/wordpress\/plugins\/seo\/ -->\n<title>Propaganda cinike e Vu\u00e7iqit : Faj\u00ebson f\u00ebmij\u00ebt e viteve 2000 p\u00ebr ekstradim te Millosheviqit -<\/title>\n<meta name=\"robots\" content=\"index, follow, max-snippet:-1, max-image-preview:large, max-video-preview:-1\" \/>\n<link rel=\"canonical\" href=\"https:\/\/veritasinfo.org\/?p=1245\" \/>\n<meta property=\"og:locale\" content=\"en_US\" \/>\n<meta property=\"og:type\" content=\"article\" \/>\n<meta property=\"og:title\" content=\"Propaganda cinike e Vu\u00e7iqit : Faj\u00ebson f\u00ebmij\u00ebt e viteve 2000 p\u00ebr ekstradim te Millosheviqit -\" \/>\n<meta property=\"og:description\" content=\"Beograd 21 Qershor 2025 \u2013 Presidenti i Serbis\u00eb, Aleksandar Vu\u00e7i\u00e7, faj\u00ebsoi student\u00ebt n\u00eb bllokada p\u00ebr ekstradimin e ish-presidentit t\u00eb Jugosllavis\u00eb, Slobodan Millosheviq, n\u00eb Hag\u00eb n\u00eb\" \/>\n<meta property=\"og:url\" content=\"https:\/\/veritasinfo.org\/?p=1245\" \/>\n<meta property=\"article:published_time\" content=\"2025-06-21T16:02:48+00:00\" \/>\n<meta property=\"og:image\" content=\"https:\/\/veritasinfo.org\/wp-content\/uploads\/2025\/06\/foto1.jpg\" \/>\n\t<meta property=\"og:image:width\" content=\"1024\" \/>\n\t<meta property=\"og:image:height\" content=\"683\" \/>\n\t<meta property=\"og:image:type\" content=\"image\/jpeg\" \/>\n<meta name=\"author\" content=\"US1\" \/>\n<meta name=\"twitter:card\" content=\"summary_large_image\" \/>\n<meta name=\"twitter:label1\" content=\"Written by\" \/>\n\t<meta name=\"twitter:data1\" content=\"US1\" \/>\n\t<meta name=\"twitter:label2\" content=\"Est. reading time\" \/>\n\t<meta name=\"twitter:data2\" content=\"3 minutes\" \/>\n<script type=\"application\/ld+json\" class=\"yoast-schema-graph\">{\"@context\":\"https:\/\/schema.org\",\"@graph\":[{\"@type\":\"WebPage\",\"@id\":\"https:\/\/veritasinfo.org\/?p=1245\",\"url\":\"https:\/\/veritasinfo.org\/?p=1245\",\"name\":\"Propaganda cinike e Vu\u00e7iqit : Faj\u00ebson f\u00ebmij\u00ebt e viteve 2000 p\u00ebr ekstradim te Millosheviqit -\",\"isPartOf\":{\"@id\":\"https:\/\/veritasinfo.org\/#website\"},\"primaryImageOfPage\":{\"@id\":\"https:\/\/veritasinfo.org\/?p=1245#primaryimage\"},\"image\":{\"@id\":\"https:\/\/veritasinfo.org\/?p=1245#primaryimage\"},\"thumbnailUrl\":\"https:\/\/veritasinfo.org\/wp-content\/uploads\/2025\/06\/foto1.jpg\",\"datePublished\":\"2025-06-21T16:02:48+00:00\",\"author\":{\"@id\":\"https:\/\/veritasinfo.org\/#\/schema\/person\/c2b8be262ea994d0995addca692c5e98\"},\"breadcrumb\":{\"@id\":\"https:\/\/veritasinfo.org\/?p=1245#breadcrumb\"},\"inLanguage\":\"en-US\",\"potentialAction\":[{\"@type\":\"ReadAction\",\"target\":[\"https:\/\/veritasinfo.org\/?p=1245\"]}]},{\"@type\":\"ImageObject\",\"inLanguage\":\"en-US\",\"@id\":\"https:\/\/veritasinfo.org\/?p=1245#primaryimage\",\"url\":\"https:\/\/veritasinfo.org\/wp-content\/uploads\/2025\/06\/foto1.jpg\",\"contentUrl\":\"https:\/\/veritasinfo.org\/wp-content\/uploads\/2025\/06\/foto1.jpg\",\"width\":1024,\"height\":683,\"caption\":\"Beograd 15.03.2025. Protest 15 za 15, najve\u0107i protest Foto: Vladislav Miti\u0107\/Nova.rs autokomanda, protest, studenti\"},{\"@type\":\"BreadcrumbList\",\"@id\":\"https:\/\/veritasinfo.org\/?p=1245#breadcrumb\",\"itemListElement\":[{\"@type\":\"ListItem\",\"position\":1,\"name\":\"Home\",\"item\":\"https:\/\/veritasinfo.org\/\"},{\"@type\":\"ListItem\",\"position\":2,\"name\":\"Propaganda cinike e Vu\u00e7iqit : Faj\u00ebson f\u00ebmij\u00ebt e viteve 2000 p\u00ebr ekstradim te Millosheviqit\"}]},{\"@type\":\"WebSite\",\"@id\":\"https:\/\/veritasinfo.org\/#website\",\"url\":\"https:\/\/veritasinfo.org\/\",\"name\":\"\",\"description\":\"\",\"potentialAction\":[{\"@type\":\"SearchAction\",\"target\":{\"@type\":\"EntryPoint\",\"urlTemplate\":\"https:\/\/veritasinfo.org\/?s={search_term_string}\"},\"query-input\":{\"@type\":\"PropertyValueSpecification\",\"valueRequired\":true,\"valueName\":\"search_term_string\"}}],\"inLanguage\":\"en-US\"},{\"@type\":\"Person\",\"@id\":\"https:\/\/veritasinfo.org\/#\/schema\/person\/c2b8be262ea994d0995addca692c5e98\",\"name\":\"US1\",\"image\":{\"@type\":\"ImageObject\",\"inLanguage\":\"en-US\",\"@id\":\"https:\/\/veritasinfo.org\/#\/schema\/person\/image\/\",\"url\":\"https:\/\/secure.gravatar.com\/avatar\/4e96a59bd256abf9956eb9963ac891a47461ffb364d47b0e9aab113328fdb75b?s=96&d=mm&r=g\",\"contentUrl\":\"https:\/\/secure.gravatar.com\/avatar\/4e96a59bd256abf9956eb9963ac891a47461ffb364d47b0e9aab113328fdb75b?s=96&d=mm&r=g\",\"caption\":\"US1\"},\"url\":\"https:\/\/veritasinfo.org\/?author=2\"}]}<\/script>\n<!-- \/ Yoast SEO plugin. -->","yoast_head_json":{"title":"Propaganda cinike e Vu\u00e7iqit : Faj\u00ebson f\u00ebmij\u00ebt e viteve 2000 p\u00ebr ekstradim te Millosheviqit -","robots":{"index":"index","follow":"follow","max-snippet":"max-snippet:-1","max-image-preview":"max-image-preview:large","max-video-preview":"max-video-preview:-1"},"canonical":"https:\/\/veritasinfo.org\/?p=1245","og_locale":"en_US","og_type":"article","og_title":"Propaganda cinike e Vu\u00e7iqit : Faj\u00ebson f\u00ebmij\u00ebt e viteve 2000 p\u00ebr ekstradim te Millosheviqit -","og_description":"Beograd 21 Qershor 2025 \u2013 Presidenti i Serbis\u00eb, Aleksandar Vu\u00e7i\u00e7, faj\u00ebsoi student\u00ebt n\u00eb bllokada p\u00ebr ekstradimin e ish-presidentit t\u00eb Jugosllavis\u00eb, Slobodan Millosheviq, n\u00eb Hag\u00eb n\u00eb","og_url":"https:\/\/veritasinfo.org\/?p=1245","article_published_time":"2025-06-21T16:02:48+00:00","og_image":[{"width":1024,"height":683,"url":"https:\/\/veritasinfo.org\/wp-content\/uploads\/2025\/06\/foto1.jpg","type":"image\/jpeg"}],"author":"US1","twitter_card":"summary_large_image","twitter_misc":{"Written by":"US1","Est. reading time":"3 minutes"},"schema":{"@context":"https:\/\/schema.org","@graph":[{"@type":"WebPage","@id":"https:\/\/veritasinfo.org\/?p=1245","url":"https:\/\/veritasinfo.org\/?p=1245","name":"Propaganda cinike e Vu\u00e7iqit : Faj\u00ebson f\u00ebmij\u00ebt e viteve 2000 p\u00ebr ekstradim te Millosheviqit -","isPartOf":{"@id":"https:\/\/veritasinfo.org\/#website"},"primaryImageOfPage":{"@id":"https:\/\/veritasinfo.org\/?p=1245#primaryimage"},"image":{"@id":"https:\/\/veritasinfo.org\/?p=1245#primaryimage"},"thumbnailUrl":"https:\/\/veritasinfo.org\/wp-content\/uploads\/2025\/06\/foto1.jpg","datePublished":"2025-06-21T16:02:48+00:00","author":{"@id":"https:\/\/veritasinfo.org\/#\/schema\/person\/c2b8be262ea994d0995addca692c5e98"},"breadcrumb":{"@id":"https:\/\/veritasinfo.org\/?p=1245#breadcrumb"},"inLanguage":"en-US","potentialAction":[{"@type":"ReadAction","target":["https:\/\/veritasinfo.org\/?p=1245"]}]},{"@type":"ImageObject","inLanguage":"en-US","@id":"https:\/\/veritasinfo.org\/?p=1245#primaryimage","url":"https:\/\/veritasinfo.org\/wp-content\/uploads\/2025\/06\/foto1.jpg","contentUrl":"https:\/\/veritasinfo.org\/wp-content\/uploads\/2025\/06\/foto1.jpg","width":1024,"height":683,"caption":"Beograd 15.03.2025. Protest 15 za 15, najve\u0107i protest Foto: Vladislav Miti\u0107\/Nova.rs autokomanda, protest, studenti"},{"@type":"BreadcrumbList","@id":"https:\/\/veritasinfo.org\/?p=1245#breadcrumb","itemListElement":[{"@type":"ListItem","position":1,"name":"Home","item":"https:\/\/veritasinfo.org\/"},{"@type":"ListItem","position":2,"name":"Propaganda cinike e Vu\u00e7iqit : Faj\u00ebson f\u00ebmij\u00ebt e viteve 2000 p\u00ebr ekstradim te Millosheviqit"}]},{"@type":"WebSite","@id":"https:\/\/veritasinfo.org\/#website","url":"https:\/\/veritasinfo.org\/","name":"","description":"","potentialAction":[{"@type":"SearchAction","target":{"@type":"EntryPoint","urlTemplate":"https:\/\/veritasinfo.org\/?s={search_term_string}"},"query-input":{"@type":"PropertyValueSpecification","valueRequired":true,"valueName":"search_term_string"}}],"inLanguage":"en-US"},{"@type":"Person","@id":"https:\/\/veritasinfo.org\/#\/schema\/person\/c2b8be262ea994d0995addca692c5e98","name":"US1","image":{"@type":"ImageObject","inLanguage":"en-US","@id":"https:\/\/veritasinfo.org\/#\/schema\/person\/image\/","url":"https:\/\/secure.gravatar.com\/avatar\/4e96a59bd256abf9956eb9963ac891a47461ffb364d47b0e9aab113328fdb75b?s=96&d=mm&r=g","contentUrl":"https:\/\/secure.gravatar.com\/avatar\/4e96a59bd256abf9956eb9963ac891a47461ffb364d47b0e9aab113328fdb75b?s=96&d=mm&r=g","caption":"US1"},"url":"https:\/\/veritasinfo.org\/?author=2"}]}},"featured_image_urls":{"full":["https:\/\/veritasinfo.org\/wp-content\/uploads\/2025\/06\/foto1.jpg",1024,683,false],"thumbnail":["https:\/\/veritasinfo.org\/wp-content\/uploads\/2025\/06\/foto1-150x150.jpg",150,150,true],"medium":["https:\/\/veritasinfo.org\/wp-content\/uploads\/2025\/06\/foto1-300x200.jpg",300,200,true],"medium_large":["https:\/\/veritasinfo.org\/wp-content\/uploads\/2025\/06\/foto1-768x512.jpg",640,427,true],"large":["https:\/\/veritasinfo.org\/wp-content\/uploads\/2025\/06\/foto1.jpg",640,427,false],"1536x1536":["https:\/\/veritasinfo.org\/wp-content\/uploads\/2025\/06\/foto1.jpg",1024,683,false],"2048x2048":["https:\/\/veritasinfo.org\/wp-content\/uploads\/2025\/06\/foto1.jpg",1024,683,false],"kreeti-slider-full":["https:\/\/veritasinfo.org\/wp-content\/uploads\/2025\/06\/foto1.jpg",1024,683,false],"kreeti-featured":["https:\/\/veritasinfo.org\/wp-content\/uploads\/2025\/06\/foto1.jpg",1024,683,false],"kreeti-medium":["https:\/\/veritasinfo.org\/wp-content\/uploads\/2025\/06\/foto1.jpg",720,480,false],"kreeti-medium-square":["https:\/\/veritasinfo.org\/wp-content\/uploads\/2025\/06\/foto1.jpg",350,233,false]},"author_info":{"info":["US1"]},"category_info":"<a href=\"https:\/\/veritasinfo.org\/?cat=58\" rel=\"category\">Politik\u00eb<\/a>","tag_info":"Politik\u00eb","comment_count":"0","_links":{"self":[{"href":"https:\/\/veritasinfo.org\/index.php?rest_route=\/wp\/v2\/posts\/1245","targetHints":{"allow":["GET"]}}],"collection":[{"href":"https:\/\/veritasinfo.org\/index.php?rest_route=\/wp\/v2\/posts"}],"about":[{"href":"https:\/\/veritasinfo.org\/index.php?rest_route=\/wp\/v2\/types\/post"}],"author":[{"embeddable":true,"href":"https:\/\/veritasinfo.org\/index.php?rest_route=\/wp\/v2\/users\/2"}],"replies":[{"embeddable":true,"href":"https:\/\/veritasinfo.org\/index.php?rest_route=%2Fwp%2Fv2%2Fcomments&post=1245"}],"version-history":[{"count":1,"href":"https:\/\/veritasinfo.org\/index.php?rest_route=\/wp\/v2\/posts\/1245\/revisions"}],"predecessor-version":[{"id":1248,"href":"https:\/\/veritasinfo.org\/index.php?rest_route=\/wp\/v2\/posts\/1245\/revisions\/1248"}],"wp:featuredmedia":[{"embeddable":true,"href":"https:\/\/veritasinfo.org\/index.php?rest_route=\/wp\/v2\/media\/1246"}],"wp:attachment":[{"href":"https:\/\/veritasinfo.org\/index.php?rest_route=%2Fwp%2Fv2%2Fmedia&parent=1245"}],"wp:term":[{"taxonomy":"category","embeddable":true,"href":"https:\/\/veritasinfo.org\/index.php?rest_route=%2Fwp%2Fv2%2Fcategories&post=1245"},{"taxonomy":"post_tag","embeddable":true,"href":"https:\/\/veritasinfo.org\/index.php?rest_route=%2Fwp%2Fv2%2Ftags&post=1245"}],"curies":[{"name":"wp","href":"https:\/\/api.w.org\/{rel}","templated":true}]}}