{"id":12445,"date":"2025-09-18T07:45:57","date_gmt":"2025-09-18T05:45:57","guid":{"rendered":"https:\/\/veritasinfo.org\/?p=12445"},"modified":"2025-09-18T07:45:57","modified_gmt":"2025-09-18T05:45:57","slug":"promovohet-libri-kosovo-at-war","status":"publish","type":"post","link":"https:\/\/veritasinfo.org\/?p=12445","title":{"rendered":"Promovohet libri \u201cKosovo at war\u201d"},"content":{"rendered":"<p>Prishtin\u00eb, 18 shtator<\/p>\n<p>Teuta Shala Peli, drejtoresh\u00eb, Instutit Ali Hadri, ka th\u00ebn\u00eb se fotografit\u00eb e prezantuara n\u00eb librin q\u00eb sot po e promovojm\u00eb, nuk jan\u00eb vet\u00ebm dokumente t\u00eb luft\u00ebs ato jan\u00eb rr\u00ebfime q\u00eb flasin me forc\u00ebn e s\u00eb v\u00ebrtet\u00ebs, ato p\u00ebr\u00e7ojn\u00eb dhimbjen e popullit ton\u00eb por nj\u00ebkoh\u00ebsisht edhe q\u00ebndres\u00ebn, shpres\u00ebn dhe rrug\u00ebtimin drejt liris\u00eb.<\/p>\n<p>\u201cP\u00ebrmes k\u00ebtij libri Kosova d\u00ebshmohet para bot\u00ebs ashtu si\u00e7 ka qen\u00eb, nj\u00eb popull I pafajsh\u00ebm i cili p\u00ebrballoj dhun\u00ebn por nuk e humbi kurr\u00eb besimin n\u00eb t\u00eb ardhmen, ka th\u00ebn\u00eb Hadri.<\/p>\n<p>\u201cIshte nd\u00ebr t\u00eb pakt\u00ebt fotoreporter q\u00eb arrit\u00ebn t\u00eb regjistrojn\u00eb pamje autentike t\u00eb realitetit,\u00a0t\u00eb luft\u00ebs nga spastrimi etnik dhe dhuna sistematike e deri te\u00a0e civil\u00ebve t\u00eb vrar\u00eb dhe atyre q\u00eb mbijetuan, p\u00ebrmes p\u00ebrvojave traumatike. Thomasi ka nj\u00eb p\u00ebrvoj\u00eb prej tre dekadash si fotoreporter I ka mbuluar zonat e luft\u00ebrave n\u00eb Kosov\u00eb, Ballkan, Irak, Afganistan, Afrik\u00eb dhe n\u00eb pjes\u00eb t\u00eb ndryshme t\u00eb bot\u00ebs. Ka nj\u00eb s\u00ebr\u00eb \u00e7mimesh dhe publikimesh duke p\u00ebrfshi \u00e7mimin danez \u201cFuji\u201d si dhe nj\u00eb s\u00ebr\u00eb publikimesh tjera\u201d, ka th\u00ebn\u00eb Arb\u00ebr Hadri.<\/p>\n<p>Nd\u00ebrsa Arita Gola, \u00a0nga Ministria e Arsimit Shkenc\u00ebs dhe Teknologjis\u00eb, ka th\u00ebn\u00eb se ky botim \u00ebsht\u00eb m\u00eb shum\u00eb se nj\u00eb d\u00ebshmi n\u00eb nj\u00eb p\u00ebrmbledhje fotografike.<\/p>\n<p>\u201c\u00cbsht\u00eb nj\u00eb rr\u00ebfim q\u00eb dokumenton dhimbjen, q\u00ebndres\u00ebn dhe shpres\u00ebn e popullit t\u00eb Kosov\u00ebs n\u00eb nj\u00eb koh\u00eb t\u00eb v\u00ebshtir\u00eb p\u00ebr ne pra, gjat\u00eb koh\u00ebs s\u00eb luft\u00ebs. \u00cbsht\u00eb nj\u00eb kujtes\u00eb e gjall\u00eb, nj\u00eb d\u00ebshmi e fuqishme p\u00ebr periudh\u00ebn m\u00eb t\u00eb err\u00ebt t\u00eb historis\u00eb son\u00eb t\u00eb af\u00ebrt, ka th\u00ebn\u00eb ajo.<\/p>\n<p>\u201cKosovo at War\u201d nuk \u00ebsht\u00eb thjesht nj\u00eb koleksion fotografish, por nj\u00eb d\u00ebshmi vizuale e guximit, humbjes dhe q\u00ebndres\u00ebs, tha autori i librit Thomas Sjorup.<\/p>\n<p>\u201cKur erdha p\u00ebr her\u00eb t\u00eb par\u00eb n\u00eb Kosov\u00eb gjat\u00eb konfliktit, pash\u00eb skena t\u00eb v\u00ebshtir\u00ebsive t\u00eb paimagjinueshme. Por pash\u00eb gjithashtu shpres\u00eb, dinjitet dhe shpirtin e pathyesh\u00ebm t\u00eb popullit t\u00eb Kosov\u00ebs, i cili m\u00eb hapi dyert e jet\u00ebs s\u00eb tij. K\u00ebto fotografi synojn\u00eb ta nderojn\u00eb pik\u00ebrisht at\u00eb shpirt dhe ta ruajn\u00eb p\u00ebr brezat q\u00eb do t\u00eb vijn\u00eb\u201d, ka th\u00ebn\u00eb Sjorup.<\/p>\n<p>Si pjes\u00eb e promovimit ishin edhe disa fotografi t\u00eb ekspozuara n\u00eb hap\u00ebsir\u00ebn e bibliotek\u00ebs.<\/p>\n<p>&nbsp;<\/p>\n","protected":false},"excerpt":{"rendered":"<p>Prishtin\u00eb, 18 shtator Teuta Shala Peli, drejtoresh\u00eb, Instutit Ali Hadri, ka th\u00ebn\u00eb se fotografit\u00eb e prezantuara n\u00eb librin q\u00eb sot po e promovojm\u00eb, nuk jan\u00eb<\/p>\n","protected":false},"author":7,"featured_media":12446,"comment_status":"open","ping_status":"open","sticky":false,"template":"","format":"standard","meta":{"footnotes":""},"categories":[54],"tags":[],"class_list":["post-12445","post","type-post","status-publish","format-standard","has-post-thumbnail","hentry","category-kulture-sq"],"yoast_head":"<!-- This site is optimized with the Yoast SEO plugin v25.3.1 - https:\/\/yoast.com\/wordpress\/plugins\/seo\/ -->\n<title>Promovohet libri \u201cKosovo at war\u201d -<\/title>\n<meta name=\"robots\" content=\"index, follow, max-snippet:-1, max-image-preview:large, max-video-preview:-1\" \/>\n<link rel=\"canonical\" href=\"https:\/\/veritasinfo.org\/?p=12445\" \/>\n<meta property=\"og:locale\" content=\"en_US\" \/>\n<meta property=\"og:type\" content=\"article\" \/>\n<meta property=\"og:title\" content=\"Promovohet libri \u201cKosovo at war\u201d -\" \/>\n<meta property=\"og:description\" content=\"Prishtin\u00eb, 18 shtator Teuta Shala Peli, drejtoresh\u00eb, Instutit Ali Hadri, ka th\u00ebn\u00eb se fotografit\u00eb e prezantuara n\u00eb librin q\u00eb sot po e promovojm\u00eb, nuk jan\u00eb\" \/>\n<meta property=\"og:url\" content=\"https:\/\/veritasinfo.org\/?p=12445\" \/>\n<meta property=\"article:published_time\" content=\"2025-09-18T05:45:57+00:00\" \/>\n<meta property=\"og:image\" content=\"https:\/\/veritasinfo.org\/wp-content\/uploads\/2025\/09\/auto_555-61758133305.jpg\" \/>\n\t<meta property=\"og:image:width\" content=\"900\" \/>\n\t<meta property=\"og:image:height\" content=\"559\" \/>\n\t<meta property=\"og:image:type\" content=\"image\/jpeg\" \/>\n<meta name=\"author\" content=\"US6\" \/>\n<meta name=\"twitter:card\" content=\"summary_large_image\" \/>\n<meta name=\"twitter:label1\" content=\"Written by\" \/>\n\t<meta name=\"twitter:data1\" content=\"US6\" \/>\n\t<meta name=\"twitter:label2\" content=\"Est. reading time\" \/>\n\t<meta name=\"twitter:data2\" content=\"2 minutes\" \/>\n<script type=\"application\/ld+json\" class=\"yoast-schema-graph\">{\"@context\":\"https:\/\/schema.org\",\"@graph\":[{\"@type\":\"WebPage\",\"@id\":\"https:\/\/veritasinfo.org\/?p=12445\",\"url\":\"https:\/\/veritasinfo.org\/?p=12445\",\"name\":\"Promovohet libri \u201cKosovo at war\u201d -\",\"isPartOf\":{\"@id\":\"https:\/\/veritasinfo.org\/#website\"},\"primaryImageOfPage\":{\"@id\":\"https:\/\/veritasinfo.org\/?p=12445#primaryimage\"},\"image\":{\"@id\":\"https:\/\/veritasinfo.org\/?p=12445#primaryimage\"},\"thumbnailUrl\":\"https:\/\/veritasinfo.org\/wp-content\/uploads\/2025\/09\/auto_555-61758133305.jpg\",\"datePublished\":\"2025-09-18T05:45:57+00:00\",\"author\":{\"@id\":\"https:\/\/veritasinfo.org\/#\/schema\/person\/fe199eede04c3937362892b7444747cc\"},\"breadcrumb\":{\"@id\":\"https:\/\/veritasinfo.org\/?p=12445#breadcrumb\"},\"inLanguage\":\"en-US\",\"potentialAction\":[{\"@type\":\"ReadAction\",\"target\":[\"https:\/\/veritasinfo.org\/?p=12445\"]}]},{\"@type\":\"ImageObject\",\"inLanguage\":\"en-US\",\"@id\":\"https:\/\/veritasinfo.org\/?p=12445#primaryimage\",\"url\":\"https:\/\/veritasinfo.org\/wp-content\/uploads\/2025\/09\/auto_555-61758133305.jpg\",\"contentUrl\":\"https:\/\/veritasinfo.org\/wp-content\/uploads\/2025\/09\/auto_555-61758133305.jpg\",\"width\":900,\"height\":559},{\"@type\":\"BreadcrumbList\",\"@id\":\"https:\/\/veritasinfo.org\/?p=12445#breadcrumb\",\"itemListElement\":[{\"@type\":\"ListItem\",\"position\":1,\"name\":\"Home\",\"item\":\"https:\/\/veritasinfo.org\/\"},{\"@type\":\"ListItem\",\"position\":2,\"name\":\"Promovohet libri \u201cKosovo at war\u201d\"}]},{\"@type\":\"WebSite\",\"@id\":\"https:\/\/veritasinfo.org\/#website\",\"url\":\"https:\/\/veritasinfo.org\/\",\"name\":\"\",\"description\":\"\",\"potentialAction\":[{\"@type\":\"SearchAction\",\"target\":{\"@type\":\"EntryPoint\",\"urlTemplate\":\"https:\/\/veritasinfo.org\/?s={search_term_string}\"},\"query-input\":{\"@type\":\"PropertyValueSpecification\",\"valueRequired\":true,\"valueName\":\"search_term_string\"}}],\"inLanguage\":\"en-US\"},{\"@type\":\"Person\",\"@id\":\"https:\/\/veritasinfo.org\/#\/schema\/person\/fe199eede04c3937362892b7444747cc\",\"name\":\"US6\",\"image\":{\"@type\":\"ImageObject\",\"inLanguage\":\"en-US\",\"@id\":\"https:\/\/veritasinfo.org\/#\/schema\/person\/image\/\",\"url\":\"https:\/\/secure.gravatar.com\/avatar\/cb16c3c31c9d23b9b8c705964598220b3014e42ff51eb540ff23cefa3ae8c15f?s=96&d=mm&r=g\",\"contentUrl\":\"https:\/\/secure.gravatar.com\/avatar\/cb16c3c31c9d23b9b8c705964598220b3014e42ff51eb540ff23cefa3ae8c15f?s=96&d=mm&r=g\",\"caption\":\"US6\"},\"url\":\"https:\/\/veritasinfo.org\/?author=7\"}]}<\/script>\n<!-- \/ Yoast SEO plugin. -->","yoast_head_json":{"title":"Promovohet libri \u201cKosovo at war\u201d -","robots":{"index":"index","follow":"follow","max-snippet":"max-snippet:-1","max-image-preview":"max-image-preview:large","max-video-preview":"max-video-preview:-1"},"canonical":"https:\/\/veritasinfo.org\/?p=12445","og_locale":"en_US","og_type":"article","og_title":"Promovohet libri \u201cKosovo at war\u201d -","og_description":"Prishtin\u00eb, 18 shtator Teuta Shala Peli, drejtoresh\u00eb, Instutit Ali Hadri, ka th\u00ebn\u00eb se fotografit\u00eb e prezantuara n\u00eb librin q\u00eb sot po e promovojm\u00eb, nuk jan\u00eb","og_url":"https:\/\/veritasinfo.org\/?p=12445","article_published_time":"2025-09-18T05:45:57+00:00","og_image":[{"width":900,"height":559,"url":"https:\/\/veritasinfo.org\/wp-content\/uploads\/2025\/09\/auto_555-61758133305.jpg","type":"image\/jpeg"}],"author":"US6","twitter_card":"summary_large_image","twitter_misc":{"Written by":"US6","Est. reading time":"2 minutes"},"schema":{"@context":"https:\/\/schema.org","@graph":[{"@type":"WebPage","@id":"https:\/\/veritasinfo.org\/?p=12445","url":"https:\/\/veritasinfo.org\/?p=12445","name":"Promovohet libri \u201cKosovo at war\u201d -","isPartOf":{"@id":"https:\/\/veritasinfo.org\/#website"},"primaryImageOfPage":{"@id":"https:\/\/veritasinfo.org\/?p=12445#primaryimage"},"image":{"@id":"https:\/\/veritasinfo.org\/?p=12445#primaryimage"},"thumbnailUrl":"https:\/\/veritasinfo.org\/wp-content\/uploads\/2025\/09\/auto_555-61758133305.jpg","datePublished":"2025-09-18T05:45:57+00:00","author":{"@id":"https:\/\/veritasinfo.org\/#\/schema\/person\/fe199eede04c3937362892b7444747cc"},"breadcrumb":{"@id":"https:\/\/veritasinfo.org\/?p=12445#breadcrumb"},"inLanguage":"en-US","potentialAction":[{"@type":"ReadAction","target":["https:\/\/veritasinfo.org\/?p=12445"]}]},{"@type":"ImageObject","inLanguage":"en-US","@id":"https:\/\/veritasinfo.org\/?p=12445#primaryimage","url":"https:\/\/veritasinfo.org\/wp-content\/uploads\/2025\/09\/auto_555-61758133305.jpg","contentUrl":"https:\/\/veritasinfo.org\/wp-content\/uploads\/2025\/09\/auto_555-61758133305.jpg","width":900,"height":559},{"@type":"BreadcrumbList","@id":"https:\/\/veritasinfo.org\/?p=12445#breadcrumb","itemListElement":[{"@type":"ListItem","position":1,"name":"Home","item":"https:\/\/veritasinfo.org\/"},{"@type":"ListItem","position":2,"name":"Promovohet libri \u201cKosovo at war\u201d"}]},{"@type":"WebSite","@id":"https:\/\/veritasinfo.org\/#website","url":"https:\/\/veritasinfo.org\/","name":"","description":"","potentialAction":[{"@type":"SearchAction","target":{"@type":"EntryPoint","urlTemplate":"https:\/\/veritasinfo.org\/?s={search_term_string}"},"query-input":{"@type":"PropertyValueSpecification","valueRequired":true,"valueName":"search_term_string"}}],"inLanguage":"en-US"},{"@type":"Person","@id":"https:\/\/veritasinfo.org\/#\/schema\/person\/fe199eede04c3937362892b7444747cc","name":"US6","image":{"@type":"ImageObject","inLanguage":"en-US","@id":"https:\/\/veritasinfo.org\/#\/schema\/person\/image\/","url":"https:\/\/secure.gravatar.com\/avatar\/cb16c3c31c9d23b9b8c705964598220b3014e42ff51eb540ff23cefa3ae8c15f?s=96&d=mm&r=g","contentUrl":"https:\/\/secure.gravatar.com\/avatar\/cb16c3c31c9d23b9b8c705964598220b3014e42ff51eb540ff23cefa3ae8c15f?s=96&d=mm&r=g","caption":"US6"},"url":"https:\/\/veritasinfo.org\/?author=7"}]}},"featured_image_urls":{"full":["https:\/\/veritasinfo.org\/wp-content\/uploads\/2025\/09\/auto_555-61758133305.jpg",900,559,false],"thumbnail":["https:\/\/veritasinfo.org\/wp-content\/uploads\/2025\/09\/auto_555-61758133305-150x150.jpg",150,150,true],"medium":["https:\/\/veritasinfo.org\/wp-content\/uploads\/2025\/09\/auto_555-61758133305-300x186.jpg",300,186,true],"medium_large":["https:\/\/veritasinfo.org\/wp-content\/uploads\/2025\/09\/auto_555-61758133305-768x477.jpg",640,398,true],"large":["https:\/\/veritasinfo.org\/wp-content\/uploads\/2025\/09\/auto_555-61758133305.jpg",640,398,false],"1536x1536":["https:\/\/veritasinfo.org\/wp-content\/uploads\/2025\/09\/auto_555-61758133305.jpg",900,559,false],"2048x2048":["https:\/\/veritasinfo.org\/wp-content\/uploads\/2025\/09\/auto_555-61758133305.jpg",900,559,false],"kreeti-slider-full":["https:\/\/veritasinfo.org\/wp-content\/uploads\/2025\/09\/auto_555-61758133305.jpg",900,559,false],"kreeti-featured":["https:\/\/veritasinfo.org\/wp-content\/uploads\/2025\/09\/auto_555-61758133305.jpg",900,559,false],"kreeti-medium":["https:\/\/veritasinfo.org\/wp-content\/uploads\/2025\/09\/auto_555-61758133305.jpg",720,447,false],"kreeti-medium-square":["https:\/\/veritasinfo.org\/wp-content\/uploads\/2025\/09\/auto_555-61758133305.jpg",350,217,false]},"author_info":{"info":["US6"]},"category_info":"<a href=\"https:\/\/veritasinfo.org\/?cat=54\" rel=\"category\">Kultur\u00eb<\/a>","tag_info":"Kultur\u00eb","comment_count":"0","_links":{"self":[{"href":"https:\/\/veritasinfo.org\/index.php?rest_route=\/wp\/v2\/posts\/12445","targetHints":{"allow":["GET"]}}],"collection":[{"href":"https:\/\/veritasinfo.org\/index.php?rest_route=\/wp\/v2\/posts"}],"about":[{"href":"https:\/\/veritasinfo.org\/index.php?rest_route=\/wp\/v2\/types\/post"}],"author":[{"embeddable":true,"href":"https:\/\/veritasinfo.org\/index.php?rest_route=\/wp\/v2\/users\/7"}],"replies":[{"embeddable":true,"href":"https:\/\/veritasinfo.org\/index.php?rest_route=%2Fwp%2Fv2%2Fcomments&post=12445"}],"version-history":[{"count":1,"href":"https:\/\/veritasinfo.org\/index.php?rest_route=\/wp\/v2\/posts\/12445\/revisions"}],"predecessor-version":[{"id":12447,"href":"https:\/\/veritasinfo.org\/index.php?rest_route=\/wp\/v2\/posts\/12445\/revisions\/12447"}],"wp:featuredmedia":[{"embeddable":true,"href":"https:\/\/veritasinfo.org\/index.php?rest_route=\/wp\/v2\/media\/12446"}],"wp:attachment":[{"href":"https:\/\/veritasinfo.org\/index.php?rest_route=%2Fwp%2Fv2%2Fmedia&parent=12445"}],"wp:term":[{"taxonomy":"category","embeddable":true,"href":"https:\/\/veritasinfo.org\/index.php?rest_route=%2Fwp%2Fv2%2Fcategories&post=12445"},{"taxonomy":"post_tag","embeddable":true,"href":"https:\/\/veritasinfo.org\/index.php?rest_route=%2Fwp%2Fv2%2Ftags&post=12445"}],"curies":[{"name":"wp","href":"https:\/\/api.w.org\/{rel}","templated":true}]}}