{"id":1243,"date":"2025-06-21T14:32:53","date_gmt":"2025-06-21T12:32:53","guid":{"rendered":"https:\/\/veritasinfo.org\/?p=1243"},"modified":"2025-06-21T14:32:53","modified_gmt":"2025-06-21T12:32:53","slug":"ivanovic-je-likvidiran-nakon-sto-je-odbio-da-se-podvrgne-srpskoj-listi-glavni-organizator-ubistva-bio-je-milan-radoicic-koga-je-podrzavala-drzava-srbija-zakljucuje-osnovn","status":"publish","type":"post","link":"https:\/\/veritasinfo.org\/?p=1243&lang=sr","title":{"rendered":"Ivanovic\u0301 je likvidiran nakon \u0161to je odbio da se podvrgne \u201cSrpskoj Listi\u201d\u201c, glavni organizator ubistva bio je Milan Radoi\u010dic\u0301, koga je podr\u017eavala dr\u017eava Srbija, zaklju\u010duje Osnovni sud"},"content":{"rendered":"<p><strong>Pri\u0161tina, 21 jun 2025 Izvor: &#8220;Zakletva za pravdu&#8221;<\/strong><\/p>\n<p>Sud je proglasio Milana Radoic\u0301a odgovornim za ubistvo Olivera Ivanovic\u0301a, dok su \u010detvorica optu\u017eenih osu\u0111ena na preko 22 godine zatvora. Presudom se utvr\u0111uje da je biv\u0161i potpredsednik Srpske liste predvodio organizovanu kriminalnu grupu koja je organizovala ubistvo 16. januara 2018. godine u Severnoj Mitrovici i preduzela radnje uni\u0161tavanja dokaza kako bi omela istragu. Grupa je imala jasnu strukturu, kriminalni i politi\u010dki uticaj, delovala je uz podr\u0161ku dr\u017eave Srbije i vr\u0161ila je ucene protiv politi\u010dkih rivala, uklju\u010dujuc\u0301i Ivanovic\u0301a, koji je odbio da se povinuje njihovim zahtevima.<\/p>\n<p>Osnovni sud u Pri\u0161tini sastavio je kompletnu pisanu presudu protiv Nedeljka Spasojevic\u0301a, Marka Ro\u0161ic\u0301a, Dragi\u0161e Markovic\u0301a i \u017darka Jovanovic\u0301a, optu\u017eenih za ubistvo srpskog politi\u010dara Olivera Ivanovic\u0301a, koji su 28. juna 2024. godine zajedno osu\u0111eni na preko 22 godine zatvora, izve\u0161tava \u201eZakletva za pravdu\u201c.<\/p>\n<p>U presudi koju je iznela \u201eZakletva za pravdu\u201c, a koju je potpisao predsednik vec\u0301a, sudija Valon Kurtaj, navodi se da su optu\u017eeni bili deo organizovane kriminalne grupe koja vec\u0301 du\u017ee vreme deluje na severu Kosova, pod vo\u0111stvom Milana Radoi\u010dic\u0301a i Zvonka Veselinovic\u0301a, koje tra\u017ee pravosudni organi na Kosovu. Radoi\u010dic\u0301 je optu\u017een i u slu\u010daju teroristi\u010dkog napada u Banjskoj.<\/p>\n<p>\u201eIz ovih dokazanih \u010dinjenica dokazano je postojanje ove organizovane kriminalne grupe, da je imala organizacionu strukturu na \u010dijem je \u010delu bio Milan Radoi\u010dic\u0301, i da je ova kriminalna grupa, pored kontrole u \u200b\u200bkriminalnoj oblasti, imala i kontrolu u politi\u010dkom \u017eivotu. Uklju\u010denost u strukture stranke \u201e&#8230;\u201c i spre\u010davanje svakog politi\u010dkog rivalstva, sve do ubistva sada pokojnog I., po\u0161to se nije povinovao zahtevima ove grupe da se i on politi\u010dki pridru\u017ei ovoj grupi i odustane od izborne kampanje kao jedinstvena stranka, zahtev dr\u017eavnih struktura iz Srbije\u201c, navodi se u presudi.<\/p>\n<p>Dalje se navodi da je ova grupa organizovala ne samo ubistvo politi\u010dara Olivera Ivanovic\u0301a, vec\u0301 i uni\u0161tavanje dokaza kako bi sabotirala istrage vlasti Republike Kosovo.<\/p>\n<p>Prema presudi, u severnom delu Mitrovice i okolnim op\u0161tinama vladala je krhka bezbednosna situacija i klima politi\u010dkih pretnji i ucena koje je vr\u0161ila kriminalna grupa pod kontrolom Milana Radoi\u010dic\u0301a. Ova grupa nije bila samo ume\u0161ana u kriminalne aktivnosti, vec\u0301 je imala i veliki politi\u010dki uticaj, ciljajuc\u0301i da elimini\u0161e svaki rivalski politi\u010dki subjekt Srpskoj listi, subjektu koji je, prema dokazima pomenutim u presudi, u\u017eivao direktnu podr\u0161ku dr\u017eave Srbije.<\/p>\n<p>Svedoci pomenuti u presudi, uklju\u010dujuc\u0301i D.S., K.B., M.I., C.I., V.N., H.N., S.J. i R.R., potvrdili su postojanje ove kriminalne grupe, kao i opasnost kojoj se Oliver Ivanovic\u0301 suo\u010davao zbog svojih politi\u010dkih uverenja i stavova.<\/p>\n<p>U presudi se navodi da je Ivanovic\u0301 ubijen 16. januara 2018. godine u Severnoj Mitrovici, oko 8:14 \u010dasova, od strane d\u017eelata ove kriminalne grupe. Njegovo ubistvo se smatra rezultatom politi\u010dkih rivalstava, jer se nije povinovao zahtevima ove grupe da prestane sa kampanjom i pridru\u017ei se politi\u010dkoj liniji Srpske liste.<\/p>\n<p>Sud je smatrao dokazanom \u010dinjenicom da je ova kriminalna grupa imala dobro organizovanu strukturu na \u010delu sa Milanom Radoi\u010dic\u0301em, i da se njen uticaj protezao kako na podzemlje, tako i na politi\u010dki \u017eivot srpske zajednice na severu Kosova.<\/p>\n<p>Prema odluci Osnovnog suda u Pri\u0161tini, doneta je odbijajuc\u0301a presuda za optu\u017eenog Radeta Basaru, nakon \u0161to je Specijalno tu\u017eila\u0161tvo Republike Kosovo u svojoj zavr\u0161noj re\u010di odustalo od optu\u017enice protiv ovog optu\u017eenog.<\/p>\n<p>Za optu\u017eenu Silvanu Arsovic\u0301, prema tvrdnjama STRK-a, pregledom DVR-a iz kancelarija stranke sada pokojnog Ivnovic\u0301a, potvr\u0111eno je da su 04.01.2018. godine sigurnosne kamere namerno zaustavile nepoznate osobe, dok su 16.01.2018. godine, nakon ubistva pokojnog, ponovo aktivirane i po\u010dele su da snimaju na mestu zlo\u010dina. Na osnovu zaklju\u010daka tu\u017eila\u0161tva da je optu\u017eena u tom trenutku bila sama u kancelariji, pretpostavljeno je da je aktivirala kamere nakon izvr\u0161enja krivi\u010dnog dela.<\/p>\n<p>Me\u0111utim, sud je potvrdio da, iako postoji organizovani kriminal i ispunjeni su elementi ovog krivi\u010dnog dela, ne postoje dokazi koji povezuju Arsovic\u0301 sa ovom grupom. \u201eSpecijalno tu\u017eila\u0161tvo, \u0161to se ti\u010de optu\u017eene, nije dokazalo nijednim dokazom da je bila deo ove organizovane kriminalne grupe&#8230;\u201c, navodi se u presudi Osnovnog suda.<\/p>\n<p>Za Nedeljka Spasojevic\u0301a, sud je prekvalifikovao krivi\u010dno delo iz organizovanog kriminala u zloupotrebu slu\u017ebene du\u017enosti, za \u0161ta je progla\u0161en krivim i osu\u0111en na 4 godine i 6 meseci zatvora. Sud je utvrdio da je bio prisutan na mestu zlo\u010dina, ali nije preduzeo potrebne radnje radi obezbe\u0111enja mesta doga\u0111aja.<\/p>\n<p>Tako\u0111e je progla\u0161en krivim za krivi\u010dno delo neovla\u0161c\u0301enog dr\u017eanja ili kontrole oru\u017eja, a dokazi se zasnivaju na oduzimanju oru\u017eja u njegovom domu.<\/p>\n<p><img fetchpriority=\"high\" decoding=\"async\" class=\"alignnone size-medium wp-image-1241\" src=\"https:\/\/veritasinfo.org\/wp-content\/uploads\/2025\/06\/Milan-Radojqiq-300x187.png\" alt=\"\" width=\"300\" height=\"187\" srcset=\"https:\/\/veritasinfo.org\/wp-content\/uploads\/2025\/06\/Milan-Radojqiq-300x187.png 300w, https:\/\/veritasinfo.org\/wp-content\/uploads\/2025\/06\/Milan-Radojqiq-768x479.png 768w, https:\/\/veritasinfo.org\/wp-content\/uploads\/2025\/06\/Milan-Radojqiq.png 900w\" sizes=\"(max-width: 300px) 100vw, 300px\" \/>Za Dragi\u0161u Markovic\u0301a, sud je ocenio da krivi\u010dno delo odavanja slu\u017ebene tajne nije dokazano, buduc\u0301i da informacija koju je on dao \u2013 \u201epokojnik sam ubijen\u201c, nijedna vlast nije klasifikovala kao slu\u017ebenu tajnu.<\/p>\n<p>U me\u0111uvremenu, za Markovic\u0301a i Jovanovic\u0301a, sud je utvrdio da u svojstvu policijskih slu\u017ebenika nisu preduzeli sve potrebne radnje na mestu zlo\u010dina, dozvoliv\u0161i uni\u0161tavanje dokaza i intervenciju neovla\u0161c\u0301enih lica. \u017darko Jovanovic\u0301 je tako\u0111e progla\u0161en krivim za neovla\u0161c\u0301eno posedovanje oru\u017eja.<\/p>\n<p>U slu\u010daju Marka Ro\u0161ic\u0301a, sud je utvrdio da je bio aktivni \u010dlan kriminalne grupe, u\u010destvovao u paljenju automobila \u017ertve i pratio njegovo kretanje svojim li\u010dnim vozilom, \u010dime je doprineo ubistvu.<\/p>\n<p>Sud je naglasio da je ubistvo Ivanovic\u0301a po\u010dinila kriminalna grupa zbog politi\u010dkih rivalstava i poku\u0161aja pro\u0161irenja politi\u010dke moc\u0301i.<\/p>\n<p>Osnovni sud u Pri\u0161tini je 28. juna 2024. godine objavio presudu o krivici protiv Nedelkja Spasojevic\u0301a, Marka Ro\u0161ic\u0301a, Dragi\u0161e Markovic\u0301a i \u017darka Jovanovic\u0301a, koji su osu\u0111eni na kazne zatvora u trajanju od preko 22 godine.<\/p>\n<p>Prema optu\u017enici, okrivljeni Nedejklo Spasojevic\u0301, Marko Ro\u0161ic\u0301, Rade Basara i Silvana Arsovic\u0301 terete se da su, u saradnji sa okrivljenima \u017dejkom Bojic\u0301em, Zvonkom Veselinovic\u0301em i Milanom Radoi\u010dic\u0301em, koji su u bekstvu, i jo\u0161 dvojicom nepoznatih okrivljenih, delovali kao kriminalna grupa sa ciljem pro\u0161irenja kontrole nad severnim delom Mitrovice, kako u politi\u010dkom i ekonomskom \u017eivotu, tako i u op\u0161toj aktivnosti organizovane kriminalne grupe, namerno i svesno postupali radi izvr\u0161enja krivi\u010dnog dela te\u0161kog ubistva, gde je svaki od okrivljenih kriti\u010dnog dana kada se dogodilo ubistvo sada pokojnog Olivera Ivanovic\u0301a, po\u010dinio konkretne inkrimini\u0161uc\u0301e radnje u svrhu predmetne grupe, u kom slu\u010daju je, kao rezultat delovanja ove organizovane kriminalne grupe, do\u0161lo do ubistva sada pokojnog Ivanovic\u0301a.<\/p>\n<p>Optu\u017eeni Dragi\u0161a Markovic\u0301 se tereti za \u201eOdavanje slu\u017ebene tajne\u201c iz \u010dlana 433, stav 2.1 Krivi\u010dnog zakonika. Markovic\u0301 i \u017darko Jovanovic\u0301 se terete i za \u201eZloupotrebu slu\u017ebene du\u017enosti u saizvr\u0161ila\u0161tvu\u201c iz \u010dlana 422, stav 1 u vezi sa stavom 2, podstavom 2.2 u vezi sa \u010dlanom 31 Krivi\u010dnog zakonika.<\/p>\n<p>Optu\u017eeni Jovanovic\u0301 se tereti i za krivi\u010dno delo \u201eNeovla\u0161c\u0301eno dr\u017eanje, kontrola ili posedovanje oru\u017eja\u201c iz \u010dlana 374, stav 1 Krivi\u010dnog zakonika. Dok se optu\u017eeni Nedeljko Spasojevic\u0301 tereti i za krivi\u010dno delo \u201eNeovla\u0161c\u0301eno dr\u017eanje, kontrola ili posedovanje oru\u017eja\u201c iz \u010dlana 374, stav 2 u vezi sa stavom 1 Krivi\u010dnog zakona.<\/p>\n<p>U me\u0111uvremenu, 27. decembra 2023. godine, Specijalno tu\u017eila\u0161tvo Republike Kosovo (STRK) podiglo je optu\u017enicu protiv Milana Mihajlovic\u0301a u vezi sa ubistvom Ivanovic\u0301a, teretec\u0301i ga za \u010detiri krivi\u010dna dela.<\/p>\n","protected":false},"excerpt":{"rendered":"<p>Pri\u0161tina, 21 jun 2025 Izvor: &#8220;Zakletva za pravdu&#8221; Sud je proglasio Milana Radoic\u0301a odgovornim za ubistvo Olivera Ivanovic\u0301a, dok su \u010detvorica optu\u017eenih osu\u0111ena na preko<\/p>\n","protected":false},"author":2,"featured_media":1240,"comment_status":"open","ping_status":"open","sticky":false,"template":"","format":"standard","meta":{"footnotes":""},"categories":[28],"tags":[],"class_list":["post-1243","post","type-post","status-publish","format-standard","has-post-thumbnail","hentry","category-politika"],"yoast_head":"<!-- This site is optimized with the Yoast SEO plugin v25.3.1 - https:\/\/yoast.com\/wordpress\/plugins\/seo\/ -->\n<title>Ivanovic\u0301 je likvidiran nakon \u0161to je odbio da se podvrgne \u201cSrpskoj Listi\u201d\u201c, glavni organizator ubistva bio je Milan Radoi\u010dic\u0301, koga je podr\u017eavala dr\u017eava Srbija, zaklju\u010duje Osnovni sud -<\/title>\n<meta name=\"robots\" content=\"index, follow, max-snippet:-1, max-image-preview:large, max-video-preview:-1\" \/>\n<link rel=\"canonical\" href=\"https:\/\/veritasinfo.org\/?p=1243&lang=sr\" \/>\n<meta property=\"og:locale\" content=\"en_US\" \/>\n<meta property=\"og:type\" content=\"article\" \/>\n<meta property=\"og:title\" content=\"Ivanovic\u0301 je likvidiran nakon \u0161to je odbio da se podvrgne \u201cSrpskoj Listi\u201d\u201c, glavni organizator ubistva bio je Milan Radoi\u010dic\u0301, koga je podr\u017eavala dr\u017eava Srbija, zaklju\u010duje Osnovni sud -\" \/>\n<meta property=\"og:description\" content=\"Pri\u0161tina, 21 jun 2025 Izvor: &#8220;Zakletva za pravdu&#8221; Sud je proglasio Milana Radoic\u0301a odgovornim za ubistvo Olivera Ivanovic\u0301a, dok su \u010detvorica optu\u017eenih osu\u0111ena na preko\" \/>\n<meta property=\"og:url\" content=\"https:\/\/veritasinfo.org\/?p=1243&amp;lang=sr\" \/>\n<meta property=\"article:published_time\" content=\"2025-06-21T12:32:53+00:00\" \/>\n<meta property=\"og:image\" content=\"https:\/\/veritasinfo.org\/wp-content\/uploads\/2025\/06\/Vrasja-e-Oliver-Ivanovic-696x392-1.jpg\" \/>\n\t<meta property=\"og:image:width\" content=\"696\" \/>\n\t<meta property=\"og:image:height\" content=\"392\" \/>\n\t<meta property=\"og:image:type\" content=\"image\/jpeg\" \/>\n<meta name=\"author\" content=\"US1\" \/>\n<meta name=\"twitter:card\" content=\"summary_large_image\" \/>\n<meta name=\"twitter:label1\" content=\"Written by\" \/>\n\t<meta name=\"twitter:data1\" content=\"US1\" \/>\n\t<meta name=\"twitter:label2\" content=\"Est. reading time\" \/>\n\t<meta name=\"twitter:data2\" content=\"6 minutes\" \/>\n<script type=\"application\/ld+json\" class=\"yoast-schema-graph\">{\"@context\":\"https:\/\/schema.org\",\"@graph\":[{\"@type\":\"WebPage\",\"@id\":\"https:\/\/veritasinfo.org\/?p=1243&lang=sr\",\"url\":\"https:\/\/veritasinfo.org\/?p=1243&lang=sr\",\"name\":\"Ivanovic\u0301 je likvidiran nakon \u0161to je odbio da se podvrgne \u201cSrpskoj Listi\u201d\u201c, glavni organizator ubistva bio je Milan Radoi\u010dic\u0301, koga je podr\u017eavala dr\u017eava Srbija, zaklju\u010duje Osnovni sud -\",\"isPartOf\":{\"@id\":\"https:\/\/veritasinfo.org\/#website\"},\"primaryImageOfPage\":{\"@id\":\"https:\/\/veritasinfo.org\/?p=1243&lang=sr#primaryimage\"},\"image\":{\"@id\":\"https:\/\/veritasinfo.org\/?p=1243&lang=sr#primaryimage\"},\"thumbnailUrl\":\"https:\/\/veritasinfo.org\/wp-content\/uploads\/2025\/06\/Vrasja-e-Oliver-Ivanovic-696x392-1.jpg\",\"datePublished\":\"2025-06-21T12:32:53+00:00\",\"author\":{\"@id\":\"https:\/\/veritasinfo.org\/#\/schema\/person\/c2b8be262ea994d0995addca692c5e98\"},\"breadcrumb\":{\"@id\":\"https:\/\/veritasinfo.org\/?p=1243&lang=sr#breadcrumb\"},\"inLanguage\":\"en-US\",\"potentialAction\":[{\"@type\":\"ReadAction\",\"target\":[\"https:\/\/veritasinfo.org\/?p=1243&lang=sr\"]}]},{\"@type\":\"ImageObject\",\"inLanguage\":\"en-US\",\"@id\":\"https:\/\/veritasinfo.org\/?p=1243&lang=sr#primaryimage\",\"url\":\"https:\/\/veritasinfo.org\/wp-content\/uploads\/2025\/06\/Vrasja-e-Oliver-Ivanovic-696x392-1.jpg\",\"contentUrl\":\"https:\/\/veritasinfo.org\/wp-content\/uploads\/2025\/06\/Vrasja-e-Oliver-Ivanovic-696x392-1.jpg\",\"width\":696,\"height\":392},{\"@type\":\"BreadcrumbList\",\"@id\":\"https:\/\/veritasinfo.org\/?p=1243&lang=sr#breadcrumb\",\"itemListElement\":[{\"@type\":\"ListItem\",\"position\":1,\"name\":\"Home\",\"item\":\"https:\/\/veritasinfo.org\/\"},{\"@type\":\"ListItem\",\"position\":2,\"name\":\"Ivanovic\u0301 je likvidiran nakon \u0161to je odbio da se podvrgne \u201cSrpskoj Listi\u201d\u201c, glavni organizator ubistva bio je Milan Radoi\u010dic\u0301, koga je podr\u017eavala dr\u017eava Srbija, zaklju\u010duje Osnovni sud\"}]},{\"@type\":\"WebSite\",\"@id\":\"https:\/\/veritasinfo.org\/#website\",\"url\":\"https:\/\/veritasinfo.org\/\",\"name\":\"\",\"description\":\"\",\"potentialAction\":[{\"@type\":\"SearchAction\",\"target\":{\"@type\":\"EntryPoint\",\"urlTemplate\":\"https:\/\/veritasinfo.org\/?s={search_term_string}\"},\"query-input\":{\"@type\":\"PropertyValueSpecification\",\"valueRequired\":true,\"valueName\":\"search_term_string\"}}],\"inLanguage\":\"en-US\"},{\"@type\":\"Person\",\"@id\":\"https:\/\/veritasinfo.org\/#\/schema\/person\/c2b8be262ea994d0995addca692c5e98\",\"name\":\"US1\",\"image\":{\"@type\":\"ImageObject\",\"inLanguage\":\"en-US\",\"@id\":\"https:\/\/veritasinfo.org\/#\/schema\/person\/image\/\",\"url\":\"https:\/\/secure.gravatar.com\/avatar\/4e96a59bd256abf9956eb9963ac891a47461ffb364d47b0e9aab113328fdb75b?s=96&d=mm&r=g\",\"contentUrl\":\"https:\/\/secure.gravatar.com\/avatar\/4e96a59bd256abf9956eb9963ac891a47461ffb364d47b0e9aab113328fdb75b?s=96&d=mm&r=g\",\"caption\":\"US1\"},\"url\":\"https:\/\/veritasinfo.org\/?author=2\"}]}<\/script>\n<!-- \/ Yoast SEO plugin. -->","yoast_head_json":{"title":"Ivanovic\u0301 je likvidiran nakon \u0161to je odbio da se podvrgne \u201cSrpskoj Listi\u201d\u201c, glavni organizator ubistva bio je Milan Radoi\u010dic\u0301, koga je podr\u017eavala dr\u017eava Srbija, zaklju\u010duje Osnovni sud -","robots":{"index":"index","follow":"follow","max-snippet":"max-snippet:-1","max-image-preview":"max-image-preview:large","max-video-preview":"max-video-preview:-1"},"canonical":"https:\/\/veritasinfo.org\/?p=1243&lang=sr","og_locale":"en_US","og_type":"article","og_title":"Ivanovic\u0301 je likvidiran nakon \u0161to je odbio da se podvrgne \u201cSrpskoj Listi\u201d\u201c, glavni organizator ubistva bio je Milan Radoi\u010dic\u0301, koga je podr\u017eavala dr\u017eava Srbija, zaklju\u010duje Osnovni sud -","og_description":"Pri\u0161tina, 21 jun 2025 Izvor: &#8220;Zakletva za pravdu&#8221; Sud je proglasio Milana Radoic\u0301a odgovornim za ubistvo Olivera Ivanovic\u0301a, dok su \u010detvorica optu\u017eenih osu\u0111ena na preko","og_url":"https:\/\/veritasinfo.org\/?p=1243&lang=sr","article_published_time":"2025-06-21T12:32:53+00:00","og_image":[{"width":696,"height":392,"url":"https:\/\/veritasinfo.org\/wp-content\/uploads\/2025\/06\/Vrasja-e-Oliver-Ivanovic-696x392-1.jpg","type":"image\/jpeg"}],"author":"US1","twitter_card":"summary_large_image","twitter_misc":{"Written by":"US1","Est. reading time":"6 minutes"},"schema":{"@context":"https:\/\/schema.org","@graph":[{"@type":"WebPage","@id":"https:\/\/veritasinfo.org\/?p=1243&lang=sr","url":"https:\/\/veritasinfo.org\/?p=1243&lang=sr","name":"Ivanovic\u0301 je likvidiran nakon \u0161to je odbio da se podvrgne \u201cSrpskoj Listi\u201d\u201c, glavni organizator ubistva bio je Milan Radoi\u010dic\u0301, koga je podr\u017eavala dr\u017eava Srbija, zaklju\u010duje Osnovni sud -","isPartOf":{"@id":"https:\/\/veritasinfo.org\/#website"},"primaryImageOfPage":{"@id":"https:\/\/veritasinfo.org\/?p=1243&lang=sr#primaryimage"},"image":{"@id":"https:\/\/veritasinfo.org\/?p=1243&lang=sr#primaryimage"},"thumbnailUrl":"https:\/\/veritasinfo.org\/wp-content\/uploads\/2025\/06\/Vrasja-e-Oliver-Ivanovic-696x392-1.jpg","datePublished":"2025-06-21T12:32:53+00:00","author":{"@id":"https:\/\/veritasinfo.org\/#\/schema\/person\/c2b8be262ea994d0995addca692c5e98"},"breadcrumb":{"@id":"https:\/\/veritasinfo.org\/?p=1243&lang=sr#breadcrumb"},"inLanguage":"en-US","potentialAction":[{"@type":"ReadAction","target":["https:\/\/veritasinfo.org\/?p=1243&lang=sr"]}]},{"@type":"ImageObject","inLanguage":"en-US","@id":"https:\/\/veritasinfo.org\/?p=1243&lang=sr#primaryimage","url":"https:\/\/veritasinfo.org\/wp-content\/uploads\/2025\/06\/Vrasja-e-Oliver-Ivanovic-696x392-1.jpg","contentUrl":"https:\/\/veritasinfo.org\/wp-content\/uploads\/2025\/06\/Vrasja-e-Oliver-Ivanovic-696x392-1.jpg","width":696,"height":392},{"@type":"BreadcrumbList","@id":"https:\/\/veritasinfo.org\/?p=1243&lang=sr#breadcrumb","itemListElement":[{"@type":"ListItem","position":1,"name":"Home","item":"https:\/\/veritasinfo.org\/"},{"@type":"ListItem","position":2,"name":"Ivanovic\u0301 je likvidiran nakon \u0161to je odbio da se podvrgne \u201cSrpskoj Listi\u201d\u201c, glavni organizator ubistva bio je Milan Radoi\u010dic\u0301, koga je podr\u017eavala dr\u017eava Srbija, zaklju\u010duje Osnovni sud"}]},{"@type":"WebSite","@id":"https:\/\/veritasinfo.org\/#website","url":"https:\/\/veritasinfo.org\/","name":"","description":"","potentialAction":[{"@type":"SearchAction","target":{"@type":"EntryPoint","urlTemplate":"https:\/\/veritasinfo.org\/?s={search_term_string}"},"query-input":{"@type":"PropertyValueSpecification","valueRequired":true,"valueName":"search_term_string"}}],"inLanguage":"en-US"},{"@type":"Person","@id":"https:\/\/veritasinfo.org\/#\/schema\/person\/c2b8be262ea994d0995addca692c5e98","name":"US1","image":{"@type":"ImageObject","inLanguage":"en-US","@id":"https:\/\/veritasinfo.org\/#\/schema\/person\/image\/","url":"https:\/\/secure.gravatar.com\/avatar\/4e96a59bd256abf9956eb9963ac891a47461ffb364d47b0e9aab113328fdb75b?s=96&d=mm&r=g","contentUrl":"https:\/\/secure.gravatar.com\/avatar\/4e96a59bd256abf9956eb9963ac891a47461ffb364d47b0e9aab113328fdb75b?s=96&d=mm&r=g","caption":"US1"},"url":"https:\/\/veritasinfo.org\/?author=2"}]}},"featured_image_urls":{"full":["https:\/\/veritasinfo.org\/wp-content\/uploads\/2025\/06\/Vrasja-e-Oliver-Ivanovic-696x392-1.jpg",696,392,false],"thumbnail":["https:\/\/veritasinfo.org\/wp-content\/uploads\/2025\/06\/Vrasja-e-Oliver-Ivanovic-696x392-1-150x150.jpg",150,150,true],"medium":["https:\/\/veritasinfo.org\/wp-content\/uploads\/2025\/06\/Vrasja-e-Oliver-Ivanovic-696x392-1-300x169.jpg",300,169,true],"medium_large":["https:\/\/veritasinfo.org\/wp-content\/uploads\/2025\/06\/Vrasja-e-Oliver-Ivanovic-696x392-1.jpg",640,360,false],"large":["https:\/\/veritasinfo.org\/wp-content\/uploads\/2025\/06\/Vrasja-e-Oliver-Ivanovic-696x392-1.jpg",640,360,false],"1536x1536":["https:\/\/veritasinfo.org\/wp-content\/uploads\/2025\/06\/Vrasja-e-Oliver-Ivanovic-696x392-1.jpg",696,392,false],"2048x2048":["https:\/\/veritasinfo.org\/wp-content\/uploads\/2025\/06\/Vrasja-e-Oliver-Ivanovic-696x392-1.jpg",696,392,false],"kreeti-slider-full":["https:\/\/veritasinfo.org\/wp-content\/uploads\/2025\/06\/Vrasja-e-Oliver-Ivanovic-696x392-1.jpg",696,392,false],"kreeti-featured":["https:\/\/veritasinfo.org\/wp-content\/uploads\/2025\/06\/Vrasja-e-Oliver-Ivanovic-696x392-1.jpg",696,392,false],"kreeti-medium":["https:\/\/veritasinfo.org\/wp-content\/uploads\/2025\/06\/Vrasja-e-Oliver-Ivanovic-696x392-1.jpg",696,392,false],"kreeti-medium-square":["https:\/\/veritasinfo.org\/wp-content\/uploads\/2025\/06\/Vrasja-e-Oliver-Ivanovic-696x392-1.jpg",350,197,false]},"author_info":{"info":["US1"]},"category_info":"<a href=\"https:\/\/veritasinfo.org\/?cat=28&#038;lang=sr\" rel=\"category\">Politika<\/a>","tag_info":"Politika","comment_count":"0","_links":{"self":[{"href":"https:\/\/veritasinfo.org\/index.php?rest_route=\/wp\/v2\/posts\/1243","targetHints":{"allow":["GET"]}}],"collection":[{"href":"https:\/\/veritasinfo.org\/index.php?rest_route=\/wp\/v2\/posts"}],"about":[{"href":"https:\/\/veritasinfo.org\/index.php?rest_route=\/wp\/v2\/types\/post"}],"author":[{"embeddable":true,"href":"https:\/\/veritasinfo.org\/index.php?rest_route=\/wp\/v2\/users\/2"}],"replies":[{"embeddable":true,"href":"https:\/\/veritasinfo.org\/index.php?rest_route=%2Fwp%2Fv2%2Fcomments&post=1243"}],"version-history":[{"count":1,"href":"https:\/\/veritasinfo.org\/index.php?rest_route=\/wp\/v2\/posts\/1243\/revisions"}],"predecessor-version":[{"id":1244,"href":"https:\/\/veritasinfo.org\/index.php?rest_route=\/wp\/v2\/posts\/1243\/revisions\/1244"}],"wp:featuredmedia":[{"embeddable":true,"href":"https:\/\/veritasinfo.org\/index.php?rest_route=\/wp\/v2\/media\/1240"}],"wp:attachment":[{"href":"https:\/\/veritasinfo.org\/index.php?rest_route=%2Fwp%2Fv2%2Fmedia&parent=1243"}],"wp:term":[{"taxonomy":"category","embeddable":true,"href":"https:\/\/veritasinfo.org\/index.php?rest_route=%2Fwp%2Fv2%2Fcategories&post=1243"},{"taxonomy":"post_tag","embeddable":true,"href":"https:\/\/veritasinfo.org\/index.php?rest_route=%2Fwp%2Fv2%2Ftags&post=1243"}],"curies":[{"name":"wp","href":"https:\/\/api.w.org\/{rel}","templated":true}]}}