{"id":12421,"date":"2025-09-17T21:03:52","date_gmt":"2025-09-17T19:03:52","guid":{"rendered":"https:\/\/veritasinfo.org\/?p=12421"},"modified":"2025-09-17T21:03:52","modified_gmt":"2025-09-17T19:03:52","slug":"neser-mbahet-seanca-fillestare-ndaj-sllavko-simiq-per-sulmin-ndaj-gazetareve-ne-veri-te-vendit","status":"publish","type":"post","link":"https:\/\/veritasinfo.org\/?p=12421","title":{"rendered":"Nes\u00ebr mbahet seanca fillestare ndaj Sllavko Simiq p\u00ebr sulmin ndaj gazetar\u00ebve n\u00eb veri t\u00eb vendit"},"content":{"rendered":"<p><strong>Mitrovic\u00eb 17\u00a0 Shtator 2025<\/strong><\/p>\n<p>Gjat\u00eb dit\u00ebs s\u00eb neserm\u00eb n\u00eb Gjykat\u00ebn Themelore t\u00eb Mitrovic\u00ebs do t\u00eb mbahet seanca fillestare ndaj ndaj n\u00ebnkryetarit t\u00eb List\u00eb Serbe Slavko Simiq dhe Urosh Vukasinoviq, p\u00ebr sulmin ndaj gazetar\u00ebve n\u00eb Leposaviq.<\/p>\n<p>Theksojm\u00eb se n\u00eb qershor t\u00eb k\u00ebtij viti, Prokuroria Themelore e Mitrovic\u00ebs ka ngritur aktakuz\u00eb ndaj k\u00ebtyre dy personave.<\/p>\n<p>Prokuroria ka b\u00ebr\u00eb t\u00eb ditur se aktakuza\u00a0 ka t\u00eb b\u00ebj\u00eb me dyshimin se Simiq ka kryer vepr\u00ebn penale \u201cPjes\u00ebmarrja n\u00eb turm\u00eb q\u00eb kryen vep\u00ebr penale dhe huliganizmi\u201d, nga neni 404 paragrafi 2 lidhur me paragrafin 1 t\u00eb Kodit Penal t\u00eb Republik\u00ebs s\u00eb Kosov\u00ebs.<\/p>\n<p>\u201cMe dat\u00eb 16 qershor 2023, gjat\u00eb protestave kund\u00ebr vizit\u00ebs s\u00eb ish-ministrit E.K., n\u00eb Leposaviq, i pandehuri S.S., me dashje ka marr\u00eb pjes\u00eb n\u00eb turm\u00ebn e mbledhur prej m\u00eb tep\u00ebr se tet\u00eb persona, ashtu q\u00eb n\u00eb momentin q\u00eb nga objekti i komun\u00ebs s\u00eb Leposaviqit del ministri E.K., personat civil t\u00eb maskuar fillojn\u00eb t\u00eb gjuajn\u00eb shok bomba n\u00eb drejtim t\u00eb vetur\u00ebs zyrtare, dhe pasi q\u00eb kalon vetura zyrtare, i pandehuri u jep urdh\u00ebr turm\u00ebs duke th\u00ebn\u00eb q\u00eb t\u00eb i sulmojn\u00eb mediat, me \u00e7`rast vazhdon sulmi n\u00eb drejtim t\u00eb gazetar\u00ebve dhe mediumeve t\u00eb Republik\u00ebs s\u00eb Kosov\u00ebs, fillimisht me shok bomba, pastaj i godasin me grushte, shqelma dhe mjete t\u00eb forta si kub\u00ebza betoni tulla, ngjyra dhe gj\u00ebsende tjera, si pasoj\u00eb e t\u00eb cilave kan\u00eb p\u00ebsuar l\u00ebndime t\u00eb r\u00ebnda trupore dy gazetar\u00eb\u201d, sqaron Prokroria.<\/p>\n","protected":false},"excerpt":{"rendered":"<p>Mitrovic\u00eb 17\u00a0 Shtator 2025 Gjat\u00eb dit\u00ebs s\u00eb neserm\u00eb n\u00eb Gjykat\u00ebn Themelore t\u00eb Mitrovic\u00ebs do t\u00eb mbahet seanca fillestare ndaj ndaj n\u00ebnkryetarit t\u00eb List\u00eb Serbe Slavko<\/p>\n","protected":false},"author":6,"featured_media":12422,"comment_status":"open","ping_status":"open","sticky":false,"template":"","format":"standard","meta":{"footnotes":""},"categories":[60],"tags":[],"class_list":["post-12421","post","type-post","status-publish","format-standard","has-post-thumbnail","hentry","category-shoqerore-sq"],"yoast_head":"<!-- This site is optimized with the Yoast SEO plugin v25.3.1 - https:\/\/yoast.com\/wordpress\/plugins\/seo\/ -->\n<title>Nes\u00ebr mbahet seanca fillestare ndaj Sllavko Simiq p\u00ebr sulmin ndaj gazetar\u00ebve n\u00eb veri t\u00eb vendit -<\/title>\n<meta name=\"robots\" content=\"index, follow, max-snippet:-1, max-image-preview:large, max-video-preview:-1\" \/>\n<link rel=\"canonical\" href=\"https:\/\/veritasinfo.org\/?p=12421\" \/>\n<meta property=\"og:locale\" content=\"en_US\" \/>\n<meta property=\"og:type\" content=\"article\" \/>\n<meta property=\"og:title\" content=\"Nes\u00ebr mbahet seanca fillestare ndaj Sllavko Simiq p\u00ebr sulmin ndaj gazetar\u00ebve n\u00eb veri t\u00eb vendit -\" \/>\n<meta property=\"og:description\" content=\"Mitrovic\u00eb 17\u00a0 Shtator 2025 Gjat\u00eb dit\u00ebs s\u00eb neserm\u00eb n\u00eb Gjykat\u00ebn Themelore t\u00eb Mitrovic\u00ebs do t\u00eb mbahet seanca fillestare ndaj ndaj n\u00ebnkryetarit t\u00eb List\u00eb Serbe Slavko\" \/>\n<meta property=\"og:url\" content=\"https:\/\/veritasinfo.org\/?p=12421\" \/>\n<meta property=\"article:published_time\" content=\"2025-09-17T19:03:52+00:00\" \/>\n<meta property=\"og:image\" content=\"https:\/\/veritasinfo.org\/wp-content\/uploads\/2025\/09\/Y.jpg\" \/>\n\t<meta property=\"og:image:width\" content=\"600\" \/>\n\t<meta property=\"og:image:height\" content=\"360\" \/>\n\t<meta property=\"og:image:type\" content=\"image\/jpeg\" \/>\n<meta name=\"author\" content=\"US5\" \/>\n<meta name=\"twitter:card\" content=\"summary_large_image\" \/>\n<meta name=\"twitter:label1\" content=\"Written by\" \/>\n\t<meta name=\"twitter:data1\" content=\"US5\" \/>\n\t<meta name=\"twitter:label2\" content=\"Est. reading time\" \/>\n\t<meta name=\"twitter:data2\" content=\"2 minutes\" \/>\n<script type=\"application\/ld+json\" class=\"yoast-schema-graph\">{\"@context\":\"https:\/\/schema.org\",\"@graph\":[{\"@type\":\"WebPage\",\"@id\":\"https:\/\/veritasinfo.org\/?p=12421\",\"url\":\"https:\/\/veritasinfo.org\/?p=12421\",\"name\":\"Nes\u00ebr mbahet seanca fillestare ndaj Sllavko Simiq p\u00ebr sulmin ndaj gazetar\u00ebve n\u00eb veri t\u00eb vendit -\",\"isPartOf\":{\"@id\":\"https:\/\/veritasinfo.org\/#website\"},\"primaryImageOfPage\":{\"@id\":\"https:\/\/veritasinfo.org\/?p=12421#primaryimage\"},\"image\":{\"@id\":\"https:\/\/veritasinfo.org\/?p=12421#primaryimage\"},\"thumbnailUrl\":\"https:\/\/veritasinfo.org\/wp-content\/uploads\/2025\/09\/Y.jpg\",\"datePublished\":\"2025-09-17T19:03:52+00:00\",\"author\":{\"@id\":\"https:\/\/veritasinfo.org\/#\/schema\/person\/bc442336e35414d04494ab8fb45db4c6\"},\"breadcrumb\":{\"@id\":\"https:\/\/veritasinfo.org\/?p=12421#breadcrumb\"},\"inLanguage\":\"en-US\",\"potentialAction\":[{\"@type\":\"ReadAction\",\"target\":[\"https:\/\/veritasinfo.org\/?p=12421\"]}]},{\"@type\":\"ImageObject\",\"inLanguage\":\"en-US\",\"@id\":\"https:\/\/veritasinfo.org\/?p=12421#primaryimage\",\"url\":\"https:\/\/veritasinfo.org\/wp-content\/uploads\/2025\/09\/Y.jpg\",\"contentUrl\":\"https:\/\/veritasinfo.org\/wp-content\/uploads\/2025\/09\/Y.jpg\",\"width\":600,\"height\":360},{\"@type\":\"BreadcrumbList\",\"@id\":\"https:\/\/veritasinfo.org\/?p=12421#breadcrumb\",\"itemListElement\":[{\"@type\":\"ListItem\",\"position\":1,\"name\":\"Home\",\"item\":\"https:\/\/veritasinfo.org\/\"},{\"@type\":\"ListItem\",\"position\":2,\"name\":\"Nes\u00ebr mbahet seanca fillestare ndaj Sllavko Simiq p\u00ebr sulmin ndaj gazetar\u00ebve n\u00eb veri t\u00eb vendit\"}]},{\"@type\":\"WebSite\",\"@id\":\"https:\/\/veritasinfo.org\/#website\",\"url\":\"https:\/\/veritasinfo.org\/\",\"name\":\"\",\"description\":\"\",\"potentialAction\":[{\"@type\":\"SearchAction\",\"target\":{\"@type\":\"EntryPoint\",\"urlTemplate\":\"https:\/\/veritasinfo.org\/?s={search_term_string}\"},\"query-input\":{\"@type\":\"PropertyValueSpecification\",\"valueRequired\":true,\"valueName\":\"search_term_string\"}}],\"inLanguage\":\"en-US\"},{\"@type\":\"Person\",\"@id\":\"https:\/\/veritasinfo.org\/#\/schema\/person\/bc442336e35414d04494ab8fb45db4c6\",\"name\":\"US5\",\"image\":{\"@type\":\"ImageObject\",\"inLanguage\":\"en-US\",\"@id\":\"https:\/\/veritasinfo.org\/#\/schema\/person\/image\/\",\"url\":\"https:\/\/secure.gravatar.com\/avatar\/16a61e7272a0c5d001121ebb9e60e925d5816e4ac1e443ed3e640d9a6ae55d0c?s=96&d=mm&r=g\",\"contentUrl\":\"https:\/\/secure.gravatar.com\/avatar\/16a61e7272a0c5d001121ebb9e60e925d5816e4ac1e443ed3e640d9a6ae55d0c?s=96&d=mm&r=g\",\"caption\":\"US5\"},\"url\":\"https:\/\/veritasinfo.org\/?author=6\"}]}<\/script>\n<!-- \/ Yoast SEO plugin. -->","yoast_head_json":{"title":"Nes\u00ebr mbahet seanca fillestare ndaj Sllavko Simiq p\u00ebr sulmin ndaj gazetar\u00ebve n\u00eb veri t\u00eb vendit -","robots":{"index":"index","follow":"follow","max-snippet":"max-snippet:-1","max-image-preview":"max-image-preview:large","max-video-preview":"max-video-preview:-1"},"canonical":"https:\/\/veritasinfo.org\/?p=12421","og_locale":"en_US","og_type":"article","og_title":"Nes\u00ebr mbahet seanca fillestare ndaj Sllavko Simiq p\u00ebr sulmin ndaj gazetar\u00ebve n\u00eb veri t\u00eb vendit -","og_description":"Mitrovic\u00eb 17\u00a0 Shtator 2025 Gjat\u00eb dit\u00ebs s\u00eb neserm\u00eb n\u00eb Gjykat\u00ebn Themelore t\u00eb Mitrovic\u00ebs do t\u00eb mbahet seanca fillestare ndaj ndaj n\u00ebnkryetarit t\u00eb List\u00eb Serbe Slavko","og_url":"https:\/\/veritasinfo.org\/?p=12421","article_published_time":"2025-09-17T19:03:52+00:00","og_image":[{"width":600,"height":360,"url":"https:\/\/veritasinfo.org\/wp-content\/uploads\/2025\/09\/Y.jpg","type":"image\/jpeg"}],"author":"US5","twitter_card":"summary_large_image","twitter_misc":{"Written by":"US5","Est. reading time":"2 minutes"},"schema":{"@context":"https:\/\/schema.org","@graph":[{"@type":"WebPage","@id":"https:\/\/veritasinfo.org\/?p=12421","url":"https:\/\/veritasinfo.org\/?p=12421","name":"Nes\u00ebr mbahet seanca fillestare ndaj Sllavko Simiq p\u00ebr sulmin ndaj gazetar\u00ebve n\u00eb veri t\u00eb vendit -","isPartOf":{"@id":"https:\/\/veritasinfo.org\/#website"},"primaryImageOfPage":{"@id":"https:\/\/veritasinfo.org\/?p=12421#primaryimage"},"image":{"@id":"https:\/\/veritasinfo.org\/?p=12421#primaryimage"},"thumbnailUrl":"https:\/\/veritasinfo.org\/wp-content\/uploads\/2025\/09\/Y.jpg","datePublished":"2025-09-17T19:03:52+00:00","author":{"@id":"https:\/\/veritasinfo.org\/#\/schema\/person\/bc442336e35414d04494ab8fb45db4c6"},"breadcrumb":{"@id":"https:\/\/veritasinfo.org\/?p=12421#breadcrumb"},"inLanguage":"en-US","potentialAction":[{"@type":"ReadAction","target":["https:\/\/veritasinfo.org\/?p=12421"]}]},{"@type":"ImageObject","inLanguage":"en-US","@id":"https:\/\/veritasinfo.org\/?p=12421#primaryimage","url":"https:\/\/veritasinfo.org\/wp-content\/uploads\/2025\/09\/Y.jpg","contentUrl":"https:\/\/veritasinfo.org\/wp-content\/uploads\/2025\/09\/Y.jpg","width":600,"height":360},{"@type":"BreadcrumbList","@id":"https:\/\/veritasinfo.org\/?p=12421#breadcrumb","itemListElement":[{"@type":"ListItem","position":1,"name":"Home","item":"https:\/\/veritasinfo.org\/"},{"@type":"ListItem","position":2,"name":"Nes\u00ebr mbahet seanca fillestare ndaj Sllavko Simiq p\u00ebr sulmin ndaj gazetar\u00ebve n\u00eb veri t\u00eb vendit"}]},{"@type":"WebSite","@id":"https:\/\/veritasinfo.org\/#website","url":"https:\/\/veritasinfo.org\/","name":"","description":"","potentialAction":[{"@type":"SearchAction","target":{"@type":"EntryPoint","urlTemplate":"https:\/\/veritasinfo.org\/?s={search_term_string}"},"query-input":{"@type":"PropertyValueSpecification","valueRequired":true,"valueName":"search_term_string"}}],"inLanguage":"en-US"},{"@type":"Person","@id":"https:\/\/veritasinfo.org\/#\/schema\/person\/bc442336e35414d04494ab8fb45db4c6","name":"US5","image":{"@type":"ImageObject","inLanguage":"en-US","@id":"https:\/\/veritasinfo.org\/#\/schema\/person\/image\/","url":"https:\/\/secure.gravatar.com\/avatar\/16a61e7272a0c5d001121ebb9e60e925d5816e4ac1e443ed3e640d9a6ae55d0c?s=96&d=mm&r=g","contentUrl":"https:\/\/secure.gravatar.com\/avatar\/16a61e7272a0c5d001121ebb9e60e925d5816e4ac1e443ed3e640d9a6ae55d0c?s=96&d=mm&r=g","caption":"US5"},"url":"https:\/\/veritasinfo.org\/?author=6"}]}},"featured_image_urls":{"full":["https:\/\/veritasinfo.org\/wp-content\/uploads\/2025\/09\/Y.jpg",600,360,false],"thumbnail":["https:\/\/veritasinfo.org\/wp-content\/uploads\/2025\/09\/Y-150x150.jpg",150,150,true],"medium":["https:\/\/veritasinfo.org\/wp-content\/uploads\/2025\/09\/Y-300x180.jpg",300,180,true],"medium_large":["https:\/\/veritasinfo.org\/wp-content\/uploads\/2025\/09\/Y.jpg",600,360,false],"large":["https:\/\/veritasinfo.org\/wp-content\/uploads\/2025\/09\/Y.jpg",600,360,false],"1536x1536":["https:\/\/veritasinfo.org\/wp-content\/uploads\/2025\/09\/Y.jpg",600,360,false],"2048x2048":["https:\/\/veritasinfo.org\/wp-content\/uploads\/2025\/09\/Y.jpg",600,360,false],"kreeti-slider-full":["https:\/\/veritasinfo.org\/wp-content\/uploads\/2025\/09\/Y.jpg",600,360,false],"kreeti-featured":["https:\/\/veritasinfo.org\/wp-content\/uploads\/2025\/09\/Y.jpg",600,360,false],"kreeti-medium":["https:\/\/veritasinfo.org\/wp-content\/uploads\/2025\/09\/Y.jpg",600,360,false],"kreeti-medium-square":["https:\/\/veritasinfo.org\/wp-content\/uploads\/2025\/09\/Y.jpg",350,210,false]},"author_info":{"info":["US5"]},"category_info":"<a href=\"https:\/\/veritasinfo.org\/?cat=60\" rel=\"category\">Shoq\u00ebrore<\/a>","tag_info":"Shoq\u00ebrore","comment_count":"0","_links":{"self":[{"href":"https:\/\/veritasinfo.org\/index.php?rest_route=\/wp\/v2\/posts\/12421","targetHints":{"allow":["GET"]}}],"collection":[{"href":"https:\/\/veritasinfo.org\/index.php?rest_route=\/wp\/v2\/posts"}],"about":[{"href":"https:\/\/veritasinfo.org\/index.php?rest_route=\/wp\/v2\/types\/post"}],"author":[{"embeddable":true,"href":"https:\/\/veritasinfo.org\/index.php?rest_route=\/wp\/v2\/users\/6"}],"replies":[{"embeddable":true,"href":"https:\/\/veritasinfo.org\/index.php?rest_route=%2Fwp%2Fv2%2Fcomments&post=12421"}],"version-history":[{"count":1,"href":"https:\/\/veritasinfo.org\/index.php?rest_route=\/wp\/v2\/posts\/12421\/revisions"}],"predecessor-version":[{"id":12423,"href":"https:\/\/veritasinfo.org\/index.php?rest_route=\/wp\/v2\/posts\/12421\/revisions\/12423"}],"wp:featuredmedia":[{"embeddable":true,"href":"https:\/\/veritasinfo.org\/index.php?rest_route=\/wp\/v2\/media\/12422"}],"wp:attachment":[{"href":"https:\/\/veritasinfo.org\/index.php?rest_route=%2Fwp%2Fv2%2Fmedia&parent=12421"}],"wp:term":[{"taxonomy":"category","embeddable":true,"href":"https:\/\/veritasinfo.org\/index.php?rest_route=%2Fwp%2Fv2%2Fcategories&post=12421"},{"taxonomy":"post_tag","embeddable":true,"href":"https:\/\/veritasinfo.org\/index.php?rest_route=%2Fwp%2Fv2%2Ftags&post=12421"}],"curies":[{"name":"wp","href":"https:\/\/api.w.org\/{rel}","templated":true}]}}