{"id":12417,"date":"2025-09-17T20:25:22","date_gmt":"2025-09-17T18:25:22","guid":{"rendered":"https:\/\/veritasinfo.org\/?p=12417"},"modified":"2025-09-17T20:26:42","modified_gmt":"2025-09-17T18:26:42","slug":"osmani-angazovacu-se-sa-administracijom-trampa-na-ocuvanju-naseg-saveznistva","status":"publish","type":"post","link":"https:\/\/veritasinfo.org\/?p=12417&lang=sr","title":{"rendered":"Osmani: Anga\u017eova\u0107u se sa administracijom Trampa na o\u010duvanju na\u0161eg savezni\u0161tva"},"content":{"rendered":"<p data-start=\"103\" data-end=\"218\">Pri\u0161tina, 17. septembar 2025.<\/p>\n<p data-start=\"220\" data-end=\"425\">Predsednica Kosova, Vjosa Osmani, saop\u0161tila je da je imala telefonski razgovor sa visokim zvani\u010dnikom Biroa za evropska i evroazijska pitanja pri Stejt departmentu, Brendonom Hanrahanom (Brandon Hanrahan).<\/p>\n<p data-start=\"427\" data-end=\"630\">Osmani je izjavila da se tokom tog razgovora fokusirala na zna\u010daj o\u010duvanja savezni\u0161tva izme\u0111u Kosova i Sjedinjenih Ameri\u010dkih Dr\u017eava, kao i na obezbe\u0111ivanje bliske koordinacije sa ovim klju\u010dnim partnerom.<\/p>\n<p data-start=\"632\" data-end=\"778\">Naglasila je da \u0107e se, kao predsednica Kosova, anga\u017eovati sa administracijom predsednika SAD Donalda Trampa na o\u010duvanju i ja\u010danju tog savezni\u0161tva.<\/p>\n<p data-start=\"780\" data-end=\"1374\">\u201eDanas sam imala telefonski razgovor sa visokim zvani\u010dnikom @StateEUR, Brendonom Hanrahanom, tokom kojeg sam se fokusirala na zna\u010daj o\u010duvanja na\u0161eg sna\u017enog savezni\u0161tva i osiguravanja bliske koordinacije sa na\u0161im glavnim partnerom. Sna\u017eno savezni\u0161tvo sa SAD-om oduvek je bilo u korist na\u0161eg naroda, nacionalne bezbednosti, regionalne stabilnosti i evroatlantskih integracija. Kao predsednica svoje zemlje, anga\u017eova\u0107u se sa administracijom predsednika Donalda Trampa kako bih o\u010duvala i za\u0161titila na\u0161e savezni\u0161tvo zasnovano na me\u0111usobnom poverenju i saradnji\u201c, napisala je Osmani na platformi \u201eX\u201c.<\/p>\n","protected":false},"excerpt":{"rendered":"<p>Pri\u0161tina, 17. septembar 2025. Predsednica Kosova, Vjosa Osmani, saop\u0161tila je da je imala telefonski razgovor sa visokim zvani\u010dnikom Biroa za evropska i evroazijska pitanja pri<\/p>\n","protected":false},"author":7,"featured_media":12419,"comment_status":"open","ping_status":"open","sticky":false,"template":"","format":"standard","meta":{"footnotes":""},"categories":[24],"tags":[],"class_list":["post-12417","post","type-post","status-publish","format-standard","has-post-thumbnail","hentry","category-uncategorized-sr"],"yoast_head":"<!-- This site is optimized with the Yoast SEO plugin v25.3.1 - https:\/\/yoast.com\/wordpress\/plugins\/seo\/ -->\n<title>Osmani: Anga\u017eova\u0107u se sa administracijom Trampa na o\u010duvanju na\u0161eg savezni\u0161tva -<\/title>\n<meta name=\"robots\" content=\"index, follow, max-snippet:-1, max-image-preview:large, max-video-preview:-1\" \/>\n<link rel=\"canonical\" href=\"https:\/\/veritasinfo.org\/?p=12417&lang=sr\" \/>\n<meta property=\"og:locale\" content=\"en_US\" \/>\n<meta property=\"og:type\" content=\"article\" \/>\n<meta property=\"og:title\" content=\"Osmani: Anga\u017eova\u0107u se sa administracijom Trampa na o\u010duvanju na\u0161eg savezni\u0161tva -\" \/>\n<meta property=\"og:description\" content=\"Pri\u0161tina, 17. septembar 2025. Predsednica Kosova, Vjosa Osmani, saop\u0161tila je da je imala telefonski razgovor sa visokim zvani\u010dnikom Biroa za evropska i evroazijska pitanja pri\" \/>\n<meta property=\"og:url\" content=\"https:\/\/veritasinfo.org\/?p=12417&amp;lang=sr\" \/>\n<meta property=\"article:published_time\" content=\"2025-09-17T18:25:22+00:00\" \/>\n<meta property=\"article:modified_time\" content=\"2025-09-17T18:26:42+00:00\" \/>\n<meta property=\"og:image\" content=\"https:\/\/veritasinfo.org\/wp-content\/uploads\/2025\/09\/thumbs_b_c_5d3667d98438aa6b840c5375ec351537.jpg\" \/>\n\t<meta property=\"og:image:width\" content=\"864\" \/>\n\t<meta property=\"og:image:height\" content=\"486\" \/>\n\t<meta property=\"og:image:type\" content=\"image\/jpeg\" \/>\n<meta name=\"author\" content=\"US6\" \/>\n<meta name=\"twitter:card\" content=\"summary_large_image\" \/>\n<meta name=\"twitter:label1\" content=\"Written by\" \/>\n\t<meta name=\"twitter:data1\" content=\"US6\" \/>\n\t<meta name=\"twitter:label2\" content=\"Est. reading time\" \/>\n\t<meta name=\"twitter:data2\" content=\"1 minute\" \/>\n<script type=\"application\/ld+json\" class=\"yoast-schema-graph\">{\"@context\":\"https:\/\/schema.org\",\"@graph\":[{\"@type\":\"WebPage\",\"@id\":\"https:\/\/veritasinfo.org\/?p=12417&lang=sr\",\"url\":\"https:\/\/veritasinfo.org\/?p=12417&lang=sr\",\"name\":\"Osmani: Anga\u017eova\u0107u se sa administracijom Trampa na o\u010duvanju na\u0161eg savezni\u0161tva -\",\"isPartOf\":{\"@id\":\"https:\/\/veritasinfo.org\/#website\"},\"primaryImageOfPage\":{\"@id\":\"https:\/\/veritasinfo.org\/?p=12417&lang=sr#primaryimage\"},\"image\":{\"@id\":\"https:\/\/veritasinfo.org\/?p=12417&lang=sr#primaryimage\"},\"thumbnailUrl\":\"https:\/\/veritasinfo.org\/wp-content\/uploads\/2025\/09\/thumbs_b_c_5d3667d98438aa6b840c5375ec351537.jpg\",\"datePublished\":\"2025-09-17T18:25:22+00:00\",\"dateModified\":\"2025-09-17T18:26:42+00:00\",\"author\":{\"@id\":\"https:\/\/veritasinfo.org\/#\/schema\/person\/fe199eede04c3937362892b7444747cc\"},\"breadcrumb\":{\"@id\":\"https:\/\/veritasinfo.org\/?p=12417&lang=sr#breadcrumb\"},\"inLanguage\":\"en-US\",\"potentialAction\":[{\"@type\":\"ReadAction\",\"target\":[\"https:\/\/veritasinfo.org\/?p=12417&lang=sr\"]}]},{\"@type\":\"ImageObject\",\"inLanguage\":\"en-US\",\"@id\":\"https:\/\/veritasinfo.org\/?p=12417&lang=sr#primaryimage\",\"url\":\"https:\/\/veritasinfo.org\/wp-content\/uploads\/2025\/09\/thumbs_b_c_5d3667d98438aa6b840c5375ec351537.jpg\",\"contentUrl\":\"https:\/\/veritasinfo.org\/wp-content\/uploads\/2025\/09\/thumbs_b_c_5d3667d98438aa6b840c5375ec351537.jpg\",\"width\":864,\"height\":486},{\"@type\":\"BreadcrumbList\",\"@id\":\"https:\/\/veritasinfo.org\/?p=12417&lang=sr#breadcrumb\",\"itemListElement\":[{\"@type\":\"ListItem\",\"position\":1,\"name\":\"Home\",\"item\":\"https:\/\/veritasinfo.org\/\"},{\"@type\":\"ListItem\",\"position\":2,\"name\":\"Osmani: Anga\u017eova\u0107u se sa administracijom Trampa na o\u010duvanju na\u0161eg savezni\u0161tva\"}]},{\"@type\":\"WebSite\",\"@id\":\"https:\/\/veritasinfo.org\/#website\",\"url\":\"https:\/\/veritasinfo.org\/\",\"name\":\"\",\"description\":\"\",\"potentialAction\":[{\"@type\":\"SearchAction\",\"target\":{\"@type\":\"EntryPoint\",\"urlTemplate\":\"https:\/\/veritasinfo.org\/?s={search_term_string}\"},\"query-input\":{\"@type\":\"PropertyValueSpecification\",\"valueRequired\":true,\"valueName\":\"search_term_string\"}}],\"inLanguage\":\"en-US\"},{\"@type\":\"Person\",\"@id\":\"https:\/\/veritasinfo.org\/#\/schema\/person\/fe199eede04c3937362892b7444747cc\",\"name\":\"US6\",\"image\":{\"@type\":\"ImageObject\",\"inLanguage\":\"en-US\",\"@id\":\"https:\/\/veritasinfo.org\/#\/schema\/person\/image\/\",\"url\":\"https:\/\/secure.gravatar.com\/avatar\/cb16c3c31c9d23b9b8c705964598220b3014e42ff51eb540ff23cefa3ae8c15f?s=96&d=mm&r=g\",\"contentUrl\":\"https:\/\/secure.gravatar.com\/avatar\/cb16c3c31c9d23b9b8c705964598220b3014e42ff51eb540ff23cefa3ae8c15f?s=96&d=mm&r=g\",\"caption\":\"US6\"},\"url\":\"https:\/\/veritasinfo.org\/?author=7\"}]}<\/script>\n<!-- \/ Yoast SEO plugin. -->","yoast_head_json":{"title":"Osmani: Anga\u017eova\u0107u se sa administracijom Trampa na o\u010duvanju na\u0161eg savezni\u0161tva -","robots":{"index":"index","follow":"follow","max-snippet":"max-snippet:-1","max-image-preview":"max-image-preview:large","max-video-preview":"max-video-preview:-1"},"canonical":"https:\/\/veritasinfo.org\/?p=12417&lang=sr","og_locale":"en_US","og_type":"article","og_title":"Osmani: Anga\u017eova\u0107u se sa administracijom Trampa na o\u010duvanju na\u0161eg savezni\u0161tva -","og_description":"Pri\u0161tina, 17. septembar 2025. Predsednica Kosova, Vjosa Osmani, saop\u0161tila je da je imala telefonski razgovor sa visokim zvani\u010dnikom Biroa za evropska i evroazijska pitanja pri","og_url":"https:\/\/veritasinfo.org\/?p=12417&lang=sr","article_published_time":"2025-09-17T18:25:22+00:00","article_modified_time":"2025-09-17T18:26:42+00:00","og_image":[{"width":864,"height":486,"url":"https:\/\/veritasinfo.org\/wp-content\/uploads\/2025\/09\/thumbs_b_c_5d3667d98438aa6b840c5375ec351537.jpg","type":"image\/jpeg"}],"author":"US6","twitter_card":"summary_large_image","twitter_misc":{"Written by":"US6","Est. reading time":"1 minute"},"schema":{"@context":"https:\/\/schema.org","@graph":[{"@type":"WebPage","@id":"https:\/\/veritasinfo.org\/?p=12417&lang=sr","url":"https:\/\/veritasinfo.org\/?p=12417&lang=sr","name":"Osmani: Anga\u017eova\u0107u se sa administracijom Trampa na o\u010duvanju na\u0161eg savezni\u0161tva -","isPartOf":{"@id":"https:\/\/veritasinfo.org\/#website"},"primaryImageOfPage":{"@id":"https:\/\/veritasinfo.org\/?p=12417&lang=sr#primaryimage"},"image":{"@id":"https:\/\/veritasinfo.org\/?p=12417&lang=sr#primaryimage"},"thumbnailUrl":"https:\/\/veritasinfo.org\/wp-content\/uploads\/2025\/09\/thumbs_b_c_5d3667d98438aa6b840c5375ec351537.jpg","datePublished":"2025-09-17T18:25:22+00:00","dateModified":"2025-09-17T18:26:42+00:00","author":{"@id":"https:\/\/veritasinfo.org\/#\/schema\/person\/fe199eede04c3937362892b7444747cc"},"breadcrumb":{"@id":"https:\/\/veritasinfo.org\/?p=12417&lang=sr#breadcrumb"},"inLanguage":"en-US","potentialAction":[{"@type":"ReadAction","target":["https:\/\/veritasinfo.org\/?p=12417&lang=sr"]}]},{"@type":"ImageObject","inLanguage":"en-US","@id":"https:\/\/veritasinfo.org\/?p=12417&lang=sr#primaryimage","url":"https:\/\/veritasinfo.org\/wp-content\/uploads\/2025\/09\/thumbs_b_c_5d3667d98438aa6b840c5375ec351537.jpg","contentUrl":"https:\/\/veritasinfo.org\/wp-content\/uploads\/2025\/09\/thumbs_b_c_5d3667d98438aa6b840c5375ec351537.jpg","width":864,"height":486},{"@type":"BreadcrumbList","@id":"https:\/\/veritasinfo.org\/?p=12417&lang=sr#breadcrumb","itemListElement":[{"@type":"ListItem","position":1,"name":"Home","item":"https:\/\/veritasinfo.org\/"},{"@type":"ListItem","position":2,"name":"Osmani: Anga\u017eova\u0107u se sa administracijom Trampa na o\u010duvanju na\u0161eg savezni\u0161tva"}]},{"@type":"WebSite","@id":"https:\/\/veritasinfo.org\/#website","url":"https:\/\/veritasinfo.org\/","name":"","description":"","potentialAction":[{"@type":"SearchAction","target":{"@type":"EntryPoint","urlTemplate":"https:\/\/veritasinfo.org\/?s={search_term_string}"},"query-input":{"@type":"PropertyValueSpecification","valueRequired":true,"valueName":"search_term_string"}}],"inLanguage":"en-US"},{"@type":"Person","@id":"https:\/\/veritasinfo.org\/#\/schema\/person\/fe199eede04c3937362892b7444747cc","name":"US6","image":{"@type":"ImageObject","inLanguage":"en-US","@id":"https:\/\/veritasinfo.org\/#\/schema\/person\/image\/","url":"https:\/\/secure.gravatar.com\/avatar\/cb16c3c31c9d23b9b8c705964598220b3014e42ff51eb540ff23cefa3ae8c15f?s=96&d=mm&r=g","contentUrl":"https:\/\/secure.gravatar.com\/avatar\/cb16c3c31c9d23b9b8c705964598220b3014e42ff51eb540ff23cefa3ae8c15f?s=96&d=mm&r=g","caption":"US6"},"url":"https:\/\/veritasinfo.org\/?author=7"}]}},"featured_image_urls":{"full":["https:\/\/veritasinfo.org\/wp-content\/uploads\/2025\/09\/thumbs_b_c_5d3667d98438aa6b840c5375ec351537.jpg",864,486,false],"thumbnail":["https:\/\/veritasinfo.org\/wp-content\/uploads\/2025\/09\/thumbs_b_c_5d3667d98438aa6b840c5375ec351537-150x150.jpg",150,150,true],"medium":["https:\/\/veritasinfo.org\/wp-content\/uploads\/2025\/09\/thumbs_b_c_5d3667d98438aa6b840c5375ec351537-300x169.jpg",300,169,true],"medium_large":["https:\/\/veritasinfo.org\/wp-content\/uploads\/2025\/09\/thumbs_b_c_5d3667d98438aa6b840c5375ec351537-768x432.jpg",640,360,true],"large":["https:\/\/veritasinfo.org\/wp-content\/uploads\/2025\/09\/thumbs_b_c_5d3667d98438aa6b840c5375ec351537.jpg",640,360,false],"1536x1536":["https:\/\/veritasinfo.org\/wp-content\/uploads\/2025\/09\/thumbs_b_c_5d3667d98438aa6b840c5375ec351537.jpg",864,486,false],"2048x2048":["https:\/\/veritasinfo.org\/wp-content\/uploads\/2025\/09\/thumbs_b_c_5d3667d98438aa6b840c5375ec351537.jpg",864,486,false],"kreeti-slider-full":["https:\/\/veritasinfo.org\/wp-content\/uploads\/2025\/09\/thumbs_b_c_5d3667d98438aa6b840c5375ec351537.jpg",864,486,false],"kreeti-featured":["https:\/\/veritasinfo.org\/wp-content\/uploads\/2025\/09\/thumbs_b_c_5d3667d98438aa6b840c5375ec351537.jpg",864,486,false],"kreeti-medium":["https:\/\/veritasinfo.org\/wp-content\/uploads\/2025\/09\/thumbs_b_c_5d3667d98438aa6b840c5375ec351537.jpg",720,405,false],"kreeti-medium-square":["https:\/\/veritasinfo.org\/wp-content\/uploads\/2025\/09\/thumbs_b_c_5d3667d98438aa6b840c5375ec351537.jpg",350,197,false]},"author_info":{"info":["US6"]},"category_info":"<a href=\"https:\/\/veritasinfo.org\/?cat=24&#038;lang=sr\" rel=\"category\">Uncategorized<\/a>","tag_info":"Uncategorized","comment_count":"0","_links":{"self":[{"href":"https:\/\/veritasinfo.org\/index.php?rest_route=\/wp\/v2\/posts\/12417","targetHints":{"allow":["GET"]}}],"collection":[{"href":"https:\/\/veritasinfo.org\/index.php?rest_route=\/wp\/v2\/posts"}],"about":[{"href":"https:\/\/veritasinfo.org\/index.php?rest_route=\/wp\/v2\/types\/post"}],"author":[{"embeddable":true,"href":"https:\/\/veritasinfo.org\/index.php?rest_route=\/wp\/v2\/users\/7"}],"replies":[{"embeddable":true,"href":"https:\/\/veritasinfo.org\/index.php?rest_route=%2Fwp%2Fv2%2Fcomments&post=12417"}],"version-history":[{"count":1,"href":"https:\/\/veritasinfo.org\/index.php?rest_route=\/wp\/v2\/posts\/12417\/revisions"}],"predecessor-version":[{"id":12418,"href":"https:\/\/veritasinfo.org\/index.php?rest_route=\/wp\/v2\/posts\/12417\/revisions\/12418"}],"wp:featuredmedia":[{"embeddable":true,"href":"https:\/\/veritasinfo.org\/index.php?rest_route=\/wp\/v2\/media\/12419"}],"wp:attachment":[{"href":"https:\/\/veritasinfo.org\/index.php?rest_route=%2Fwp%2Fv2%2Fmedia&parent=12417"}],"wp:term":[{"taxonomy":"category","embeddable":true,"href":"https:\/\/veritasinfo.org\/index.php?rest_route=%2Fwp%2Fv2%2Fcategories&post=12417"},{"taxonomy":"post_tag","embeddable":true,"href":"https:\/\/veritasinfo.org\/index.php?rest_route=%2Fwp%2Fv2%2Ftags&post=12417"}],"curies":[{"name":"wp","href":"https:\/\/api.w.org\/{rel}","templated":true}]}}