{"id":12414,"date":"2025-09-17T20:24:07","date_gmt":"2025-09-17T18:24:07","guid":{"rendered":"https:\/\/veritasinfo.org\/?p=12414"},"modified":"2025-09-17T20:26:33","modified_gmt":"2025-09-17T18:26:33","slug":"osmani-do-angazhohem-me-administraten-trump-per-te-ruajtur-aleancen-tone","status":"publish","type":"post","link":"https:\/\/veritasinfo.org\/?p=12414","title":{"rendered":"Osmani: Do angazhohem me administrat\u00ebn Trump p\u00ebr t\u00eb ruajtur aleanc\u00ebn ton\u00eb"},"content":{"rendered":"<p>Prishtin\u00eb, 17 shtator 2025<\/p>\n<p>Presidentja e Kosov\u00ebs, Vjosa Osmani, ka b\u00ebr\u00eb t\u00eb ditur se ka zhvilluar nj\u00eb bised\u00eb telefonike me zyrtarin e lart\u00eb t\u00eb Byros\u00eb p\u00ebr \u00c7\u00ebshtje Evropiane dhe Euroaziatike n\u00eb Departamentin e Shtetit, Brandon Hanrahan.<\/p>\n<p>Osmani ka th\u00ebn\u00eb se gjat\u00eb k\u00ebsaj bisede telefonike \u00ebsht\u00eb p\u00ebrqendruar n\u00eb r\u00ebnd\u00ebsin\u00eb e ruajtjes s\u00eb aleanc\u00ebs mes Kosov\u00ebs dhe SHBA-s\u00eb dhe sigurimit t\u00eb koordinimit t\u00eb ngusht\u00eb me t\u00eb.<\/p>\n<p>Ajo ka theksuar se si presidente e Kosov\u00ebs do t\u00eb angazhohet me administrat\u00ebn e presidentit t\u00eb SHBA-s\u00eb, Donald Trump p\u00ebr ta ruajtur dhe mbrojtur aleanc\u00ebn mes dy vendeve.<\/p>\n<p>\u201cSot pata nj\u00eb bised\u00eb telefonike me zyrtarin e lart\u00eb t\u00eb Byros\u00eb s\u00eb @StateEUR, Brandon Hanrahan, gjat\u00eb s\u00eb cil\u00ebs u fokusova n\u00eb r\u00ebnd\u00ebsin\u00eb e ruajtjes s\u00eb aleanc\u00ebs son\u00eb t\u00eb fort\u00eb dhe sigurimin e koordinimit t\u00eb ngusht\u00eb me partnerin ton\u00eb kryesor. Aleanca e fort\u00eb me SHBA-n\u00eb ka qen\u00eb gjithmon\u00eb n\u00eb dobi t\u00eb popullit ton\u00eb, t\u00eb siguris\u00eb komb\u00ebtare, stabilitetit rajonal dhe integrimit euroatlantik. Si presidente e vendit tim do t\u00eb angazhohem me administrat\u00ebn e presidentit Donald Trump p\u00ebr ta ruajtur dhe mbrojtur aleanc\u00ebn ton\u00eb t\u00eb bazuar n\u00eb besim dhe bashk\u00ebpunim t\u00eb nd\u00ebrsjell\u00eb\u201d, ka shkruar Osmani n\u00eb platform\u00ebn \u201cX\u201d.<\/p>\n<p>&nbsp;<\/p>\n","protected":false},"excerpt":{"rendered":"<p>Prishtin\u00eb, 17 shtator 2025 Presidentja e Kosov\u00ebs, Vjosa Osmani, ka b\u00ebr\u00eb t\u00eb ditur se ka zhvilluar nj\u00eb bised\u00eb telefonike me zyrtarin e lart\u00eb t\u00eb Byros\u00eb<\/p>\n","protected":false},"author":7,"featured_media":12419,"comment_status":"open","ping_status":"open","sticky":false,"template":"","format":"standard","meta":{"footnotes":""},"categories":[58],"tags":[],"class_list":["post-12414","post","type-post","status-publish","format-standard","has-post-thumbnail","hentry","category-politike-sq"],"yoast_head":"<!-- This site is optimized with the Yoast SEO plugin v25.3.1 - https:\/\/yoast.com\/wordpress\/plugins\/seo\/ -->\n<title>Osmani: Do angazhohem me administrat\u00ebn Trump p\u00ebr t\u00eb ruajtur aleanc\u00ebn ton\u00eb -<\/title>\n<meta name=\"robots\" content=\"index, follow, max-snippet:-1, max-image-preview:large, max-video-preview:-1\" \/>\n<link rel=\"canonical\" href=\"https:\/\/veritasinfo.org\/?p=12414\" \/>\n<meta property=\"og:locale\" content=\"en_US\" \/>\n<meta property=\"og:type\" content=\"article\" \/>\n<meta property=\"og:title\" content=\"Osmani: Do angazhohem me administrat\u00ebn Trump p\u00ebr t\u00eb ruajtur aleanc\u00ebn ton\u00eb -\" \/>\n<meta property=\"og:description\" content=\"Prishtin\u00eb, 17 shtator 2025 Presidentja e Kosov\u00ebs, Vjosa Osmani, ka b\u00ebr\u00eb t\u00eb ditur se ka zhvilluar nj\u00eb bised\u00eb telefonike me zyrtarin e lart\u00eb t\u00eb Byros\u00eb\" \/>\n<meta property=\"og:url\" content=\"https:\/\/veritasinfo.org\/?p=12414\" \/>\n<meta property=\"article:published_time\" content=\"2025-09-17T18:24:07+00:00\" \/>\n<meta property=\"article:modified_time\" content=\"2025-09-17T18:26:33+00:00\" \/>\n<meta property=\"og:image\" content=\"https:\/\/veritasinfo.org\/wp-content\/uploads\/2025\/09\/thumbs_b_c_5d3667d98438aa6b840c5375ec351537.jpg\" \/>\n\t<meta property=\"og:image:width\" content=\"864\" \/>\n\t<meta property=\"og:image:height\" content=\"486\" \/>\n\t<meta property=\"og:image:type\" content=\"image\/jpeg\" \/>\n<meta name=\"author\" content=\"US6\" \/>\n<meta name=\"twitter:card\" content=\"summary_large_image\" \/>\n<meta name=\"twitter:label1\" content=\"Written by\" \/>\n\t<meta name=\"twitter:data1\" content=\"US6\" \/>\n\t<meta name=\"twitter:label2\" content=\"Est. reading time\" \/>\n\t<meta name=\"twitter:data2\" content=\"2 minutes\" \/>\n<script type=\"application\/ld+json\" class=\"yoast-schema-graph\">{\"@context\":\"https:\/\/schema.org\",\"@graph\":[{\"@type\":\"WebPage\",\"@id\":\"https:\/\/veritasinfo.org\/?p=12414\",\"url\":\"https:\/\/veritasinfo.org\/?p=12414\",\"name\":\"Osmani: Do angazhohem me administrat\u00ebn Trump p\u00ebr t\u00eb ruajtur aleanc\u00ebn ton\u00eb -\",\"isPartOf\":{\"@id\":\"https:\/\/veritasinfo.org\/#website\"},\"primaryImageOfPage\":{\"@id\":\"https:\/\/veritasinfo.org\/?p=12414#primaryimage\"},\"image\":{\"@id\":\"https:\/\/veritasinfo.org\/?p=12414#primaryimage\"},\"thumbnailUrl\":\"https:\/\/veritasinfo.org\/wp-content\/uploads\/2025\/09\/thumbs_b_c_5d3667d98438aa6b840c5375ec351537.jpg\",\"datePublished\":\"2025-09-17T18:24:07+00:00\",\"dateModified\":\"2025-09-17T18:26:33+00:00\",\"author\":{\"@id\":\"https:\/\/veritasinfo.org\/#\/schema\/person\/fe199eede04c3937362892b7444747cc\"},\"breadcrumb\":{\"@id\":\"https:\/\/veritasinfo.org\/?p=12414#breadcrumb\"},\"inLanguage\":\"en-US\",\"potentialAction\":[{\"@type\":\"ReadAction\",\"target\":[\"https:\/\/veritasinfo.org\/?p=12414\"]}]},{\"@type\":\"ImageObject\",\"inLanguage\":\"en-US\",\"@id\":\"https:\/\/veritasinfo.org\/?p=12414#primaryimage\",\"url\":\"https:\/\/veritasinfo.org\/wp-content\/uploads\/2025\/09\/thumbs_b_c_5d3667d98438aa6b840c5375ec351537.jpg\",\"contentUrl\":\"https:\/\/veritasinfo.org\/wp-content\/uploads\/2025\/09\/thumbs_b_c_5d3667d98438aa6b840c5375ec351537.jpg\",\"width\":864,\"height\":486},{\"@type\":\"BreadcrumbList\",\"@id\":\"https:\/\/veritasinfo.org\/?p=12414#breadcrumb\",\"itemListElement\":[{\"@type\":\"ListItem\",\"position\":1,\"name\":\"Home\",\"item\":\"https:\/\/veritasinfo.org\/\"},{\"@type\":\"ListItem\",\"position\":2,\"name\":\"Osmani: Do angazhohem me administrat\u00ebn Trump p\u00ebr t\u00eb ruajtur aleanc\u00ebn ton\u00eb\"}]},{\"@type\":\"WebSite\",\"@id\":\"https:\/\/veritasinfo.org\/#website\",\"url\":\"https:\/\/veritasinfo.org\/\",\"name\":\"\",\"description\":\"\",\"potentialAction\":[{\"@type\":\"SearchAction\",\"target\":{\"@type\":\"EntryPoint\",\"urlTemplate\":\"https:\/\/veritasinfo.org\/?s={search_term_string}\"},\"query-input\":{\"@type\":\"PropertyValueSpecification\",\"valueRequired\":true,\"valueName\":\"search_term_string\"}}],\"inLanguage\":\"en-US\"},{\"@type\":\"Person\",\"@id\":\"https:\/\/veritasinfo.org\/#\/schema\/person\/fe199eede04c3937362892b7444747cc\",\"name\":\"US6\",\"image\":{\"@type\":\"ImageObject\",\"inLanguage\":\"en-US\",\"@id\":\"https:\/\/veritasinfo.org\/#\/schema\/person\/image\/\",\"url\":\"https:\/\/secure.gravatar.com\/avatar\/cb16c3c31c9d23b9b8c705964598220b3014e42ff51eb540ff23cefa3ae8c15f?s=96&d=mm&r=g\",\"contentUrl\":\"https:\/\/secure.gravatar.com\/avatar\/cb16c3c31c9d23b9b8c705964598220b3014e42ff51eb540ff23cefa3ae8c15f?s=96&d=mm&r=g\",\"caption\":\"US6\"},\"url\":\"https:\/\/veritasinfo.org\/?author=7\"}]}<\/script>\n<!-- \/ Yoast SEO plugin. -->","yoast_head_json":{"title":"Osmani: Do angazhohem me administrat\u00ebn Trump p\u00ebr t\u00eb ruajtur aleanc\u00ebn ton\u00eb -","robots":{"index":"index","follow":"follow","max-snippet":"max-snippet:-1","max-image-preview":"max-image-preview:large","max-video-preview":"max-video-preview:-1"},"canonical":"https:\/\/veritasinfo.org\/?p=12414","og_locale":"en_US","og_type":"article","og_title":"Osmani: Do angazhohem me administrat\u00ebn Trump p\u00ebr t\u00eb ruajtur aleanc\u00ebn ton\u00eb -","og_description":"Prishtin\u00eb, 17 shtator 2025 Presidentja e Kosov\u00ebs, Vjosa Osmani, ka b\u00ebr\u00eb t\u00eb ditur se ka zhvilluar nj\u00eb bised\u00eb telefonike me zyrtarin e lart\u00eb t\u00eb Byros\u00eb","og_url":"https:\/\/veritasinfo.org\/?p=12414","article_published_time":"2025-09-17T18:24:07+00:00","article_modified_time":"2025-09-17T18:26:33+00:00","og_image":[{"width":864,"height":486,"url":"https:\/\/veritasinfo.org\/wp-content\/uploads\/2025\/09\/thumbs_b_c_5d3667d98438aa6b840c5375ec351537.jpg","type":"image\/jpeg"}],"author":"US6","twitter_card":"summary_large_image","twitter_misc":{"Written by":"US6","Est. reading time":"2 minutes"},"schema":{"@context":"https:\/\/schema.org","@graph":[{"@type":"WebPage","@id":"https:\/\/veritasinfo.org\/?p=12414","url":"https:\/\/veritasinfo.org\/?p=12414","name":"Osmani: Do angazhohem me administrat\u00ebn Trump p\u00ebr t\u00eb ruajtur aleanc\u00ebn ton\u00eb -","isPartOf":{"@id":"https:\/\/veritasinfo.org\/#website"},"primaryImageOfPage":{"@id":"https:\/\/veritasinfo.org\/?p=12414#primaryimage"},"image":{"@id":"https:\/\/veritasinfo.org\/?p=12414#primaryimage"},"thumbnailUrl":"https:\/\/veritasinfo.org\/wp-content\/uploads\/2025\/09\/thumbs_b_c_5d3667d98438aa6b840c5375ec351537.jpg","datePublished":"2025-09-17T18:24:07+00:00","dateModified":"2025-09-17T18:26:33+00:00","author":{"@id":"https:\/\/veritasinfo.org\/#\/schema\/person\/fe199eede04c3937362892b7444747cc"},"breadcrumb":{"@id":"https:\/\/veritasinfo.org\/?p=12414#breadcrumb"},"inLanguage":"en-US","potentialAction":[{"@type":"ReadAction","target":["https:\/\/veritasinfo.org\/?p=12414"]}]},{"@type":"ImageObject","inLanguage":"en-US","@id":"https:\/\/veritasinfo.org\/?p=12414#primaryimage","url":"https:\/\/veritasinfo.org\/wp-content\/uploads\/2025\/09\/thumbs_b_c_5d3667d98438aa6b840c5375ec351537.jpg","contentUrl":"https:\/\/veritasinfo.org\/wp-content\/uploads\/2025\/09\/thumbs_b_c_5d3667d98438aa6b840c5375ec351537.jpg","width":864,"height":486},{"@type":"BreadcrumbList","@id":"https:\/\/veritasinfo.org\/?p=12414#breadcrumb","itemListElement":[{"@type":"ListItem","position":1,"name":"Home","item":"https:\/\/veritasinfo.org\/"},{"@type":"ListItem","position":2,"name":"Osmani: Do angazhohem me administrat\u00ebn Trump p\u00ebr t\u00eb ruajtur aleanc\u00ebn ton\u00eb"}]},{"@type":"WebSite","@id":"https:\/\/veritasinfo.org\/#website","url":"https:\/\/veritasinfo.org\/","name":"","description":"","potentialAction":[{"@type":"SearchAction","target":{"@type":"EntryPoint","urlTemplate":"https:\/\/veritasinfo.org\/?s={search_term_string}"},"query-input":{"@type":"PropertyValueSpecification","valueRequired":true,"valueName":"search_term_string"}}],"inLanguage":"en-US"},{"@type":"Person","@id":"https:\/\/veritasinfo.org\/#\/schema\/person\/fe199eede04c3937362892b7444747cc","name":"US6","image":{"@type":"ImageObject","inLanguage":"en-US","@id":"https:\/\/veritasinfo.org\/#\/schema\/person\/image\/","url":"https:\/\/secure.gravatar.com\/avatar\/cb16c3c31c9d23b9b8c705964598220b3014e42ff51eb540ff23cefa3ae8c15f?s=96&d=mm&r=g","contentUrl":"https:\/\/secure.gravatar.com\/avatar\/cb16c3c31c9d23b9b8c705964598220b3014e42ff51eb540ff23cefa3ae8c15f?s=96&d=mm&r=g","caption":"US6"},"url":"https:\/\/veritasinfo.org\/?author=7"}]}},"featured_image_urls":{"full":["https:\/\/veritasinfo.org\/wp-content\/uploads\/2025\/09\/thumbs_b_c_5d3667d98438aa6b840c5375ec351537.jpg",864,486,false],"thumbnail":["https:\/\/veritasinfo.org\/wp-content\/uploads\/2025\/09\/thumbs_b_c_5d3667d98438aa6b840c5375ec351537-150x150.jpg",150,150,true],"medium":["https:\/\/veritasinfo.org\/wp-content\/uploads\/2025\/09\/thumbs_b_c_5d3667d98438aa6b840c5375ec351537-300x169.jpg",300,169,true],"medium_large":["https:\/\/veritasinfo.org\/wp-content\/uploads\/2025\/09\/thumbs_b_c_5d3667d98438aa6b840c5375ec351537-768x432.jpg",640,360,true],"large":["https:\/\/veritasinfo.org\/wp-content\/uploads\/2025\/09\/thumbs_b_c_5d3667d98438aa6b840c5375ec351537.jpg",640,360,false],"1536x1536":["https:\/\/veritasinfo.org\/wp-content\/uploads\/2025\/09\/thumbs_b_c_5d3667d98438aa6b840c5375ec351537.jpg",864,486,false],"2048x2048":["https:\/\/veritasinfo.org\/wp-content\/uploads\/2025\/09\/thumbs_b_c_5d3667d98438aa6b840c5375ec351537.jpg",864,486,false],"kreeti-slider-full":["https:\/\/veritasinfo.org\/wp-content\/uploads\/2025\/09\/thumbs_b_c_5d3667d98438aa6b840c5375ec351537.jpg",864,486,false],"kreeti-featured":["https:\/\/veritasinfo.org\/wp-content\/uploads\/2025\/09\/thumbs_b_c_5d3667d98438aa6b840c5375ec351537.jpg",864,486,false],"kreeti-medium":["https:\/\/veritasinfo.org\/wp-content\/uploads\/2025\/09\/thumbs_b_c_5d3667d98438aa6b840c5375ec351537.jpg",720,405,false],"kreeti-medium-square":["https:\/\/veritasinfo.org\/wp-content\/uploads\/2025\/09\/thumbs_b_c_5d3667d98438aa6b840c5375ec351537.jpg",350,197,false]},"author_info":{"info":["US6"]},"category_info":"<a href=\"https:\/\/veritasinfo.org\/?cat=58\" rel=\"category\">Politik\u00eb<\/a>","tag_info":"Politik\u00eb","comment_count":"0","_links":{"self":[{"href":"https:\/\/veritasinfo.org\/index.php?rest_route=\/wp\/v2\/posts\/12414","targetHints":{"allow":["GET"]}}],"collection":[{"href":"https:\/\/veritasinfo.org\/index.php?rest_route=\/wp\/v2\/posts"}],"about":[{"href":"https:\/\/veritasinfo.org\/index.php?rest_route=\/wp\/v2\/types\/post"}],"author":[{"embeddable":true,"href":"https:\/\/veritasinfo.org\/index.php?rest_route=\/wp\/v2\/users\/7"}],"replies":[{"embeddable":true,"href":"https:\/\/veritasinfo.org\/index.php?rest_route=%2Fwp%2Fv2%2Fcomments&post=12414"}],"version-history":[{"count":1,"href":"https:\/\/veritasinfo.org\/index.php?rest_route=\/wp\/v2\/posts\/12414\/revisions"}],"predecessor-version":[{"id":12416,"href":"https:\/\/veritasinfo.org\/index.php?rest_route=\/wp\/v2\/posts\/12414\/revisions\/12416"}],"wp:featuredmedia":[{"embeddable":true,"href":"https:\/\/veritasinfo.org\/index.php?rest_route=\/wp\/v2\/media\/12419"}],"wp:attachment":[{"href":"https:\/\/veritasinfo.org\/index.php?rest_route=%2Fwp%2Fv2%2Fmedia&parent=12414"}],"wp:term":[{"taxonomy":"category","embeddable":true,"href":"https:\/\/veritasinfo.org\/index.php?rest_route=%2Fwp%2Fv2%2Fcategories&post=12414"},{"taxonomy":"post_tag","embeddable":true,"href":"https:\/\/veritasinfo.org\/index.php?rest_route=%2Fwp%2Fv2%2Ftags&post=12414"}],"curies":[{"name":"wp","href":"https:\/\/api.w.org\/{rel}","templated":true}]}}