{"id":12409,"date":"2025-09-17T19:46:43","date_gmt":"2025-09-17T17:46:43","guid":{"rendered":"https:\/\/veritasinfo.org\/?p=12409"},"modified":"2025-09-17T19:46:43","modified_gmt":"2025-09-17T17:46:43","slug":"dokumentuesi-danez-i-krimeve-te-serbise-ne-kosove-shprehet-i-gatshem-te-deshmoje","status":"publish","type":"post","link":"https:\/\/veritasinfo.org\/?p=12409","title":{"rendered":"Dokumentuesi danez i krimeve t\u00eb Serbis\u00eb n\u00eb Kosov\u00eb shprehet i gatsh\u00ebm t\u00eb d\u00ebshmoj\u00eb"},"content":{"rendered":"<p>Prishtin\u00eb,17 shtator 2025<\/p>\n<p>N\u00eb form\u00eb libri, imazhet e shkrepura nga fotografi danez Thomas Sjorup gjat\u00eb luft\u00ebs n\u00eb Kosov\u00eb jan\u00eb rikthyer n\u00eb Prishtin\u00eb, duke i nxjerr\u00eb n\u00eb pah krimet q\u00eb forcat serbe i kan\u00eb kryer kund\u00ebr popullsis\u00eb shqiptare. Libri u kualifikua si d\u00ebshmi vizuale e luft\u00ebs, q\u00eb i reflekton dhimbjen dhe q\u00ebndres\u00ebn e popullit shqiptar. E autori i librit \u00ebsht\u00eb shprehur i gatsh\u00ebm q\u00eb p\u00ebr ngjarjet q\u00eb i ka par\u00eb dhe i ka p\u00ebrjetuar n\u00eb Kosov\u00eb t\u00eb jap\u00eb edhe d\u00ebshmi<\/p>\n<p>Imazhet e shkrepura nga fotografi danez, Thomas Sjorup, t\u00eb cilat i dokumentojn\u00eb krimet q\u00eb forcat serbe i kan\u00eb kryer gjat\u00eb luft\u00ebs n\u00eb Kosov\u00eb, jan\u00eb rikthyer t\u00eb m\u00ebrkur\u00ebn n\u00eb Prishtin\u00eb n\u00eb form\u00ebn e nj\u00eb libri.<br \/>\nN\u00eb promovimin e librit \u201cKosovo at War\u201d, autori Sjorup e ka kualifikuar v\u00ebllimin e porsabotuar jo vet\u00ebm si koleksion fotografish, por edhe si d\u00ebshmi vizuale p\u00ebr \u201cguximin, humbjen dhe q\u00ebndres\u00ebn\u201d.<\/p>\n<p>Ai ka theksuar se p\u00ebr t\u00eb gjitha ngjarjet q\u00eb i ka par\u00eb dhe i ka p\u00ebrjetuar gjat\u00eb luft\u00ebs n\u00eb Kosov\u00eb \u00ebsht\u00eb i gatsh\u00ebm q\u00eb t\u00eb jap\u00eb edhe d\u00ebshmi.<\/p>\n<p>\u201cShum\u00eb njer\u00ebz m\u00eb merrnin n\u00eb dhomat e tyre, m\u00eb jepnin ushqim, m\u00eb tregonin historit\u00eb e tyre, m\u00eb linin t\u2019i fotografoja jet\u00ebt e tyre dhe kjo \u00ebsht\u00eb, e dini, ajo q\u00eb un\u00eb e kujtoj m\u00eb shum\u00eb. Po flas vet\u00ebm p\u00ebr at\u00eb q\u00eb pash\u00eb dhe n\u00ebse dikush d\u00ebshiron t\u00eb m\u00eb pyes\u00eb di\u00e7ka n\u00eb lidhje me at\u00eb q\u00eb p\u00ebrjetova, ata jan\u00eb gjithmon\u00eb t\u00eb mir\u00ebseardhur, mund t\u00eb m\u00eb th\u00ebrrasin ose \u00e7far\u00ebdo, un\u00eb jam i gatsh\u00ebm\u201d, ka theksuar Sjorup.<\/p>\n<p>E Teuta Shala-Peli, e cila \u00ebsht\u00eb drejtoresh\u00eb n\u00eb Institutin e Historis\u00eb n\u00eb Kosov\u00eb, e ka vler\u00ebsuar librin e fotografit nga Danimarka si testament p\u00ebr breza t\u00eb rinj, e cila siguron q\u00eb sakrifica p\u00ebr liri t\u00eb mos harrohet.<\/p>\n<p>\u201cFotografit\u00eb e prezantuara sot nuk jan\u00eb vet\u00ebm dokumente t\u00eb luft\u00ebs, ato e \u00e7ojn\u00eb dhimbjen e vendit ton\u00eb dhe rrug\u00ebtimin drejt librit. Kosova d\u00ebshmoi para bot\u00ebs, ashtu si\u00e7 ka qen\u00eb nga ky lib\u00ebr, kjo mbetet testament t\u00eb brezat e rinj p\u00ebr t\u00eb mos harruar lirin\u00eb e vendit\u201d, ka th\u00ebn\u00eb ajo gjat\u00eb promovimit t\u00eb librit n\u00eb Prishtin\u00eb.<\/p>\n<p>P\u00ebrfaq\u00ebsues t\u00eb Ministris\u00eb s\u00eb Arsimit e kan\u00eb vler\u00ebsuar kontributin e fotoreporterit danez n\u00eb ruajtjen e kujtes\u00ebs p\u00ebr gjenocidin e kryer ndaj shqiptar\u00ebve n\u00eb Kosov\u00eb.<\/p>\n<p>&nbsp;<\/p>\n","protected":false},"excerpt":{"rendered":"<p>Prishtin\u00eb,17 shtator 2025 N\u00eb form\u00eb libri, imazhet e shkrepura nga fotografi danez Thomas Sjorup gjat\u00eb luft\u00ebs n\u00eb Kosov\u00eb jan\u00eb rikthyer n\u00eb Prishtin\u00eb, duke i nxjerr\u00eb<\/p>\n","protected":false},"author":7,"featured_media":12410,"comment_status":"open","ping_status":"open","sticky":false,"template":"","format":"standard","meta":{"footnotes":""},"categories":[60],"tags":[],"class_list":["post-12409","post","type-post","status-publish","format-standard","has-post-thumbnail","hentry","category-shoqerore-sq"],"yoast_head":"<!-- This site is optimized with the Yoast SEO plugin v25.3.1 - https:\/\/yoast.com\/wordpress\/plugins\/seo\/ -->\n<title>Dokumentuesi danez i krimeve t\u00eb Serbis\u00eb n\u00eb Kosov\u00eb shprehet i gatsh\u00ebm t\u00eb d\u00ebshmoj\u00eb -<\/title>\n<meta name=\"robots\" content=\"index, follow, max-snippet:-1, max-image-preview:large, max-video-preview:-1\" \/>\n<link rel=\"canonical\" href=\"https:\/\/veritasinfo.org\/?p=12409\" \/>\n<meta property=\"og:locale\" content=\"en_US\" \/>\n<meta property=\"og:type\" content=\"article\" \/>\n<meta property=\"og:title\" content=\"Dokumentuesi danez i krimeve t\u00eb Serbis\u00eb n\u00eb Kosov\u00eb shprehet i gatsh\u00ebm t\u00eb d\u00ebshmoj\u00eb -\" \/>\n<meta property=\"og:description\" content=\"Prishtin\u00eb,17 shtator 2025 N\u00eb form\u00eb libri, imazhet e shkrepura nga fotografi danez Thomas Sjorup gjat\u00eb luft\u00ebs n\u00eb Kosov\u00eb jan\u00eb rikthyer n\u00eb Prishtin\u00eb, duke i nxjerr\u00eb\" \/>\n<meta property=\"og:url\" content=\"https:\/\/veritasinfo.org\/?p=12409\" \/>\n<meta property=\"article:published_time\" content=\"2025-09-17T17:46:43+00:00\" \/>\n<meta property=\"og:image\" content=\"https:\/\/veritasinfo.org\/wp-content\/uploads\/2025\/09\/Thomas-Sjorup-e1758120536183-1280x747-1.jpg\" \/>\n\t<meta property=\"og:image:width\" content=\"1280\" \/>\n\t<meta property=\"og:image:height\" content=\"747\" \/>\n\t<meta property=\"og:image:type\" content=\"image\/jpeg\" \/>\n<meta name=\"author\" content=\"US6\" \/>\n<meta name=\"twitter:card\" content=\"summary_large_image\" \/>\n<meta name=\"twitter:label1\" content=\"Written by\" \/>\n\t<meta name=\"twitter:data1\" content=\"US6\" \/>\n\t<meta name=\"twitter:label2\" content=\"Est. reading time\" \/>\n\t<meta name=\"twitter:data2\" content=\"2 minutes\" \/>\n<script type=\"application\/ld+json\" class=\"yoast-schema-graph\">{\"@context\":\"https:\/\/schema.org\",\"@graph\":[{\"@type\":\"WebPage\",\"@id\":\"https:\/\/veritasinfo.org\/?p=12409\",\"url\":\"https:\/\/veritasinfo.org\/?p=12409\",\"name\":\"Dokumentuesi danez i krimeve t\u00eb Serbis\u00eb n\u00eb Kosov\u00eb shprehet i gatsh\u00ebm t\u00eb d\u00ebshmoj\u00eb -\",\"isPartOf\":{\"@id\":\"https:\/\/veritasinfo.org\/#website\"},\"primaryImageOfPage\":{\"@id\":\"https:\/\/veritasinfo.org\/?p=12409#primaryimage\"},\"image\":{\"@id\":\"https:\/\/veritasinfo.org\/?p=12409#primaryimage\"},\"thumbnailUrl\":\"https:\/\/veritasinfo.org\/wp-content\/uploads\/2025\/09\/Thomas-Sjorup-e1758120536183-1280x747-1.jpg\",\"datePublished\":\"2025-09-17T17:46:43+00:00\",\"author\":{\"@id\":\"https:\/\/veritasinfo.org\/#\/schema\/person\/fe199eede04c3937362892b7444747cc\"},\"breadcrumb\":{\"@id\":\"https:\/\/veritasinfo.org\/?p=12409#breadcrumb\"},\"inLanguage\":\"en-US\",\"potentialAction\":[{\"@type\":\"ReadAction\",\"target\":[\"https:\/\/veritasinfo.org\/?p=12409\"]}]},{\"@type\":\"ImageObject\",\"inLanguage\":\"en-US\",\"@id\":\"https:\/\/veritasinfo.org\/?p=12409#primaryimage\",\"url\":\"https:\/\/veritasinfo.org\/wp-content\/uploads\/2025\/09\/Thomas-Sjorup-e1758120536183-1280x747-1.jpg\",\"contentUrl\":\"https:\/\/veritasinfo.org\/wp-content\/uploads\/2025\/09\/Thomas-Sjorup-e1758120536183-1280x747-1.jpg\",\"width\":1280,\"height\":747},{\"@type\":\"BreadcrumbList\",\"@id\":\"https:\/\/veritasinfo.org\/?p=12409#breadcrumb\",\"itemListElement\":[{\"@type\":\"ListItem\",\"position\":1,\"name\":\"Home\",\"item\":\"https:\/\/veritasinfo.org\/\"},{\"@type\":\"ListItem\",\"position\":2,\"name\":\"Dokumentuesi danez i krimeve t\u00eb Serbis\u00eb n\u00eb Kosov\u00eb shprehet i gatsh\u00ebm t\u00eb d\u00ebshmoj\u00eb\"}]},{\"@type\":\"WebSite\",\"@id\":\"https:\/\/veritasinfo.org\/#website\",\"url\":\"https:\/\/veritasinfo.org\/\",\"name\":\"\",\"description\":\"\",\"potentialAction\":[{\"@type\":\"SearchAction\",\"target\":{\"@type\":\"EntryPoint\",\"urlTemplate\":\"https:\/\/veritasinfo.org\/?s={search_term_string}\"},\"query-input\":{\"@type\":\"PropertyValueSpecification\",\"valueRequired\":true,\"valueName\":\"search_term_string\"}}],\"inLanguage\":\"en-US\"},{\"@type\":\"Person\",\"@id\":\"https:\/\/veritasinfo.org\/#\/schema\/person\/fe199eede04c3937362892b7444747cc\",\"name\":\"US6\",\"image\":{\"@type\":\"ImageObject\",\"inLanguage\":\"en-US\",\"@id\":\"https:\/\/veritasinfo.org\/#\/schema\/person\/image\/\",\"url\":\"https:\/\/secure.gravatar.com\/avatar\/cb16c3c31c9d23b9b8c705964598220b3014e42ff51eb540ff23cefa3ae8c15f?s=96&d=mm&r=g\",\"contentUrl\":\"https:\/\/secure.gravatar.com\/avatar\/cb16c3c31c9d23b9b8c705964598220b3014e42ff51eb540ff23cefa3ae8c15f?s=96&d=mm&r=g\",\"caption\":\"US6\"},\"url\":\"https:\/\/veritasinfo.org\/?author=7\"}]}<\/script>\n<!-- \/ Yoast SEO plugin. -->","yoast_head_json":{"title":"Dokumentuesi danez i krimeve t\u00eb Serbis\u00eb n\u00eb Kosov\u00eb shprehet i gatsh\u00ebm t\u00eb d\u00ebshmoj\u00eb -","robots":{"index":"index","follow":"follow","max-snippet":"max-snippet:-1","max-image-preview":"max-image-preview:large","max-video-preview":"max-video-preview:-1"},"canonical":"https:\/\/veritasinfo.org\/?p=12409","og_locale":"en_US","og_type":"article","og_title":"Dokumentuesi danez i krimeve t\u00eb Serbis\u00eb n\u00eb Kosov\u00eb shprehet i gatsh\u00ebm t\u00eb d\u00ebshmoj\u00eb -","og_description":"Prishtin\u00eb,17 shtator 2025 N\u00eb form\u00eb libri, imazhet e shkrepura nga fotografi danez Thomas Sjorup gjat\u00eb luft\u00ebs n\u00eb Kosov\u00eb jan\u00eb rikthyer n\u00eb Prishtin\u00eb, duke i nxjerr\u00eb","og_url":"https:\/\/veritasinfo.org\/?p=12409","article_published_time":"2025-09-17T17:46:43+00:00","og_image":[{"width":1280,"height":747,"url":"https:\/\/veritasinfo.org\/wp-content\/uploads\/2025\/09\/Thomas-Sjorup-e1758120536183-1280x747-1.jpg","type":"image\/jpeg"}],"author":"US6","twitter_card":"summary_large_image","twitter_misc":{"Written by":"US6","Est. reading time":"2 minutes"},"schema":{"@context":"https:\/\/schema.org","@graph":[{"@type":"WebPage","@id":"https:\/\/veritasinfo.org\/?p=12409","url":"https:\/\/veritasinfo.org\/?p=12409","name":"Dokumentuesi danez i krimeve t\u00eb Serbis\u00eb n\u00eb Kosov\u00eb shprehet i gatsh\u00ebm t\u00eb d\u00ebshmoj\u00eb -","isPartOf":{"@id":"https:\/\/veritasinfo.org\/#website"},"primaryImageOfPage":{"@id":"https:\/\/veritasinfo.org\/?p=12409#primaryimage"},"image":{"@id":"https:\/\/veritasinfo.org\/?p=12409#primaryimage"},"thumbnailUrl":"https:\/\/veritasinfo.org\/wp-content\/uploads\/2025\/09\/Thomas-Sjorup-e1758120536183-1280x747-1.jpg","datePublished":"2025-09-17T17:46:43+00:00","author":{"@id":"https:\/\/veritasinfo.org\/#\/schema\/person\/fe199eede04c3937362892b7444747cc"},"breadcrumb":{"@id":"https:\/\/veritasinfo.org\/?p=12409#breadcrumb"},"inLanguage":"en-US","potentialAction":[{"@type":"ReadAction","target":["https:\/\/veritasinfo.org\/?p=12409"]}]},{"@type":"ImageObject","inLanguage":"en-US","@id":"https:\/\/veritasinfo.org\/?p=12409#primaryimage","url":"https:\/\/veritasinfo.org\/wp-content\/uploads\/2025\/09\/Thomas-Sjorup-e1758120536183-1280x747-1.jpg","contentUrl":"https:\/\/veritasinfo.org\/wp-content\/uploads\/2025\/09\/Thomas-Sjorup-e1758120536183-1280x747-1.jpg","width":1280,"height":747},{"@type":"BreadcrumbList","@id":"https:\/\/veritasinfo.org\/?p=12409#breadcrumb","itemListElement":[{"@type":"ListItem","position":1,"name":"Home","item":"https:\/\/veritasinfo.org\/"},{"@type":"ListItem","position":2,"name":"Dokumentuesi danez i krimeve t\u00eb Serbis\u00eb n\u00eb Kosov\u00eb shprehet i gatsh\u00ebm t\u00eb d\u00ebshmoj\u00eb"}]},{"@type":"WebSite","@id":"https:\/\/veritasinfo.org\/#website","url":"https:\/\/veritasinfo.org\/","name":"","description":"","potentialAction":[{"@type":"SearchAction","target":{"@type":"EntryPoint","urlTemplate":"https:\/\/veritasinfo.org\/?s={search_term_string}"},"query-input":{"@type":"PropertyValueSpecification","valueRequired":true,"valueName":"search_term_string"}}],"inLanguage":"en-US"},{"@type":"Person","@id":"https:\/\/veritasinfo.org\/#\/schema\/person\/fe199eede04c3937362892b7444747cc","name":"US6","image":{"@type":"ImageObject","inLanguage":"en-US","@id":"https:\/\/veritasinfo.org\/#\/schema\/person\/image\/","url":"https:\/\/secure.gravatar.com\/avatar\/cb16c3c31c9d23b9b8c705964598220b3014e42ff51eb540ff23cefa3ae8c15f?s=96&d=mm&r=g","contentUrl":"https:\/\/secure.gravatar.com\/avatar\/cb16c3c31c9d23b9b8c705964598220b3014e42ff51eb540ff23cefa3ae8c15f?s=96&d=mm&r=g","caption":"US6"},"url":"https:\/\/veritasinfo.org\/?author=7"}]}},"featured_image_urls":{"full":["https:\/\/veritasinfo.org\/wp-content\/uploads\/2025\/09\/Thomas-Sjorup-e1758120536183-1280x747-1.jpg",1280,747,false],"thumbnail":["https:\/\/veritasinfo.org\/wp-content\/uploads\/2025\/09\/Thomas-Sjorup-e1758120536183-1280x747-1-150x150.jpg",150,150,true],"medium":["https:\/\/veritasinfo.org\/wp-content\/uploads\/2025\/09\/Thomas-Sjorup-e1758120536183-1280x747-1-300x175.jpg",300,175,true],"medium_large":["https:\/\/veritasinfo.org\/wp-content\/uploads\/2025\/09\/Thomas-Sjorup-e1758120536183-1280x747-1-768x448.jpg",640,373,true],"large":["https:\/\/veritasinfo.org\/wp-content\/uploads\/2025\/09\/Thomas-Sjorup-e1758120536183-1280x747-1-1024x598.jpg",640,374,true],"1536x1536":["https:\/\/veritasinfo.org\/wp-content\/uploads\/2025\/09\/Thomas-Sjorup-e1758120536183-1280x747-1.jpg",1280,747,false],"2048x2048":["https:\/\/veritasinfo.org\/wp-content\/uploads\/2025\/09\/Thomas-Sjorup-e1758120536183-1280x747-1.jpg",1280,747,false],"kreeti-slider-full":["https:\/\/veritasinfo.org\/wp-content\/uploads\/2025\/09\/Thomas-Sjorup-e1758120536183-1280x747-1.jpg",1234,720,false],"kreeti-featured":["https:\/\/veritasinfo.org\/wp-content\/uploads\/2025\/09\/Thomas-Sjorup-e1758120536183-1280x747-1.jpg",1024,598,false],"kreeti-medium":["https:\/\/veritasinfo.org\/wp-content\/uploads\/2025\/09\/Thomas-Sjorup-e1758120536183-1280x747-1.jpg",720,420,false],"kreeti-medium-square":["https:\/\/veritasinfo.org\/wp-content\/uploads\/2025\/09\/Thomas-Sjorup-e1758120536183-1280x747-1.jpg",350,204,false]},"author_info":{"info":["US6"]},"category_info":"<a href=\"https:\/\/veritasinfo.org\/?cat=60\" rel=\"category\">Shoq\u00ebrore<\/a>","tag_info":"Shoq\u00ebrore","comment_count":"0","_links":{"self":[{"href":"https:\/\/veritasinfo.org\/index.php?rest_route=\/wp\/v2\/posts\/12409","targetHints":{"allow":["GET"]}}],"collection":[{"href":"https:\/\/veritasinfo.org\/index.php?rest_route=\/wp\/v2\/posts"}],"about":[{"href":"https:\/\/veritasinfo.org\/index.php?rest_route=\/wp\/v2\/types\/post"}],"author":[{"embeddable":true,"href":"https:\/\/veritasinfo.org\/index.php?rest_route=\/wp\/v2\/users\/7"}],"replies":[{"embeddable":true,"href":"https:\/\/veritasinfo.org\/index.php?rest_route=%2Fwp%2Fv2%2Fcomments&post=12409"}],"version-history":[{"count":1,"href":"https:\/\/veritasinfo.org\/index.php?rest_route=\/wp\/v2\/posts\/12409\/revisions"}],"predecessor-version":[{"id":12411,"href":"https:\/\/veritasinfo.org\/index.php?rest_route=\/wp\/v2\/posts\/12409\/revisions\/12411"}],"wp:featuredmedia":[{"embeddable":true,"href":"https:\/\/veritasinfo.org\/index.php?rest_route=\/wp\/v2\/media\/12410"}],"wp:attachment":[{"href":"https:\/\/veritasinfo.org\/index.php?rest_route=%2Fwp%2Fv2%2Fmedia&parent=12409"}],"wp:term":[{"taxonomy":"category","embeddable":true,"href":"https:\/\/veritasinfo.org\/index.php?rest_route=%2Fwp%2Fv2%2Fcategories&post=12409"},{"taxonomy":"post_tag","embeddable":true,"href":"https:\/\/veritasinfo.org\/index.php?rest_route=%2Fwp%2Fv2%2Ftags&post=12409"}],"curies":[{"name":"wp","href":"https:\/\/api.w.org\/{rel}","templated":true}]}}