{"id":12407,"date":"2025-09-17T19:43:30","date_gmt":"2025-09-17T17:43:30","guid":{"rendered":"https:\/\/veritasinfo.org\/?p=12407"},"modified":"2025-09-17T19:43:30","modified_gmt":"2025-09-17T17:43:30","slug":"pzp-odbacuje-zalbu-srpske-liste-protiv-samoopredeljenje","status":"publish","type":"post","link":"https:\/\/veritasinfo.org\/?p=12407&lang=sr","title":{"rendered":"P\u017dP odbacuje \u017ealbu Srpske liste protiv Samoopredeljenje"},"content":{"rendered":"<p>Pri\u0161tina, 17. septembar<\/p>\n<p>Panel za \u017ealbe i predstavke odbacio je kao neosnovanu \u017ealbu koju je podnela Srpska lista protiv Samoopredeljenje zbog navodnog kr\u0161enja Kodeksa pona\u0161anja tokom izborne kampanje za lokalne izbore 12. oktobra 2025. godine.<\/p>\n<p>Prema saop\u0161tenju, u \u017ealbi podnetoj 17. septembra 2025. godine, Srpska lista je tvrdila da je Samoopredeljenje zloupotrebila pravo na \u017ealbu podno\u0161enjem neosnovane tu\u017ebe protiv njih 15. septembra 2025. godine, u vezi sa javnim prikazivanjem parole \u201eSVI ZA BRATA MILANA\u201c, u znak podr\u0161ke glavnom teroristi Milanu Radoi\u010di\u0107u, koji je u bekstvu i tra\u017een od strane kosovskih vlasti zbog krivi\u010dnih dela.<\/p>\n<p>Me\u0111utim, nakon razmatranja navoda obe strane i dostavljene dokumentacije, P\u017dP je ocenio da je Samoopredeljenje iskoristila svoje legitimno pravo da podnese \u017ealbu, kako je predvi\u0111eno Zakonom br. 08\/L-228 o Op\u0161tim izborima, i da ne postoje jasni i uverljivi dokazi koji potvr\u0111uju zloupotrebu prava na \u017ealbu.<\/p>\n<p>Panel je tako\u0111e naglasio da svaka politi\u010dka stranka ima pravo da podnese \u017ealbu u slu\u010daju kada uo\u010di kr\u0161enje zakona ili Kodeksa pona\u0161anja tokom kampanje, i da se to ne mo\u017ee smatrati zloupotrebom sve dok se \u017ealba zasniva na indicijama ili dokazima dostavljenim u skladu sa zakonom.<\/p>\n<p>\u201ePrema \u010dlanu 117.3 Zakona o Op\u0161tim izborima, odluke P\u017dP moraju se zasnivati na jasnim i uverljivim dokazima, \u0161to Srpska lista nije dostavila kako bi potvrdila svoje tvrdnje. Zaklju\u010dno, P\u017dP smatra da su tvrdnje Srpske liste neodr\u017eive i pravno neosnovane, odbijaju\u0107i njihovu \u017ealbu i ponovo potvr\u0111uju\u0107i legitimitet prethodne \u017ealbe koju je podneo Samoopredeljenje\u201c, navodi se u saop\u0161tenju.<\/p>\n","protected":false},"excerpt":{"rendered":"<p>Pri\u0161tina, 17. septembar Panel za \u017ealbe i predstavke odbacio je kao neosnovanu \u017ealbu koju je podnela Srpska lista protiv Samoopredeljenje zbog navodnog kr\u0161enja Kodeksa pona\u0161anja<\/p>\n","protected":false},"author":7,"featured_media":12405,"comment_status":"open","ping_status":"open","sticky":false,"template":"","format":"standard","meta":{"footnotes":""},"categories":[42],"tags":[],"class_list":["post-12407","post","type-post","status-publish","format-standard","has-post-thumbnail","hentry","category-blog-sr"],"yoast_head":"<!-- This site is optimized with the Yoast SEO plugin v25.3.1 - https:\/\/yoast.com\/wordpress\/plugins\/seo\/ -->\n<title>P\u017dP odbacuje \u017ealbu Srpske liste protiv Samoopredeljenje -<\/title>\n<meta name=\"robots\" content=\"index, follow, max-snippet:-1, max-image-preview:large, max-video-preview:-1\" \/>\n<link rel=\"canonical\" href=\"https:\/\/veritasinfo.org\/?p=12407&lang=sr\" \/>\n<meta property=\"og:locale\" content=\"en_US\" \/>\n<meta property=\"og:type\" content=\"article\" \/>\n<meta property=\"og:title\" content=\"P\u017dP odbacuje \u017ealbu Srpske liste protiv Samoopredeljenje -\" \/>\n<meta property=\"og:description\" content=\"Pri\u0161tina, 17. septembar Panel za \u017ealbe i predstavke odbacio je kao neosnovanu \u017ealbu koju je podnela Srpska lista protiv Samoopredeljenje zbog navodnog kr\u0161enja Kodeksa pona\u0161anja\" \/>\n<meta property=\"og:url\" content=\"https:\/\/veritasinfo.org\/?p=12407&amp;lang=sr\" \/>\n<meta property=\"article:published_time\" content=\"2025-09-17T17:43:30+00:00\" \/>\n<meta property=\"og:image\" content=\"https:\/\/veritasinfo.org\/wp-content\/uploads\/2025\/09\/PZAP.jpg\" \/>\n\t<meta property=\"og:image:width\" content=\"1920\" \/>\n\t<meta property=\"og:image:height\" content=\"1080\" \/>\n\t<meta property=\"og:image:type\" content=\"image\/jpeg\" \/>\n<meta name=\"author\" content=\"US6\" \/>\n<meta name=\"twitter:card\" content=\"summary_large_image\" \/>\n<meta name=\"twitter:label1\" content=\"Written by\" \/>\n\t<meta name=\"twitter:data1\" content=\"US6\" \/>\n\t<meta name=\"twitter:label2\" content=\"Est. reading time\" \/>\n\t<meta name=\"twitter:data2\" content=\"2 minutes\" \/>\n<script type=\"application\/ld+json\" class=\"yoast-schema-graph\">{\"@context\":\"https:\/\/schema.org\",\"@graph\":[{\"@type\":\"WebPage\",\"@id\":\"https:\/\/veritasinfo.org\/?p=12407&lang=sr\",\"url\":\"https:\/\/veritasinfo.org\/?p=12407&lang=sr\",\"name\":\"P\u017dP odbacuje \u017ealbu Srpske liste protiv Samoopredeljenje -\",\"isPartOf\":{\"@id\":\"https:\/\/veritasinfo.org\/#website\"},\"primaryImageOfPage\":{\"@id\":\"https:\/\/veritasinfo.org\/?p=12407&lang=sr#primaryimage\"},\"image\":{\"@id\":\"https:\/\/veritasinfo.org\/?p=12407&lang=sr#primaryimage\"},\"thumbnailUrl\":\"https:\/\/veritasinfo.org\/wp-content\/uploads\/2025\/09\/PZAP.jpg\",\"datePublished\":\"2025-09-17T17:43:30+00:00\",\"author\":{\"@id\":\"https:\/\/veritasinfo.org\/#\/schema\/person\/fe199eede04c3937362892b7444747cc\"},\"breadcrumb\":{\"@id\":\"https:\/\/veritasinfo.org\/?p=12407&lang=sr#breadcrumb\"},\"inLanguage\":\"en-US\",\"potentialAction\":[{\"@type\":\"ReadAction\",\"target\":[\"https:\/\/veritasinfo.org\/?p=12407&lang=sr\"]}]},{\"@type\":\"ImageObject\",\"inLanguage\":\"en-US\",\"@id\":\"https:\/\/veritasinfo.org\/?p=12407&lang=sr#primaryimage\",\"url\":\"https:\/\/veritasinfo.org\/wp-content\/uploads\/2025\/09\/PZAP.jpg\",\"contentUrl\":\"https:\/\/veritasinfo.org\/wp-content\/uploads\/2025\/09\/PZAP.jpg\",\"width\":1920,\"height\":1080},{\"@type\":\"BreadcrumbList\",\"@id\":\"https:\/\/veritasinfo.org\/?p=12407&lang=sr#breadcrumb\",\"itemListElement\":[{\"@type\":\"ListItem\",\"position\":1,\"name\":\"Home\",\"item\":\"https:\/\/veritasinfo.org\/\"},{\"@type\":\"ListItem\",\"position\":2,\"name\":\"P\u017dP odbacuje \u017ealbu Srpske liste protiv Samoopredeljenje\"}]},{\"@type\":\"WebSite\",\"@id\":\"https:\/\/veritasinfo.org\/#website\",\"url\":\"https:\/\/veritasinfo.org\/\",\"name\":\"\",\"description\":\"\",\"potentialAction\":[{\"@type\":\"SearchAction\",\"target\":{\"@type\":\"EntryPoint\",\"urlTemplate\":\"https:\/\/veritasinfo.org\/?s={search_term_string}\"},\"query-input\":{\"@type\":\"PropertyValueSpecification\",\"valueRequired\":true,\"valueName\":\"search_term_string\"}}],\"inLanguage\":\"en-US\"},{\"@type\":\"Person\",\"@id\":\"https:\/\/veritasinfo.org\/#\/schema\/person\/fe199eede04c3937362892b7444747cc\",\"name\":\"US6\",\"image\":{\"@type\":\"ImageObject\",\"inLanguage\":\"en-US\",\"@id\":\"https:\/\/veritasinfo.org\/#\/schema\/person\/image\/\",\"url\":\"https:\/\/secure.gravatar.com\/avatar\/cb16c3c31c9d23b9b8c705964598220b3014e42ff51eb540ff23cefa3ae8c15f?s=96&d=mm&r=g\",\"contentUrl\":\"https:\/\/secure.gravatar.com\/avatar\/cb16c3c31c9d23b9b8c705964598220b3014e42ff51eb540ff23cefa3ae8c15f?s=96&d=mm&r=g\",\"caption\":\"US6\"},\"url\":\"https:\/\/veritasinfo.org\/?author=7\"}]}<\/script>\n<!-- \/ Yoast SEO plugin. -->","yoast_head_json":{"title":"P\u017dP odbacuje \u017ealbu Srpske liste protiv Samoopredeljenje -","robots":{"index":"index","follow":"follow","max-snippet":"max-snippet:-1","max-image-preview":"max-image-preview:large","max-video-preview":"max-video-preview:-1"},"canonical":"https:\/\/veritasinfo.org\/?p=12407&lang=sr","og_locale":"en_US","og_type":"article","og_title":"P\u017dP odbacuje \u017ealbu Srpske liste protiv Samoopredeljenje -","og_description":"Pri\u0161tina, 17. septembar Panel za \u017ealbe i predstavke odbacio je kao neosnovanu \u017ealbu koju je podnela Srpska lista protiv Samoopredeljenje zbog navodnog kr\u0161enja Kodeksa pona\u0161anja","og_url":"https:\/\/veritasinfo.org\/?p=12407&lang=sr","article_published_time":"2025-09-17T17:43:30+00:00","og_image":[{"width":1920,"height":1080,"url":"https:\/\/veritasinfo.org\/wp-content\/uploads\/2025\/09\/PZAP.jpg","type":"image\/jpeg"}],"author":"US6","twitter_card":"summary_large_image","twitter_misc":{"Written by":"US6","Est. reading time":"2 minutes"},"schema":{"@context":"https:\/\/schema.org","@graph":[{"@type":"WebPage","@id":"https:\/\/veritasinfo.org\/?p=12407&lang=sr","url":"https:\/\/veritasinfo.org\/?p=12407&lang=sr","name":"P\u017dP odbacuje \u017ealbu Srpske liste protiv Samoopredeljenje -","isPartOf":{"@id":"https:\/\/veritasinfo.org\/#website"},"primaryImageOfPage":{"@id":"https:\/\/veritasinfo.org\/?p=12407&lang=sr#primaryimage"},"image":{"@id":"https:\/\/veritasinfo.org\/?p=12407&lang=sr#primaryimage"},"thumbnailUrl":"https:\/\/veritasinfo.org\/wp-content\/uploads\/2025\/09\/PZAP.jpg","datePublished":"2025-09-17T17:43:30+00:00","author":{"@id":"https:\/\/veritasinfo.org\/#\/schema\/person\/fe199eede04c3937362892b7444747cc"},"breadcrumb":{"@id":"https:\/\/veritasinfo.org\/?p=12407&lang=sr#breadcrumb"},"inLanguage":"en-US","potentialAction":[{"@type":"ReadAction","target":["https:\/\/veritasinfo.org\/?p=12407&lang=sr"]}]},{"@type":"ImageObject","inLanguage":"en-US","@id":"https:\/\/veritasinfo.org\/?p=12407&lang=sr#primaryimage","url":"https:\/\/veritasinfo.org\/wp-content\/uploads\/2025\/09\/PZAP.jpg","contentUrl":"https:\/\/veritasinfo.org\/wp-content\/uploads\/2025\/09\/PZAP.jpg","width":1920,"height":1080},{"@type":"BreadcrumbList","@id":"https:\/\/veritasinfo.org\/?p=12407&lang=sr#breadcrumb","itemListElement":[{"@type":"ListItem","position":1,"name":"Home","item":"https:\/\/veritasinfo.org\/"},{"@type":"ListItem","position":2,"name":"P\u017dP odbacuje \u017ealbu Srpske liste protiv Samoopredeljenje"}]},{"@type":"WebSite","@id":"https:\/\/veritasinfo.org\/#website","url":"https:\/\/veritasinfo.org\/","name":"","description":"","potentialAction":[{"@type":"SearchAction","target":{"@type":"EntryPoint","urlTemplate":"https:\/\/veritasinfo.org\/?s={search_term_string}"},"query-input":{"@type":"PropertyValueSpecification","valueRequired":true,"valueName":"search_term_string"}}],"inLanguage":"en-US"},{"@type":"Person","@id":"https:\/\/veritasinfo.org\/#\/schema\/person\/fe199eede04c3937362892b7444747cc","name":"US6","image":{"@type":"ImageObject","inLanguage":"en-US","@id":"https:\/\/veritasinfo.org\/#\/schema\/person\/image\/","url":"https:\/\/secure.gravatar.com\/avatar\/cb16c3c31c9d23b9b8c705964598220b3014e42ff51eb540ff23cefa3ae8c15f?s=96&d=mm&r=g","contentUrl":"https:\/\/secure.gravatar.com\/avatar\/cb16c3c31c9d23b9b8c705964598220b3014e42ff51eb540ff23cefa3ae8c15f?s=96&d=mm&r=g","caption":"US6"},"url":"https:\/\/veritasinfo.org\/?author=7"}]}},"featured_image_urls":{"full":["https:\/\/veritasinfo.org\/wp-content\/uploads\/2025\/09\/PZAP.jpg",1920,1080,false],"thumbnail":["https:\/\/veritasinfo.org\/wp-content\/uploads\/2025\/09\/PZAP-150x150.jpg",150,150,true],"medium":["https:\/\/veritasinfo.org\/wp-content\/uploads\/2025\/09\/PZAP-300x169.jpg",300,169,true],"medium_large":["https:\/\/veritasinfo.org\/wp-content\/uploads\/2025\/09\/PZAP-768x432.jpg",640,360,true],"large":["https:\/\/veritasinfo.org\/wp-content\/uploads\/2025\/09\/PZAP-1024x576.jpg",640,360,true],"1536x1536":["https:\/\/veritasinfo.org\/wp-content\/uploads\/2025\/09\/PZAP-1536x864.jpg",1536,864,true],"2048x2048":["https:\/\/veritasinfo.org\/wp-content\/uploads\/2025\/09\/PZAP.jpg",1920,1080,false],"kreeti-slider-full":["https:\/\/veritasinfo.org\/wp-content\/uploads\/2025\/09\/PZAP.jpg",1280,720,false],"kreeti-featured":["https:\/\/veritasinfo.org\/wp-content\/uploads\/2025\/09\/PZAP.jpg",1024,576,false],"kreeti-medium":["https:\/\/veritasinfo.org\/wp-content\/uploads\/2025\/09\/PZAP.jpg",720,405,false],"kreeti-medium-square":["https:\/\/veritasinfo.org\/wp-content\/uploads\/2025\/09\/PZAP.jpg",350,197,false]},"author_info":{"info":["US6"]},"category_info":"<a href=\"https:\/\/veritasinfo.org\/?cat=42&#038;lang=sr\" rel=\"category\">Parlamentarni izbori\u00a02025<\/a>","tag_info":"Parlamentarni izbori\u00a02025","comment_count":"0","_links":{"self":[{"href":"https:\/\/veritasinfo.org\/index.php?rest_route=\/wp\/v2\/posts\/12407","targetHints":{"allow":["GET"]}}],"collection":[{"href":"https:\/\/veritasinfo.org\/index.php?rest_route=\/wp\/v2\/posts"}],"about":[{"href":"https:\/\/veritasinfo.org\/index.php?rest_route=\/wp\/v2\/types\/post"}],"author":[{"embeddable":true,"href":"https:\/\/veritasinfo.org\/index.php?rest_route=\/wp\/v2\/users\/7"}],"replies":[{"embeddable":true,"href":"https:\/\/veritasinfo.org\/index.php?rest_route=%2Fwp%2Fv2%2Fcomments&post=12407"}],"version-history":[{"count":1,"href":"https:\/\/veritasinfo.org\/index.php?rest_route=\/wp\/v2\/posts\/12407\/revisions"}],"predecessor-version":[{"id":12408,"href":"https:\/\/veritasinfo.org\/index.php?rest_route=\/wp\/v2\/posts\/12407\/revisions\/12408"}],"wp:featuredmedia":[{"embeddable":true,"href":"https:\/\/veritasinfo.org\/index.php?rest_route=\/wp\/v2\/media\/12405"}],"wp:attachment":[{"href":"https:\/\/veritasinfo.org\/index.php?rest_route=%2Fwp%2Fv2%2Fmedia&parent=12407"}],"wp:term":[{"taxonomy":"category","embeddable":true,"href":"https:\/\/veritasinfo.org\/index.php?rest_route=%2Fwp%2Fv2%2Fcategories&post=12407"},{"taxonomy":"post_tag","embeddable":true,"href":"https:\/\/veritasinfo.org\/index.php?rest_route=%2Fwp%2Fv2%2Ftags&post=12407"}],"curies":[{"name":"wp","href":"https:\/\/api.w.org\/{rel}","templated":true}]}}