{"id":12404,"date":"2025-09-17T19:39:08","date_gmt":"2025-09-17T17:39:08","guid":{"rendered":"https:\/\/veritasinfo.org\/?p=12404"},"modified":"2025-09-17T19:39:08","modified_gmt":"2025-09-17T17:39:08","slug":"pzap-refuzon-ankesen-e-listes-serbe-ndaj-levizjes-vetevendosje","status":"publish","type":"post","link":"https:\/\/veritasinfo.org\/?p=12404","title":{"rendered":"PZAP refuzon ankes\u00ebn e List\u00ebs Serbe ndaj L\u00ebvizjes Vet\u00ebvendosje"},"content":{"rendered":"<p>Prishtin\u00eb, 17 shtator<\/p>\n<p><a href=\"https:\/\/smaa.rks-gov.net\/documents\/48489.pdf\">Paneli Zgjedhor p\u00ebr Ankesa dhe Parashtresa (PZAP),<\/a>\u00a0ka refuzuar si t\u00eb pabazuar ankes\u00ebn e paraqitur nga Lista Serbe ndaj L\u00ebvizjes Vet\u00ebvendosje (LVV), p\u00ebr shkelje t\u00eb Kodit t\u00eb Mir\u00ebsjelljes gjat\u00eb fushat\u00ebs zgjedhore p\u00ebr zgjedhjet lokale t\u00eb 12 tetorit 2025.<\/p>\n<p>Sipas njoftimit, n\u00eb ankes\u00ebn e paraqitur m\u00eb 17 shtator 2025 Lista Serbe ka pretenduar se LVV-ja kishte abuzuar me t\u00eb drejt\u00ebn e ankes\u00ebs duke paraqitur nj\u00eb padi t\u00eb pabazuar kund\u00ebr tyre m\u00eb 15 shtator 2025, lidhur me shfaqjen publike t\u00eb parull\u00ebs \u201cSVI ZA BRATA MILANA\u201d, n\u00eb mb\u00ebshtetje t\u00eb kryeterroristit Milan Radoji\u00e7iq, i shpallur n\u00eb k\u00ebrkim nga autoritetet kosovare p\u00ebr vepra penale.<\/p>\n<p>Megjithat\u00eb, pas shqyrtimit t\u00eb pretendimeve t\u00eb t\u00eb dyja pal\u00ebve dhe dokumentacionit t\u00eb dor\u00ebzuar, PZAP thuhet se ka vler\u00ebsuar q\u00eb LVV-ja ka ushtruar t\u00eb drejt\u00ebn e saj legjitime p\u00ebr t\u00eb paraqitur ankes\u00eb, si\u00e7 parashihet me Ligjin Nr. 08\/L-228 p\u00ebr Zgjedhjet e P\u00ebrgjithshme, dhe se nuk ka prova t\u00eb qarta dhe bind\u00ebse q\u00eb v\u00ebrtetojn\u00eb abuzim me t\u00eb drejt\u00ebn e ankes\u00ebs.<\/p>\n<p>Paneli po ashtu ka theksuar se \u00e7do subjekt politik ka t\u00eb drejt\u00eb t\u00eb parashtroj\u00eb ankes\u00eb n\u00eb rast se v\u00ebren shkelje t\u00eb ligjit apo t\u00eb Kodit t\u00eb Mir\u00ebsjelljes gjat\u00eb fushat\u00ebs, dhe kjo nuk mund t\u00eb konsiderohet si abuzim p\u00ebr sa koh\u00eb ankesa bazohet n\u00eb indicie apo prova t\u00eb dor\u00ebzuara n\u00eb p\u00ebrputhje me ligjin.<\/p>\n<p>\u201cSipas Nenit 117.3 t\u00eb Ligjit p\u00ebr Zgjedhjet e P\u00ebrgjithshme, vendimet e PZAP duhet t\u00eb bazohen n\u00eb d\u00ebshmi t\u00eb qarta dhe bind\u00ebse, gj\u00eb q\u00eb nuk \u00ebsht\u00eb ofruar nga Srpska Lista p\u00ebr t\u00eb v\u00ebrtetuar pretendimin e tyre. Si p\u00ebrfundim, PZAP se pretendimet e Srpska List\u00ebs jan\u00eb t\u00eb paq\u00ebndrueshme dhe t\u00eb pabazuara n\u00eb ligj, duke refuzuar ankes\u00ebn e tyre dhe duke riafirmuar legjitimitetin e ankes\u00ebs s\u00eb m\u00ebparshme t\u00eb paraqitur nga L\u00ebvizja Vet\u00ebvendosje\u201d, theksohet n\u00eb njoftim.<\/p>\n<p>&nbsp;<\/p>\n","protected":false},"excerpt":{"rendered":"<p>Prishtin\u00eb, 17 shtator Paneli Zgjedhor p\u00ebr Ankesa dhe Parashtresa (PZAP),\u00a0ka refuzuar si t\u00eb pabazuar ankes\u00ebn e paraqitur nga Lista Serbe ndaj L\u00ebvizjes Vet\u00ebvendosje (LVV), p\u00ebr<\/p>\n","protected":false},"author":7,"featured_media":12405,"comment_status":"open","ping_status":"open","sticky":false,"template":"","format":"standard","meta":{"footnotes":""},"categories":[8],"tags":[],"class_list":["post-12404","post","type-post","status-publish","format-standard","has-post-thumbnail","hentry","category-blog-sq"],"yoast_head":"<!-- This site is optimized with the Yoast SEO plugin v25.3.1 - https:\/\/yoast.com\/wordpress\/plugins\/seo\/ -->\n<title>PZAP refuzon ankes\u00ebn e List\u00ebs Serbe ndaj L\u00ebvizjes Vet\u00ebvendosje -<\/title>\n<meta name=\"robots\" content=\"index, follow, max-snippet:-1, max-image-preview:large, max-video-preview:-1\" \/>\n<link rel=\"canonical\" href=\"https:\/\/veritasinfo.org\/?p=12404\" \/>\n<meta property=\"og:locale\" content=\"en_US\" \/>\n<meta property=\"og:type\" content=\"article\" \/>\n<meta property=\"og:title\" content=\"PZAP refuzon ankes\u00ebn e List\u00ebs Serbe ndaj L\u00ebvizjes Vet\u00ebvendosje -\" \/>\n<meta property=\"og:description\" content=\"Prishtin\u00eb, 17 shtator Paneli Zgjedhor p\u00ebr Ankesa dhe Parashtresa (PZAP),\u00a0ka refuzuar si t\u00eb pabazuar ankes\u00ebn e paraqitur nga Lista Serbe ndaj L\u00ebvizjes Vet\u00ebvendosje (LVV), p\u00ebr\" \/>\n<meta property=\"og:url\" content=\"https:\/\/veritasinfo.org\/?p=12404\" \/>\n<meta property=\"article:published_time\" content=\"2025-09-17T17:39:08+00:00\" \/>\n<meta property=\"og:image\" content=\"https:\/\/veritasinfo.org\/wp-content\/uploads\/2025\/09\/PZAP.jpg\" \/>\n\t<meta property=\"og:image:width\" content=\"1920\" \/>\n\t<meta property=\"og:image:height\" content=\"1080\" \/>\n\t<meta property=\"og:image:type\" content=\"image\/jpeg\" \/>\n<meta name=\"author\" content=\"US6\" \/>\n<meta name=\"twitter:card\" content=\"summary_large_image\" \/>\n<meta name=\"twitter:label1\" content=\"Written by\" \/>\n\t<meta name=\"twitter:data1\" content=\"US6\" \/>\n\t<meta name=\"twitter:label2\" content=\"Est. reading time\" \/>\n\t<meta name=\"twitter:data2\" content=\"2 minutes\" \/>\n<script type=\"application\/ld+json\" class=\"yoast-schema-graph\">{\"@context\":\"https:\/\/schema.org\",\"@graph\":[{\"@type\":\"WebPage\",\"@id\":\"https:\/\/veritasinfo.org\/?p=12404\",\"url\":\"https:\/\/veritasinfo.org\/?p=12404\",\"name\":\"PZAP refuzon ankes\u00ebn e List\u00ebs Serbe ndaj L\u00ebvizjes Vet\u00ebvendosje -\",\"isPartOf\":{\"@id\":\"https:\/\/veritasinfo.org\/#website\"},\"primaryImageOfPage\":{\"@id\":\"https:\/\/veritasinfo.org\/?p=12404#primaryimage\"},\"image\":{\"@id\":\"https:\/\/veritasinfo.org\/?p=12404#primaryimage\"},\"thumbnailUrl\":\"https:\/\/veritasinfo.org\/wp-content\/uploads\/2025\/09\/PZAP.jpg\",\"datePublished\":\"2025-09-17T17:39:08+00:00\",\"author\":{\"@id\":\"https:\/\/veritasinfo.org\/#\/schema\/person\/fe199eede04c3937362892b7444747cc\"},\"breadcrumb\":{\"@id\":\"https:\/\/veritasinfo.org\/?p=12404#breadcrumb\"},\"inLanguage\":\"en-US\",\"potentialAction\":[{\"@type\":\"ReadAction\",\"target\":[\"https:\/\/veritasinfo.org\/?p=12404\"]}]},{\"@type\":\"ImageObject\",\"inLanguage\":\"en-US\",\"@id\":\"https:\/\/veritasinfo.org\/?p=12404#primaryimage\",\"url\":\"https:\/\/veritasinfo.org\/wp-content\/uploads\/2025\/09\/PZAP.jpg\",\"contentUrl\":\"https:\/\/veritasinfo.org\/wp-content\/uploads\/2025\/09\/PZAP.jpg\",\"width\":1920,\"height\":1080},{\"@type\":\"BreadcrumbList\",\"@id\":\"https:\/\/veritasinfo.org\/?p=12404#breadcrumb\",\"itemListElement\":[{\"@type\":\"ListItem\",\"position\":1,\"name\":\"Home\",\"item\":\"https:\/\/veritasinfo.org\/\"},{\"@type\":\"ListItem\",\"position\":2,\"name\":\"PZAP refuzon ankes\u00ebn e List\u00ebs Serbe ndaj L\u00ebvizjes Vet\u00ebvendosje\"}]},{\"@type\":\"WebSite\",\"@id\":\"https:\/\/veritasinfo.org\/#website\",\"url\":\"https:\/\/veritasinfo.org\/\",\"name\":\"\",\"description\":\"\",\"potentialAction\":[{\"@type\":\"SearchAction\",\"target\":{\"@type\":\"EntryPoint\",\"urlTemplate\":\"https:\/\/veritasinfo.org\/?s={search_term_string}\"},\"query-input\":{\"@type\":\"PropertyValueSpecification\",\"valueRequired\":true,\"valueName\":\"search_term_string\"}}],\"inLanguage\":\"en-US\"},{\"@type\":\"Person\",\"@id\":\"https:\/\/veritasinfo.org\/#\/schema\/person\/fe199eede04c3937362892b7444747cc\",\"name\":\"US6\",\"image\":{\"@type\":\"ImageObject\",\"inLanguage\":\"en-US\",\"@id\":\"https:\/\/veritasinfo.org\/#\/schema\/person\/image\/\",\"url\":\"https:\/\/secure.gravatar.com\/avatar\/cb16c3c31c9d23b9b8c705964598220b3014e42ff51eb540ff23cefa3ae8c15f?s=96&d=mm&r=g\",\"contentUrl\":\"https:\/\/secure.gravatar.com\/avatar\/cb16c3c31c9d23b9b8c705964598220b3014e42ff51eb540ff23cefa3ae8c15f?s=96&d=mm&r=g\",\"caption\":\"US6\"},\"url\":\"https:\/\/veritasinfo.org\/?author=7\"}]}<\/script>\n<!-- \/ Yoast SEO plugin. -->","yoast_head_json":{"title":"PZAP refuzon ankes\u00ebn e List\u00ebs Serbe ndaj L\u00ebvizjes Vet\u00ebvendosje -","robots":{"index":"index","follow":"follow","max-snippet":"max-snippet:-1","max-image-preview":"max-image-preview:large","max-video-preview":"max-video-preview:-1"},"canonical":"https:\/\/veritasinfo.org\/?p=12404","og_locale":"en_US","og_type":"article","og_title":"PZAP refuzon ankes\u00ebn e List\u00ebs Serbe ndaj L\u00ebvizjes Vet\u00ebvendosje -","og_description":"Prishtin\u00eb, 17 shtator Paneli Zgjedhor p\u00ebr Ankesa dhe Parashtresa (PZAP),\u00a0ka refuzuar si t\u00eb pabazuar ankes\u00ebn e paraqitur nga Lista Serbe ndaj L\u00ebvizjes Vet\u00ebvendosje (LVV), p\u00ebr","og_url":"https:\/\/veritasinfo.org\/?p=12404","article_published_time":"2025-09-17T17:39:08+00:00","og_image":[{"width":1920,"height":1080,"url":"https:\/\/veritasinfo.org\/wp-content\/uploads\/2025\/09\/PZAP.jpg","type":"image\/jpeg"}],"author":"US6","twitter_card":"summary_large_image","twitter_misc":{"Written by":"US6","Est. reading time":"2 minutes"},"schema":{"@context":"https:\/\/schema.org","@graph":[{"@type":"WebPage","@id":"https:\/\/veritasinfo.org\/?p=12404","url":"https:\/\/veritasinfo.org\/?p=12404","name":"PZAP refuzon ankes\u00ebn e List\u00ebs Serbe ndaj L\u00ebvizjes Vet\u00ebvendosje -","isPartOf":{"@id":"https:\/\/veritasinfo.org\/#website"},"primaryImageOfPage":{"@id":"https:\/\/veritasinfo.org\/?p=12404#primaryimage"},"image":{"@id":"https:\/\/veritasinfo.org\/?p=12404#primaryimage"},"thumbnailUrl":"https:\/\/veritasinfo.org\/wp-content\/uploads\/2025\/09\/PZAP.jpg","datePublished":"2025-09-17T17:39:08+00:00","author":{"@id":"https:\/\/veritasinfo.org\/#\/schema\/person\/fe199eede04c3937362892b7444747cc"},"breadcrumb":{"@id":"https:\/\/veritasinfo.org\/?p=12404#breadcrumb"},"inLanguage":"en-US","potentialAction":[{"@type":"ReadAction","target":["https:\/\/veritasinfo.org\/?p=12404"]}]},{"@type":"ImageObject","inLanguage":"en-US","@id":"https:\/\/veritasinfo.org\/?p=12404#primaryimage","url":"https:\/\/veritasinfo.org\/wp-content\/uploads\/2025\/09\/PZAP.jpg","contentUrl":"https:\/\/veritasinfo.org\/wp-content\/uploads\/2025\/09\/PZAP.jpg","width":1920,"height":1080},{"@type":"BreadcrumbList","@id":"https:\/\/veritasinfo.org\/?p=12404#breadcrumb","itemListElement":[{"@type":"ListItem","position":1,"name":"Home","item":"https:\/\/veritasinfo.org\/"},{"@type":"ListItem","position":2,"name":"PZAP refuzon ankes\u00ebn e List\u00ebs Serbe ndaj L\u00ebvizjes Vet\u00ebvendosje"}]},{"@type":"WebSite","@id":"https:\/\/veritasinfo.org\/#website","url":"https:\/\/veritasinfo.org\/","name":"","description":"","potentialAction":[{"@type":"SearchAction","target":{"@type":"EntryPoint","urlTemplate":"https:\/\/veritasinfo.org\/?s={search_term_string}"},"query-input":{"@type":"PropertyValueSpecification","valueRequired":true,"valueName":"search_term_string"}}],"inLanguage":"en-US"},{"@type":"Person","@id":"https:\/\/veritasinfo.org\/#\/schema\/person\/fe199eede04c3937362892b7444747cc","name":"US6","image":{"@type":"ImageObject","inLanguage":"en-US","@id":"https:\/\/veritasinfo.org\/#\/schema\/person\/image\/","url":"https:\/\/secure.gravatar.com\/avatar\/cb16c3c31c9d23b9b8c705964598220b3014e42ff51eb540ff23cefa3ae8c15f?s=96&d=mm&r=g","contentUrl":"https:\/\/secure.gravatar.com\/avatar\/cb16c3c31c9d23b9b8c705964598220b3014e42ff51eb540ff23cefa3ae8c15f?s=96&d=mm&r=g","caption":"US6"},"url":"https:\/\/veritasinfo.org\/?author=7"}]}},"featured_image_urls":{"full":["https:\/\/veritasinfo.org\/wp-content\/uploads\/2025\/09\/PZAP.jpg",1920,1080,false],"thumbnail":["https:\/\/veritasinfo.org\/wp-content\/uploads\/2025\/09\/PZAP-150x150.jpg",150,150,true],"medium":["https:\/\/veritasinfo.org\/wp-content\/uploads\/2025\/09\/PZAP-300x169.jpg",300,169,true],"medium_large":["https:\/\/veritasinfo.org\/wp-content\/uploads\/2025\/09\/PZAP-768x432.jpg",640,360,true],"large":["https:\/\/veritasinfo.org\/wp-content\/uploads\/2025\/09\/PZAP-1024x576.jpg",640,360,true],"1536x1536":["https:\/\/veritasinfo.org\/wp-content\/uploads\/2025\/09\/PZAP-1536x864.jpg",1536,864,true],"2048x2048":["https:\/\/veritasinfo.org\/wp-content\/uploads\/2025\/09\/PZAP.jpg",1920,1080,false],"kreeti-slider-full":["https:\/\/veritasinfo.org\/wp-content\/uploads\/2025\/09\/PZAP.jpg",1280,720,false],"kreeti-featured":["https:\/\/veritasinfo.org\/wp-content\/uploads\/2025\/09\/PZAP.jpg",1024,576,false],"kreeti-medium":["https:\/\/veritasinfo.org\/wp-content\/uploads\/2025\/09\/PZAP.jpg",720,405,false],"kreeti-medium-square":["https:\/\/veritasinfo.org\/wp-content\/uploads\/2025\/09\/PZAP.jpg",350,197,false]},"author_info":{"info":["US6"]},"category_info":"<a href=\"https:\/\/veritasinfo.org\/?cat=8\" rel=\"category\">Zgjedhjet parlamentare 2025<\/a>","tag_info":"Zgjedhjet parlamentare 2025","comment_count":"0","_links":{"self":[{"href":"https:\/\/veritasinfo.org\/index.php?rest_route=\/wp\/v2\/posts\/12404","targetHints":{"allow":["GET"]}}],"collection":[{"href":"https:\/\/veritasinfo.org\/index.php?rest_route=\/wp\/v2\/posts"}],"about":[{"href":"https:\/\/veritasinfo.org\/index.php?rest_route=\/wp\/v2\/types\/post"}],"author":[{"embeddable":true,"href":"https:\/\/veritasinfo.org\/index.php?rest_route=\/wp\/v2\/users\/7"}],"replies":[{"embeddable":true,"href":"https:\/\/veritasinfo.org\/index.php?rest_route=%2Fwp%2Fv2%2Fcomments&post=12404"}],"version-history":[{"count":1,"href":"https:\/\/veritasinfo.org\/index.php?rest_route=\/wp\/v2\/posts\/12404\/revisions"}],"predecessor-version":[{"id":12406,"href":"https:\/\/veritasinfo.org\/index.php?rest_route=\/wp\/v2\/posts\/12404\/revisions\/12406"}],"wp:featuredmedia":[{"embeddable":true,"href":"https:\/\/veritasinfo.org\/index.php?rest_route=\/wp\/v2\/media\/12405"}],"wp:attachment":[{"href":"https:\/\/veritasinfo.org\/index.php?rest_route=%2Fwp%2Fv2%2Fmedia&parent=12404"}],"wp:term":[{"taxonomy":"category","embeddable":true,"href":"https:\/\/veritasinfo.org\/index.php?rest_route=%2Fwp%2Fv2%2Fcategories&post=12404"},{"taxonomy":"post_tag","embeddable":true,"href":"https:\/\/veritasinfo.org\/index.php?rest_route=%2Fwp%2Fv2%2Ftags&post=12404"}],"curies":[{"name":"wp","href":"https:\/\/api.w.org\/{rel}","templated":true}]}}