{"id":12399,"date":"2025-09-17T19:05:02","date_gmt":"2025-09-17T17:05:02","guid":{"rendered":"https:\/\/veritasinfo.org\/?p=12399"},"modified":"2025-09-17T18:46:03","modified_gmt":"2025-09-17T16:46:03","slug":"karta-e-adriatikut-vengu-kosova-duhet-te-perfshihet-si-anetare","status":"publish","type":"post","link":"https:\/\/veritasinfo.org\/?p=12399","title":{"rendered":"Karta e Adriatikut, Vengu: Kosova duhet t\u00eb p\u00ebrfshihet si an\u00ebtare"},"content":{"rendered":"<p>Prishtin\u00eb, 17 shtator<\/p>\n<p>Tirana mikpriti Konferenc\u00ebn e 28-t\u00eb t\u00eb Shefave t\u00eb Shtabit t\u00eb P\u00ebrgjithsh\u00ebm t\u00eb Kart\u00ebs s\u00eb Adriatikut (SHBA-A5).<\/p>\n<p>Punimet e k\u00ebsaj konference, e cila zhvillohet p\u00ebr t\u00eb dytin vit radhazi n\u00eb Shqip\u00ebri, i p\u00ebrsh\u00ebndeti ministri i Mbrojtjes Pirro Vengu, i cili theksoi vendosm\u00ebrin\u00eb e Shqip\u00ebris\u00eb p\u00ebr t\u00eb mbetur nj\u00eb partner i besuesh\u00ebm dhe nd\u00ebrtues konsensusi n\u00eb rajon si dhe p\u00ebr t\u00eb forcuar rolin e saj n\u00eb sigurin\u00eb euroatlantike.<\/p>\n<p>Punimet e k\u00ebsaj konference, e cila zhvillohet p\u00ebr t\u00eb dytin vit radhazi n\u00eb Shqip\u00ebri, i p\u00ebrsh\u00ebndeti ministri i Mbrojtjes Pirro Vengu, i cili theksoi vendosm\u00ebrin\u00eb e Shqip\u00ebris\u00eb p\u00ebr t\u00eb mbetur nj\u00eb partner i besuesh\u00ebm dhe nd\u00ebrtues konsensusi n\u00eb rajon si dhe p\u00ebr t\u00eb forcuar rolin e saj n\u00eb sigurin\u00eb euroatlantike.<\/p>\n<p>Vengo po ashtu ka theksuar se Kosova duhet t\u00eb p\u00ebrfshihet, plot\u00ebsisht dhe formalisht, si nj\u00eb an\u00ebtare e natyrshme e k\u00ebtij komuniteti, duke theksuar nevoj\u00ebn q\u00eb iniciativa t\u00eb p\u00ebrshtatet me realitetin e sot\u00ebm t\u00eb siguris\u00eb n\u00eb rajon.<\/p>\n<p>Ai n\u00ebnvizoi se \u201cNe duhet t\u00eb largohemi nga loja e faj\u00ebsimeve dhe t\u00eb distancohemi nga fishekzjarr\u00ebt q\u00eb e mbajn\u00eb rajonin ton\u00eb prapa. Nd\u00ebrtimi i besimit, pranimit dhe bashk\u00ebpunimit praktik \u00ebsht\u00eb e vetmja rrug\u00eb p\u00ebrpara. [&#8230;] Le t\u00eb kemi guximin ta b\u00ebjm\u00eb k\u00ebt\u00eb iniciativ\u00eb t\u00eb jet\u00eb n\u00eb lart\u00ebsin\u00eb e vizionit t\u00eb saj themelues: nj\u00eb familje kombesh q\u00eb nuk jan\u00eb t\u00eb ndara nga historia, por t\u00eb bashkuara n\u00eb fat.\u201d<\/p>\n<p>N\u00eb p\u00ebrfundim t\u00eb punimeve, shefat e Shtabit t\u00eb P\u00ebrgjithsh\u00ebm n\u00ebnshkruan nj\u00eb Deklarat\u00eb t\u00eb P\u00ebrbashk\u00ebt, ku p\u00ebrve\u00e7 forcimit t\u00eb kapaciteteve t\u00eb p\u00ebrbashk\u00ebta dhe rritjes s\u00eb siguris\u00eb euroatlantike, theksohet r\u00ebnd\u00ebsia e p\u00ebrfshirjes s\u00eb plot\u00eb t\u00eb Kosov\u00ebs si pjes\u00eb natyrale e k\u00ebsaj nisme rajonale.<\/p>\n<p>Vengu n\u00ebnvizoi r\u00ebnd\u00ebsin\u00eb e Kart\u00ebs s\u00eb Adriatikut si nj\u00eb mekaniz\u00ebm bashk\u00ebpunimi dhe q\u00ebndrueshm\u00ebrie.<\/p>\n<p>\u201cKarta e Adriatikut ka lindur nga nj\u00eb vizion bashk\u00ebpunimi, stabiliteti dhe fati t\u00eb p\u00ebrbashk\u00ebt euroatlantik. Parimet e saj mbeten t\u00eb pandryshuara, por n\u00eb mjedis strategjik q\u00eb ndryshon me shpejt\u00ebsi, ndaj ne duhet t\u00eb p\u00ebrshtatemi dhe t\u00eb rip\u00ebrt\u00ebrijm\u00eb misionin e saj. P\u00ebr Shqip\u00ebrin\u00eb, Karta nuk \u00ebsht\u00eb thjesht nj\u00eb iniciativ\u00eb tjet\u00ebr rajonale, por \u00ebsht\u00eb nj\u00eb nxit\u00ebs i bashk\u00ebpunimit praktik dhe q\u00ebndrueshm\u00ebris\u00eb kolektive. Pjes\u00ebmarrja e Shteteve t\u00eb Bashkuara e b\u00ebn at\u00eb nj\u00eb iniciativ\u00eb shum\u00eb t\u00eb r\u00ebnd\u00ebsishme\u201d, tha Vengu.<\/p>\n<p>Duke iu referuar vendimeve t\u00eb Samitit t\u00eb Hag\u00ebs, ministri tha se vendimet e marra atje \u201cna japin nj\u00eb mund\u00ebsi unike p\u00ebr t\u00eb marr\u00eb p\u00ebrsip\u00ebr m\u00eb shum\u00eb p\u00ebrgjegj\u00ebsi p\u00ebr sigurin\u00eb ton\u00eb rajonale dhe p\u00ebr t\u00eb marr\u00eb m\u00eb shum\u00eb p\u00ebrgjegj\u00ebsi brenda NATO-s dhe BE-s\u00eb.\u201d<\/p>\n<p>Vengu renditi edhe 5 fushat kryesore ku Shqip\u00ebria dhe partner\u00ebt duhet t\u00eb veprojn\u00eb me vendosm\u00ebri q\u00eb\u00a0nga rritja e buxhetit p\u00ebr mbrojtjen deri te prodhimi ushtarak.<\/p>\n<p>\u201cRritja e burimeve financiare p\u00ebr buxhetet tona t\u00eb mbrojtjes; Zgjerimi i industris\u00eb s\u00eb mbrojtjes dhe prodhimit ushtarak; Fitimi i aft\u00ebsive vdekjeprur\u00ebse dhe me p\u00ebrdorim t\u00eb dyfisht\u00eb p\u00ebr t\u00eb modernizuar Forcat tona t\u00eb Armatosura; Investimi n\u00eb infrastruktur\u00ebn kritike dhe kapacitetin e vendeve prit\u00ebse p\u00ebr t\u00eb p\u00ebrforcuar q\u00ebndrueshm\u00ebrin\u00eb dhe forcimi i nd\u00ebrveprimit me aleat\u00ebt dhe partner\u00ebt p\u00ebrmes trajnimeve, st\u00ebrvitjeve dhe operacioneve.<\/p>\n<p>Shqip\u00ebria po ec\u00ebn me vendosm\u00ebri n\u00eb k\u00ebt\u00eb rrug\u00eb duke rritur Shpenzimet e Mbrojtjes, duke rigjall\u00ebruar bazat tona industriale, duke investuar n\u00eb infrastruktur\u00eb n\u00eb p\u00ebrputhje me kriteret e NATO-s dhe BE-s\u00eb. Q\u00ebllimi yn\u00eb \u00ebsht\u00eb ta pozicionojm\u00eb Shqip\u00ebrin\u00eb si nj\u00eb qend\u00ebr t\u00eb besueshme p\u00ebr industrin\u00eb e mbrojtjes, nj\u00eb qend\u00ebr kryq\u00ebzimi, lidhshm\u00ebrie dhe nd\u00ebrveprimi ushtarak, l\u00ebvizshm\u00ebrie ushtarake n\u00eb t\u00eb gjith\u00eb Evrop\u00ebn Juglindore, n\u00eb rajonin e Adriatikut, n\u00eb nj\u00eb hap\u00ebsir\u00eb me r\u00ebnd\u00ebsi t\u00eb pamohueshme strategjike p\u00ebr sigurin\u00eb euroatlantike\u201d, tha Vengu.<\/p>\n<p>Konferenca e 28-t\u00eb e Shefave t\u00eb Shtabit t\u00eb P\u00ebrgjithsh\u00ebm t\u00eb Kart\u00ebs s\u00eb Adriatikut (SHBA-A5) u bashk\u00ebkryesua nga shefi i Shtabit t\u00eb P\u00ebrgjithsh\u00ebm i FA t\u00eb Shqip\u00ebris\u00eb, gjenerallejt\u00ebnant Arben Kingji, shefi i Shtabit t\u00eb FA t\u00eb Bosnje-Hercegovin\u00ebs gjenerallejt\u00ebnant Gojko Knezevic dhe komandanti i Komand\u00ebs Amerikane n\u00eb Evrop\u00eb, gjeneral Alexus G. Grynkewich.<\/p>\n<p>N\u00eb takim mor\u00ebn pjes\u00eb p\u00ebrfaq\u00ebsuesit e vendeve n\u00ebnshkruese t\u00eb Kart\u00ebs (SHBA, Shqip\u00ebria, Bosnje-Hercegovina, Kroacia, Mali i Zi, Maqedonia e Veriut), vendet me status v\u00ebzhgues (Kosova dhe Sllovenia), p\u00ebrfaq\u00ebsues nga Gardat Komb\u00ebtare t\u00eb SHBA dhe shtetet partnere t\u00eb Programit t\u00eb Partneritetit Shtet\u00ebror, si dhe z\u00ebvend\u00ebskomandanti i Komand\u00ebs s\u00eb Forc\u00ebs s\u00eb Bashkuar t\u00eb NATO n\u00eb Napoli.<\/p>\n<p>&nbsp;<\/p>\n","protected":false},"excerpt":{"rendered":"<p>Prishtin\u00eb, 17 shtator Tirana mikpriti Konferenc\u00ebn e 28-t\u00eb t\u00eb Shefave t\u00eb Shtabit t\u00eb P\u00ebrgjithsh\u00ebm t\u00eb Kart\u00ebs s\u00eb Adriatikut (SHBA-A5). Punimet e k\u00ebsaj konference, e cila<\/p>\n","protected":false},"author":7,"featured_media":12400,"comment_status":"open","ping_status":"open","sticky":false,"template":"","format":"standard","meta":{"footnotes":""},"categories":[72],"tags":[],"class_list":["post-12399","post","type-post","status-publish","format-standard","has-post-thumbnail","hentry","category-bota"],"yoast_head":"<!-- This site is optimized with the Yoast SEO plugin v25.3.1 - https:\/\/yoast.com\/wordpress\/plugins\/seo\/ -->\n<title>Karta e Adriatikut, Vengu: Kosova duhet t\u00eb p\u00ebrfshihet si an\u00ebtare -<\/title>\n<meta name=\"robots\" content=\"index, follow, max-snippet:-1, max-image-preview:large, max-video-preview:-1\" \/>\n<link rel=\"canonical\" href=\"https:\/\/veritasinfo.org\/?p=12399\" \/>\n<meta property=\"og:locale\" content=\"en_US\" \/>\n<meta property=\"og:type\" content=\"article\" \/>\n<meta property=\"og:title\" content=\"Karta e Adriatikut, Vengu: Kosova duhet t\u00eb p\u00ebrfshihet si an\u00ebtare -\" \/>\n<meta property=\"og:description\" content=\"Prishtin\u00eb, 17 shtator Tirana mikpriti Konferenc\u00ebn e 28-t\u00eb t\u00eb Shefave t\u00eb Shtabit t\u00eb P\u00ebrgjithsh\u00ebm t\u00eb Kart\u00ebs s\u00eb Adriatikut (SHBA-A5). Punimet e k\u00ebsaj konference, e cila\" \/>\n<meta property=\"og:url\" content=\"https:\/\/veritasinfo.org\/?p=12399\" \/>\n<meta property=\"article:published_time\" content=\"2025-09-17T17:05:02+00:00\" \/>\n<meta property=\"og:image\" content=\"https:\/\/veritasinfo.org\/wp-content\/uploads\/2025\/09\/704349-8mzAg28mYR.jpg\" \/>\n\t<meta property=\"og:image:width\" content=\"780\" \/>\n\t<meta property=\"og:image:height\" content=\"500\" \/>\n\t<meta property=\"og:image:type\" content=\"image\/jpeg\" \/>\n<meta name=\"author\" content=\"US6\" \/>\n<meta name=\"twitter:card\" content=\"summary_large_image\" \/>\n<meta name=\"twitter:label1\" content=\"Written by\" \/>\n\t<meta name=\"twitter:data1\" content=\"US6\" \/>\n\t<meta name=\"twitter:label2\" content=\"Est. reading time\" \/>\n\t<meta name=\"twitter:data2\" content=\"4 minutes\" \/>\n<script type=\"application\/ld+json\" class=\"yoast-schema-graph\">{\"@context\":\"https:\/\/schema.org\",\"@graph\":[{\"@type\":\"WebPage\",\"@id\":\"https:\/\/veritasinfo.org\/?p=12399\",\"url\":\"https:\/\/veritasinfo.org\/?p=12399\",\"name\":\"Karta e Adriatikut, Vengu: Kosova duhet t\u00eb p\u00ebrfshihet si an\u00ebtare -\",\"isPartOf\":{\"@id\":\"https:\/\/veritasinfo.org\/#website\"},\"primaryImageOfPage\":{\"@id\":\"https:\/\/veritasinfo.org\/?p=12399#primaryimage\"},\"image\":{\"@id\":\"https:\/\/veritasinfo.org\/?p=12399#primaryimage\"},\"thumbnailUrl\":\"https:\/\/veritasinfo.org\/wp-content\/uploads\/2025\/09\/704349-8mzAg28mYR.jpg\",\"datePublished\":\"2025-09-17T17:05:02+00:00\",\"author\":{\"@id\":\"https:\/\/veritasinfo.org\/#\/schema\/person\/fe199eede04c3937362892b7444747cc\"},\"breadcrumb\":{\"@id\":\"https:\/\/veritasinfo.org\/?p=12399#breadcrumb\"},\"inLanguage\":\"en-US\",\"potentialAction\":[{\"@type\":\"ReadAction\",\"target\":[\"https:\/\/veritasinfo.org\/?p=12399\"]}]},{\"@type\":\"ImageObject\",\"inLanguage\":\"en-US\",\"@id\":\"https:\/\/veritasinfo.org\/?p=12399#primaryimage\",\"url\":\"https:\/\/veritasinfo.org\/wp-content\/uploads\/2025\/09\/704349-8mzAg28mYR.jpg\",\"contentUrl\":\"https:\/\/veritasinfo.org\/wp-content\/uploads\/2025\/09\/704349-8mzAg28mYR.jpg\",\"width\":780,\"height\":500},{\"@type\":\"BreadcrumbList\",\"@id\":\"https:\/\/veritasinfo.org\/?p=12399#breadcrumb\",\"itemListElement\":[{\"@type\":\"ListItem\",\"position\":1,\"name\":\"Home\",\"item\":\"https:\/\/veritasinfo.org\/\"},{\"@type\":\"ListItem\",\"position\":2,\"name\":\"Karta e Adriatikut, Vengu: Kosova duhet t\u00eb p\u00ebrfshihet si an\u00ebtare\"}]},{\"@type\":\"WebSite\",\"@id\":\"https:\/\/veritasinfo.org\/#website\",\"url\":\"https:\/\/veritasinfo.org\/\",\"name\":\"\",\"description\":\"\",\"potentialAction\":[{\"@type\":\"SearchAction\",\"target\":{\"@type\":\"EntryPoint\",\"urlTemplate\":\"https:\/\/veritasinfo.org\/?s={search_term_string}\"},\"query-input\":{\"@type\":\"PropertyValueSpecification\",\"valueRequired\":true,\"valueName\":\"search_term_string\"}}],\"inLanguage\":\"en-US\"},{\"@type\":\"Person\",\"@id\":\"https:\/\/veritasinfo.org\/#\/schema\/person\/fe199eede04c3937362892b7444747cc\",\"name\":\"US6\",\"image\":{\"@type\":\"ImageObject\",\"inLanguage\":\"en-US\",\"@id\":\"https:\/\/veritasinfo.org\/#\/schema\/person\/image\/\",\"url\":\"https:\/\/secure.gravatar.com\/avatar\/cb16c3c31c9d23b9b8c705964598220b3014e42ff51eb540ff23cefa3ae8c15f?s=96&d=mm&r=g\",\"contentUrl\":\"https:\/\/secure.gravatar.com\/avatar\/cb16c3c31c9d23b9b8c705964598220b3014e42ff51eb540ff23cefa3ae8c15f?s=96&d=mm&r=g\",\"caption\":\"US6\"},\"url\":\"https:\/\/veritasinfo.org\/?author=7\"}]}<\/script>\n<!-- \/ Yoast SEO plugin. -->","yoast_head_json":{"title":"Karta e Adriatikut, Vengu: Kosova duhet t\u00eb p\u00ebrfshihet si an\u00ebtare -","robots":{"index":"index","follow":"follow","max-snippet":"max-snippet:-1","max-image-preview":"max-image-preview:large","max-video-preview":"max-video-preview:-1"},"canonical":"https:\/\/veritasinfo.org\/?p=12399","og_locale":"en_US","og_type":"article","og_title":"Karta e Adriatikut, Vengu: Kosova duhet t\u00eb p\u00ebrfshihet si an\u00ebtare -","og_description":"Prishtin\u00eb, 17 shtator Tirana mikpriti Konferenc\u00ebn e 28-t\u00eb t\u00eb Shefave t\u00eb Shtabit t\u00eb P\u00ebrgjithsh\u00ebm t\u00eb Kart\u00ebs s\u00eb Adriatikut (SHBA-A5). Punimet e k\u00ebsaj konference, e cila","og_url":"https:\/\/veritasinfo.org\/?p=12399","article_published_time":"2025-09-17T17:05:02+00:00","og_image":[{"width":780,"height":500,"url":"https:\/\/veritasinfo.org\/wp-content\/uploads\/2025\/09\/704349-8mzAg28mYR.jpg","type":"image\/jpeg"}],"author":"US6","twitter_card":"summary_large_image","twitter_misc":{"Written by":"US6","Est. reading time":"4 minutes"},"schema":{"@context":"https:\/\/schema.org","@graph":[{"@type":"WebPage","@id":"https:\/\/veritasinfo.org\/?p=12399","url":"https:\/\/veritasinfo.org\/?p=12399","name":"Karta e Adriatikut, Vengu: Kosova duhet t\u00eb p\u00ebrfshihet si an\u00ebtare -","isPartOf":{"@id":"https:\/\/veritasinfo.org\/#website"},"primaryImageOfPage":{"@id":"https:\/\/veritasinfo.org\/?p=12399#primaryimage"},"image":{"@id":"https:\/\/veritasinfo.org\/?p=12399#primaryimage"},"thumbnailUrl":"https:\/\/veritasinfo.org\/wp-content\/uploads\/2025\/09\/704349-8mzAg28mYR.jpg","datePublished":"2025-09-17T17:05:02+00:00","author":{"@id":"https:\/\/veritasinfo.org\/#\/schema\/person\/fe199eede04c3937362892b7444747cc"},"breadcrumb":{"@id":"https:\/\/veritasinfo.org\/?p=12399#breadcrumb"},"inLanguage":"en-US","potentialAction":[{"@type":"ReadAction","target":["https:\/\/veritasinfo.org\/?p=12399"]}]},{"@type":"ImageObject","inLanguage":"en-US","@id":"https:\/\/veritasinfo.org\/?p=12399#primaryimage","url":"https:\/\/veritasinfo.org\/wp-content\/uploads\/2025\/09\/704349-8mzAg28mYR.jpg","contentUrl":"https:\/\/veritasinfo.org\/wp-content\/uploads\/2025\/09\/704349-8mzAg28mYR.jpg","width":780,"height":500},{"@type":"BreadcrumbList","@id":"https:\/\/veritasinfo.org\/?p=12399#breadcrumb","itemListElement":[{"@type":"ListItem","position":1,"name":"Home","item":"https:\/\/veritasinfo.org\/"},{"@type":"ListItem","position":2,"name":"Karta e Adriatikut, Vengu: Kosova duhet t\u00eb p\u00ebrfshihet si an\u00ebtare"}]},{"@type":"WebSite","@id":"https:\/\/veritasinfo.org\/#website","url":"https:\/\/veritasinfo.org\/","name":"","description":"","potentialAction":[{"@type":"SearchAction","target":{"@type":"EntryPoint","urlTemplate":"https:\/\/veritasinfo.org\/?s={search_term_string}"},"query-input":{"@type":"PropertyValueSpecification","valueRequired":true,"valueName":"search_term_string"}}],"inLanguage":"en-US"},{"@type":"Person","@id":"https:\/\/veritasinfo.org\/#\/schema\/person\/fe199eede04c3937362892b7444747cc","name":"US6","image":{"@type":"ImageObject","inLanguage":"en-US","@id":"https:\/\/veritasinfo.org\/#\/schema\/person\/image\/","url":"https:\/\/secure.gravatar.com\/avatar\/cb16c3c31c9d23b9b8c705964598220b3014e42ff51eb540ff23cefa3ae8c15f?s=96&d=mm&r=g","contentUrl":"https:\/\/secure.gravatar.com\/avatar\/cb16c3c31c9d23b9b8c705964598220b3014e42ff51eb540ff23cefa3ae8c15f?s=96&d=mm&r=g","caption":"US6"},"url":"https:\/\/veritasinfo.org\/?author=7"}]}},"featured_image_urls":{"full":["https:\/\/veritasinfo.org\/wp-content\/uploads\/2025\/09\/704349-8mzAg28mYR.jpg",780,500,false],"thumbnail":["https:\/\/veritasinfo.org\/wp-content\/uploads\/2025\/09\/704349-8mzAg28mYR-150x150.jpg",150,150,true],"medium":["https:\/\/veritasinfo.org\/wp-content\/uploads\/2025\/09\/704349-8mzAg28mYR-300x192.jpg",300,192,true],"medium_large":["https:\/\/veritasinfo.org\/wp-content\/uploads\/2025\/09\/704349-8mzAg28mYR-768x492.jpg",640,410,true],"large":["https:\/\/veritasinfo.org\/wp-content\/uploads\/2025\/09\/704349-8mzAg28mYR.jpg",640,410,false],"1536x1536":["https:\/\/veritasinfo.org\/wp-content\/uploads\/2025\/09\/704349-8mzAg28mYR.jpg",780,500,false],"2048x2048":["https:\/\/veritasinfo.org\/wp-content\/uploads\/2025\/09\/704349-8mzAg28mYR.jpg",780,500,false],"kreeti-slider-full":["https:\/\/veritasinfo.org\/wp-content\/uploads\/2025\/09\/704349-8mzAg28mYR.jpg",780,500,false],"kreeti-featured":["https:\/\/veritasinfo.org\/wp-content\/uploads\/2025\/09\/704349-8mzAg28mYR.jpg",780,500,false],"kreeti-medium":["https:\/\/veritasinfo.org\/wp-content\/uploads\/2025\/09\/704349-8mzAg28mYR.jpg",720,462,false],"kreeti-medium-square":["https:\/\/veritasinfo.org\/wp-content\/uploads\/2025\/09\/704349-8mzAg28mYR.jpg",350,224,false]},"author_info":{"info":["US6"]},"category_info":"<a href=\"https:\/\/veritasinfo.org\/?cat=72\" rel=\"category\">Bota<\/a>","tag_info":"Bota","comment_count":"0","_links":{"self":[{"href":"https:\/\/veritasinfo.org\/index.php?rest_route=\/wp\/v2\/posts\/12399","targetHints":{"allow":["GET"]}}],"collection":[{"href":"https:\/\/veritasinfo.org\/index.php?rest_route=\/wp\/v2\/posts"}],"about":[{"href":"https:\/\/veritasinfo.org\/index.php?rest_route=\/wp\/v2\/types\/post"}],"author":[{"embeddable":true,"href":"https:\/\/veritasinfo.org\/index.php?rest_route=\/wp\/v2\/users\/7"}],"replies":[{"embeddable":true,"href":"https:\/\/veritasinfo.org\/index.php?rest_route=%2Fwp%2Fv2%2Fcomments&post=12399"}],"version-history":[{"count":1,"href":"https:\/\/veritasinfo.org\/index.php?rest_route=\/wp\/v2\/posts\/12399\/revisions"}],"predecessor-version":[{"id":12401,"href":"https:\/\/veritasinfo.org\/index.php?rest_route=\/wp\/v2\/posts\/12399\/revisions\/12401"}],"wp:featuredmedia":[{"embeddable":true,"href":"https:\/\/veritasinfo.org\/index.php?rest_route=\/wp\/v2\/media\/12400"}],"wp:attachment":[{"href":"https:\/\/veritasinfo.org\/index.php?rest_route=%2Fwp%2Fv2%2Fmedia&parent=12399"}],"wp:term":[{"taxonomy":"category","embeddable":true,"href":"https:\/\/veritasinfo.org\/index.php?rest_route=%2Fwp%2Fv2%2Fcategories&post=12399"},{"taxonomy":"post_tag","embeddable":true,"href":"https:\/\/veritasinfo.org\/index.php?rest_route=%2Fwp%2Fv2%2Ftags&post=12399"}],"curies":[{"name":"wp","href":"https:\/\/api.w.org\/{rel}","templated":true}]}}