{"id":12392,"date":"2025-09-17T18:41:07","date_gmt":"2025-09-17T16:41:07","guid":{"rendered":"https:\/\/veritasinfo.org\/?p=12392"},"modified":"2025-09-17T18:41:32","modified_gmt":"2025-09-17T16:41:32","slug":"kamberi-kerkon-komision-hetues-ne-serbi-per-vdekjen-e-ushtareve-shqiptare-ne-ushtrine-jugosllave-ne-vitet-80","status":"publish","type":"post","link":"https:\/\/veritasinfo.org\/?p=12392","title":{"rendered":"Kamberi k\u00ebrkon komision hetues n\u00eb Serbi p\u00ebr vdekjen e ushtar\u00ebve shqiptar\u00eb n\u00eb ushtrin\u00eb jugosllave n\u00eb vitet &#8217;80"},"content":{"rendered":"<p>Prishtin\u00eb, 17 shtator 2025<\/p>\n<p>Shaip Kamberi, p\u00ebrfaq\u00ebsuesi i shqiptar\u00ebve n\u00eb Kuvendin e Serbis\u00eb, njoftoi t\u00eb m\u00ebrkur\u00ebn se e ka dor\u00ebzuar nj\u00eb k\u00ebrkes\u00eb p\u00ebr themelimin e nj\u00eb komisioni t\u00eb posa\u00e7\u00ebm parlamentar p\u00ebr t\u2019i hetuar rastet e vdekjes s\u00eb ushtar\u00ebve shqiptar\u00eb n\u00eb ushtrin\u00eb e at\u00ebhershme jugosllave gjat\u00eb viteve \u201980.<\/p>\n<p>Kamberi e b\u00ebri k\u00ebt\u00eb k\u00ebrkes\u00eb kryetares s\u00eb Kuvendit t\u00eb Serbis\u00eb, Ana B\u00ebrnabiq, n\u00eb nj\u00eb koh\u00eb kur Serbia po p\u00ebrgatitet p\u00ebr ta rikthyer sh\u00ebrbimin e detyruesh\u00ebm ushtarak n\u00eb vend.<\/p>\n<p>N\u00eb k\u00ebrkes\u00eb, Kamberi thekson se n\u00eb Lugin\u00ebn e Preshev\u00ebs ekziston shqet\u00ebsim p\u00ebr thirrjen e mundshme t\u00eb t\u00eb rinjve shqiptar\u00eb p\u00ebr ta kryer sh\u00ebrbimin ushtarak, \u201cpasi e kaluara dhe pasojat e saj ende ndikojn\u00eb n\u00eb vet\u00ebdijen kolektive t\u00eb shqiptar\u00ebve\u201d.<\/p>\n<p>N\u00eb nj\u00eb njoftim n\u00eb llogarin\u00eb e vet n\u00eb Facebook, Kamberi k\u00ebrkoi zbardhjen e vdekjeve t\u00eb 135 ushtar\u00ebve shqiptar\u00eb n\u00eb radh\u00ebt e Armat\u00ebs Popullore t\u00eb Jugosllavis\u00eb (APJ) gjat\u00eb viteve \u201980.<\/p>\n<p>\u201cShum\u00eb nga k\u00ebto raste, t\u00eb regjistruara si \u2018vet\u00ebvrasje\u2019, \u2018aksidente\u2019 apo \u2018shkelje disiplinore\u2019, u konsideruan t\u00eb dyshimta nga familjet e viktimave, t\u00eb cilat shpesh raportuan shenja dhune mbi trupat e kthyer\u201d, tha Kamberi.<\/p>\n<p>Ai tha se mungesa e hetimeve t\u00eb pavarura dhe transparenc\u00ebs p\u00ebr ato vrasje e ka forcuar bindjen e tyre se \u201ckemi t\u00eb b\u00ebjm\u00eb me vrasje me motive etnike dhe politike, n\u00eb nj\u00eb periudh\u00eb kur shqiptar\u00ebt n\u00eb APJ p\u00ebrballeshin me diskriminim, stigmatizim dhe armiq\u00ebsi t\u00eb hapur\u201d.<\/p>\n<p>\u201cKy fenomen ka mbetur i heshtur e i padokumentuar n\u00eb diskursin publik n\u00eb Serbi, duke reflektuar nj\u00eb munges\u00eb serioze t\u00eb p\u00ebrballjes me t\u00eb kaluar\u00ebn dhe t\u00eb diskriminimit institucional ndaj shqiptar\u00ebve\u201d, theksoi ai.<\/p>\n<p>Kamberi theksoi se, komisioni, n\u00ebse miratohet, do t\u00eb p\u00ebrfshinte edhe p\u00ebrfaq\u00ebsues t\u00eb shoq\u00ebris\u00eb civile dhe t\u00eb komunitetit shqiptar.<\/p>\n","protected":false},"excerpt":{"rendered":"<p>Prishtin\u00eb, 17 shtator 2025 Shaip Kamberi, p\u00ebrfaq\u00ebsuesi i shqiptar\u00ebve n\u00eb Kuvendin e Serbis\u00eb, njoftoi t\u00eb m\u00ebrkur\u00ebn se e ka dor\u00ebzuar nj\u00eb k\u00ebrkes\u00eb p\u00ebr themelimin e<\/p>\n","protected":false},"author":7,"featured_media":12393,"comment_status":"open","ping_status":"open","sticky":false,"template":"","format":"standard","meta":{"footnotes":""},"categories":[60],"tags":[],"class_list":["post-12392","post","type-post","status-publish","format-standard","has-post-thumbnail","hentry","category-shoqerore-sq"],"yoast_head":"<!-- This site is optimized with the Yoast SEO plugin v25.3.1 - https:\/\/yoast.com\/wordpress\/plugins\/seo\/ -->\n<title>Kamberi k\u00ebrkon komision hetues n\u00eb Serbi p\u00ebr vdekjen e ushtar\u00ebve shqiptar\u00eb n\u00eb ushtrin\u00eb jugosllave n\u00eb vitet &#039;80 -<\/title>\n<meta name=\"robots\" content=\"index, follow, max-snippet:-1, max-image-preview:large, max-video-preview:-1\" \/>\n<link rel=\"canonical\" href=\"https:\/\/veritasinfo.org\/?p=12392\" \/>\n<meta property=\"og:locale\" content=\"en_US\" \/>\n<meta property=\"og:type\" content=\"article\" \/>\n<meta property=\"og:title\" content=\"Kamberi k\u00ebrkon komision hetues n\u00eb Serbi p\u00ebr vdekjen e ushtar\u00ebve shqiptar\u00eb n\u00eb ushtrin\u00eb jugosllave n\u00eb vitet &#039;80 -\" \/>\n<meta property=\"og:description\" content=\"Prishtin\u00eb, 17 shtator 2025 Shaip Kamberi, p\u00ebrfaq\u00ebsuesi i shqiptar\u00ebve n\u00eb Kuvendin e Serbis\u00eb, njoftoi t\u00eb m\u00ebrkur\u00ebn se e ka dor\u00ebzuar nj\u00eb k\u00ebrkes\u00eb p\u00ebr themelimin e\" \/>\n<meta property=\"og:url\" content=\"https:\/\/veritasinfo.org\/?p=12392\" \/>\n<meta property=\"article:published_time\" content=\"2025-09-17T16:41:07+00:00\" \/>\n<meta property=\"article:modified_time\" content=\"2025-09-17T16:41:32+00:00\" \/>\n<meta property=\"og:image\" content=\"https:\/\/veritasinfo.org\/wp-content\/uploads\/2025\/09\/Screenshot-2025-09-17-184015.jpg\" \/>\n\t<meta property=\"og:image:width\" content=\"1005\" \/>\n\t<meta property=\"og:image:height\" content=\"548\" \/>\n\t<meta property=\"og:image:type\" content=\"image\/jpeg\" \/>\n<meta name=\"author\" content=\"US6\" \/>\n<meta name=\"twitter:card\" content=\"summary_large_image\" \/>\n<meta name=\"twitter:label1\" content=\"Written by\" \/>\n\t<meta name=\"twitter:data1\" content=\"US6\" \/>\n\t<meta name=\"twitter:label2\" content=\"Est. reading time\" \/>\n\t<meta name=\"twitter:data2\" content=\"2 minutes\" \/>\n<script type=\"application\/ld+json\" class=\"yoast-schema-graph\">{\"@context\":\"https:\/\/schema.org\",\"@graph\":[{\"@type\":\"WebPage\",\"@id\":\"https:\/\/veritasinfo.org\/?p=12392\",\"url\":\"https:\/\/veritasinfo.org\/?p=12392\",\"name\":\"Kamberi k\u00ebrkon komision hetues n\u00eb Serbi p\u00ebr vdekjen e ushtar\u00ebve shqiptar\u00eb n\u00eb ushtrin\u00eb jugosllave n\u00eb vitet '80 -\",\"isPartOf\":{\"@id\":\"https:\/\/veritasinfo.org\/#website\"},\"primaryImageOfPage\":{\"@id\":\"https:\/\/veritasinfo.org\/?p=12392#primaryimage\"},\"image\":{\"@id\":\"https:\/\/veritasinfo.org\/?p=12392#primaryimage\"},\"thumbnailUrl\":\"https:\/\/veritasinfo.org\/wp-content\/uploads\/2025\/09\/Screenshot-2025-09-17-184015.jpg\",\"datePublished\":\"2025-09-17T16:41:07+00:00\",\"dateModified\":\"2025-09-17T16:41:32+00:00\",\"author\":{\"@id\":\"https:\/\/veritasinfo.org\/#\/schema\/person\/fe199eede04c3937362892b7444747cc\"},\"breadcrumb\":{\"@id\":\"https:\/\/veritasinfo.org\/?p=12392#breadcrumb\"},\"inLanguage\":\"en-US\",\"potentialAction\":[{\"@type\":\"ReadAction\",\"target\":[\"https:\/\/veritasinfo.org\/?p=12392\"]}]},{\"@type\":\"ImageObject\",\"inLanguage\":\"en-US\",\"@id\":\"https:\/\/veritasinfo.org\/?p=12392#primaryimage\",\"url\":\"https:\/\/veritasinfo.org\/wp-content\/uploads\/2025\/09\/Screenshot-2025-09-17-184015.jpg\",\"contentUrl\":\"https:\/\/veritasinfo.org\/wp-content\/uploads\/2025\/09\/Screenshot-2025-09-17-184015.jpg\",\"width\":1005,\"height\":548},{\"@type\":\"BreadcrumbList\",\"@id\":\"https:\/\/veritasinfo.org\/?p=12392#breadcrumb\",\"itemListElement\":[{\"@type\":\"ListItem\",\"position\":1,\"name\":\"Home\",\"item\":\"https:\/\/veritasinfo.org\/\"},{\"@type\":\"ListItem\",\"position\":2,\"name\":\"Kamberi k\u00ebrkon komision hetues n\u00eb Serbi p\u00ebr vdekjen e ushtar\u00ebve shqiptar\u00eb n\u00eb ushtrin\u00eb jugosllave n\u00eb vitet &#8217;80\"}]},{\"@type\":\"WebSite\",\"@id\":\"https:\/\/veritasinfo.org\/#website\",\"url\":\"https:\/\/veritasinfo.org\/\",\"name\":\"\",\"description\":\"\",\"potentialAction\":[{\"@type\":\"SearchAction\",\"target\":{\"@type\":\"EntryPoint\",\"urlTemplate\":\"https:\/\/veritasinfo.org\/?s={search_term_string}\"},\"query-input\":{\"@type\":\"PropertyValueSpecification\",\"valueRequired\":true,\"valueName\":\"search_term_string\"}}],\"inLanguage\":\"en-US\"},{\"@type\":\"Person\",\"@id\":\"https:\/\/veritasinfo.org\/#\/schema\/person\/fe199eede04c3937362892b7444747cc\",\"name\":\"US6\",\"image\":{\"@type\":\"ImageObject\",\"inLanguage\":\"en-US\",\"@id\":\"https:\/\/veritasinfo.org\/#\/schema\/person\/image\/\",\"url\":\"https:\/\/secure.gravatar.com\/avatar\/cb16c3c31c9d23b9b8c705964598220b3014e42ff51eb540ff23cefa3ae8c15f?s=96&d=mm&r=g\",\"contentUrl\":\"https:\/\/secure.gravatar.com\/avatar\/cb16c3c31c9d23b9b8c705964598220b3014e42ff51eb540ff23cefa3ae8c15f?s=96&d=mm&r=g\",\"caption\":\"US6\"},\"url\":\"https:\/\/veritasinfo.org\/?author=7\"}]}<\/script>\n<!-- \/ Yoast SEO plugin. -->","yoast_head_json":{"title":"Kamberi k\u00ebrkon komision hetues n\u00eb Serbi p\u00ebr vdekjen e ushtar\u00ebve shqiptar\u00eb n\u00eb ushtrin\u00eb jugosllave n\u00eb vitet '80 -","robots":{"index":"index","follow":"follow","max-snippet":"max-snippet:-1","max-image-preview":"max-image-preview:large","max-video-preview":"max-video-preview:-1"},"canonical":"https:\/\/veritasinfo.org\/?p=12392","og_locale":"en_US","og_type":"article","og_title":"Kamberi k\u00ebrkon komision hetues n\u00eb Serbi p\u00ebr vdekjen e ushtar\u00ebve shqiptar\u00eb n\u00eb ushtrin\u00eb jugosllave n\u00eb vitet '80 -","og_description":"Prishtin\u00eb, 17 shtator 2025 Shaip Kamberi, p\u00ebrfaq\u00ebsuesi i shqiptar\u00ebve n\u00eb Kuvendin e Serbis\u00eb, njoftoi t\u00eb m\u00ebrkur\u00ebn se e ka dor\u00ebzuar nj\u00eb k\u00ebrkes\u00eb p\u00ebr themelimin e","og_url":"https:\/\/veritasinfo.org\/?p=12392","article_published_time":"2025-09-17T16:41:07+00:00","article_modified_time":"2025-09-17T16:41:32+00:00","og_image":[{"width":1005,"height":548,"url":"https:\/\/veritasinfo.org\/wp-content\/uploads\/2025\/09\/Screenshot-2025-09-17-184015.jpg","type":"image\/jpeg"}],"author":"US6","twitter_card":"summary_large_image","twitter_misc":{"Written by":"US6","Est. reading time":"2 minutes"},"schema":{"@context":"https:\/\/schema.org","@graph":[{"@type":"WebPage","@id":"https:\/\/veritasinfo.org\/?p=12392","url":"https:\/\/veritasinfo.org\/?p=12392","name":"Kamberi k\u00ebrkon komision hetues n\u00eb Serbi p\u00ebr vdekjen e ushtar\u00ebve shqiptar\u00eb n\u00eb ushtrin\u00eb jugosllave n\u00eb vitet '80 -","isPartOf":{"@id":"https:\/\/veritasinfo.org\/#website"},"primaryImageOfPage":{"@id":"https:\/\/veritasinfo.org\/?p=12392#primaryimage"},"image":{"@id":"https:\/\/veritasinfo.org\/?p=12392#primaryimage"},"thumbnailUrl":"https:\/\/veritasinfo.org\/wp-content\/uploads\/2025\/09\/Screenshot-2025-09-17-184015.jpg","datePublished":"2025-09-17T16:41:07+00:00","dateModified":"2025-09-17T16:41:32+00:00","author":{"@id":"https:\/\/veritasinfo.org\/#\/schema\/person\/fe199eede04c3937362892b7444747cc"},"breadcrumb":{"@id":"https:\/\/veritasinfo.org\/?p=12392#breadcrumb"},"inLanguage":"en-US","potentialAction":[{"@type":"ReadAction","target":["https:\/\/veritasinfo.org\/?p=12392"]}]},{"@type":"ImageObject","inLanguage":"en-US","@id":"https:\/\/veritasinfo.org\/?p=12392#primaryimage","url":"https:\/\/veritasinfo.org\/wp-content\/uploads\/2025\/09\/Screenshot-2025-09-17-184015.jpg","contentUrl":"https:\/\/veritasinfo.org\/wp-content\/uploads\/2025\/09\/Screenshot-2025-09-17-184015.jpg","width":1005,"height":548},{"@type":"BreadcrumbList","@id":"https:\/\/veritasinfo.org\/?p=12392#breadcrumb","itemListElement":[{"@type":"ListItem","position":1,"name":"Home","item":"https:\/\/veritasinfo.org\/"},{"@type":"ListItem","position":2,"name":"Kamberi k\u00ebrkon komision hetues n\u00eb Serbi p\u00ebr vdekjen e ushtar\u00ebve shqiptar\u00eb n\u00eb ushtrin\u00eb jugosllave n\u00eb vitet &#8217;80"}]},{"@type":"WebSite","@id":"https:\/\/veritasinfo.org\/#website","url":"https:\/\/veritasinfo.org\/","name":"","description":"","potentialAction":[{"@type":"SearchAction","target":{"@type":"EntryPoint","urlTemplate":"https:\/\/veritasinfo.org\/?s={search_term_string}"},"query-input":{"@type":"PropertyValueSpecification","valueRequired":true,"valueName":"search_term_string"}}],"inLanguage":"en-US"},{"@type":"Person","@id":"https:\/\/veritasinfo.org\/#\/schema\/person\/fe199eede04c3937362892b7444747cc","name":"US6","image":{"@type":"ImageObject","inLanguage":"en-US","@id":"https:\/\/veritasinfo.org\/#\/schema\/person\/image\/","url":"https:\/\/secure.gravatar.com\/avatar\/cb16c3c31c9d23b9b8c705964598220b3014e42ff51eb540ff23cefa3ae8c15f?s=96&d=mm&r=g","contentUrl":"https:\/\/secure.gravatar.com\/avatar\/cb16c3c31c9d23b9b8c705964598220b3014e42ff51eb540ff23cefa3ae8c15f?s=96&d=mm&r=g","caption":"US6"},"url":"https:\/\/veritasinfo.org\/?author=7"}]}},"featured_image_urls":{"full":["https:\/\/veritasinfo.org\/wp-content\/uploads\/2025\/09\/Screenshot-2025-09-17-184015.jpg",1005,548,false],"thumbnail":["https:\/\/veritasinfo.org\/wp-content\/uploads\/2025\/09\/Screenshot-2025-09-17-184015-150x150.jpg",150,150,true],"medium":["https:\/\/veritasinfo.org\/wp-content\/uploads\/2025\/09\/Screenshot-2025-09-17-184015-300x164.jpg",300,164,true],"medium_large":["https:\/\/veritasinfo.org\/wp-content\/uploads\/2025\/09\/Screenshot-2025-09-17-184015-768x419.jpg",640,349,true],"large":["https:\/\/veritasinfo.org\/wp-content\/uploads\/2025\/09\/Screenshot-2025-09-17-184015.jpg",640,349,false],"1536x1536":["https:\/\/veritasinfo.org\/wp-content\/uploads\/2025\/09\/Screenshot-2025-09-17-184015.jpg",1005,548,false],"2048x2048":["https:\/\/veritasinfo.org\/wp-content\/uploads\/2025\/09\/Screenshot-2025-09-17-184015.jpg",1005,548,false],"kreeti-slider-full":["https:\/\/veritasinfo.org\/wp-content\/uploads\/2025\/09\/Screenshot-2025-09-17-184015.jpg",1005,548,false],"kreeti-featured":["https:\/\/veritasinfo.org\/wp-content\/uploads\/2025\/09\/Screenshot-2025-09-17-184015.jpg",1005,548,false],"kreeti-medium":["https:\/\/veritasinfo.org\/wp-content\/uploads\/2025\/09\/Screenshot-2025-09-17-184015.jpg",720,393,false],"kreeti-medium-square":["https:\/\/veritasinfo.org\/wp-content\/uploads\/2025\/09\/Screenshot-2025-09-17-184015.jpg",350,191,false]},"author_info":{"info":["US6"]},"category_info":"<a href=\"https:\/\/veritasinfo.org\/?cat=60\" rel=\"category\">Shoq\u00ebrore<\/a>","tag_info":"Shoq\u00ebrore","comment_count":"0","_links":{"self":[{"href":"https:\/\/veritasinfo.org\/index.php?rest_route=\/wp\/v2\/posts\/12392","targetHints":{"allow":["GET"]}}],"collection":[{"href":"https:\/\/veritasinfo.org\/index.php?rest_route=\/wp\/v2\/posts"}],"about":[{"href":"https:\/\/veritasinfo.org\/index.php?rest_route=\/wp\/v2\/types\/post"}],"author":[{"embeddable":true,"href":"https:\/\/veritasinfo.org\/index.php?rest_route=\/wp\/v2\/users\/7"}],"replies":[{"embeddable":true,"href":"https:\/\/veritasinfo.org\/index.php?rest_route=%2Fwp%2Fv2%2Fcomments&post=12392"}],"version-history":[{"count":1,"href":"https:\/\/veritasinfo.org\/index.php?rest_route=\/wp\/v2\/posts\/12392\/revisions"}],"predecessor-version":[{"id":12394,"href":"https:\/\/veritasinfo.org\/index.php?rest_route=\/wp\/v2\/posts\/12392\/revisions\/12394"}],"wp:featuredmedia":[{"embeddable":true,"href":"https:\/\/veritasinfo.org\/index.php?rest_route=\/wp\/v2\/media\/12393"}],"wp:attachment":[{"href":"https:\/\/veritasinfo.org\/index.php?rest_route=%2Fwp%2Fv2%2Fmedia&parent=12392"}],"wp:term":[{"taxonomy":"category","embeddable":true,"href":"https:\/\/veritasinfo.org\/index.php?rest_route=%2Fwp%2Fv2%2Fcategories&post=12392"},{"taxonomy":"post_tag","embeddable":true,"href":"https:\/\/veritasinfo.org\/index.php?rest_route=%2Fwp%2Fv2%2Ftags&post=12392"}],"curies":[{"name":"wp","href":"https:\/\/api.w.org\/{rel}","templated":true}]}}