{"id":12390,"date":"2025-09-17T18:37:15","date_gmt":"2025-09-17T16:37:15","guid":{"rendered":"https:\/\/veritasinfo.org\/?p=12390"},"modified":"2025-09-17T18:37:15","modified_gmt":"2025-09-17T16:37:15","slug":"politicke-partije-i-kandidati-za-gradonacelnike-obecavaju-investicije-za-poboljsanje-zivotnog-standarda","status":"publish","type":"post","link":"https:\/\/veritasinfo.org\/?p=12390&lang=sr","title":{"rendered":"Politi\u010dke partije i kandidati za gradona\u010delnike obe\u0107avaju investicije za pobolj\u0161anje \u017eivotnog standarda"},"content":{"rendered":"<div class=\"relative basis-auto flex-col -mb-(--composer-overlap-px) [--composer-overlap-px:55px] grow flex overflow-hidden\">\n<div class=\"relative h-full\">\n<div class=\"flex h-full flex-col overflow-y-auto thread-xl:pt-(--header-height) [scrollbar-gutter:stable_both-edges]\">\n<div class=\"flex flex-col text-sm thread-xl:pt-header-height pb-25\">\n<article class=\"text-token-text-primary w-full focus:outline-none scroll-mt-[calc(var(--header-height)+min(200px,max(70px,20svh)))]\" dir=\"auto\" tabindex=\"-1\" data-turn-id=\"request-WEB:20d83fe7-a031-4da1-b440-3c94a21ec450-1\" data-testid=\"conversation-turn-4\" data-scroll-anchor=\"true\" data-turn=\"assistant\">\n<div class=\"text-base my-auto mx-auto pb-10 [--thread-content-margin:--spacing(4)] thread-sm:[--thread-content-margin:--spacing(6)] thread-lg:[--thread-content-margin:--spacing(16)] px-(--thread-content-margin)\">\n<div class=\"[--thread-content-max-width:40rem] thread-lg:[--thread-content-max-width:48rem] mx-auto max-w-(--thread-content-max-width) flex-1 group\/turn-messages focus-visible:outline-hidden relative flex w-full min-w-0 flex-col agent-turn\" tabindex=\"-1\">\n<div class=\"flex max-w-full flex-col grow\">\n<div class=\"min-h-8 text-message relative flex w-full flex-col items-end gap-2 text-start break-words whitespace-normal [.text-message+&amp;]:mt-5\" dir=\"auto\" data-message-author-role=\"assistant\" data-message-id=\"3488d957-0233-43be-b24c-c782db98cb5c\" data-message-model-slug=\"gpt-4o\">\n<div class=\"flex w-full flex-col gap-1 empty:hidden first:pt-[3px]\">\n<div class=\"markdown prose dark:prose-invert w-full break-words light markdown-new-styling\">\n<p data-start=\"46\" data-end=\"189\">Pri\u0161tina, 17. septembar 2025.<\/p>\n<p data-start=\"191\" data-end=\"308\">Politi\u010dke partije Kosova nastavljaju predizborne skupove u okviru kampanje za lokalne izbore zakazane za 12. oktobar.<\/p>\n<p data-start=\"310\" data-end=\"540\">Predsednik Demokratske partije Kosova (PDK), Memlji Krasniqi, boravio je u Klini i Mali\u0161evu, gde je predstavio kandidate za odgovaraju\u0107e op\u0161tine. Krasniqi je pozvao na mobilizaciju partijskih struktura za pobedu PDK-a \u0161irom Kosova.<\/p>\n<p data-start=\"542\" data-end=\"677\">I Samoopredeljenje je nastavio svoje politi\u010dke aktivnosti, sastaju\u0107i se sa pristalicama i gra\u0111anima \u0161irom zemlje.<\/p>\n<p data-start=\"679\" data-end=\"814\">Kandidat za gradona\u010delnika Pri\u0161tine, Hajrulla \u010ceku, odr\u017eao je sastanke sa porodicama Kasumi i Hoti, uklju\u010duju\u0107i i sestru Uk\u0161ina Hotija.<\/p>\n<p data-start=\"816\" data-end=\"1037\">Kandidat za gradona\u010delnika op\u0161tine Vu\u010ditrn, D\u017eafer Tahiri, na skupu sa gra\u0111anima iz nekoliko naselja, obe\u0107ao je nadoknadu \u0161tete lokalnim biznisima.<br data-start=\"963\" data-end=\"966\" \/>Tako\u0111e je obe\u0107ao urbanizaciju i modernizaciju naselja u gradu Vu\u010ditrnu.<\/p>\n<p data-start=\"1039\" data-end=\"1423\">Dok je kandidat za gradona\u010delnika Ju\u017ene Mitrovice, iz redova VV-a, Guxo-a i Alternative, Faton Peci, dao konkretna obe\u0107anja gra\u0111anima, rekav\u0161i da \u0107e promene biti vidljive ve\u0107 u prvih \u0161est meseci njegove uprave.<br data-start=\"1249\" data-end=\"1252\" \/>Peci je izjavio da ima za cilj da pobolj\u0161a \u017eivotni standard gra\u0111ana Mitrovice, isto kao \u0161to je to u\u010dinio za poljoprivrednike tokom svog mandata kao ministar poljoprivrede.<\/p>\n<\/div>\n<\/div>\n<\/div>\n<\/div>\n<\/div>\n<\/div>\n<\/article>\n<\/div>\n<\/div>\n<\/div>\n<\/div>\n<div id=\"thread-bottom-container\" class=\"group\/thread-bottom-container relative isolate z-10 w-full basis-auto has-data-has-thread-error:pt-2 has-data-has-thread-error:[box-shadow:var(--sharp-edge-bottom-shadow)] md:border-transparent md:pt-0 dark:border-white\/20 md:dark:border-transparent content-fade flex flex-col\">\n<div id=\"thread-bottom\">\n<div class=\"text-base mx-auto [--thread-content-margin:--spacing(4)] thread-sm:[--thread-content-margin:--spacing(6)] thread-lg:[--thread-content-margin:--spacing(16)] px-(--thread-content-margin)\">\n<div class=\"[--thread-content-max-width:40rem] thread-lg:[--thread-content-max-width:48rem] mx-auto max-w-(--thread-content-max-width) flex-1\">\n<div class=\"relative z-1 flex h-full max-w-full flex-1 flex-col\">\n<form class=\"group\/composer w-full\" data-expanded=\"\" data-type=\"unified-composer\">\n<div class=\"\">\n<div class=\"bg-token-bg-primary cursor-text overflow-clip bg-clip-padding p-2.5 contain-inline-size dark:bg-[#303030] grid grid-cols-[auto_1fr_auto] [grid-template-areas:'header_header_header'_'leading_primary_trailing'_'._footer_.'] group-data-expanded\/composer:[grid-template-areas:'header_header_header'_'primary_primary_primary'_'leading_footer_trailing'] shadow-short\">\n<div class=\"-my-2.5 flex min-h-14 items-center overflow-x-hidden px-1.5 [grid-area:primary] group-data-expanded\/composer:mb-0 group-data-expanded\/composer:px-2.5\">\n<div class=\"_prosemirror-parent_ebv8s_2 text-token-text-primary max-h-[max(35svh,5rem)] max-h-52 flex-1 overflow-auto [scrollbar-width:thin] default-browser vertical-scroll-fade-mask\"><\/div>\n<\/div>\n<div class=\"-m-1 max-w-full overflow-x-auto p-1 [grid-area:footer] [scrollbar-width:none] group-not-data-expanded\/composer:-mb-12\" data-testid=\"composer-footer-actions\">\n<div class=\"flex min-w-fit items-center gap-1.5 ps-0 pe-1.5\">\n<div data-testid=\"composer-action-file-upload\">\n<div class=\"relative\">\n<div id=\"radix-\u00abRb799miaqj59jl58iqcm\u00bb\" class=\"flex\" aria-haspopup=\"menu\" aria-expanded=\"false\" data-state=\"closed\"><\/div>\n<\/div>\n<\/div>\n<\/div>\n<\/div>\n<\/div>\n<\/div>\n<\/form>\n<\/div>\n<\/div>\n<\/div>\n<\/div>\n<\/div>\n","protected":false},"excerpt":{"rendered":"<p>Pri\u0161tina, 17. septembar 2025. Politi\u010dke partije Kosova nastavljaju predizborne skupove u okviru kampanje za lokalne izbore zakazane za 12. oktobar. Predsednik Demokratske partije Kosova (PDK),<\/p>\n","protected":false},"author":7,"featured_media":12388,"comment_status":"open","ping_status":"open","sticky":false,"template":"","format":"standard","meta":{"footnotes":""},"categories":[42],"tags":[],"class_list":["post-12390","post","type-post","status-publish","format-standard","has-post-thumbnail","hentry","category-blog-sr"],"yoast_head":"<!-- This site is optimized with the Yoast SEO plugin v25.3.1 - https:\/\/yoast.com\/wordpress\/plugins\/seo\/ -->\n<title>Politi\u010dke partije i kandidati za gradona\u010delnike obe\u0107avaju investicije za pobolj\u0161anje \u017eivotnog standarda -<\/title>\n<meta name=\"robots\" content=\"index, follow, max-snippet:-1, max-image-preview:large, max-video-preview:-1\" \/>\n<link rel=\"canonical\" href=\"https:\/\/veritasinfo.org\/?p=12390&lang=sr\" \/>\n<meta property=\"og:locale\" content=\"en_US\" \/>\n<meta property=\"og:type\" content=\"article\" \/>\n<meta property=\"og:title\" content=\"Politi\u010dke partije i kandidati za gradona\u010delnike obe\u0107avaju investicije za pobolj\u0161anje \u017eivotnog standarda -\" \/>\n<meta property=\"og:description\" content=\"Pri\u0161tina, 17. septembar 2025. Politi\u010dke partije Kosova nastavljaju predizborne skupove u okviru kampanje za lokalne izbore zakazane za 12. oktobar. Predsednik Demokratske partije Kosova (PDK),\" \/>\n<meta property=\"og:url\" content=\"https:\/\/veritasinfo.org\/?p=12390&amp;lang=sr\" \/>\n<meta property=\"article:published_time\" content=\"2025-09-17T16:37:15+00:00\" \/>\n<meta property=\"og:image\" content=\"https:\/\/veritasinfo.org\/wp-content\/uploads\/2025\/09\/partite.png\" \/>\n\t<meta property=\"og:image:width\" content=\"705\" \/>\n\t<meta property=\"og:image:height\" content=\"368\" \/>\n\t<meta property=\"og:image:type\" content=\"image\/png\" \/>\n<meta name=\"author\" content=\"US6\" \/>\n<meta name=\"twitter:card\" content=\"summary_large_image\" \/>\n<meta name=\"twitter:label1\" content=\"Written by\" \/>\n\t<meta name=\"twitter:data1\" content=\"US6\" \/>\n\t<meta name=\"twitter:label2\" content=\"Est. reading time\" \/>\n\t<meta name=\"twitter:data2\" content=\"1 minute\" \/>\n<script type=\"application\/ld+json\" class=\"yoast-schema-graph\">{\"@context\":\"https:\/\/schema.org\",\"@graph\":[{\"@type\":\"WebPage\",\"@id\":\"https:\/\/veritasinfo.org\/?p=12390&lang=sr\",\"url\":\"https:\/\/veritasinfo.org\/?p=12390&lang=sr\",\"name\":\"Politi\u010dke partije i kandidati za gradona\u010delnike obe\u0107avaju investicije za pobolj\u0161anje \u017eivotnog standarda -\",\"isPartOf\":{\"@id\":\"https:\/\/veritasinfo.org\/#website\"},\"primaryImageOfPage\":{\"@id\":\"https:\/\/veritasinfo.org\/?p=12390&lang=sr#primaryimage\"},\"image\":{\"@id\":\"https:\/\/veritasinfo.org\/?p=12390&lang=sr#primaryimage\"},\"thumbnailUrl\":\"https:\/\/veritasinfo.org\/wp-content\/uploads\/2025\/09\/partite.png\",\"datePublished\":\"2025-09-17T16:37:15+00:00\",\"author\":{\"@id\":\"https:\/\/veritasinfo.org\/#\/schema\/person\/fe199eede04c3937362892b7444747cc\"},\"breadcrumb\":{\"@id\":\"https:\/\/veritasinfo.org\/?p=12390&lang=sr#breadcrumb\"},\"inLanguage\":\"en-US\",\"potentialAction\":[{\"@type\":\"ReadAction\",\"target\":[\"https:\/\/veritasinfo.org\/?p=12390&lang=sr\"]}]},{\"@type\":\"ImageObject\",\"inLanguage\":\"en-US\",\"@id\":\"https:\/\/veritasinfo.org\/?p=12390&lang=sr#primaryimage\",\"url\":\"https:\/\/veritasinfo.org\/wp-content\/uploads\/2025\/09\/partite.png\",\"contentUrl\":\"https:\/\/veritasinfo.org\/wp-content\/uploads\/2025\/09\/partite.png\",\"width\":705,\"height\":368},{\"@type\":\"BreadcrumbList\",\"@id\":\"https:\/\/veritasinfo.org\/?p=12390&lang=sr#breadcrumb\",\"itemListElement\":[{\"@type\":\"ListItem\",\"position\":1,\"name\":\"Home\",\"item\":\"https:\/\/veritasinfo.org\/\"},{\"@type\":\"ListItem\",\"position\":2,\"name\":\"Politi\u010dke partije i kandidati za gradona\u010delnike obe\u0107avaju investicije za pobolj\u0161anje \u017eivotnog standarda\"}]},{\"@type\":\"WebSite\",\"@id\":\"https:\/\/veritasinfo.org\/#website\",\"url\":\"https:\/\/veritasinfo.org\/\",\"name\":\"\",\"description\":\"\",\"potentialAction\":[{\"@type\":\"SearchAction\",\"target\":{\"@type\":\"EntryPoint\",\"urlTemplate\":\"https:\/\/veritasinfo.org\/?s={search_term_string}\"},\"query-input\":{\"@type\":\"PropertyValueSpecification\",\"valueRequired\":true,\"valueName\":\"search_term_string\"}}],\"inLanguage\":\"en-US\"},{\"@type\":\"Person\",\"@id\":\"https:\/\/veritasinfo.org\/#\/schema\/person\/fe199eede04c3937362892b7444747cc\",\"name\":\"US6\",\"image\":{\"@type\":\"ImageObject\",\"inLanguage\":\"en-US\",\"@id\":\"https:\/\/veritasinfo.org\/#\/schema\/person\/image\/\",\"url\":\"https:\/\/secure.gravatar.com\/avatar\/cb16c3c31c9d23b9b8c705964598220b3014e42ff51eb540ff23cefa3ae8c15f?s=96&d=mm&r=g\",\"contentUrl\":\"https:\/\/secure.gravatar.com\/avatar\/cb16c3c31c9d23b9b8c705964598220b3014e42ff51eb540ff23cefa3ae8c15f?s=96&d=mm&r=g\",\"caption\":\"US6\"},\"url\":\"https:\/\/veritasinfo.org\/?author=7\"}]}<\/script>\n<!-- \/ Yoast SEO plugin. -->","yoast_head_json":{"title":"Politi\u010dke partije i kandidati za gradona\u010delnike obe\u0107avaju investicije za pobolj\u0161anje \u017eivotnog standarda -","robots":{"index":"index","follow":"follow","max-snippet":"max-snippet:-1","max-image-preview":"max-image-preview:large","max-video-preview":"max-video-preview:-1"},"canonical":"https:\/\/veritasinfo.org\/?p=12390&lang=sr","og_locale":"en_US","og_type":"article","og_title":"Politi\u010dke partije i kandidati za gradona\u010delnike obe\u0107avaju investicije za pobolj\u0161anje \u017eivotnog standarda -","og_description":"Pri\u0161tina, 17. septembar 2025. Politi\u010dke partije Kosova nastavljaju predizborne skupove u okviru kampanje za lokalne izbore zakazane za 12. oktobar. Predsednik Demokratske partije Kosova (PDK),","og_url":"https:\/\/veritasinfo.org\/?p=12390&lang=sr","article_published_time":"2025-09-17T16:37:15+00:00","og_image":[{"width":705,"height":368,"url":"https:\/\/veritasinfo.org\/wp-content\/uploads\/2025\/09\/partite.png","type":"image\/png"}],"author":"US6","twitter_card":"summary_large_image","twitter_misc":{"Written by":"US6","Est. reading time":"1 minute"},"schema":{"@context":"https:\/\/schema.org","@graph":[{"@type":"WebPage","@id":"https:\/\/veritasinfo.org\/?p=12390&lang=sr","url":"https:\/\/veritasinfo.org\/?p=12390&lang=sr","name":"Politi\u010dke partije i kandidati za gradona\u010delnike obe\u0107avaju investicije za pobolj\u0161anje \u017eivotnog standarda -","isPartOf":{"@id":"https:\/\/veritasinfo.org\/#website"},"primaryImageOfPage":{"@id":"https:\/\/veritasinfo.org\/?p=12390&lang=sr#primaryimage"},"image":{"@id":"https:\/\/veritasinfo.org\/?p=12390&lang=sr#primaryimage"},"thumbnailUrl":"https:\/\/veritasinfo.org\/wp-content\/uploads\/2025\/09\/partite.png","datePublished":"2025-09-17T16:37:15+00:00","author":{"@id":"https:\/\/veritasinfo.org\/#\/schema\/person\/fe199eede04c3937362892b7444747cc"},"breadcrumb":{"@id":"https:\/\/veritasinfo.org\/?p=12390&lang=sr#breadcrumb"},"inLanguage":"en-US","potentialAction":[{"@type":"ReadAction","target":["https:\/\/veritasinfo.org\/?p=12390&lang=sr"]}]},{"@type":"ImageObject","inLanguage":"en-US","@id":"https:\/\/veritasinfo.org\/?p=12390&lang=sr#primaryimage","url":"https:\/\/veritasinfo.org\/wp-content\/uploads\/2025\/09\/partite.png","contentUrl":"https:\/\/veritasinfo.org\/wp-content\/uploads\/2025\/09\/partite.png","width":705,"height":368},{"@type":"BreadcrumbList","@id":"https:\/\/veritasinfo.org\/?p=12390&lang=sr#breadcrumb","itemListElement":[{"@type":"ListItem","position":1,"name":"Home","item":"https:\/\/veritasinfo.org\/"},{"@type":"ListItem","position":2,"name":"Politi\u010dke partije i kandidati za gradona\u010delnike obe\u0107avaju investicije za pobolj\u0161anje \u017eivotnog standarda"}]},{"@type":"WebSite","@id":"https:\/\/veritasinfo.org\/#website","url":"https:\/\/veritasinfo.org\/","name":"","description":"","potentialAction":[{"@type":"SearchAction","target":{"@type":"EntryPoint","urlTemplate":"https:\/\/veritasinfo.org\/?s={search_term_string}"},"query-input":{"@type":"PropertyValueSpecification","valueRequired":true,"valueName":"search_term_string"}}],"inLanguage":"en-US"},{"@type":"Person","@id":"https:\/\/veritasinfo.org\/#\/schema\/person\/fe199eede04c3937362892b7444747cc","name":"US6","image":{"@type":"ImageObject","inLanguage":"en-US","@id":"https:\/\/veritasinfo.org\/#\/schema\/person\/image\/","url":"https:\/\/secure.gravatar.com\/avatar\/cb16c3c31c9d23b9b8c705964598220b3014e42ff51eb540ff23cefa3ae8c15f?s=96&d=mm&r=g","contentUrl":"https:\/\/secure.gravatar.com\/avatar\/cb16c3c31c9d23b9b8c705964598220b3014e42ff51eb540ff23cefa3ae8c15f?s=96&d=mm&r=g","caption":"US6"},"url":"https:\/\/veritasinfo.org\/?author=7"}]}},"featured_image_urls":{"full":["https:\/\/veritasinfo.org\/wp-content\/uploads\/2025\/09\/partite.png",705,368,false],"thumbnail":["https:\/\/veritasinfo.org\/wp-content\/uploads\/2025\/09\/partite-150x150.png",150,150,true],"medium":["https:\/\/veritasinfo.org\/wp-content\/uploads\/2025\/09\/partite-300x157.png",300,157,true],"medium_large":["https:\/\/veritasinfo.org\/wp-content\/uploads\/2025\/09\/partite.png",640,334,false],"large":["https:\/\/veritasinfo.org\/wp-content\/uploads\/2025\/09\/partite.png",640,334,false],"1536x1536":["https:\/\/veritasinfo.org\/wp-content\/uploads\/2025\/09\/partite.png",705,368,false],"2048x2048":["https:\/\/veritasinfo.org\/wp-content\/uploads\/2025\/09\/partite.png",705,368,false],"kreeti-slider-full":["https:\/\/veritasinfo.org\/wp-content\/uploads\/2025\/09\/partite.png",705,368,false],"kreeti-featured":["https:\/\/veritasinfo.org\/wp-content\/uploads\/2025\/09\/partite.png",705,368,false],"kreeti-medium":["https:\/\/veritasinfo.org\/wp-content\/uploads\/2025\/09\/partite.png",705,368,false],"kreeti-medium-square":["https:\/\/veritasinfo.org\/wp-content\/uploads\/2025\/09\/partite.png",350,183,false]},"author_info":{"info":["US6"]},"category_info":"<a href=\"https:\/\/veritasinfo.org\/?cat=42&#038;lang=sr\" rel=\"category\">Parlamentarni izbori\u00a02025<\/a>","tag_info":"Parlamentarni izbori\u00a02025","comment_count":"0","_links":{"self":[{"href":"https:\/\/veritasinfo.org\/index.php?rest_route=\/wp\/v2\/posts\/12390","targetHints":{"allow":["GET"]}}],"collection":[{"href":"https:\/\/veritasinfo.org\/index.php?rest_route=\/wp\/v2\/posts"}],"about":[{"href":"https:\/\/veritasinfo.org\/index.php?rest_route=\/wp\/v2\/types\/post"}],"author":[{"embeddable":true,"href":"https:\/\/veritasinfo.org\/index.php?rest_route=\/wp\/v2\/users\/7"}],"replies":[{"embeddable":true,"href":"https:\/\/veritasinfo.org\/index.php?rest_route=%2Fwp%2Fv2%2Fcomments&post=12390"}],"version-history":[{"count":1,"href":"https:\/\/veritasinfo.org\/index.php?rest_route=\/wp\/v2\/posts\/12390\/revisions"}],"predecessor-version":[{"id":12391,"href":"https:\/\/veritasinfo.org\/index.php?rest_route=\/wp\/v2\/posts\/12390\/revisions\/12391"}],"wp:featuredmedia":[{"embeddable":true,"href":"https:\/\/veritasinfo.org\/index.php?rest_route=\/wp\/v2\/media\/12388"}],"wp:attachment":[{"href":"https:\/\/veritasinfo.org\/index.php?rest_route=%2Fwp%2Fv2%2Fmedia&parent=12390"}],"wp:term":[{"taxonomy":"category","embeddable":true,"href":"https:\/\/veritasinfo.org\/index.php?rest_route=%2Fwp%2Fv2%2Fcategories&post=12390"},{"taxonomy":"post_tag","embeddable":true,"href":"https:\/\/veritasinfo.org\/index.php?rest_route=%2Fwp%2Fv2%2Ftags&post=12390"}],"curies":[{"name":"wp","href":"https:\/\/api.w.org\/{rel}","templated":true}]}}