{"id":12377,"date":"2025-09-17T16:13:39","date_gmt":"2025-09-17T14:13:39","guid":{"rendered":"https:\/\/veritasinfo.org\/?p=12377"},"modified":"2025-09-17T16:13:39","modified_gmt":"2025-09-17T14:13:39","slug":"maqedonci-e-laksonen-diskutojne-integrimin-euro-atlantik-te-kosoves","status":"publish","type":"post","link":"https:\/\/veritasinfo.org\/?p=12377","title":{"rendered":"Maqedonci e Laksonen diskutojn\u00eb integrimin euro-atlantik t\u00eb Kosov\u00ebs"},"content":{"rendered":"<p><strong>Prishtin\u00eb \u00a017 Shtator 2025<\/strong><\/p>\n<p>Minsitri n\u00eb detyr\u00eb i Mbrojtjes, Ejup Maqedonci, ka pritur n\u00eb takim ambasadoren e re t\u00eb Finland\u00ebs n\u00eb Kosov\u00eb, Eevamari Laaksonen.<\/p>\n<p>Maqedonci dhe ambasadorja Laksonen kan\u00eb biseduar p\u00ebr bashk\u00ebpunimin e deritanish\u00ebm nd\u00ebrmjet Kosov\u00ebs e Finland\u00ebs, q\u00eb, sipas tij, n\u00eb aspektin strategjik ka rol unik p\u00ebr stabilitetin, sigurin\u00eb dhe perspektiv\u00ebn euro-atlantike t\u00eb vendit dhe gjith\u00eb rajonit.<\/p>\n<p>\u201cFinlanda, si shteti me sistemin m\u00eb t\u00eb mir\u00eb t\u00eb arsimit, dhe si vendi me nj\u00eb nd\u00ebr ushtrit\u00eb m\u00eb t\u00eb p\u00ebrgatitura, p\u00ebr Republik\u00ebn e Kosov\u00ebs p\u00ebrb\u00ebn partner t\u00eb r\u00ebnd\u00ebsish\u00ebm p\u00ebr bashk\u00ebpunim, andaj u dakorduam q\u00eb marr\u00ebdh\u00ebniet e shk\u00eblqyera bilaterale t\u00eb vazhdojn\u00eb t\u00eb zhvillohen edhe m\u00eb tutje\u201d, ka shkruar Mqaqedonci n\u00eb \u2018Facebook\u2019.<\/p>\n","protected":false},"excerpt":{"rendered":"<p>Prishtin\u00eb \u00a017 Shtator 2025 Minsitri n\u00eb detyr\u00eb i Mbrojtjes, Ejup Maqedonci, ka pritur n\u00eb takim ambasadoren e re t\u00eb Finland\u00ebs n\u00eb Kosov\u00eb, Eevamari Laaksonen. Maqedonci<\/p>\n","protected":false},"author":6,"featured_media":12378,"comment_status":"open","ping_status":"open","sticky":false,"template":"","format":"standard","meta":{"footnotes":""},"categories":[60],"tags":[],"class_list":["post-12377","post","type-post","status-publish","format-standard","has-post-thumbnail","hentry","category-shoqerore-sq"],"yoast_head":"<!-- This site is optimized with the Yoast SEO plugin v25.3.1 - https:\/\/yoast.com\/wordpress\/plugins\/seo\/ -->\n<title>Maqedonci e Laksonen diskutojn\u00eb integrimin euro-atlantik t\u00eb Kosov\u00ebs -<\/title>\n<meta name=\"robots\" content=\"index, follow, max-snippet:-1, max-image-preview:large, max-video-preview:-1\" \/>\n<link rel=\"canonical\" href=\"https:\/\/veritasinfo.org\/?p=12377\" \/>\n<meta property=\"og:locale\" content=\"en_US\" \/>\n<meta property=\"og:type\" content=\"article\" \/>\n<meta property=\"og:title\" content=\"Maqedonci e Laksonen diskutojn\u00eb integrimin euro-atlantik t\u00eb Kosov\u00ebs -\" \/>\n<meta property=\"og:description\" content=\"Prishtin\u00eb \u00a017 Shtator 2025 Minsitri n\u00eb detyr\u00eb i Mbrojtjes, Ejup Maqedonci, ka pritur n\u00eb takim ambasadoren e re t\u00eb Finland\u00ebs n\u00eb Kosov\u00eb, Eevamari Laaksonen. Maqedonci\" \/>\n<meta property=\"og:url\" content=\"https:\/\/veritasinfo.org\/?p=12377\" \/>\n<meta property=\"article:published_time\" content=\"2025-09-17T14:13:39+00:00\" \/>\n<meta property=\"og:image\" content=\"https:\/\/veritasinfo.org\/wp-content\/uploads\/2025\/09\/rr-1.jpg\" \/>\n\t<meta property=\"og:image:width\" content=\"1601\" \/>\n\t<meta property=\"og:image:height\" content=\"1256\" \/>\n\t<meta property=\"og:image:type\" content=\"image\/jpeg\" \/>\n<meta name=\"author\" content=\"US5\" \/>\n<meta name=\"twitter:card\" content=\"summary_large_image\" \/>\n<meta name=\"twitter:label1\" content=\"Written by\" \/>\n\t<meta name=\"twitter:data1\" content=\"US5\" \/>\n\t<meta name=\"twitter:label2\" content=\"Est. reading time\" \/>\n\t<meta name=\"twitter:data2\" content=\"1 minute\" \/>\n<script type=\"application\/ld+json\" class=\"yoast-schema-graph\">{\"@context\":\"https:\/\/schema.org\",\"@graph\":[{\"@type\":\"WebPage\",\"@id\":\"https:\/\/veritasinfo.org\/?p=12377\",\"url\":\"https:\/\/veritasinfo.org\/?p=12377\",\"name\":\"Maqedonci e Laksonen diskutojn\u00eb integrimin euro-atlantik t\u00eb Kosov\u00ebs -\",\"isPartOf\":{\"@id\":\"https:\/\/veritasinfo.org\/#website\"},\"primaryImageOfPage\":{\"@id\":\"https:\/\/veritasinfo.org\/?p=12377#primaryimage\"},\"image\":{\"@id\":\"https:\/\/veritasinfo.org\/?p=12377#primaryimage\"},\"thumbnailUrl\":\"https:\/\/veritasinfo.org\/wp-content\/uploads\/2025\/09\/rr-1.jpg\",\"datePublished\":\"2025-09-17T14:13:39+00:00\",\"author\":{\"@id\":\"https:\/\/veritasinfo.org\/#\/schema\/person\/bc442336e35414d04494ab8fb45db4c6\"},\"breadcrumb\":{\"@id\":\"https:\/\/veritasinfo.org\/?p=12377#breadcrumb\"},\"inLanguage\":\"en-US\",\"potentialAction\":[{\"@type\":\"ReadAction\",\"target\":[\"https:\/\/veritasinfo.org\/?p=12377\"]}]},{\"@type\":\"ImageObject\",\"inLanguage\":\"en-US\",\"@id\":\"https:\/\/veritasinfo.org\/?p=12377#primaryimage\",\"url\":\"https:\/\/veritasinfo.org\/wp-content\/uploads\/2025\/09\/rr-1.jpg\",\"contentUrl\":\"https:\/\/veritasinfo.org\/wp-content\/uploads\/2025\/09\/rr-1.jpg\",\"width\":1601,\"height\":1256},{\"@type\":\"BreadcrumbList\",\"@id\":\"https:\/\/veritasinfo.org\/?p=12377#breadcrumb\",\"itemListElement\":[{\"@type\":\"ListItem\",\"position\":1,\"name\":\"Home\",\"item\":\"https:\/\/veritasinfo.org\/\"},{\"@type\":\"ListItem\",\"position\":2,\"name\":\"Maqedonci e Laksonen diskutojn\u00eb integrimin euro-atlantik t\u00eb Kosov\u00ebs\"}]},{\"@type\":\"WebSite\",\"@id\":\"https:\/\/veritasinfo.org\/#website\",\"url\":\"https:\/\/veritasinfo.org\/\",\"name\":\"\",\"description\":\"\",\"potentialAction\":[{\"@type\":\"SearchAction\",\"target\":{\"@type\":\"EntryPoint\",\"urlTemplate\":\"https:\/\/veritasinfo.org\/?s={search_term_string}\"},\"query-input\":{\"@type\":\"PropertyValueSpecification\",\"valueRequired\":true,\"valueName\":\"search_term_string\"}}],\"inLanguage\":\"en-US\"},{\"@type\":\"Person\",\"@id\":\"https:\/\/veritasinfo.org\/#\/schema\/person\/bc442336e35414d04494ab8fb45db4c6\",\"name\":\"US5\",\"image\":{\"@type\":\"ImageObject\",\"inLanguage\":\"en-US\",\"@id\":\"https:\/\/veritasinfo.org\/#\/schema\/person\/image\/\",\"url\":\"https:\/\/secure.gravatar.com\/avatar\/16a61e7272a0c5d001121ebb9e60e925d5816e4ac1e443ed3e640d9a6ae55d0c?s=96&d=mm&r=g\",\"contentUrl\":\"https:\/\/secure.gravatar.com\/avatar\/16a61e7272a0c5d001121ebb9e60e925d5816e4ac1e443ed3e640d9a6ae55d0c?s=96&d=mm&r=g\",\"caption\":\"US5\"},\"url\":\"https:\/\/veritasinfo.org\/?author=6\"}]}<\/script>\n<!-- \/ Yoast SEO plugin. -->","yoast_head_json":{"title":"Maqedonci e Laksonen diskutojn\u00eb integrimin euro-atlantik t\u00eb Kosov\u00ebs -","robots":{"index":"index","follow":"follow","max-snippet":"max-snippet:-1","max-image-preview":"max-image-preview:large","max-video-preview":"max-video-preview:-1"},"canonical":"https:\/\/veritasinfo.org\/?p=12377","og_locale":"en_US","og_type":"article","og_title":"Maqedonci e Laksonen diskutojn\u00eb integrimin euro-atlantik t\u00eb Kosov\u00ebs -","og_description":"Prishtin\u00eb \u00a017 Shtator 2025 Minsitri n\u00eb detyr\u00eb i Mbrojtjes, Ejup Maqedonci, ka pritur n\u00eb takim ambasadoren e re t\u00eb Finland\u00ebs n\u00eb Kosov\u00eb, Eevamari Laaksonen. Maqedonci","og_url":"https:\/\/veritasinfo.org\/?p=12377","article_published_time":"2025-09-17T14:13:39+00:00","og_image":[{"width":1601,"height":1256,"url":"https:\/\/veritasinfo.org\/wp-content\/uploads\/2025\/09\/rr-1.jpg","type":"image\/jpeg"}],"author":"US5","twitter_card":"summary_large_image","twitter_misc":{"Written by":"US5","Est. reading time":"1 minute"},"schema":{"@context":"https:\/\/schema.org","@graph":[{"@type":"WebPage","@id":"https:\/\/veritasinfo.org\/?p=12377","url":"https:\/\/veritasinfo.org\/?p=12377","name":"Maqedonci e Laksonen diskutojn\u00eb integrimin euro-atlantik t\u00eb Kosov\u00ebs -","isPartOf":{"@id":"https:\/\/veritasinfo.org\/#website"},"primaryImageOfPage":{"@id":"https:\/\/veritasinfo.org\/?p=12377#primaryimage"},"image":{"@id":"https:\/\/veritasinfo.org\/?p=12377#primaryimage"},"thumbnailUrl":"https:\/\/veritasinfo.org\/wp-content\/uploads\/2025\/09\/rr-1.jpg","datePublished":"2025-09-17T14:13:39+00:00","author":{"@id":"https:\/\/veritasinfo.org\/#\/schema\/person\/bc442336e35414d04494ab8fb45db4c6"},"breadcrumb":{"@id":"https:\/\/veritasinfo.org\/?p=12377#breadcrumb"},"inLanguage":"en-US","potentialAction":[{"@type":"ReadAction","target":["https:\/\/veritasinfo.org\/?p=12377"]}]},{"@type":"ImageObject","inLanguage":"en-US","@id":"https:\/\/veritasinfo.org\/?p=12377#primaryimage","url":"https:\/\/veritasinfo.org\/wp-content\/uploads\/2025\/09\/rr-1.jpg","contentUrl":"https:\/\/veritasinfo.org\/wp-content\/uploads\/2025\/09\/rr-1.jpg","width":1601,"height":1256},{"@type":"BreadcrumbList","@id":"https:\/\/veritasinfo.org\/?p=12377#breadcrumb","itemListElement":[{"@type":"ListItem","position":1,"name":"Home","item":"https:\/\/veritasinfo.org\/"},{"@type":"ListItem","position":2,"name":"Maqedonci e Laksonen diskutojn\u00eb integrimin euro-atlantik t\u00eb Kosov\u00ebs"}]},{"@type":"WebSite","@id":"https:\/\/veritasinfo.org\/#website","url":"https:\/\/veritasinfo.org\/","name":"","description":"","potentialAction":[{"@type":"SearchAction","target":{"@type":"EntryPoint","urlTemplate":"https:\/\/veritasinfo.org\/?s={search_term_string}"},"query-input":{"@type":"PropertyValueSpecification","valueRequired":true,"valueName":"search_term_string"}}],"inLanguage":"en-US"},{"@type":"Person","@id":"https:\/\/veritasinfo.org\/#\/schema\/person\/bc442336e35414d04494ab8fb45db4c6","name":"US5","image":{"@type":"ImageObject","inLanguage":"en-US","@id":"https:\/\/veritasinfo.org\/#\/schema\/person\/image\/","url":"https:\/\/secure.gravatar.com\/avatar\/16a61e7272a0c5d001121ebb9e60e925d5816e4ac1e443ed3e640d9a6ae55d0c?s=96&d=mm&r=g","contentUrl":"https:\/\/secure.gravatar.com\/avatar\/16a61e7272a0c5d001121ebb9e60e925d5816e4ac1e443ed3e640d9a6ae55d0c?s=96&d=mm&r=g","caption":"US5"},"url":"https:\/\/veritasinfo.org\/?author=6"}]}},"featured_image_urls":{"full":["https:\/\/veritasinfo.org\/wp-content\/uploads\/2025\/09\/rr-1.jpg",1601,1256,false],"thumbnail":["https:\/\/veritasinfo.org\/wp-content\/uploads\/2025\/09\/rr-1-150x150.jpg",150,150,true],"medium":["https:\/\/veritasinfo.org\/wp-content\/uploads\/2025\/09\/rr-1-300x235.jpg",300,235,true],"medium_large":["https:\/\/veritasinfo.org\/wp-content\/uploads\/2025\/09\/rr-1-768x603.jpg",640,503,true],"large":["https:\/\/veritasinfo.org\/wp-content\/uploads\/2025\/09\/rr-1-1024x803.jpg",640,502,true],"1536x1536":["https:\/\/veritasinfo.org\/wp-content\/uploads\/2025\/09\/rr-1-1536x1205.jpg",1536,1205,true],"2048x2048":["https:\/\/veritasinfo.org\/wp-content\/uploads\/2025\/09\/rr-1.jpg",1601,1256,false],"kreeti-slider-full":["https:\/\/veritasinfo.org\/wp-content\/uploads\/2025\/09\/rr-1.jpg",918,720,false],"kreeti-featured":["https:\/\/veritasinfo.org\/wp-content\/uploads\/2025\/09\/rr-1.jpg",1024,803,false],"kreeti-medium":["https:\/\/veritasinfo.org\/wp-content\/uploads\/2025\/09\/rr-1.jpg",676,530,false],"kreeti-medium-square":["https:\/\/veritasinfo.org\/wp-content\/uploads\/2025\/09\/rr-1.jpg",350,275,false]},"author_info":{"info":["US5"]},"category_info":"<a href=\"https:\/\/veritasinfo.org\/?cat=60\" rel=\"category\">Shoq\u00ebrore<\/a>","tag_info":"Shoq\u00ebrore","comment_count":"0","_links":{"self":[{"href":"https:\/\/veritasinfo.org\/index.php?rest_route=\/wp\/v2\/posts\/12377","targetHints":{"allow":["GET"]}}],"collection":[{"href":"https:\/\/veritasinfo.org\/index.php?rest_route=\/wp\/v2\/posts"}],"about":[{"href":"https:\/\/veritasinfo.org\/index.php?rest_route=\/wp\/v2\/types\/post"}],"author":[{"embeddable":true,"href":"https:\/\/veritasinfo.org\/index.php?rest_route=\/wp\/v2\/users\/6"}],"replies":[{"embeddable":true,"href":"https:\/\/veritasinfo.org\/index.php?rest_route=%2Fwp%2Fv2%2Fcomments&post=12377"}],"version-history":[{"count":1,"href":"https:\/\/veritasinfo.org\/index.php?rest_route=\/wp\/v2\/posts\/12377\/revisions"}],"predecessor-version":[{"id":12379,"href":"https:\/\/veritasinfo.org\/index.php?rest_route=\/wp\/v2\/posts\/12377\/revisions\/12379"}],"wp:featuredmedia":[{"embeddable":true,"href":"https:\/\/veritasinfo.org\/index.php?rest_route=\/wp\/v2\/media\/12378"}],"wp:attachment":[{"href":"https:\/\/veritasinfo.org\/index.php?rest_route=%2Fwp%2Fv2%2Fmedia&parent=12377"}],"wp:term":[{"taxonomy":"category","embeddable":true,"href":"https:\/\/veritasinfo.org\/index.php?rest_route=%2Fwp%2Fv2%2Fcategories&post=12377"},{"taxonomy":"post_tag","embeddable":true,"href":"https:\/\/veritasinfo.org\/index.php?rest_route=%2Fwp%2Fv2%2Ftags&post=12377"}],"curies":[{"name":"wp","href":"https:\/\/api.w.org\/{rel}","templated":true}]}}