{"id":12374,"date":"2025-09-17T16:00:19","date_gmt":"2025-09-17T14:00:19","guid":{"rendered":"https:\/\/veritasinfo.org\/?p=12374"},"modified":"2025-09-17T16:00:19","modified_gmt":"2025-09-17T14:00:19","slug":"pocinje-glasanje-postom-za-birace-izvan-kosova-na-lokalnim-izborima","status":"publish","type":"post","link":"https:\/\/veritasinfo.org\/?p=12374&lang=sr","title":{"rendered":"Po\u010dinje glasanje po\u0161tom za bira\u010de izvan Kosova na lokalnim izborima"},"content":{"rendered":"<p>Pristina 17 Septembar 2025<\/p>\n<p>Centralna izborna komisija objavljuje da je danas po\u010deo proces glasanja izvan Kosova za gra\u0111ane Kosova koji su se registrovali za glasanje putem po\u0161te na lokalnim izborima za gradona\u010delnike i skup\u0161tine op\u0161tina.<\/p>\n<p>Objavljuje se da \u0107e se ovaj period od 25 dana (17. septembar \u2013 11. oktobar 2025.) primjenjivati \u200b\u200bsamo na 43.933 gra\u0111ana koji su se uspje\u0161no registrovali kao bira\u010di izvan Kosova.<\/p>\n<p>\u201eU skladu s obavezama utvr\u0111enim Izbornom uredbom br. 04\/2025 o registraciji i glasanju izvan Kosova, prema kojoj \u0107e CIK osigurati da gra\u0111ani Kosova registrovani za glasanje putem po\u0161te po\u0161alju paket glasa\u010dkih listi\u0107a po\u0161tom, CIK je pripremio pakete za svakog registrovanog bira\u010da, koji sadr\u017ee dva glasa\u010dka listi\u0107a, jedan za izbore za gradona\u010delnika i jedan za izbore za skup\u0161tine op\u0161tina\u201c, navodi se u saop\u0161tenju CIK-a.<\/p>\n<p>CIK do sada navodi da je poslao pakete glasa\u010dkih listi\u0107a po\u0161tom registrovanim bira\u010dima u nekoliko zemalja, a po\u0161tanske slu\u017ebe \u0107e ih proslijediti registrovanim bira\u010dima na adrese koje su oni naveli tokom procesa registracije. U me\u0111uvremenu, CIK \u0107e nastaviti slati preostale pakete glasa\u010dkih listi\u0107a.<\/p>\n<p>\u201eKoverta koja \u0107e biti poslana bira\u010du sadr\u017ei: glasa\u010dke listi\u0107e; kovertu za tajnost; vodi\u010d s informacijama o tome kako popuniti glasa\u010dke listi\u0107e i kako glasati po\u0161tom; povratnu kovertu i ljepljivu traku. Prilikom glasanja izvan Kosova za glasanje po\u0161tom na lokalnim izborima, du\u017enost bira\u010da je da paket s glasa\u010dkim listi\u0107ima po\u0161alje u jedan od po\u0161tanskih sandu\u010di\u0107a CIK-a. U ve\u0107ini ovih koverti, CIK je prethodno ozna\u010dio adresu po\u0161tanskog sandu\u010di\u0107a u odgovaraju\u0107oj zemlji registrovanog bira\u010da. U slu\u010dajevima kada adresa nije ozna\u010dena od strane CIK-a, bira\u010d mora ozna\u010diti jednu od adresa po\u0161tanskog sandu\u010di\u0107a CIK-a\u201c, navodi se u saop\u0161tenju.<\/p>\n<p>CIK skre\u0107e pa\u017enju registrovanim bira\u010dima na \u010dinjenicu da svaka po\u0161tanska dostava mora biti pojedina\u010dna.<\/p>\n","protected":false},"excerpt":{"rendered":"<p>Pristina 17 Septembar 2025 Centralna izborna komisija objavljuje da je danas po\u010deo proces glasanja izvan Kosova za gra\u0111ane Kosova koji su se registrovali za glasanje<\/p>\n","protected":false},"author":6,"featured_media":12371,"comment_status":"open","ping_status":"open","sticky":false,"template":"","format":"standard","meta":{"footnotes":""},"categories":[42],"tags":[],"class_list":["post-12374","post","type-post","status-publish","format-standard","has-post-thumbnail","hentry","category-blog-sr"],"yoast_head":"<!-- This site is optimized with the Yoast SEO plugin v25.3.1 - https:\/\/yoast.com\/wordpress\/plugins\/seo\/ -->\n<title>Po\u010dinje glasanje po\u0161tom za bira\u010de izvan Kosova na lokalnim izborima -<\/title>\n<meta name=\"robots\" content=\"index, follow, max-snippet:-1, max-image-preview:large, max-video-preview:-1\" \/>\n<link rel=\"canonical\" href=\"https:\/\/veritasinfo.org\/?p=12374&lang=sr\" \/>\n<meta property=\"og:locale\" content=\"en_US\" \/>\n<meta property=\"og:type\" content=\"article\" \/>\n<meta property=\"og:title\" content=\"Po\u010dinje glasanje po\u0161tom za bira\u010de izvan Kosova na lokalnim izborima -\" \/>\n<meta property=\"og:description\" content=\"Pristina 17 Septembar 2025 Centralna izborna komisija objavljuje da je danas po\u010deo proces glasanja izvan Kosova za gra\u0111ane Kosova koji su se registrovali za glasanje\" \/>\n<meta property=\"og:url\" content=\"https:\/\/veritasinfo.org\/?p=12374&amp;lang=sr\" \/>\n<meta property=\"article:published_time\" content=\"2025-09-17T14:00:19+00:00\" \/>\n<meta property=\"og:image\" content=\"https:\/\/veritasinfo.org\/wp-content\/uploads\/2025\/09\/ee-1.jpg\" \/>\n\t<meta property=\"og:image:width\" content=\"780\" \/>\n\t<meta property=\"og:image:height\" content=\"500\" \/>\n\t<meta property=\"og:image:type\" content=\"image\/jpeg\" \/>\n<meta name=\"author\" content=\"US5\" \/>\n<meta name=\"twitter:card\" content=\"summary_large_image\" \/>\n<meta name=\"twitter:label1\" content=\"Written by\" \/>\n\t<meta name=\"twitter:data1\" content=\"US5\" \/>\n\t<meta name=\"twitter:label2\" content=\"Est. reading time\" \/>\n\t<meta name=\"twitter:data2\" content=\"2 minutes\" \/>\n<script type=\"application\/ld+json\" class=\"yoast-schema-graph\">{\"@context\":\"https:\/\/schema.org\",\"@graph\":[{\"@type\":\"WebPage\",\"@id\":\"https:\/\/veritasinfo.org\/?p=12374&lang=sr\",\"url\":\"https:\/\/veritasinfo.org\/?p=12374&lang=sr\",\"name\":\"Po\u010dinje glasanje po\u0161tom za bira\u010de izvan Kosova na lokalnim izborima -\",\"isPartOf\":{\"@id\":\"https:\/\/veritasinfo.org\/#website\"},\"primaryImageOfPage\":{\"@id\":\"https:\/\/veritasinfo.org\/?p=12374&lang=sr#primaryimage\"},\"image\":{\"@id\":\"https:\/\/veritasinfo.org\/?p=12374&lang=sr#primaryimage\"},\"thumbnailUrl\":\"https:\/\/veritasinfo.org\/wp-content\/uploads\/2025\/09\/ee-1.jpg\",\"datePublished\":\"2025-09-17T14:00:19+00:00\",\"author\":{\"@id\":\"https:\/\/veritasinfo.org\/#\/schema\/person\/bc442336e35414d04494ab8fb45db4c6\"},\"breadcrumb\":{\"@id\":\"https:\/\/veritasinfo.org\/?p=12374&lang=sr#breadcrumb\"},\"inLanguage\":\"en-US\",\"potentialAction\":[{\"@type\":\"ReadAction\",\"target\":[\"https:\/\/veritasinfo.org\/?p=12374&lang=sr\"]}]},{\"@type\":\"ImageObject\",\"inLanguage\":\"en-US\",\"@id\":\"https:\/\/veritasinfo.org\/?p=12374&lang=sr#primaryimage\",\"url\":\"https:\/\/veritasinfo.org\/wp-content\/uploads\/2025\/09\/ee-1.jpg\",\"contentUrl\":\"https:\/\/veritasinfo.org\/wp-content\/uploads\/2025\/09\/ee-1.jpg\",\"width\":780,\"height\":500},{\"@type\":\"BreadcrumbList\",\"@id\":\"https:\/\/veritasinfo.org\/?p=12374&lang=sr#breadcrumb\",\"itemListElement\":[{\"@type\":\"ListItem\",\"position\":1,\"name\":\"Home\",\"item\":\"https:\/\/veritasinfo.org\/\"},{\"@type\":\"ListItem\",\"position\":2,\"name\":\"Po\u010dinje glasanje po\u0161tom za bira\u010de izvan Kosova na lokalnim izborima\"}]},{\"@type\":\"WebSite\",\"@id\":\"https:\/\/veritasinfo.org\/#website\",\"url\":\"https:\/\/veritasinfo.org\/\",\"name\":\"\",\"description\":\"\",\"potentialAction\":[{\"@type\":\"SearchAction\",\"target\":{\"@type\":\"EntryPoint\",\"urlTemplate\":\"https:\/\/veritasinfo.org\/?s={search_term_string}\"},\"query-input\":{\"@type\":\"PropertyValueSpecification\",\"valueRequired\":true,\"valueName\":\"search_term_string\"}}],\"inLanguage\":\"en-US\"},{\"@type\":\"Person\",\"@id\":\"https:\/\/veritasinfo.org\/#\/schema\/person\/bc442336e35414d04494ab8fb45db4c6\",\"name\":\"US5\",\"image\":{\"@type\":\"ImageObject\",\"inLanguage\":\"en-US\",\"@id\":\"https:\/\/veritasinfo.org\/#\/schema\/person\/image\/\",\"url\":\"https:\/\/secure.gravatar.com\/avatar\/16a61e7272a0c5d001121ebb9e60e925d5816e4ac1e443ed3e640d9a6ae55d0c?s=96&d=mm&r=g\",\"contentUrl\":\"https:\/\/secure.gravatar.com\/avatar\/16a61e7272a0c5d001121ebb9e60e925d5816e4ac1e443ed3e640d9a6ae55d0c?s=96&d=mm&r=g\",\"caption\":\"US5\"},\"url\":\"https:\/\/veritasinfo.org\/?author=6\"}]}<\/script>\n<!-- \/ Yoast SEO plugin. -->","yoast_head_json":{"title":"Po\u010dinje glasanje po\u0161tom za bira\u010de izvan Kosova na lokalnim izborima -","robots":{"index":"index","follow":"follow","max-snippet":"max-snippet:-1","max-image-preview":"max-image-preview:large","max-video-preview":"max-video-preview:-1"},"canonical":"https:\/\/veritasinfo.org\/?p=12374&lang=sr","og_locale":"en_US","og_type":"article","og_title":"Po\u010dinje glasanje po\u0161tom za bira\u010de izvan Kosova na lokalnim izborima -","og_description":"Pristina 17 Septembar 2025 Centralna izborna komisija objavljuje da je danas po\u010deo proces glasanja izvan Kosova za gra\u0111ane Kosova koji su se registrovali za glasanje","og_url":"https:\/\/veritasinfo.org\/?p=12374&lang=sr","article_published_time":"2025-09-17T14:00:19+00:00","og_image":[{"width":780,"height":500,"url":"https:\/\/veritasinfo.org\/wp-content\/uploads\/2025\/09\/ee-1.jpg","type":"image\/jpeg"}],"author":"US5","twitter_card":"summary_large_image","twitter_misc":{"Written by":"US5","Est. reading time":"2 minutes"},"schema":{"@context":"https:\/\/schema.org","@graph":[{"@type":"WebPage","@id":"https:\/\/veritasinfo.org\/?p=12374&lang=sr","url":"https:\/\/veritasinfo.org\/?p=12374&lang=sr","name":"Po\u010dinje glasanje po\u0161tom za bira\u010de izvan Kosova na lokalnim izborima -","isPartOf":{"@id":"https:\/\/veritasinfo.org\/#website"},"primaryImageOfPage":{"@id":"https:\/\/veritasinfo.org\/?p=12374&lang=sr#primaryimage"},"image":{"@id":"https:\/\/veritasinfo.org\/?p=12374&lang=sr#primaryimage"},"thumbnailUrl":"https:\/\/veritasinfo.org\/wp-content\/uploads\/2025\/09\/ee-1.jpg","datePublished":"2025-09-17T14:00:19+00:00","author":{"@id":"https:\/\/veritasinfo.org\/#\/schema\/person\/bc442336e35414d04494ab8fb45db4c6"},"breadcrumb":{"@id":"https:\/\/veritasinfo.org\/?p=12374&lang=sr#breadcrumb"},"inLanguage":"en-US","potentialAction":[{"@type":"ReadAction","target":["https:\/\/veritasinfo.org\/?p=12374&lang=sr"]}]},{"@type":"ImageObject","inLanguage":"en-US","@id":"https:\/\/veritasinfo.org\/?p=12374&lang=sr#primaryimage","url":"https:\/\/veritasinfo.org\/wp-content\/uploads\/2025\/09\/ee-1.jpg","contentUrl":"https:\/\/veritasinfo.org\/wp-content\/uploads\/2025\/09\/ee-1.jpg","width":780,"height":500},{"@type":"BreadcrumbList","@id":"https:\/\/veritasinfo.org\/?p=12374&lang=sr#breadcrumb","itemListElement":[{"@type":"ListItem","position":1,"name":"Home","item":"https:\/\/veritasinfo.org\/"},{"@type":"ListItem","position":2,"name":"Po\u010dinje glasanje po\u0161tom za bira\u010de izvan Kosova na lokalnim izborima"}]},{"@type":"WebSite","@id":"https:\/\/veritasinfo.org\/#website","url":"https:\/\/veritasinfo.org\/","name":"","description":"","potentialAction":[{"@type":"SearchAction","target":{"@type":"EntryPoint","urlTemplate":"https:\/\/veritasinfo.org\/?s={search_term_string}"},"query-input":{"@type":"PropertyValueSpecification","valueRequired":true,"valueName":"search_term_string"}}],"inLanguage":"en-US"},{"@type":"Person","@id":"https:\/\/veritasinfo.org\/#\/schema\/person\/bc442336e35414d04494ab8fb45db4c6","name":"US5","image":{"@type":"ImageObject","inLanguage":"en-US","@id":"https:\/\/veritasinfo.org\/#\/schema\/person\/image\/","url":"https:\/\/secure.gravatar.com\/avatar\/16a61e7272a0c5d001121ebb9e60e925d5816e4ac1e443ed3e640d9a6ae55d0c?s=96&d=mm&r=g","contentUrl":"https:\/\/secure.gravatar.com\/avatar\/16a61e7272a0c5d001121ebb9e60e925d5816e4ac1e443ed3e640d9a6ae55d0c?s=96&d=mm&r=g","caption":"US5"},"url":"https:\/\/veritasinfo.org\/?author=6"}]}},"featured_image_urls":{"full":["https:\/\/veritasinfo.org\/wp-content\/uploads\/2025\/09\/ee-1.jpg",780,500,false],"thumbnail":["https:\/\/veritasinfo.org\/wp-content\/uploads\/2025\/09\/ee-1-150x150.jpg",150,150,true],"medium":["https:\/\/veritasinfo.org\/wp-content\/uploads\/2025\/09\/ee-1-300x192.jpg",300,192,true],"medium_large":["https:\/\/veritasinfo.org\/wp-content\/uploads\/2025\/09\/ee-1-768x492.jpg",640,410,true],"large":["https:\/\/veritasinfo.org\/wp-content\/uploads\/2025\/09\/ee-1.jpg",640,410,false],"1536x1536":["https:\/\/veritasinfo.org\/wp-content\/uploads\/2025\/09\/ee-1.jpg",780,500,false],"2048x2048":["https:\/\/veritasinfo.org\/wp-content\/uploads\/2025\/09\/ee-1.jpg",780,500,false],"kreeti-slider-full":["https:\/\/veritasinfo.org\/wp-content\/uploads\/2025\/09\/ee-1.jpg",780,500,false],"kreeti-featured":["https:\/\/veritasinfo.org\/wp-content\/uploads\/2025\/09\/ee-1.jpg",780,500,false],"kreeti-medium":["https:\/\/veritasinfo.org\/wp-content\/uploads\/2025\/09\/ee-1.jpg",720,462,false],"kreeti-medium-square":["https:\/\/veritasinfo.org\/wp-content\/uploads\/2025\/09\/ee-1.jpg",350,224,false]},"author_info":{"info":["US5"]},"category_info":"<a href=\"https:\/\/veritasinfo.org\/?cat=42&#038;lang=sr\" rel=\"category\">Parlamentarni izbori\u00a02025<\/a>","tag_info":"Parlamentarni izbori\u00a02025","comment_count":"0","_links":{"self":[{"href":"https:\/\/veritasinfo.org\/index.php?rest_route=\/wp\/v2\/posts\/12374","targetHints":{"allow":["GET"]}}],"collection":[{"href":"https:\/\/veritasinfo.org\/index.php?rest_route=\/wp\/v2\/posts"}],"about":[{"href":"https:\/\/veritasinfo.org\/index.php?rest_route=\/wp\/v2\/types\/post"}],"author":[{"embeddable":true,"href":"https:\/\/veritasinfo.org\/index.php?rest_route=\/wp\/v2\/users\/6"}],"replies":[{"embeddable":true,"href":"https:\/\/veritasinfo.org\/index.php?rest_route=%2Fwp%2Fv2%2Fcomments&post=12374"}],"version-history":[{"count":1,"href":"https:\/\/veritasinfo.org\/index.php?rest_route=\/wp\/v2\/posts\/12374\/revisions"}],"predecessor-version":[{"id":12375,"href":"https:\/\/veritasinfo.org\/index.php?rest_route=\/wp\/v2\/posts\/12374\/revisions\/12375"}],"wp:featuredmedia":[{"embeddable":true,"href":"https:\/\/veritasinfo.org\/index.php?rest_route=\/wp\/v2\/media\/12371"}],"wp:attachment":[{"href":"https:\/\/veritasinfo.org\/index.php?rest_route=%2Fwp%2Fv2%2Fmedia&parent=12374"}],"wp:term":[{"taxonomy":"category","embeddable":true,"href":"https:\/\/veritasinfo.org\/index.php?rest_route=%2Fwp%2Fv2%2Fcategories&post=12374"},{"taxonomy":"post_tag","embeddable":true,"href":"https:\/\/veritasinfo.org\/index.php?rest_route=%2Fwp%2Fv2%2Ftags&post=12374"}],"curies":[{"name":"wp","href":"https:\/\/api.w.org\/{rel}","templated":true}]}}