{"id":12347,"date":"2025-09-17T13:55:11","date_gmt":"2025-09-17T11:55:11","guid":{"rendered":"https:\/\/veritasinfo.org\/?p=12347"},"modified":"2025-09-17T13:57:18","modified_gmt":"2025-09-17T11:57:18","slug":"serbia-po-perpiqet-te-nderhyje-ne-procesin-zgjedhor-ne-kosove","status":"publish","type":"post","link":"https:\/\/veritasinfo.org\/?p=12347","title":{"rendered":"Serbia po p\u00ebrpiqet t\u00eb nd\u00ebrhyj\u00eb n\u00eb procesin zgjedhor n\u00eb Kosov\u00eb"},"content":{"rendered":"<p>Prishtin\u00eb, 17 shtator 2025<\/p>\n<p>Nd\u00ebrsa po afrohen zgjedhjet lokale n\u00eb Kosov\u00eb t\u00eb caktuara p\u00ebr 12 tetor 2025, b\u00ebhet gjithnj\u00eb e m\u00eb e qart\u00eb se Serbia po p\u00ebrfshihet aktivisht n\u00eb procesin zgjedhor. Duke iu b\u00ebr\u00eb thirrje personave t\u00eb zhvendosur nga Kosova q\u00eb t\u00eb marrin pjes\u00eb\u00a0n\u00eb\u00a0zgjedhje, Beogradi i fton ata t\u00eb votojn\u00eb n\u00eb zgjedhjet n\u00eb Kosov\u00eb, duke theksuar r\u00ebnd\u00ebsin\u00eb e \u00e7do vote p\u00ebr &#8220;mbijetes\u00ebn n\u00eb vatrat shekullore&#8221;.<\/p>\n<p>Megjithat\u00eb, pas k\u00ebtyre mesazheve fshihet nj\u00eb agjend\u00eb politike q\u00eb favorizon ekskluzivisht List\u00ebn Serbe \u2013 partin\u00eb q\u00eb g\u00ebzon mb\u00ebshtetjen e plot\u00eb t\u00eb autoriteteve n\u00eb Beograd dhe q\u00eb prej vitesh funksionon si nj\u00eb zgjatim i regjimit serb. Kjo e b\u00ebn t\u00eb pakuptimt\u00eb procesin demokratik n\u00eb Kosov\u00eb, sepse n\u00eb vend t\u00eb nj\u00eb zgjedhjeje t\u00eb lir\u00eb t\u00eb qytetar\u00ebve, imponohet vet\u00ebm nj\u00eb mund\u00ebsi.<\/p>\n<p>Nj\u00eb nd\u00ebrhyrje e till\u00eb nga Serbia e v\u00ebshtir\u00ebson edhe m\u00eb shum\u00eb situat\u00ebn tashm\u00eb t\u00eb nd\u00ebrlikuar n\u00eb Kosov\u00eb dhe d\u00ebrgon mesazhin se Beogradi nuk \u00ebsht\u00eb i gatsh\u00ebm t\u00eb pranoj\u00eb pluralizmin demokratik mes serb\u00ebve n\u00eb Kosov\u00eb. Nj\u00ebkoh\u00ebsisht, kjo ushtron presion mbi personat e zhvendosur brenda vendit, t\u00eb cil\u00ebt po instrumentalizohen p\u00ebr q\u00ebllime politike, nd\u00ebrsa problemet reale dhe nevojat jet\u00ebsore t\u00eb tyre mbeten n\u00eb plan t\u00eb dyt\u00eb.<\/p>\n<p>Rezultati i k\u00ebtij qasjeje mund t\u00eb jet\u00eb vet\u00ebm nj\u00eb polarizim i m\u00ebtejsh\u00ebm dhe thellim i ndarjeve politike, n\u00eb vend t\u00eb krijimit t\u00eb kushteve p\u00ebr zgjedhje t\u00eb lira dhe t\u00eb ndershme, ku serb\u00ebt n\u00eb Kosov\u00eb t\u00eb mund t\u00eb zgjedhin v\u00ebrtet, dhe jo q\u00eb zgjedhja t\u2019u diktohet nga Beogradi.<\/p>\n","protected":false},"excerpt":{"rendered":"<p>Prishtin\u00eb, 17 shtator 2025 Nd\u00ebrsa po afrohen zgjedhjet lokale n\u00eb Kosov\u00eb t\u00eb caktuara p\u00ebr 12 tetor 2025, b\u00ebhet gjithnj\u00eb e m\u00eb e qart\u00eb se Serbia<\/p>\n","protected":false},"author":7,"featured_media":12348,"comment_status":"open","ping_status":"open","sticky":false,"template":"","format":"standard","meta":{"footnotes":""},"categories":[58],"tags":[],"class_list":["post-12347","post","type-post","status-publish","format-standard","has-post-thumbnail","hentry","category-politike-sq"],"yoast_head":"<!-- This site is optimized with the Yoast SEO plugin v25.3.1 - https:\/\/yoast.com\/wordpress\/plugins\/seo\/ -->\n<title>Serbia po p\u00ebrpiqet t\u00eb nd\u00ebrhyj\u00eb n\u00eb procesin zgjedhor n\u00eb Kosov\u00eb -<\/title>\n<meta name=\"robots\" content=\"index, follow, max-snippet:-1, max-image-preview:large, max-video-preview:-1\" \/>\n<link rel=\"canonical\" href=\"https:\/\/veritasinfo.org\/?p=12347\" \/>\n<meta property=\"og:locale\" content=\"en_US\" \/>\n<meta property=\"og:type\" content=\"article\" \/>\n<meta property=\"og:title\" content=\"Serbia po p\u00ebrpiqet t\u00eb nd\u00ebrhyj\u00eb n\u00eb procesin zgjedhor n\u00eb Kosov\u00eb -\" \/>\n<meta property=\"og:description\" content=\"Prishtin\u00eb, 17 shtator 2025 Nd\u00ebrsa po afrohen zgjedhjet lokale n\u00eb Kosov\u00eb t\u00eb caktuara p\u00ebr 12 tetor 2025, b\u00ebhet gjithnj\u00eb e m\u00eb e qart\u00eb se Serbia\" \/>\n<meta property=\"og:url\" content=\"https:\/\/veritasinfo.org\/?p=12347\" \/>\n<meta property=\"article:published_time\" content=\"2025-09-17T11:55:11+00:00\" \/>\n<meta property=\"article:modified_time\" content=\"2025-09-17T11:57:18+00:00\" \/>\n<meta property=\"og:image\" content=\"https:\/\/veritasinfo.org\/wp-content\/uploads\/2025\/09\/WhatsApp-Image-2025-09-17-at-13.52.06_ae116c42.jpg\" \/>\n\t<meta property=\"og:image:width\" content=\"1280\" \/>\n\t<meta property=\"og:image:height\" content=\"611\" \/>\n\t<meta property=\"og:image:type\" content=\"image\/jpeg\" \/>\n<meta name=\"author\" content=\"US6\" \/>\n<meta name=\"twitter:card\" content=\"summary_large_image\" \/>\n<meta name=\"twitter:label1\" content=\"Written by\" \/>\n\t<meta name=\"twitter:data1\" content=\"US6\" \/>\n\t<meta name=\"twitter:label2\" content=\"Est. reading time\" \/>\n\t<meta name=\"twitter:data2\" content=\"2 minutes\" \/>\n<script type=\"application\/ld+json\" class=\"yoast-schema-graph\">{\"@context\":\"https:\/\/schema.org\",\"@graph\":[{\"@type\":\"WebPage\",\"@id\":\"https:\/\/veritasinfo.org\/?p=12347\",\"url\":\"https:\/\/veritasinfo.org\/?p=12347\",\"name\":\"Serbia po p\u00ebrpiqet t\u00eb nd\u00ebrhyj\u00eb n\u00eb procesin zgjedhor n\u00eb Kosov\u00eb -\",\"isPartOf\":{\"@id\":\"https:\/\/veritasinfo.org\/#website\"},\"primaryImageOfPage\":{\"@id\":\"https:\/\/veritasinfo.org\/?p=12347#primaryimage\"},\"image\":{\"@id\":\"https:\/\/veritasinfo.org\/?p=12347#primaryimage\"},\"thumbnailUrl\":\"https:\/\/veritasinfo.org\/wp-content\/uploads\/2025\/09\/WhatsApp-Image-2025-09-17-at-13.52.06_ae116c42.jpg\",\"datePublished\":\"2025-09-17T11:55:11+00:00\",\"dateModified\":\"2025-09-17T11:57:18+00:00\",\"author\":{\"@id\":\"https:\/\/veritasinfo.org\/#\/schema\/person\/fe199eede04c3937362892b7444747cc\"},\"breadcrumb\":{\"@id\":\"https:\/\/veritasinfo.org\/?p=12347#breadcrumb\"},\"inLanguage\":\"en-US\",\"potentialAction\":[{\"@type\":\"ReadAction\",\"target\":[\"https:\/\/veritasinfo.org\/?p=12347\"]}]},{\"@type\":\"ImageObject\",\"inLanguage\":\"en-US\",\"@id\":\"https:\/\/veritasinfo.org\/?p=12347#primaryimage\",\"url\":\"https:\/\/veritasinfo.org\/wp-content\/uploads\/2025\/09\/WhatsApp-Image-2025-09-17-at-13.52.06_ae116c42.jpg\",\"contentUrl\":\"https:\/\/veritasinfo.org\/wp-content\/uploads\/2025\/09\/WhatsApp-Image-2025-09-17-at-13.52.06_ae116c42.jpg\",\"width\":1280,\"height\":611},{\"@type\":\"BreadcrumbList\",\"@id\":\"https:\/\/veritasinfo.org\/?p=12347#breadcrumb\",\"itemListElement\":[{\"@type\":\"ListItem\",\"position\":1,\"name\":\"Home\",\"item\":\"https:\/\/veritasinfo.org\/\"},{\"@type\":\"ListItem\",\"position\":2,\"name\":\"Serbia po p\u00ebrpiqet t\u00eb nd\u00ebrhyj\u00eb n\u00eb procesin zgjedhor n\u00eb Kosov\u00eb\"}]},{\"@type\":\"WebSite\",\"@id\":\"https:\/\/veritasinfo.org\/#website\",\"url\":\"https:\/\/veritasinfo.org\/\",\"name\":\"\",\"description\":\"\",\"potentialAction\":[{\"@type\":\"SearchAction\",\"target\":{\"@type\":\"EntryPoint\",\"urlTemplate\":\"https:\/\/veritasinfo.org\/?s={search_term_string}\"},\"query-input\":{\"@type\":\"PropertyValueSpecification\",\"valueRequired\":true,\"valueName\":\"search_term_string\"}}],\"inLanguage\":\"en-US\"},{\"@type\":\"Person\",\"@id\":\"https:\/\/veritasinfo.org\/#\/schema\/person\/fe199eede04c3937362892b7444747cc\",\"name\":\"US6\",\"image\":{\"@type\":\"ImageObject\",\"inLanguage\":\"en-US\",\"@id\":\"https:\/\/veritasinfo.org\/#\/schema\/person\/image\/\",\"url\":\"https:\/\/secure.gravatar.com\/avatar\/cb16c3c31c9d23b9b8c705964598220b3014e42ff51eb540ff23cefa3ae8c15f?s=96&d=mm&r=g\",\"contentUrl\":\"https:\/\/secure.gravatar.com\/avatar\/cb16c3c31c9d23b9b8c705964598220b3014e42ff51eb540ff23cefa3ae8c15f?s=96&d=mm&r=g\",\"caption\":\"US6\"},\"url\":\"https:\/\/veritasinfo.org\/?author=7\"}]}<\/script>\n<!-- \/ Yoast SEO plugin. -->","yoast_head_json":{"title":"Serbia po p\u00ebrpiqet t\u00eb nd\u00ebrhyj\u00eb n\u00eb procesin zgjedhor n\u00eb Kosov\u00eb -","robots":{"index":"index","follow":"follow","max-snippet":"max-snippet:-1","max-image-preview":"max-image-preview:large","max-video-preview":"max-video-preview:-1"},"canonical":"https:\/\/veritasinfo.org\/?p=12347","og_locale":"en_US","og_type":"article","og_title":"Serbia po p\u00ebrpiqet t\u00eb nd\u00ebrhyj\u00eb n\u00eb procesin zgjedhor n\u00eb Kosov\u00eb -","og_description":"Prishtin\u00eb, 17 shtator 2025 Nd\u00ebrsa po afrohen zgjedhjet lokale n\u00eb Kosov\u00eb t\u00eb caktuara p\u00ebr 12 tetor 2025, b\u00ebhet gjithnj\u00eb e m\u00eb e qart\u00eb se Serbia","og_url":"https:\/\/veritasinfo.org\/?p=12347","article_published_time":"2025-09-17T11:55:11+00:00","article_modified_time":"2025-09-17T11:57:18+00:00","og_image":[{"width":1280,"height":611,"url":"https:\/\/veritasinfo.org\/wp-content\/uploads\/2025\/09\/WhatsApp-Image-2025-09-17-at-13.52.06_ae116c42.jpg","type":"image\/jpeg"}],"author":"US6","twitter_card":"summary_large_image","twitter_misc":{"Written by":"US6","Est. reading time":"2 minutes"},"schema":{"@context":"https:\/\/schema.org","@graph":[{"@type":"WebPage","@id":"https:\/\/veritasinfo.org\/?p=12347","url":"https:\/\/veritasinfo.org\/?p=12347","name":"Serbia po p\u00ebrpiqet t\u00eb nd\u00ebrhyj\u00eb n\u00eb procesin zgjedhor n\u00eb Kosov\u00eb -","isPartOf":{"@id":"https:\/\/veritasinfo.org\/#website"},"primaryImageOfPage":{"@id":"https:\/\/veritasinfo.org\/?p=12347#primaryimage"},"image":{"@id":"https:\/\/veritasinfo.org\/?p=12347#primaryimage"},"thumbnailUrl":"https:\/\/veritasinfo.org\/wp-content\/uploads\/2025\/09\/WhatsApp-Image-2025-09-17-at-13.52.06_ae116c42.jpg","datePublished":"2025-09-17T11:55:11+00:00","dateModified":"2025-09-17T11:57:18+00:00","author":{"@id":"https:\/\/veritasinfo.org\/#\/schema\/person\/fe199eede04c3937362892b7444747cc"},"breadcrumb":{"@id":"https:\/\/veritasinfo.org\/?p=12347#breadcrumb"},"inLanguage":"en-US","potentialAction":[{"@type":"ReadAction","target":["https:\/\/veritasinfo.org\/?p=12347"]}]},{"@type":"ImageObject","inLanguage":"en-US","@id":"https:\/\/veritasinfo.org\/?p=12347#primaryimage","url":"https:\/\/veritasinfo.org\/wp-content\/uploads\/2025\/09\/WhatsApp-Image-2025-09-17-at-13.52.06_ae116c42.jpg","contentUrl":"https:\/\/veritasinfo.org\/wp-content\/uploads\/2025\/09\/WhatsApp-Image-2025-09-17-at-13.52.06_ae116c42.jpg","width":1280,"height":611},{"@type":"BreadcrumbList","@id":"https:\/\/veritasinfo.org\/?p=12347#breadcrumb","itemListElement":[{"@type":"ListItem","position":1,"name":"Home","item":"https:\/\/veritasinfo.org\/"},{"@type":"ListItem","position":2,"name":"Serbia po p\u00ebrpiqet t\u00eb nd\u00ebrhyj\u00eb n\u00eb procesin zgjedhor n\u00eb Kosov\u00eb"}]},{"@type":"WebSite","@id":"https:\/\/veritasinfo.org\/#website","url":"https:\/\/veritasinfo.org\/","name":"","description":"","potentialAction":[{"@type":"SearchAction","target":{"@type":"EntryPoint","urlTemplate":"https:\/\/veritasinfo.org\/?s={search_term_string}"},"query-input":{"@type":"PropertyValueSpecification","valueRequired":true,"valueName":"search_term_string"}}],"inLanguage":"en-US"},{"@type":"Person","@id":"https:\/\/veritasinfo.org\/#\/schema\/person\/fe199eede04c3937362892b7444747cc","name":"US6","image":{"@type":"ImageObject","inLanguage":"en-US","@id":"https:\/\/veritasinfo.org\/#\/schema\/person\/image\/","url":"https:\/\/secure.gravatar.com\/avatar\/cb16c3c31c9d23b9b8c705964598220b3014e42ff51eb540ff23cefa3ae8c15f?s=96&d=mm&r=g","contentUrl":"https:\/\/secure.gravatar.com\/avatar\/cb16c3c31c9d23b9b8c705964598220b3014e42ff51eb540ff23cefa3ae8c15f?s=96&d=mm&r=g","caption":"US6"},"url":"https:\/\/veritasinfo.org\/?author=7"}]}},"featured_image_urls":{"full":["https:\/\/veritasinfo.org\/wp-content\/uploads\/2025\/09\/WhatsApp-Image-2025-09-17-at-13.52.06_ae116c42.jpg",1280,611,false],"thumbnail":["https:\/\/veritasinfo.org\/wp-content\/uploads\/2025\/09\/WhatsApp-Image-2025-09-17-at-13.52.06_ae116c42-150x150.jpg",150,150,true],"medium":["https:\/\/veritasinfo.org\/wp-content\/uploads\/2025\/09\/WhatsApp-Image-2025-09-17-at-13.52.06_ae116c42-300x143.jpg",300,143,true],"medium_large":["https:\/\/veritasinfo.org\/wp-content\/uploads\/2025\/09\/WhatsApp-Image-2025-09-17-at-13.52.06_ae116c42-768x367.jpg",640,306,true],"large":["https:\/\/veritasinfo.org\/wp-content\/uploads\/2025\/09\/WhatsApp-Image-2025-09-17-at-13.52.06_ae116c42-1024x489.jpg",640,306,true],"1536x1536":["https:\/\/veritasinfo.org\/wp-content\/uploads\/2025\/09\/WhatsApp-Image-2025-09-17-at-13.52.06_ae116c42.jpg",1280,611,false],"2048x2048":["https:\/\/veritasinfo.org\/wp-content\/uploads\/2025\/09\/WhatsApp-Image-2025-09-17-at-13.52.06_ae116c42.jpg",1280,611,false],"kreeti-slider-full":["https:\/\/veritasinfo.org\/wp-content\/uploads\/2025\/09\/WhatsApp-Image-2025-09-17-at-13.52.06_ae116c42.jpg",1280,611,false],"kreeti-featured":["https:\/\/veritasinfo.org\/wp-content\/uploads\/2025\/09\/WhatsApp-Image-2025-09-17-at-13.52.06_ae116c42.jpg",1024,489,false],"kreeti-medium":["https:\/\/veritasinfo.org\/wp-content\/uploads\/2025\/09\/WhatsApp-Image-2025-09-17-at-13.52.06_ae116c42.jpg",720,344,false],"kreeti-medium-square":["https:\/\/veritasinfo.org\/wp-content\/uploads\/2025\/09\/WhatsApp-Image-2025-09-17-at-13.52.06_ae116c42.jpg",350,167,false]},"author_info":{"info":["US6"]},"category_info":"<a href=\"https:\/\/veritasinfo.org\/?cat=58\" rel=\"category\">Politik\u00eb<\/a>","tag_info":"Politik\u00eb","comment_count":"0","_links":{"self":[{"href":"https:\/\/veritasinfo.org\/index.php?rest_route=\/wp\/v2\/posts\/12347","targetHints":{"allow":["GET"]}}],"collection":[{"href":"https:\/\/veritasinfo.org\/index.php?rest_route=\/wp\/v2\/posts"}],"about":[{"href":"https:\/\/veritasinfo.org\/index.php?rest_route=\/wp\/v2\/types\/post"}],"author":[{"embeddable":true,"href":"https:\/\/veritasinfo.org\/index.php?rest_route=\/wp\/v2\/users\/7"}],"replies":[{"embeddable":true,"href":"https:\/\/veritasinfo.org\/index.php?rest_route=%2Fwp%2Fv2%2Fcomments&post=12347"}],"version-history":[{"count":1,"href":"https:\/\/veritasinfo.org\/index.php?rest_route=\/wp\/v2\/posts\/12347\/revisions"}],"predecessor-version":[{"id":12349,"href":"https:\/\/veritasinfo.org\/index.php?rest_route=\/wp\/v2\/posts\/12347\/revisions\/12349"}],"wp:featuredmedia":[{"embeddable":true,"href":"https:\/\/veritasinfo.org\/index.php?rest_route=\/wp\/v2\/media\/12348"}],"wp:attachment":[{"href":"https:\/\/veritasinfo.org\/index.php?rest_route=%2Fwp%2Fv2%2Fmedia&parent=12347"}],"wp:term":[{"taxonomy":"category","embeddable":true,"href":"https:\/\/veritasinfo.org\/index.php?rest_route=%2Fwp%2Fv2%2Fcategories&post=12347"},{"taxonomy":"post_tag","embeddable":true,"href":"https:\/\/veritasinfo.org\/index.php?rest_route=%2Fwp%2Fv2%2Ftags&post=12347"}],"curies":[{"name":"wp","href":"https:\/\/api.w.org\/{rel}","templated":true}]}}