{"id":12338,"date":"2025-09-17T13:29:54","date_gmt":"2025-09-17T11:29:54","guid":{"rendered":"https:\/\/veritasinfo.org\/?p=12338"},"modified":"2025-09-17T13:29:54","modified_gmt":"2025-09-17T11:29:54","slug":"kurti-mirepriti-te-rinjte-nga-rajoni-qe-po-marrin-pjese-ne-forumin-rinor-ne-prishtine","status":"publish","type":"post","link":"https:\/\/veritasinfo.org\/?p=12338","title":{"rendered":"Kurti mir\u00ebpriti t\u00eb rinjt\u00eb nga rajoni q\u00eb po marrin pjes\u00eb n\u00eb Forumin Rinor n\u00eb Prishtin\u00eb"},"content":{"rendered":"<p><strong>Prishtin\u00eb \u00a017 Shtator 2025<\/strong><\/p>\n<p>Kryeministri n\u00eb detyr\u00eb i Republik\u00ebs s\u00eb Kosov\u00ebs, Albin Kurti, mir\u00ebpriti sot n\u00eb m\u00ebngjes n\u00eb Nd\u00ebrtes\u00ebn e Qeveris\u00eb t\u00eb rinjt\u00eb nga Kosova dhe vendet e rajonit, Shqip\u00ebria, Bosnja dhe Hercegovina, Maqedonia e Veriut, Mali i Zi dhe Serbia.<\/p>\n<p>N\u00eb kuad\u00ebr t\u00eb Procesit t\u00eb Berlinit mbahet \u00e7do vit edhe Forumi Rinor, q\u00eb k\u00ebsaj radhe p\u00ebr here t\u00eb pare po mbahet n\u00eb Prishtin\u00eb.<\/p>\n<p>Me k\u00ebt\u00eb rast, Kurti shprehu k\u00ebnaq\u00ebsin\u00eb q\u00eb forumi po zhvillohet n\u00eb Kosov\u00eb, duke e cil\u00ebsuar si vendi i duhur p\u00ebr t\u00eb rinjt\u00eb q\u00eb t\u00eb takohen, t\u00eb zhvillojn\u00eb diskutime p\u00ebr t\u00eb kaluar\u00ebn dhe t\u00eb punojn\u00eb s\u00eb bashku p\u00ebr nj\u00eb t\u00eb ardhme m\u00eb t\u00eb mir\u00eb.<\/p>\n<p>Ai rikujtoi progresin n\u00eb kuad\u00ebr t\u00eb Procesit t\u00eb Berlinit dhe pes\u00eb marr\u00ebveshjet rajonale t\u00eb n\u00ebnshkruara n\u00eb tri vitet e fundit q\u00eb leht\u00ebsojn\u00eb l\u00ebvishm\u00ebrin\u00eb, ve\u00e7an\u00ebrisht p\u00ebr student\u00ebt dhe pun\u00ebtor\u00ebt, duke ve\u00e7uar \u201cMarr\u00ebveshjen p\u00ebr Arsimin e Lart\u00eb\u201d dhe \u201cNjohjen e Profesioneve\u201d.<\/p>\n<p>Ai shprehu k\u00ebnaq\u00ebsin\u00eb q\u00eb t\u00eb rinjt\u00eb nga Bosnja dhe Hercegovina nuk kan\u00eb pasur nevoj\u00eb p\u00ebr viz\u00eb p\u00ebr t\u00eb ardhur n\u00eb Kosov\u00eb dhe theksoi se pengesa p\u00ebr t\u00eb rinjt\u00eb e Kosov\u00ebs q\u00eb t\u00eb udh\u00ebtojn\u00eb pa viza n\u00eb Bosnje dhe Hercegovin\u00eb duhet t\u00eb hiqet.<\/p>\n<p>Kurti theksoi p\u00ebrkushtimin e Qeveris\u00eb p\u00ebr t\u00eb krijuar mund\u00ebsi p\u00ebr t\u00eb rinjt\u00eb p\u00ebrmes arsimit publik falas, bursave dhe arsimit dual, si dhe r\u00ebnd\u00ebsin\u00eb e demokracis\u00eb, liris\u00eb s\u00eb medias dhe debatit t\u00eb hapur.<\/p>\n<p>Ai inkurajoi t\u00eb rinjt\u00eb t\u00eb marrin pjes\u00eb n\u00eb shk\u00ebmbime, aktivitete kulturore dhe sportive, si dhe t\u00eb m\u00ebsojn\u00eb gjuh\u00ebt e nj\u00ebri-tjetrit.<\/p>\n<p>\u201cMe mendje t\u00eb hapur dhe gatishm\u00ebri p\u00ebr t\u00eb d\u00ebgjuar, mund t\u2019i p\u00ebrballoni edhe debatet m\u00eb t\u00eb v\u00ebshtira dhe prap\u00eb t\u00eb gjeni pika t\u00eb p\u00ebrbashk\u00ebta\u201d tha ai, duke u uruar forum produktiv dhe q\u00ebndrim t\u00eb k\u00ebndsh\u00ebm n\u00eb Prishtin\u00eb.<\/p>\n","protected":false},"excerpt":{"rendered":"<p>Prishtin\u00eb \u00a017 Shtator 2025 Kryeministri n\u00eb detyr\u00eb i Republik\u00ebs s\u00eb Kosov\u00ebs, Albin Kurti, mir\u00ebpriti sot n\u00eb m\u00ebngjes n\u00eb Nd\u00ebrtes\u00ebn e Qeveris\u00eb t\u00eb rinjt\u00eb nga Kosova<\/p>\n","protected":false},"author":6,"featured_media":12330,"comment_status":"open","ping_status":"open","sticky":false,"template":"","format":"standard","meta":{"footnotes":""},"categories":[60],"tags":[],"class_list":["post-12338","post","type-post","status-publish","format-standard","has-post-thumbnail","hentry","category-shoqerore-sq"],"yoast_head":"<!-- This site is optimized with the Yoast SEO plugin v25.3.1 - https:\/\/yoast.com\/wordpress\/plugins\/seo\/ -->\n<title>Kurti mir\u00ebpriti t\u00eb rinjt\u00eb nga rajoni q\u00eb po marrin pjes\u00eb n\u00eb Forumin Rinor n\u00eb Prishtin\u00eb -<\/title>\n<meta name=\"robots\" content=\"index, follow, max-snippet:-1, max-image-preview:large, max-video-preview:-1\" \/>\n<link rel=\"canonical\" href=\"https:\/\/veritasinfo.org\/?p=12338\" \/>\n<meta property=\"og:locale\" content=\"en_US\" \/>\n<meta property=\"og:type\" content=\"article\" \/>\n<meta property=\"og:title\" content=\"Kurti mir\u00ebpriti t\u00eb rinjt\u00eb nga rajoni q\u00eb po marrin pjes\u00eb n\u00eb Forumin Rinor n\u00eb Prishtin\u00eb -\" \/>\n<meta property=\"og:description\" content=\"Prishtin\u00eb \u00a017 Shtator 2025 Kryeministri n\u00eb detyr\u00eb i Republik\u00ebs s\u00eb Kosov\u00ebs, Albin Kurti, mir\u00ebpriti sot n\u00eb m\u00ebngjes n\u00eb Nd\u00ebrtes\u00ebn e Qeveris\u00eb t\u00eb rinjt\u00eb nga Kosova\" \/>\n<meta property=\"og:url\" content=\"https:\/\/veritasinfo.org\/?p=12338\" \/>\n<meta property=\"article:published_time\" content=\"2025-09-17T11:29:54+00:00\" \/>\n<meta property=\"og:image\" content=\"https:\/\/veritasinfo.org\/wp-content\/uploads\/2025\/09\/dddty.jpg\" \/>\n\t<meta property=\"og:image:width\" content=\"2048\" \/>\n\t<meta property=\"og:image:height\" content=\"1365\" \/>\n\t<meta property=\"og:image:type\" content=\"image\/jpeg\" \/>\n<meta name=\"author\" content=\"US5\" \/>\n<meta name=\"twitter:card\" content=\"summary_large_image\" \/>\n<meta name=\"twitter:label1\" content=\"Written by\" \/>\n\t<meta name=\"twitter:data1\" content=\"US5\" \/>\n\t<meta name=\"twitter:label2\" content=\"Est. reading time\" \/>\n\t<meta name=\"twitter:data2\" content=\"2 minutes\" \/>\n<script type=\"application\/ld+json\" class=\"yoast-schema-graph\">{\"@context\":\"https:\/\/schema.org\",\"@graph\":[{\"@type\":\"WebPage\",\"@id\":\"https:\/\/veritasinfo.org\/?p=12338\",\"url\":\"https:\/\/veritasinfo.org\/?p=12338\",\"name\":\"Kurti mir\u00ebpriti t\u00eb rinjt\u00eb nga rajoni q\u00eb po marrin pjes\u00eb n\u00eb Forumin Rinor n\u00eb Prishtin\u00eb -\",\"isPartOf\":{\"@id\":\"https:\/\/veritasinfo.org\/#website\"},\"primaryImageOfPage\":{\"@id\":\"https:\/\/veritasinfo.org\/?p=12338#primaryimage\"},\"image\":{\"@id\":\"https:\/\/veritasinfo.org\/?p=12338#primaryimage\"},\"thumbnailUrl\":\"https:\/\/veritasinfo.org\/wp-content\/uploads\/2025\/09\/dddty.jpg\",\"datePublished\":\"2025-09-17T11:29:54+00:00\",\"author\":{\"@id\":\"https:\/\/veritasinfo.org\/#\/schema\/person\/bc442336e35414d04494ab8fb45db4c6\"},\"breadcrumb\":{\"@id\":\"https:\/\/veritasinfo.org\/?p=12338#breadcrumb\"},\"inLanguage\":\"en-US\",\"potentialAction\":[{\"@type\":\"ReadAction\",\"target\":[\"https:\/\/veritasinfo.org\/?p=12338\"]}]},{\"@type\":\"ImageObject\",\"inLanguage\":\"en-US\",\"@id\":\"https:\/\/veritasinfo.org\/?p=12338#primaryimage\",\"url\":\"https:\/\/veritasinfo.org\/wp-content\/uploads\/2025\/09\/dddty.jpg\",\"contentUrl\":\"https:\/\/veritasinfo.org\/wp-content\/uploads\/2025\/09\/dddty.jpg\",\"width\":2048,\"height\":1365},{\"@type\":\"BreadcrumbList\",\"@id\":\"https:\/\/veritasinfo.org\/?p=12338#breadcrumb\",\"itemListElement\":[{\"@type\":\"ListItem\",\"position\":1,\"name\":\"Home\",\"item\":\"https:\/\/veritasinfo.org\/\"},{\"@type\":\"ListItem\",\"position\":2,\"name\":\"Kurti mir\u00ebpriti t\u00eb rinjt\u00eb nga rajoni q\u00eb po marrin pjes\u00eb n\u00eb Forumin Rinor n\u00eb Prishtin\u00eb\"}]},{\"@type\":\"WebSite\",\"@id\":\"https:\/\/veritasinfo.org\/#website\",\"url\":\"https:\/\/veritasinfo.org\/\",\"name\":\"\",\"description\":\"\",\"potentialAction\":[{\"@type\":\"SearchAction\",\"target\":{\"@type\":\"EntryPoint\",\"urlTemplate\":\"https:\/\/veritasinfo.org\/?s={search_term_string}\"},\"query-input\":{\"@type\":\"PropertyValueSpecification\",\"valueRequired\":true,\"valueName\":\"search_term_string\"}}],\"inLanguage\":\"en-US\"},{\"@type\":\"Person\",\"@id\":\"https:\/\/veritasinfo.org\/#\/schema\/person\/bc442336e35414d04494ab8fb45db4c6\",\"name\":\"US5\",\"image\":{\"@type\":\"ImageObject\",\"inLanguage\":\"en-US\",\"@id\":\"https:\/\/veritasinfo.org\/#\/schema\/person\/image\/\",\"url\":\"https:\/\/secure.gravatar.com\/avatar\/16a61e7272a0c5d001121ebb9e60e925d5816e4ac1e443ed3e640d9a6ae55d0c?s=96&d=mm&r=g\",\"contentUrl\":\"https:\/\/secure.gravatar.com\/avatar\/16a61e7272a0c5d001121ebb9e60e925d5816e4ac1e443ed3e640d9a6ae55d0c?s=96&d=mm&r=g\",\"caption\":\"US5\"},\"url\":\"https:\/\/veritasinfo.org\/?author=6\"}]}<\/script>\n<!-- \/ Yoast SEO plugin. -->","yoast_head_json":{"title":"Kurti mir\u00ebpriti t\u00eb rinjt\u00eb nga rajoni q\u00eb po marrin pjes\u00eb n\u00eb Forumin Rinor n\u00eb Prishtin\u00eb -","robots":{"index":"index","follow":"follow","max-snippet":"max-snippet:-1","max-image-preview":"max-image-preview:large","max-video-preview":"max-video-preview:-1"},"canonical":"https:\/\/veritasinfo.org\/?p=12338","og_locale":"en_US","og_type":"article","og_title":"Kurti mir\u00ebpriti t\u00eb rinjt\u00eb nga rajoni q\u00eb po marrin pjes\u00eb n\u00eb Forumin Rinor n\u00eb Prishtin\u00eb -","og_description":"Prishtin\u00eb \u00a017 Shtator 2025 Kryeministri n\u00eb detyr\u00eb i Republik\u00ebs s\u00eb Kosov\u00ebs, Albin Kurti, mir\u00ebpriti sot n\u00eb m\u00ebngjes n\u00eb Nd\u00ebrtes\u00ebn e Qeveris\u00eb t\u00eb rinjt\u00eb nga Kosova","og_url":"https:\/\/veritasinfo.org\/?p=12338","article_published_time":"2025-09-17T11:29:54+00:00","og_image":[{"width":2048,"height":1365,"url":"https:\/\/veritasinfo.org\/wp-content\/uploads\/2025\/09\/dddty.jpg","type":"image\/jpeg"}],"author":"US5","twitter_card":"summary_large_image","twitter_misc":{"Written by":"US5","Est. reading time":"2 minutes"},"schema":{"@context":"https:\/\/schema.org","@graph":[{"@type":"WebPage","@id":"https:\/\/veritasinfo.org\/?p=12338","url":"https:\/\/veritasinfo.org\/?p=12338","name":"Kurti mir\u00ebpriti t\u00eb rinjt\u00eb nga rajoni q\u00eb po marrin pjes\u00eb n\u00eb Forumin Rinor n\u00eb Prishtin\u00eb -","isPartOf":{"@id":"https:\/\/veritasinfo.org\/#website"},"primaryImageOfPage":{"@id":"https:\/\/veritasinfo.org\/?p=12338#primaryimage"},"image":{"@id":"https:\/\/veritasinfo.org\/?p=12338#primaryimage"},"thumbnailUrl":"https:\/\/veritasinfo.org\/wp-content\/uploads\/2025\/09\/dddty.jpg","datePublished":"2025-09-17T11:29:54+00:00","author":{"@id":"https:\/\/veritasinfo.org\/#\/schema\/person\/bc442336e35414d04494ab8fb45db4c6"},"breadcrumb":{"@id":"https:\/\/veritasinfo.org\/?p=12338#breadcrumb"},"inLanguage":"en-US","potentialAction":[{"@type":"ReadAction","target":["https:\/\/veritasinfo.org\/?p=12338"]}]},{"@type":"ImageObject","inLanguage":"en-US","@id":"https:\/\/veritasinfo.org\/?p=12338#primaryimage","url":"https:\/\/veritasinfo.org\/wp-content\/uploads\/2025\/09\/dddty.jpg","contentUrl":"https:\/\/veritasinfo.org\/wp-content\/uploads\/2025\/09\/dddty.jpg","width":2048,"height":1365},{"@type":"BreadcrumbList","@id":"https:\/\/veritasinfo.org\/?p=12338#breadcrumb","itemListElement":[{"@type":"ListItem","position":1,"name":"Home","item":"https:\/\/veritasinfo.org\/"},{"@type":"ListItem","position":2,"name":"Kurti mir\u00ebpriti t\u00eb rinjt\u00eb nga rajoni q\u00eb po marrin pjes\u00eb n\u00eb Forumin Rinor n\u00eb Prishtin\u00eb"}]},{"@type":"WebSite","@id":"https:\/\/veritasinfo.org\/#website","url":"https:\/\/veritasinfo.org\/","name":"","description":"","potentialAction":[{"@type":"SearchAction","target":{"@type":"EntryPoint","urlTemplate":"https:\/\/veritasinfo.org\/?s={search_term_string}"},"query-input":{"@type":"PropertyValueSpecification","valueRequired":true,"valueName":"search_term_string"}}],"inLanguage":"en-US"},{"@type":"Person","@id":"https:\/\/veritasinfo.org\/#\/schema\/person\/bc442336e35414d04494ab8fb45db4c6","name":"US5","image":{"@type":"ImageObject","inLanguage":"en-US","@id":"https:\/\/veritasinfo.org\/#\/schema\/person\/image\/","url":"https:\/\/secure.gravatar.com\/avatar\/16a61e7272a0c5d001121ebb9e60e925d5816e4ac1e443ed3e640d9a6ae55d0c?s=96&d=mm&r=g","contentUrl":"https:\/\/secure.gravatar.com\/avatar\/16a61e7272a0c5d001121ebb9e60e925d5816e4ac1e443ed3e640d9a6ae55d0c?s=96&d=mm&r=g","caption":"US5"},"url":"https:\/\/veritasinfo.org\/?author=6"}]}},"featured_image_urls":{"full":["https:\/\/veritasinfo.org\/wp-content\/uploads\/2025\/09\/dddty.jpg",2048,1365,false],"thumbnail":["https:\/\/veritasinfo.org\/wp-content\/uploads\/2025\/09\/dddty-150x150.jpg",150,150,true],"medium":["https:\/\/veritasinfo.org\/wp-content\/uploads\/2025\/09\/dddty-300x200.jpg",300,200,true],"medium_large":["https:\/\/veritasinfo.org\/wp-content\/uploads\/2025\/09\/dddty-768x512.jpg",640,427,true],"large":["https:\/\/veritasinfo.org\/wp-content\/uploads\/2025\/09\/dddty-1024x683.jpg",640,427,true],"1536x1536":["https:\/\/veritasinfo.org\/wp-content\/uploads\/2025\/09\/dddty-1536x1024.jpg",1536,1024,true],"2048x2048":["https:\/\/veritasinfo.org\/wp-content\/uploads\/2025\/09\/dddty.jpg",2048,1365,false],"kreeti-slider-full":["https:\/\/veritasinfo.org\/wp-content\/uploads\/2025\/09\/dddty.jpg",1080,720,false],"kreeti-featured":["https:\/\/veritasinfo.org\/wp-content\/uploads\/2025\/09\/dddty.jpg",1024,683,false],"kreeti-medium":["https:\/\/veritasinfo.org\/wp-content\/uploads\/2025\/09\/dddty.jpg",720,480,false],"kreeti-medium-square":["https:\/\/veritasinfo.org\/wp-content\/uploads\/2025\/09\/dddty.jpg",350,233,false]},"author_info":{"info":["US5"]},"category_info":"<a href=\"https:\/\/veritasinfo.org\/?cat=60\" rel=\"category\">Shoq\u00ebrore<\/a>","tag_info":"Shoq\u00ebrore","comment_count":"0","_links":{"self":[{"href":"https:\/\/veritasinfo.org\/index.php?rest_route=\/wp\/v2\/posts\/12338","targetHints":{"allow":["GET"]}}],"collection":[{"href":"https:\/\/veritasinfo.org\/index.php?rest_route=\/wp\/v2\/posts"}],"about":[{"href":"https:\/\/veritasinfo.org\/index.php?rest_route=\/wp\/v2\/types\/post"}],"author":[{"embeddable":true,"href":"https:\/\/veritasinfo.org\/index.php?rest_route=\/wp\/v2\/users\/6"}],"replies":[{"embeddable":true,"href":"https:\/\/veritasinfo.org\/index.php?rest_route=%2Fwp%2Fv2%2Fcomments&post=12338"}],"version-history":[{"count":1,"href":"https:\/\/veritasinfo.org\/index.php?rest_route=\/wp\/v2\/posts\/12338\/revisions"}],"predecessor-version":[{"id":12339,"href":"https:\/\/veritasinfo.org\/index.php?rest_route=\/wp\/v2\/posts\/12338\/revisions\/12339"}],"wp:featuredmedia":[{"embeddable":true,"href":"https:\/\/veritasinfo.org\/index.php?rest_route=\/wp\/v2\/media\/12330"}],"wp:attachment":[{"href":"https:\/\/veritasinfo.org\/index.php?rest_route=%2Fwp%2Fv2%2Fmedia&parent=12338"}],"wp:term":[{"taxonomy":"category","embeddable":true,"href":"https:\/\/veritasinfo.org\/index.php?rest_route=%2Fwp%2Fv2%2Fcategories&post=12338"},{"taxonomy":"post_tag","embeddable":true,"href":"https:\/\/veritasinfo.org\/index.php?rest_route=%2Fwp%2Fv2%2Ftags&post=12338"}],"curies":[{"name":"wp","href":"https:\/\/api.w.org\/{rel}","templated":true}]}}