{"id":12313,"date":"2025-09-17T11:30:42","date_gmt":"2025-09-17T09:30:42","guid":{"rendered":"https:\/\/veritasinfo.org\/?p=12313"},"modified":"2025-09-17T11:30:42","modified_gmt":"2025-09-17T09:30:42","slug":"sherbimi-i-detyrueshem-ushtarak-ne-serbi-kamberi-shpreh-shqetesimin-e-shqiptareve-te-lugines-se-presheves","status":"publish","type":"post","link":"https:\/\/veritasinfo.org\/?p=12313","title":{"rendered":"Sh\u00ebrbimi i detyruesh\u00ebm ushtarak n\u00eb Serbi, Kamberi shpreh shqet\u00ebsimin e shqiptar\u00ebve t\u00eb Lugin\u00ebs s\u00eb Preshev\u00ebs"},"content":{"rendered":"<p>Preshev\u00eb, 17 shtator 2025<\/p>\n<p>Deputeti shqiptar n\u00eb Parlamentin e Serbis\u00eb, Shaip Kamberi ka shprehur shqet\u00ebsimin p\u00ebr shqiptar\u00ebt e Lugin\u00ebs s\u00eb Preshev\u00ebs n\u00eb lidhje me sh\u00ebrbimin e detyruesh\u00ebm ushtarak. Ai n\u00eb nj\u00eb postim n\u00eb facebook, ka th\u00ebn\u00eb se kjo nism\u00eb ngjall\u00eb shqet\u00ebsim te shqiptar\u00ebt e Lugin\u00ebs s\u00eb Preshev\u00ebs.<\/p>\n<p>\u201cAktualisht, n\u00eb Serbi, jan\u00eb duke u b\u00ebr\u00eb p\u00ebrgatitjet e fundit p\u00ebr futjen n\u00eb funksion t\u00eb sh\u00ebrbimit t\u00eb detyruesh\u00ebm ushtarak.<\/p>\n<p>Kjo nism\u00eb ngjall\u00eb shqet\u00ebsim te shqiptar\u00ebt n\u00eb Lugin\u00eb t\u00eb Preshev\u00ebs p\u00ebr shkak t\u00eb p\u00ebrvojave t\u00eb dhimbshme historike n\u00eb trajtimin diskriminues dhe tragjedit\u00eb e p\u00ebsuara n\u00eb t\u00eb kaluar\u00ebn nga t\u00eb rinjt\u00eb shqiptar\u00eb q\u00eb ishin n\u00eb sh\u00ebrbim n\u00eb APJ. Kujtesa kolektive e shqiptar\u00ebve \u00ebsht\u00eb akoma e r\u00ebnd\u00eb p\u00ebr ato pasoja tragjike.<\/p>\n<p>Prandaj, n\u00eb procedur\u00eb parlamentare, sot, dor\u00ebzova Propozimin p\u00ebr themelimin e nj\u00eb Komisioni t\u00eb posa\u00e7\u00ebm, me mandat p\u00ebr t\u00eb zbardhur rastet e vdekjeve t\u00eb 135 ushtar\u00ebve shqiptar\u00eb n\u00eb radh\u00ebt e Armat\u00ebs Popullore t\u00eb Jugosllavis\u00eb (APJ) gjat\u00eb viteve \u201980.<\/p>\n<p>Shum\u00eb nga k\u00ebto raste, t\u00eb regjistruara si \u201cvet\u00ebvrasje\u201d, \u201caksidente\u201d apo \u201cshkelje disiplinore\u201d, u konsideruan t\u00eb dyshimta nga familjet e viktimave, t\u00eb cilat shpesh raportuan shenja dhune mbi trupat e kthyer.<\/p>\n<p>Mungesa e hetimeve t\u00eb pavarura dhe transparenc\u00ebs ka forcuar bindjen se kemi t\u00eb b\u00ebjm\u00eb me vrasje me motive etnike dhe politike, n\u00eb nj\u00eb periudh\u00eb kur shqiptar\u00ebt n\u00eb APJ p\u00ebrballeshin me diskriminim, stigmatizim dhe armiq\u00ebsi t\u00eb hapur.<\/p>\n<p>Ky fenomen ka mbetur i heshtur e i padokumentuar n\u00eb diskursin publik n\u00eb Serbi, duke reflektuar nj\u00eb munges\u00eb serioze t\u00eb p\u00ebrballjes me t\u00eb kaluar\u00ebn dhe t\u00eb diskriminimit institucional ndaj shqiptar\u00ebve.<\/p>\n<p>Prandaj, \u00ebsht\u00eb koha q\u00eb Kuvendi t\u00eb marr\u00eb p\u00ebrgjegj\u00ebsi dhe t\u00eb krijoj\u00eb nj\u00eb Komision t\u00eb posa\u00e7\u00ebm, i cili, p\u00ebrve\u00e7 deputet\u00ebve, do t\u00eb p\u00ebrfshinte edhe p\u00ebrfaq\u00ebsues t\u00eb shoq\u00ebris\u00eb civile dhe t\u00eb komunitetit shqiptar, p\u00ebr nj\u00eb proces t\u00eb drejt\u00eb, transparent dhe gjith\u00ebp\u00ebrfshir\u00ebs.<\/p>\n<p>Drejt\u00ebsia p\u00ebr viktimat \u00ebsht\u00eb gurthemeli i pajtimit dhe i nj\u00eb t\u00eb ardhmeje m\u00eb t\u00eb mir\u00eb p\u00ebr t\u00eb gjith\u00eb\u201d.<\/p>\n","protected":false},"excerpt":{"rendered":"<p>Preshev\u00eb, 17 shtator 2025 Deputeti shqiptar n\u00eb Parlamentin e Serbis\u00eb, Shaip Kamberi ka shprehur shqet\u00ebsimin p\u00ebr shqiptar\u00ebt e Lugin\u00ebs s\u00eb Preshev\u00ebs n\u00eb lidhje me sh\u00ebrbimin<\/p>\n","protected":false},"author":7,"featured_media":12316,"comment_status":"open","ping_status":"open","sticky":false,"template":"","format":"standard","meta":{"footnotes":""},"categories":[58],"tags":[],"class_list":["post-12313","post","type-post","status-publish","format-standard","has-post-thumbnail","hentry","category-politike-sq"],"yoast_head":"<!-- This site is optimized with the Yoast SEO plugin v25.3.1 - https:\/\/yoast.com\/wordpress\/plugins\/seo\/ -->\n<title>Sh\u00ebrbimi i detyruesh\u00ebm ushtarak n\u00eb Serbi, Kamberi shpreh shqet\u00ebsimin e shqiptar\u00ebve t\u00eb Lugin\u00ebs s\u00eb Preshev\u00ebs -<\/title>\n<meta name=\"robots\" content=\"index, follow, max-snippet:-1, max-image-preview:large, max-video-preview:-1\" \/>\n<link rel=\"canonical\" href=\"https:\/\/veritasinfo.org\/?p=12313\" \/>\n<meta property=\"og:locale\" content=\"en_US\" \/>\n<meta property=\"og:type\" content=\"article\" \/>\n<meta property=\"og:title\" content=\"Sh\u00ebrbimi i detyruesh\u00ebm ushtarak n\u00eb Serbi, Kamberi shpreh shqet\u00ebsimin e shqiptar\u00ebve t\u00eb Lugin\u00ebs s\u00eb Preshev\u00ebs -\" \/>\n<meta property=\"og:description\" content=\"Preshev\u00eb, 17 shtator 2025 Deputeti shqiptar n\u00eb Parlamentin e Serbis\u00eb, Shaip Kamberi ka shprehur shqet\u00ebsimin p\u00ebr shqiptar\u00ebt e Lugin\u00ebs s\u00eb Preshev\u00ebs n\u00eb lidhje me sh\u00ebrbimin\" \/>\n<meta property=\"og:url\" content=\"https:\/\/veritasinfo.org\/?p=12313\" \/>\n<meta property=\"article:published_time\" content=\"2025-09-17T09:30:42+00:00\" \/>\n<meta property=\"og:image\" content=\"https:\/\/veritasinfo.org\/wp-content\/uploads\/2025\/09\/548132978_1251214363475523_3955516128273812652_n.jpg\" \/>\n\t<meta property=\"og:image:width\" content=\"1170\" \/>\n\t<meta property=\"og:image:height\" content=\"1591\" \/>\n\t<meta property=\"og:image:type\" content=\"image\/jpeg\" \/>\n<meta name=\"author\" content=\"US6\" \/>\n<meta name=\"twitter:card\" content=\"summary_large_image\" \/>\n<meta name=\"twitter:label1\" content=\"Written by\" \/>\n\t<meta name=\"twitter:data1\" content=\"US6\" \/>\n\t<meta name=\"twitter:label2\" content=\"Est. reading time\" \/>\n\t<meta name=\"twitter:data2\" content=\"2 minutes\" \/>\n<script type=\"application\/ld+json\" class=\"yoast-schema-graph\">{\"@context\":\"https:\/\/schema.org\",\"@graph\":[{\"@type\":\"WebPage\",\"@id\":\"https:\/\/veritasinfo.org\/?p=12313\",\"url\":\"https:\/\/veritasinfo.org\/?p=12313\",\"name\":\"Sh\u00ebrbimi i detyruesh\u00ebm ushtarak n\u00eb Serbi, Kamberi shpreh shqet\u00ebsimin e shqiptar\u00ebve t\u00eb Lugin\u00ebs s\u00eb Preshev\u00ebs -\",\"isPartOf\":{\"@id\":\"https:\/\/veritasinfo.org\/#website\"},\"primaryImageOfPage\":{\"@id\":\"https:\/\/veritasinfo.org\/?p=12313#primaryimage\"},\"image\":{\"@id\":\"https:\/\/veritasinfo.org\/?p=12313#primaryimage\"},\"thumbnailUrl\":\"https:\/\/veritasinfo.org\/wp-content\/uploads\/2025\/09\/548132978_1251214363475523_3955516128273812652_n.jpg\",\"datePublished\":\"2025-09-17T09:30:42+00:00\",\"author\":{\"@id\":\"https:\/\/veritasinfo.org\/#\/schema\/person\/fe199eede04c3937362892b7444747cc\"},\"breadcrumb\":{\"@id\":\"https:\/\/veritasinfo.org\/?p=12313#breadcrumb\"},\"inLanguage\":\"en-US\",\"potentialAction\":[{\"@type\":\"ReadAction\",\"target\":[\"https:\/\/veritasinfo.org\/?p=12313\"]}]},{\"@type\":\"ImageObject\",\"inLanguage\":\"en-US\",\"@id\":\"https:\/\/veritasinfo.org\/?p=12313#primaryimage\",\"url\":\"https:\/\/veritasinfo.org\/wp-content\/uploads\/2025\/09\/548132978_1251214363475523_3955516128273812652_n.jpg\",\"contentUrl\":\"https:\/\/veritasinfo.org\/wp-content\/uploads\/2025\/09\/548132978_1251214363475523_3955516128273812652_n.jpg\",\"width\":1170,\"height\":1591},{\"@type\":\"BreadcrumbList\",\"@id\":\"https:\/\/veritasinfo.org\/?p=12313#breadcrumb\",\"itemListElement\":[{\"@type\":\"ListItem\",\"position\":1,\"name\":\"Home\",\"item\":\"https:\/\/veritasinfo.org\/\"},{\"@type\":\"ListItem\",\"position\":2,\"name\":\"Sh\u00ebrbimi i detyruesh\u00ebm ushtarak n\u00eb Serbi, Kamberi shpreh shqet\u00ebsimin e shqiptar\u00ebve t\u00eb Lugin\u00ebs s\u00eb Preshev\u00ebs\"}]},{\"@type\":\"WebSite\",\"@id\":\"https:\/\/veritasinfo.org\/#website\",\"url\":\"https:\/\/veritasinfo.org\/\",\"name\":\"\",\"description\":\"\",\"potentialAction\":[{\"@type\":\"SearchAction\",\"target\":{\"@type\":\"EntryPoint\",\"urlTemplate\":\"https:\/\/veritasinfo.org\/?s={search_term_string}\"},\"query-input\":{\"@type\":\"PropertyValueSpecification\",\"valueRequired\":true,\"valueName\":\"search_term_string\"}}],\"inLanguage\":\"en-US\"},{\"@type\":\"Person\",\"@id\":\"https:\/\/veritasinfo.org\/#\/schema\/person\/fe199eede04c3937362892b7444747cc\",\"name\":\"US6\",\"image\":{\"@type\":\"ImageObject\",\"inLanguage\":\"en-US\",\"@id\":\"https:\/\/veritasinfo.org\/#\/schema\/person\/image\/\",\"url\":\"https:\/\/secure.gravatar.com\/avatar\/cb16c3c31c9d23b9b8c705964598220b3014e42ff51eb540ff23cefa3ae8c15f?s=96&d=mm&r=g\",\"contentUrl\":\"https:\/\/secure.gravatar.com\/avatar\/cb16c3c31c9d23b9b8c705964598220b3014e42ff51eb540ff23cefa3ae8c15f?s=96&d=mm&r=g\",\"caption\":\"US6\"},\"url\":\"https:\/\/veritasinfo.org\/?author=7\"}]}<\/script>\n<!-- \/ Yoast SEO plugin. -->","yoast_head_json":{"title":"Sh\u00ebrbimi i detyruesh\u00ebm ushtarak n\u00eb Serbi, Kamberi shpreh shqet\u00ebsimin e shqiptar\u00ebve t\u00eb Lugin\u00ebs s\u00eb Preshev\u00ebs -","robots":{"index":"index","follow":"follow","max-snippet":"max-snippet:-1","max-image-preview":"max-image-preview:large","max-video-preview":"max-video-preview:-1"},"canonical":"https:\/\/veritasinfo.org\/?p=12313","og_locale":"en_US","og_type":"article","og_title":"Sh\u00ebrbimi i detyruesh\u00ebm ushtarak n\u00eb Serbi, Kamberi shpreh shqet\u00ebsimin e shqiptar\u00ebve t\u00eb Lugin\u00ebs s\u00eb Preshev\u00ebs -","og_description":"Preshev\u00eb, 17 shtator 2025 Deputeti shqiptar n\u00eb Parlamentin e Serbis\u00eb, Shaip Kamberi ka shprehur shqet\u00ebsimin p\u00ebr shqiptar\u00ebt e Lugin\u00ebs s\u00eb Preshev\u00ebs n\u00eb lidhje me sh\u00ebrbimin","og_url":"https:\/\/veritasinfo.org\/?p=12313","article_published_time":"2025-09-17T09:30:42+00:00","og_image":[{"width":1170,"height":1591,"url":"https:\/\/veritasinfo.org\/wp-content\/uploads\/2025\/09\/548132978_1251214363475523_3955516128273812652_n.jpg","type":"image\/jpeg"}],"author":"US6","twitter_card":"summary_large_image","twitter_misc":{"Written by":"US6","Est. reading time":"2 minutes"},"schema":{"@context":"https:\/\/schema.org","@graph":[{"@type":"WebPage","@id":"https:\/\/veritasinfo.org\/?p=12313","url":"https:\/\/veritasinfo.org\/?p=12313","name":"Sh\u00ebrbimi i detyruesh\u00ebm ushtarak n\u00eb Serbi, Kamberi shpreh shqet\u00ebsimin e shqiptar\u00ebve t\u00eb Lugin\u00ebs s\u00eb Preshev\u00ebs -","isPartOf":{"@id":"https:\/\/veritasinfo.org\/#website"},"primaryImageOfPage":{"@id":"https:\/\/veritasinfo.org\/?p=12313#primaryimage"},"image":{"@id":"https:\/\/veritasinfo.org\/?p=12313#primaryimage"},"thumbnailUrl":"https:\/\/veritasinfo.org\/wp-content\/uploads\/2025\/09\/548132978_1251214363475523_3955516128273812652_n.jpg","datePublished":"2025-09-17T09:30:42+00:00","author":{"@id":"https:\/\/veritasinfo.org\/#\/schema\/person\/fe199eede04c3937362892b7444747cc"},"breadcrumb":{"@id":"https:\/\/veritasinfo.org\/?p=12313#breadcrumb"},"inLanguage":"en-US","potentialAction":[{"@type":"ReadAction","target":["https:\/\/veritasinfo.org\/?p=12313"]}]},{"@type":"ImageObject","inLanguage":"en-US","@id":"https:\/\/veritasinfo.org\/?p=12313#primaryimage","url":"https:\/\/veritasinfo.org\/wp-content\/uploads\/2025\/09\/548132978_1251214363475523_3955516128273812652_n.jpg","contentUrl":"https:\/\/veritasinfo.org\/wp-content\/uploads\/2025\/09\/548132978_1251214363475523_3955516128273812652_n.jpg","width":1170,"height":1591},{"@type":"BreadcrumbList","@id":"https:\/\/veritasinfo.org\/?p=12313#breadcrumb","itemListElement":[{"@type":"ListItem","position":1,"name":"Home","item":"https:\/\/veritasinfo.org\/"},{"@type":"ListItem","position":2,"name":"Sh\u00ebrbimi i detyruesh\u00ebm ushtarak n\u00eb Serbi, Kamberi shpreh shqet\u00ebsimin e shqiptar\u00ebve t\u00eb Lugin\u00ebs s\u00eb Preshev\u00ebs"}]},{"@type":"WebSite","@id":"https:\/\/veritasinfo.org\/#website","url":"https:\/\/veritasinfo.org\/","name":"","description":"","potentialAction":[{"@type":"SearchAction","target":{"@type":"EntryPoint","urlTemplate":"https:\/\/veritasinfo.org\/?s={search_term_string}"},"query-input":{"@type":"PropertyValueSpecification","valueRequired":true,"valueName":"search_term_string"}}],"inLanguage":"en-US"},{"@type":"Person","@id":"https:\/\/veritasinfo.org\/#\/schema\/person\/fe199eede04c3937362892b7444747cc","name":"US6","image":{"@type":"ImageObject","inLanguage":"en-US","@id":"https:\/\/veritasinfo.org\/#\/schema\/person\/image\/","url":"https:\/\/secure.gravatar.com\/avatar\/cb16c3c31c9d23b9b8c705964598220b3014e42ff51eb540ff23cefa3ae8c15f?s=96&d=mm&r=g","contentUrl":"https:\/\/secure.gravatar.com\/avatar\/cb16c3c31c9d23b9b8c705964598220b3014e42ff51eb540ff23cefa3ae8c15f?s=96&d=mm&r=g","caption":"US6"},"url":"https:\/\/veritasinfo.org\/?author=7"}]}},"featured_image_urls":{"full":["https:\/\/veritasinfo.org\/wp-content\/uploads\/2025\/09\/548132978_1251214363475523_3955516128273812652_n.jpg",1170,1591,false],"thumbnail":["https:\/\/veritasinfo.org\/wp-content\/uploads\/2025\/09\/548132978_1251214363475523_3955516128273812652_n-150x150.jpg",150,150,true],"medium":["https:\/\/veritasinfo.org\/wp-content\/uploads\/2025\/09\/548132978_1251214363475523_3955516128273812652_n-221x300.jpg",221,300,true],"medium_large":["https:\/\/veritasinfo.org\/wp-content\/uploads\/2025\/09\/548132978_1251214363475523_3955516128273812652_n-768x1044.jpg",640,870,true],"large":["https:\/\/veritasinfo.org\/wp-content\/uploads\/2025\/09\/548132978_1251214363475523_3955516128273812652_n-753x1024.jpg",640,870,true],"1536x1536":["https:\/\/veritasinfo.org\/wp-content\/uploads\/2025\/09\/548132978_1251214363475523_3955516128273812652_n-1130x1536.jpg",1130,1536,true],"2048x2048":["https:\/\/veritasinfo.org\/wp-content\/uploads\/2025\/09\/548132978_1251214363475523_3955516128273812652_n.jpg",1170,1591,false],"kreeti-slider-full":["https:\/\/veritasinfo.org\/wp-content\/uploads\/2025\/09\/548132978_1251214363475523_3955516128273812652_n.jpg",529,720,false],"kreeti-featured":["https:\/\/veritasinfo.org\/wp-content\/uploads\/2025\/09\/548132978_1251214363475523_3955516128273812652_n.jpg",1024,1392,false],"kreeti-medium":["https:\/\/veritasinfo.org\/wp-content\/uploads\/2025\/09\/548132978_1251214363475523_3955516128273812652_n.jpg",390,530,false],"kreeti-medium-square":["https:\/\/veritasinfo.org\/wp-content\/uploads\/2025\/09\/548132978_1251214363475523_3955516128273812652_n.jpg",257,350,false]},"author_info":{"info":["US6"]},"category_info":"<a href=\"https:\/\/veritasinfo.org\/?cat=58\" rel=\"category\">Politik\u00eb<\/a>","tag_info":"Politik\u00eb","comment_count":"0","_links":{"self":[{"href":"https:\/\/veritasinfo.org\/index.php?rest_route=\/wp\/v2\/posts\/12313","targetHints":{"allow":["GET"]}}],"collection":[{"href":"https:\/\/veritasinfo.org\/index.php?rest_route=\/wp\/v2\/posts"}],"about":[{"href":"https:\/\/veritasinfo.org\/index.php?rest_route=\/wp\/v2\/types\/post"}],"author":[{"embeddable":true,"href":"https:\/\/veritasinfo.org\/index.php?rest_route=\/wp\/v2\/users\/7"}],"replies":[{"embeddable":true,"href":"https:\/\/veritasinfo.org\/index.php?rest_route=%2Fwp%2Fv2%2Fcomments&post=12313"}],"version-history":[{"count":1,"href":"https:\/\/veritasinfo.org\/index.php?rest_route=\/wp\/v2\/posts\/12313\/revisions"}],"predecessor-version":[{"id":12319,"href":"https:\/\/veritasinfo.org\/index.php?rest_route=\/wp\/v2\/posts\/12313\/revisions\/12319"}],"wp:featuredmedia":[{"embeddable":true,"href":"https:\/\/veritasinfo.org\/index.php?rest_route=\/wp\/v2\/media\/12316"}],"wp:attachment":[{"href":"https:\/\/veritasinfo.org\/index.php?rest_route=%2Fwp%2Fv2%2Fmedia&parent=12313"}],"wp:term":[{"taxonomy":"category","embeddable":true,"href":"https:\/\/veritasinfo.org\/index.php?rest_route=%2Fwp%2Fv2%2Fcategories&post=12313"},{"taxonomy":"post_tag","embeddable":true,"href":"https:\/\/veritasinfo.org\/index.php?rest_route=%2Fwp%2Fv2%2Ftags&post=12313"}],"curies":[{"name":"wp","href":"https:\/\/api.w.org\/{rel}","templated":true}]}}