{"id":12308,"date":"2025-09-17T11:24:33","date_gmt":"2025-09-17T09:24:33","guid":{"rendered":"https:\/\/veritasinfo.org\/?p=12308"},"modified":"2025-09-17T11:24:33","modified_gmt":"2025-09-17T09:24:33","slug":"kryetari-i-kushtetueses-zhvilloi-bisede-telefonike-me-nje-zyrtar-te-larte-amerikan","status":"publish","type":"post","link":"https:\/\/veritasinfo.org\/?p=12308","title":{"rendered":"Kryetari i Kushtetueses zhvilloi bised\u00eb telefonike me nj\u00eb zyrtar t\u00eb lart\u00eb amerikan"},"content":{"rendered":"<p>Prishti\u00eb, 17 shtator 2025<\/p>\n<p>Kryetari i Gjykat\u00ebs Kushtetuese t\u00eb Republik\u00ebs s\u00eb Kosov\u00ebs, Nexhmi Rexhepi, ka zhvilluar nj\u00eb bised\u00eb telefonike me Drejtorin p\u00ebr Evrop\u00ebn Per\u00ebndimore dhe Qendrore n\u00eb Departamentin e Shtetit t\u00eb ShBA-s\u00eb, Mark Fleming.<\/p>\n<p>Sipas nj\u00eb njoftimi p\u00ebr media t\u00eb shp\u00ebrndar\u00eb nga Gjykata Kushtetuese, biseda \u00ebsht\u00eb p\u00ebrqendruar n\u00eb rolin e k\u00ebsaj gjykate n\u00eb ruajtjen dhe forcimin e sundimit t\u00eb ligjit n\u00eb vend.<\/p>\n<p>\u201cBiseda u fokusua n\u00eb pun\u00ebn e deritanishme t\u00eb Gjykat\u00ebs Kushtetuese t\u00eb Republik\u00ebs s\u00eb Kosov\u00ebs dhe rolin e saj n\u00eb ruajtjen dhe forcimin e sundimit t\u00eb ligjit n\u00eb vend,\u201d thuhet n\u00eb njoftimin zyrtar t\u00eb gjykat\u00ebs.<\/p>\n<p>Gjat\u00eb bised\u00ebs, kryetari Rexhepi ka fal\u00ebnderuar zyrtarin amerikan p\u00ebr mb\u00ebshtetjen e vazhdueshme q\u00eb Shtetet e Bashkuara i japin institucioneve t\u00eb pavarura n\u00eb Kosov\u00eb, n\u00eb ve\u00e7anti Gjykat\u00ebs Kushtetuese.<\/p>\n<p>\u201cKryetari Rexhepi e fal\u00ebnderoi z. Fleming p\u00ebr telefonat\u00ebn dhe shprehu vler\u00ebsimin e tij p\u00ebr mb\u00ebshtetjen e vazhdueshme t\u00eb Qeveris\u00eb s\u00eb SHBA-s\u00eb p\u00ebr pun\u00ebn dhe pavar\u00ebsin\u00eb institucionale t\u00eb Gjykat\u00ebs Kushtetuese t\u00eb Republik\u00ebs s\u00eb Kosov\u00ebs,\u201d p\u00ebrfundon komunikata.<\/p>\n<p>&nbsp;<\/p>\n","protected":false},"excerpt":{"rendered":"<p>Prishti\u00eb, 17 shtator 2025 Kryetari i Gjykat\u00ebs Kushtetuese t\u00eb Republik\u00ebs s\u00eb Kosov\u00ebs, Nexhmi Rexhepi, ka zhvilluar nj\u00eb bised\u00eb telefonike me Drejtorin p\u00ebr Evrop\u00ebn Per\u00ebndimore dhe<\/p>\n","protected":false},"author":7,"featured_media":12309,"comment_status":"open","ping_status":"open","sticky":false,"template":"","format":"standard","meta":{"footnotes":""},"categories":[60],"tags":[],"class_list":["post-12308","post","type-post","status-publish","format-standard","has-post-thumbnail","hentry","category-shoqerore-sq"],"yoast_head":"<!-- This site is optimized with the Yoast SEO plugin v25.3.1 - https:\/\/yoast.com\/wordpress\/plugins\/seo\/ -->\n<title>Kryetari i Kushtetueses zhvilloi bised\u00eb telefonike me nj\u00eb zyrtar t\u00eb lart\u00eb amerikan -<\/title>\n<meta name=\"robots\" content=\"index, follow, max-snippet:-1, max-image-preview:large, max-video-preview:-1\" \/>\n<link rel=\"canonical\" href=\"https:\/\/veritasinfo.org\/?p=12308\" \/>\n<meta property=\"og:locale\" content=\"en_US\" \/>\n<meta property=\"og:type\" content=\"article\" \/>\n<meta property=\"og:title\" content=\"Kryetari i Kushtetueses zhvilloi bised\u00eb telefonike me nj\u00eb zyrtar t\u00eb lart\u00eb amerikan -\" \/>\n<meta property=\"og:description\" content=\"Prishti\u00eb, 17 shtator 2025 Kryetari i Gjykat\u00ebs Kushtetuese t\u00eb Republik\u00ebs s\u00eb Kosov\u00ebs, Nexhmi Rexhepi, ka zhvilluar nj\u00eb bised\u00eb telefonike me Drejtorin p\u00ebr Evrop\u00ebn Per\u00ebndimore dhe\" \/>\n<meta property=\"og:url\" content=\"https:\/\/veritasinfo.org\/?p=12308\" \/>\n<meta property=\"article:published_time\" content=\"2025-09-17T09:24:33+00:00\" \/>\n<meta property=\"og:image\" content=\"https:\/\/veritasinfo.org\/wp-content\/uploads\/2025\/09\/549776719_744523298576254_8537765211173080922_n.jpg\" \/>\n\t<meta property=\"og:image:width\" content=\"1280\" \/>\n\t<meta property=\"og:image:height\" content=\"853\" \/>\n\t<meta property=\"og:image:type\" content=\"image\/jpeg\" \/>\n<meta name=\"author\" content=\"US6\" \/>\n<meta name=\"twitter:card\" content=\"summary_large_image\" \/>\n<meta name=\"twitter:label1\" content=\"Written by\" \/>\n\t<meta name=\"twitter:data1\" content=\"US6\" \/>\n\t<meta name=\"twitter:label2\" content=\"Est. reading time\" \/>\n\t<meta name=\"twitter:data2\" content=\"1 minute\" \/>\n<script type=\"application\/ld+json\" class=\"yoast-schema-graph\">{\"@context\":\"https:\/\/schema.org\",\"@graph\":[{\"@type\":\"WebPage\",\"@id\":\"https:\/\/veritasinfo.org\/?p=12308\",\"url\":\"https:\/\/veritasinfo.org\/?p=12308\",\"name\":\"Kryetari i Kushtetueses zhvilloi bised\u00eb telefonike me nj\u00eb zyrtar t\u00eb lart\u00eb amerikan -\",\"isPartOf\":{\"@id\":\"https:\/\/veritasinfo.org\/#website\"},\"primaryImageOfPage\":{\"@id\":\"https:\/\/veritasinfo.org\/?p=12308#primaryimage\"},\"image\":{\"@id\":\"https:\/\/veritasinfo.org\/?p=12308#primaryimage\"},\"thumbnailUrl\":\"https:\/\/veritasinfo.org\/wp-content\/uploads\/2025\/09\/549776719_744523298576254_8537765211173080922_n.jpg\",\"datePublished\":\"2025-09-17T09:24:33+00:00\",\"author\":{\"@id\":\"https:\/\/veritasinfo.org\/#\/schema\/person\/fe199eede04c3937362892b7444747cc\"},\"breadcrumb\":{\"@id\":\"https:\/\/veritasinfo.org\/?p=12308#breadcrumb\"},\"inLanguage\":\"en-US\",\"potentialAction\":[{\"@type\":\"ReadAction\",\"target\":[\"https:\/\/veritasinfo.org\/?p=12308\"]}]},{\"@type\":\"ImageObject\",\"inLanguage\":\"en-US\",\"@id\":\"https:\/\/veritasinfo.org\/?p=12308#primaryimage\",\"url\":\"https:\/\/veritasinfo.org\/wp-content\/uploads\/2025\/09\/549776719_744523298576254_8537765211173080922_n.jpg\",\"contentUrl\":\"https:\/\/veritasinfo.org\/wp-content\/uploads\/2025\/09\/549776719_744523298576254_8537765211173080922_n.jpg\",\"width\":1280,\"height\":853},{\"@type\":\"BreadcrumbList\",\"@id\":\"https:\/\/veritasinfo.org\/?p=12308#breadcrumb\",\"itemListElement\":[{\"@type\":\"ListItem\",\"position\":1,\"name\":\"Home\",\"item\":\"https:\/\/veritasinfo.org\/\"},{\"@type\":\"ListItem\",\"position\":2,\"name\":\"Kryetari i Kushtetueses zhvilloi bised\u00eb telefonike me nj\u00eb zyrtar t\u00eb lart\u00eb amerikan\"}]},{\"@type\":\"WebSite\",\"@id\":\"https:\/\/veritasinfo.org\/#website\",\"url\":\"https:\/\/veritasinfo.org\/\",\"name\":\"\",\"description\":\"\",\"potentialAction\":[{\"@type\":\"SearchAction\",\"target\":{\"@type\":\"EntryPoint\",\"urlTemplate\":\"https:\/\/veritasinfo.org\/?s={search_term_string}\"},\"query-input\":{\"@type\":\"PropertyValueSpecification\",\"valueRequired\":true,\"valueName\":\"search_term_string\"}}],\"inLanguage\":\"en-US\"},{\"@type\":\"Person\",\"@id\":\"https:\/\/veritasinfo.org\/#\/schema\/person\/fe199eede04c3937362892b7444747cc\",\"name\":\"US6\",\"image\":{\"@type\":\"ImageObject\",\"inLanguage\":\"en-US\",\"@id\":\"https:\/\/veritasinfo.org\/#\/schema\/person\/image\/\",\"url\":\"https:\/\/secure.gravatar.com\/avatar\/cb16c3c31c9d23b9b8c705964598220b3014e42ff51eb540ff23cefa3ae8c15f?s=96&d=mm&r=g\",\"contentUrl\":\"https:\/\/secure.gravatar.com\/avatar\/cb16c3c31c9d23b9b8c705964598220b3014e42ff51eb540ff23cefa3ae8c15f?s=96&d=mm&r=g\",\"caption\":\"US6\"},\"url\":\"https:\/\/veritasinfo.org\/?author=7\"}]}<\/script>\n<!-- \/ Yoast SEO plugin. -->","yoast_head_json":{"title":"Kryetari i Kushtetueses zhvilloi bised\u00eb telefonike me nj\u00eb zyrtar t\u00eb lart\u00eb amerikan -","robots":{"index":"index","follow":"follow","max-snippet":"max-snippet:-1","max-image-preview":"max-image-preview:large","max-video-preview":"max-video-preview:-1"},"canonical":"https:\/\/veritasinfo.org\/?p=12308","og_locale":"en_US","og_type":"article","og_title":"Kryetari i Kushtetueses zhvilloi bised\u00eb telefonike me nj\u00eb zyrtar t\u00eb lart\u00eb amerikan -","og_description":"Prishti\u00eb, 17 shtator 2025 Kryetari i Gjykat\u00ebs Kushtetuese t\u00eb Republik\u00ebs s\u00eb Kosov\u00ebs, Nexhmi Rexhepi, ka zhvilluar nj\u00eb bised\u00eb telefonike me Drejtorin p\u00ebr Evrop\u00ebn Per\u00ebndimore dhe","og_url":"https:\/\/veritasinfo.org\/?p=12308","article_published_time":"2025-09-17T09:24:33+00:00","og_image":[{"width":1280,"height":853,"url":"https:\/\/veritasinfo.org\/wp-content\/uploads\/2025\/09\/549776719_744523298576254_8537765211173080922_n.jpg","type":"image\/jpeg"}],"author":"US6","twitter_card":"summary_large_image","twitter_misc":{"Written by":"US6","Est. reading time":"1 minute"},"schema":{"@context":"https:\/\/schema.org","@graph":[{"@type":"WebPage","@id":"https:\/\/veritasinfo.org\/?p=12308","url":"https:\/\/veritasinfo.org\/?p=12308","name":"Kryetari i Kushtetueses zhvilloi bised\u00eb telefonike me nj\u00eb zyrtar t\u00eb lart\u00eb amerikan -","isPartOf":{"@id":"https:\/\/veritasinfo.org\/#website"},"primaryImageOfPage":{"@id":"https:\/\/veritasinfo.org\/?p=12308#primaryimage"},"image":{"@id":"https:\/\/veritasinfo.org\/?p=12308#primaryimage"},"thumbnailUrl":"https:\/\/veritasinfo.org\/wp-content\/uploads\/2025\/09\/549776719_744523298576254_8537765211173080922_n.jpg","datePublished":"2025-09-17T09:24:33+00:00","author":{"@id":"https:\/\/veritasinfo.org\/#\/schema\/person\/fe199eede04c3937362892b7444747cc"},"breadcrumb":{"@id":"https:\/\/veritasinfo.org\/?p=12308#breadcrumb"},"inLanguage":"en-US","potentialAction":[{"@type":"ReadAction","target":["https:\/\/veritasinfo.org\/?p=12308"]}]},{"@type":"ImageObject","inLanguage":"en-US","@id":"https:\/\/veritasinfo.org\/?p=12308#primaryimage","url":"https:\/\/veritasinfo.org\/wp-content\/uploads\/2025\/09\/549776719_744523298576254_8537765211173080922_n.jpg","contentUrl":"https:\/\/veritasinfo.org\/wp-content\/uploads\/2025\/09\/549776719_744523298576254_8537765211173080922_n.jpg","width":1280,"height":853},{"@type":"BreadcrumbList","@id":"https:\/\/veritasinfo.org\/?p=12308#breadcrumb","itemListElement":[{"@type":"ListItem","position":1,"name":"Home","item":"https:\/\/veritasinfo.org\/"},{"@type":"ListItem","position":2,"name":"Kryetari i Kushtetueses zhvilloi bised\u00eb telefonike me nj\u00eb zyrtar t\u00eb lart\u00eb amerikan"}]},{"@type":"WebSite","@id":"https:\/\/veritasinfo.org\/#website","url":"https:\/\/veritasinfo.org\/","name":"","description":"","potentialAction":[{"@type":"SearchAction","target":{"@type":"EntryPoint","urlTemplate":"https:\/\/veritasinfo.org\/?s={search_term_string}"},"query-input":{"@type":"PropertyValueSpecification","valueRequired":true,"valueName":"search_term_string"}}],"inLanguage":"en-US"},{"@type":"Person","@id":"https:\/\/veritasinfo.org\/#\/schema\/person\/fe199eede04c3937362892b7444747cc","name":"US6","image":{"@type":"ImageObject","inLanguage":"en-US","@id":"https:\/\/veritasinfo.org\/#\/schema\/person\/image\/","url":"https:\/\/secure.gravatar.com\/avatar\/cb16c3c31c9d23b9b8c705964598220b3014e42ff51eb540ff23cefa3ae8c15f?s=96&d=mm&r=g","contentUrl":"https:\/\/secure.gravatar.com\/avatar\/cb16c3c31c9d23b9b8c705964598220b3014e42ff51eb540ff23cefa3ae8c15f?s=96&d=mm&r=g","caption":"US6"},"url":"https:\/\/veritasinfo.org\/?author=7"}]}},"featured_image_urls":{"full":["https:\/\/veritasinfo.org\/wp-content\/uploads\/2025\/09\/549776719_744523298576254_8537765211173080922_n.jpg",1280,853,false],"thumbnail":["https:\/\/veritasinfo.org\/wp-content\/uploads\/2025\/09\/549776719_744523298576254_8537765211173080922_n-150x150.jpg",150,150,true],"medium":["https:\/\/veritasinfo.org\/wp-content\/uploads\/2025\/09\/549776719_744523298576254_8537765211173080922_n-300x200.jpg",300,200,true],"medium_large":["https:\/\/veritasinfo.org\/wp-content\/uploads\/2025\/09\/549776719_744523298576254_8537765211173080922_n-768x512.jpg",640,427,true],"large":["https:\/\/veritasinfo.org\/wp-content\/uploads\/2025\/09\/549776719_744523298576254_8537765211173080922_n-1024x682.jpg",640,426,true],"1536x1536":["https:\/\/veritasinfo.org\/wp-content\/uploads\/2025\/09\/549776719_744523298576254_8537765211173080922_n.jpg",1280,853,false],"2048x2048":["https:\/\/veritasinfo.org\/wp-content\/uploads\/2025\/09\/549776719_744523298576254_8537765211173080922_n.jpg",1280,853,false],"kreeti-slider-full":["https:\/\/veritasinfo.org\/wp-content\/uploads\/2025\/09\/549776719_744523298576254_8537765211173080922_n.jpg",1080,720,false],"kreeti-featured":["https:\/\/veritasinfo.org\/wp-content\/uploads\/2025\/09\/549776719_744523298576254_8537765211173080922_n.jpg",1024,682,false],"kreeti-medium":["https:\/\/veritasinfo.org\/wp-content\/uploads\/2025\/09\/549776719_744523298576254_8537765211173080922_n.jpg",720,480,false],"kreeti-medium-square":["https:\/\/veritasinfo.org\/wp-content\/uploads\/2025\/09\/549776719_744523298576254_8537765211173080922_n.jpg",350,233,false]},"author_info":{"info":["US6"]},"category_info":"<a href=\"https:\/\/veritasinfo.org\/?cat=60\" rel=\"category\">Shoq\u00ebrore<\/a>","tag_info":"Shoq\u00ebrore","comment_count":"0","_links":{"self":[{"href":"https:\/\/veritasinfo.org\/index.php?rest_route=\/wp\/v2\/posts\/12308","targetHints":{"allow":["GET"]}}],"collection":[{"href":"https:\/\/veritasinfo.org\/index.php?rest_route=\/wp\/v2\/posts"}],"about":[{"href":"https:\/\/veritasinfo.org\/index.php?rest_route=\/wp\/v2\/types\/post"}],"author":[{"embeddable":true,"href":"https:\/\/veritasinfo.org\/index.php?rest_route=\/wp\/v2\/users\/7"}],"replies":[{"embeddable":true,"href":"https:\/\/veritasinfo.org\/index.php?rest_route=%2Fwp%2Fv2%2Fcomments&post=12308"}],"version-history":[{"count":1,"href":"https:\/\/veritasinfo.org\/index.php?rest_route=\/wp\/v2\/posts\/12308\/revisions"}],"predecessor-version":[{"id":12310,"href":"https:\/\/veritasinfo.org\/index.php?rest_route=\/wp\/v2\/posts\/12308\/revisions\/12310"}],"wp:featuredmedia":[{"embeddable":true,"href":"https:\/\/veritasinfo.org\/index.php?rest_route=\/wp\/v2\/media\/12309"}],"wp:attachment":[{"href":"https:\/\/veritasinfo.org\/index.php?rest_route=%2Fwp%2Fv2%2Fmedia&parent=12308"}],"wp:term":[{"taxonomy":"category","embeddable":true,"href":"https:\/\/veritasinfo.org\/index.php?rest_route=%2Fwp%2Fv2%2Fcategories&post=12308"},{"taxonomy":"post_tag","embeddable":true,"href":"https:\/\/veritasinfo.org\/index.php?rest_route=%2Fwp%2Fv2%2Ftags&post=12308"}],"curies":[{"name":"wp","href":"https:\/\/api.w.org\/{rel}","templated":true}]}}