{"id":12298,"date":"2025-09-17T08:58:21","date_gmt":"2025-09-17T06:58:21","guid":{"rendered":"https:\/\/veritasinfo.org\/?p=12298"},"modified":"2025-09-17T08:58:21","modified_gmt":"2025-09-17T06:58:21","slug":"lista-serbe-kthen-fushaten-ne-lavdi-per-terroristin-e-banjskes-ekspertet-kerkojne-nderhyrje-urgjente","status":"publish","type":"post","link":"https:\/\/veritasinfo.org\/?p=12298","title":{"rendered":"Lista Serbe kthen fushat\u00ebn n\u00eb lavdi p\u00ebr terroristin e Banjsk\u00ebs, ekspert\u00ebt k\u00ebrkojn\u00eb nd\u00ebrhyrje urgjente"},"content":{"rendered":"<p>Prishtin\u00eb, 17 shtator 2025<\/p>\n<p>Ekspert\u00ebt: Lista Serbe duhet hetuar p\u00ebr veprime kund\u00ebr Kushtetut\u00ebs. Lista Serbe po rishfaq destruktivitetin e saj dhe po zbaton politikat e Beogradit.<\/p>\n<p>N\u00eb tubimin e par\u00eb zgjedhor t\u00eb mbajtur n\u00eb veri t\u00eb Mitrovic\u00ebs, Lista Serbe zgjodhi t\u00eb nis\u00eb fushat\u00ebn jo me platforma konkrete p\u00ebr p\u00ebrmir\u00ebsimin e jet\u00ebs s\u00eb p\u00ebrditshme t\u00eb serb\u00ebve t\u00eb Kosov\u00ebs, por me retorik\u00eb nxit\u00ebse dhe nacionaliste. N\u00eb vend t\u00eb paraqitjes s\u00eb planeve p\u00ebr zhvillim ekonomik, sh\u00ebndet\u00ebsi, apo arsim, pjes\u00ebmarr\u00ebsit u p\u00ebrqendruan n\u00eb glorifikimin e figurave t\u00eb p\u00ebrfshira n\u00eb akte t\u00eb dhunshme dhe n\u00eb sulme terroriste ndaj institucioneve t\u00eb Republik\u00ebs s\u00eb Kosov\u00ebs.<\/p>\n<p>Nj\u00eb nga parullat m\u00eb t\u00eb spikatura gjat\u00eb mbr\u00ebmjes ishte: \u201cT\u00eb gjith\u00eb p\u00ebr v\u00eblla Milanin\u201d, nj\u00eb referenc\u00eb e drejtp\u00ebrdrejt\u00eb ndaj Milan Radoj\u00e7iqit, person i shpallur n\u00eb k\u00ebrkim nd\u00ebrkomb\u00ebtar p\u00ebr terroriz\u00ebm dhe krime t\u00eb r\u00ebnda lufte. Tubimi filloi me intonimin e himnit t\u00eb Serbis\u00eb, duke injoruar n\u00eb m\u00ebnyr\u00eb t\u00eb q\u00ebllimshme karakterin civil t\u00eb fushat\u00ebs dhe duke e kthyer ngjarjen n\u00eb nj\u00eb shfaqje t\u00eb hapur propagandistike me mesazhe kund\u00ebrshtetuese.<\/p>\n<p>Fol\u00ebsit kryesor\u00eb n\u00eb tubim nuk trajtuan aspak sfidat me t\u00eb cilat p\u00ebrballen qytetar\u00ebt serb\u00eb t\u00eb Kosov\u00ebs, por n\u00eb vend t\u00eb k\u00ebsaj, u p\u00ebrqendruan n\u00eb sulme verbale ndaj Qeveris\u00eb s\u00eb Kosov\u00ebs dhe kryeministrit n\u00eb detyr\u00eb, Albin Kurti.<\/p>\n<p>Milan Radoj\u00e7iq, emri i t\u00eb cilit u brohorit gjat\u00eb tubimit, \u00ebsht\u00eb identifikuar si lider i grupit t\u00eb armatosur serb q\u00eb m\u00eb 24 shtator 2023 kreu nj\u00eb sulm terrorist n\u00eb Banjsk\u00eb, ku u vra rreshteri i Policis\u00eb s\u00eb Kosov\u00ebs, Afrim Bunjaku, duke rritur tensionet nd\u00ebretnike n\u00eb rajon. Ai gjithashtu \u00ebsht\u00eb n\u00ebn hetim p\u00ebr p\u00ebrfshirje n\u00eb krime lufte gjat\u00eb luft\u00ebs s\u00eb viteve \u201990 n\u00eb Kosov\u00eb.<\/p>\n<p>Gjykata Themelore n\u00eb Prishtin\u00eb ka l\u00ebshuar urdh\u00ebrarrest ndaj Radoj\u00e7iqit dhe 19 personave t\u00eb tjer\u00eb t\u00eb nacionalitetit serb, t\u00eb cil\u00ebt dyshohen p\u00ebr p\u00ebrfshirje n\u00eb masakr\u00ebn e Gjakov\u00ebs, ku sipas dosjeve t\u00eb hetimit, jan\u00eb vrar\u00eb 106 civil\u00eb shqiptar\u00eb dhe jan\u00eb keqtrajtuar mbi 300 t\u00eb tjer\u00eb.<\/p>\n<p>Kjo qasje e List\u00ebs Serbe \u2013 q\u00eb glorifikon figura t\u00eb p\u00ebrfshira n\u00eb akte dhune dhe nxit ndasi etnike n\u00eb vend t\u00eb bashk\u00ebjetes\u00ebs \u2013 rrezikon p\u00ebrkeq\u00ebsimin e situat\u00ebs s\u00eb siguris\u00eb dhe d\u00ebmton p\u00ebrpjekjet p\u00ebr paqe e stabilitet n\u00eb Kosov\u00eb. N\u00eb vend q\u00eb t\u00eb p\u00ebrfaq\u00ebsoj\u00eb interesat reale t\u00eb komunitetit serb, kjo fushat\u00eb ngjan m\u00eb shum\u00eb me nj\u00eb platform\u00eb destabilizuese dhe provokuese me mb\u00ebshtetje t\u00eb drejtp\u00ebrdrejt\u00eb nga Beogradi zyrtar.<\/p>\n<p>E n\u00eb lidhje me masat dhe \u00e7far\u00eb ndikimi mund t\u00eb ken\u00eb k\u00ebto thirrje antirepublik\u00eb ndaj Kosov\u00ebs, fol\u00ebn njoh\u00ebsit e siguris\u00eb.<\/p>\n<p>Dashevci: Lista Serbe duhet t\u00eb hetohet dhe d\u00ebnohet!<\/p>\n<p>S\u00eb pari, eksperti i siguris\u00eb, Arben Dashevci tha se veprimet e fundit t\u00eb List\u00ebs Serbe n\u00eb tubimin n\u00eb Mitrovic\u00eb t\u00eb Veriut jan\u00eb t\u00eb papranueshem.<\/p>\n<p>Ai n\u00eb prononcimin e tij p\u00ebr \u201cBota sot\u201d theksoi se e kjo v\u00ebrteton se ata zbatojn\u00eb politikat e Beogradit.<\/p>\n<p>\u201cPo qysh n\u00eb tubimin e par\u00eb zgjedhor n\u00eb veri t\u00eb Mitrovic\u00ebs, Lista Serbe ka nisur fushat\u00ebn e tyre jo me programe p\u00ebr mir\u00ebqenien e serb\u00ebve t\u00eb Kosov\u00ebs, por me thirrjet e vjetra p\u00ebr \u201c\u00e7lirim t\u00eb Kosov\u00ebs\u201d dhe glorifikim t\u00eb terroristit Milan Radoi\u00e7iq q\u00eb \u00ebsht\u00eb i k\u00ebrkuar nga institucionet tona t\u00eb siguris\u00eb, ndjekjes dhe drejt\u00ebsis\u00eb p\u00ebr aktin terorrist n\u00eb Banjsk\u00eb s\u00eb bashku me grupin e tij fam\u00ebkeq ai e ka mar\u00eb p\u00ebrgjegj\u00ebsin\u00eb p\u00ebr Banjsk\u00ebn dhe prap\u00eb vazhdojn\u00eb me parullat destruktive \u201cT\u00eb gjith\u00eb p\u00ebr v\u00eblla Milanin\u201d dhe kjo \u00ebsht\u00eb vet\u00ebm nj\u00ebra nga parullat kryesore t\u00eb asaj dite nd\u00ebrsa tubimi filloi me intonimin e himnit t\u00eb Serbis\u00eb, duke e anashkaluar \u00e7do gj\u00eb q\u00eb ka t\u00eb b\u00ebj\u00eb me Republik\u00ebn e Kosov\u00ebs dhe q\u00eb \u00ebsht\u00eb gjithashtu absolutisht e papranueshme, sepse po e rishfaqin n\u00eb kontinuitet at\u00eb destruktivitetin e tyre dhe po i zbatojn\u00eb mendoj un\u00eb politikat e Beogradit kundrejt vendit tone\u201d, n\u00ebnvizoi ai.<\/p>\n<p>Gjithashtu, Dashevci k\u00ebrkoi hetim t\u00eb plot\u00eb ndaj pjes\u00ebtar\u00ebve t\u00eb List\u00ebs Serbe dhe d\u00ebnim p\u00ebr deklaratat provokuese, q\u00eb p\u00ebr synim kan\u00eb nxitje te tensioneve.<\/p>\n<p>\u201cT\u00eb gjjth\u00eb ato parti ose individ q\u00eb kan\u00eb k\u00ebso qasje duhet t\u00eb hetohen n\u00eb k\u00ebt\u00eb rast pjesetar\u00ebt e List\u00ebs Serbe dhe duhet t\u00eb d\u00ebnohen nga organet p\u00ebrgjegj\u00ebse p\u00ebr thirrje antirepublik\u00eb ndaj Kosov\u00ebs. K\u00ebto deklarata t\u00eb tyre, mendoj jan\u00eb p\u00ebr konsumin e tyre t\u00eb brendsh\u00ebm politik dhe nuk mund t\u00eb nxisin tensione t\u00eb brendshme sepse qytetar\u00ebt e asaj pjese. Besoj q\u00eb e kan\u00eb kuptuar tash m\u00eb politik\u00ebn e k\u00ebsaj liste, nuk dhe nuk mund t\u00eb ket\u00eb tensione, seose nuk e kan\u00eb m\u00eb at\u00eb fam\u00ebn q\u00eb e kan\u00eb pasur m\u00eb her\u00ebt\u201d.<\/p>\n<p>Mir\u00ebpo, pavar\u00ebsisht k\u00ebsaj eksperti vler\u00ebson se nuk do ket\u00eb incidente nd\u00ebretnike, pasi organet e Kosov\u00ebs n\u00eb bashk\u00ebpunim me nd\u00ebrkomb\u00ebtar\u00ebt nuk do lejojn\u00eb k\u00ebt\u00eb gj\u00eb.<\/p>\n<p>\u201cNuk ka incidente nd\u00ebretnike dhe ata q\u00eb i kan\u00eb shkaktuar k\u00ebto incidente nuk jan\u00eb m\u00eb n\u00eb Kosov\u00eb, pra n\u00eb aspektin e brendsh\u00ebm t\u00eb sigutis\u00eb nuk ka kush t\u00eb shkaktoj incidente, pasi q\u00eb organet tona kan\u00eb kapacitete t\u00eb plota p\u00ebr veprim, jan\u00eb n\u00eb \u00e7do pjes\u00eb t\u00eb Republik\u00ebs s\u00eb Kosov\u00ebs, kan\u00eb p\u00ebrvoj\u00ebn e madhe, vigjilenca \u00ebsht\u00eb n\u00eb maksimum, jan\u00eb n\u00eb bashk\u00ebpunim t\u00eb plot\u00eb me reaguesin e dyt\u00eb nga BE- EULEX dhe reaguesin e tret\u00eb NATO me misionin KFOR\u201d, p\u00ebrfundoi Arben Dashevci p\u00ebr \u201cBota sot\u201d.<\/p>\n<p>Gecaj: Glorifikimi i Radoi\u00e7iqit mund t\u00eb p\u00ebrb\u00ebj\u00eb edhe nxitje t\u00eb urrejtjes, p\u00ebr\u00e7arjes etnike dhe dhun\u00ebs<\/p>\n<p>Kurse, edhe eksperti tjet\u00ebr, Hysen Gecaj i konsideron si shum\u00eb serioze, e q\u00eb duhet t\u00eb analizohen me kujdes nga organet kompetente.<\/p>\n<p>\u201cDeklaratat dhe veprimet si ato t\u00eb List\u00ebs Serbe n\u00eb tubimin zgjedhor n\u00eb veri t\u00eb Mitrovic\u00ebs, p\u00ebrfshir\u00eb thirrjet p\u00ebr \u201c\u00e7lirim t\u00eb Kosov\u00ebs\u201d dhe glorifikimin e nj\u00eb personi t\u00eb shpallur terrorist si Milan Radoj\u00e7iq, jan\u00eb serioze dhe duhen analizuar me kujdes nga institucionet e Republik\u00ebs s\u00eb Kosov\u00ebs dhe nga bashk\u00ebsia nd\u00ebrkomb\u00ebtare\u201d<\/p>\n<p>Gjithashtu, Gecaj n\u00eb prononcimin p\u00ebr \u201cBota sot\u201d tha se k\u00ebro jan\u00eb thirrje antikushtetuese, e t\u00eb cilat q\u00ebllim kan\u00eb d\u00ebmtimin e rendit kushtetues.<\/p>\n<p>\u201cPo, thirrjet q\u00eb v\u00ebn\u00eb n\u00eb dyshim sovranitetin e Republik\u00ebs s\u00eb Kosov\u00ebs apo q\u00eb nxisin ndarje territoriale jan\u00eb n\u00eb kund\u00ebrshtim me Kushtetut\u00ebn e Kosov\u00ebs dhe mund t\u00eb cil\u00ebsohen si veprime q\u00eb d\u00ebmtojn\u00eb rendin kushtetues.<\/p>\n<p>Glorifikimi i nj\u00eb personi t\u00eb armatosur dhe t\u00eb lidhur me akte kriminale dhe terroriste, si\u00e7 \u00ebsht\u00eb rasti me Milan Radoj\u00e7iq (i cili ka marr\u00eb p\u00ebrgjegj\u00ebsin\u00eb p\u00ebr sulmin n\u00eb Banjsk\u00eb n\u00eb shtator 2023), mund t\u00eb p\u00ebrb\u00ebj\u00eb edhe nxitje t\u00eb urrejtjes, p\u00ebr\u00e7arjes etnike dhe dhun\u00ebs\u201d, n\u00ebnvizoi ai.<\/p>\n<p>Tutje, eksperti n\u00eb pyetjen se a duhet t\u00eb hetoh\u00ebn k\u00ebto thirrje t\u00eb List\u00ebs Serbe, u p\u00ebrgjigj me po.<\/p>\n<p>\u201cPo. Sipas legjislacionit t\u00eb Kosov\u00ebs:<\/p>\n<p>Neni 134 i Kodit Penal i referohet nxitjes s\u00eb urrejtjes dhe p\u00ebr\u00e7arjes, dhe<\/p>\n<p>Neni 141 i referohet cenimit t\u00eb rendit kushtetues t\u00eb Republik\u00ebs s\u00eb Kosov\u00ebs.<\/p>\n<p>N\u00ebse v\u00ebrtetohet q\u00eb zyrtar\u00eb politik\u00eb kan\u00eb b\u00ebr\u00eb thirrje t\u00eb tilla, ato mund t\u00eb p\u00ebrb\u00ebjn\u00eb vepra penale dhe duhet t\u00eb hetohen nga Prokuroria Speciale e Kosov\u00ebs, p\u00ebr shkak t\u00eb ndjeshm\u00ebris\u00eb s\u00eb rastit dhe ndikimit potencial n\u00eb sigurin\u00eb nacionale\u201d, shpjegoi Gecaj.<\/p>\n<p>Krahas k\u00ebsaj, ai vler\u00ebson se deklarata t\u00eb tilla mund t\u00eb nxisin tensione dhe t\u00eb provokojn\u00eb reagime nga qytetar\u00ebt.<\/p>\n<p>\u201cDeklaratat dhe mitingjet e tilla:<\/p>\n<p>Mund t\u00eb nxisin ndarje dhe polarizim etnik nd\u00ebrmjet komuniteteve n\u00eb Kosov\u00eb,<\/p>\n<p>Mund t\u00eb provokojn\u00eb reagime nga qytetar\u00ebt shqiptar\u00eb dhe komunitetet tjera, duke rritur rrezikun p\u00ebr p\u00ebrplasje civile,<\/p>\n<p>Mund t\u00eb komplikojn\u00eb situat\u00ebn e siguris\u00eb n\u00eb veri, ve\u00e7an\u00ebrisht n\u00eb nj\u00eb periudh\u00eb kur stabiliteti \u00ebsht\u00eb i brisht\u00eb\u201d.<\/p>\n<p>N\u00eb fund, eksperti parashikoi se \u00e7ka mund t\u00eb ndodh\u00eb m\u00eb tej<\/p>\n<p>\u201cInstitucionet e siguris\u00eb dhe drejt\u00ebsis\u00eb duhet t\u00eb monitorojn\u00eb deklaratat publike, t\u00eb hetojn\u00eb n\u00ebse jan\u00eb shkelur ligjet, dhe t\u00eb nd\u00ebrmarrin masa ligjore n\u00ebse ka prova t\u00eb mjaftueshme.<\/p>\n<p>Bashk\u00ebsia nd\u00ebrkomb\u00ebtare, ve\u00e7an\u00ebrisht BE dhe KFOR-i, duhet t\u00eb jen\u00eb t\u00eb v\u00ebmendsh\u00ebm ndaj veprimeve destabilizuese dhe t\u00eb mb\u00ebshtesin institucionet e Kosov\u00ebs n\u00eb ruajtjen e rendit kushtetues.<\/p>\n<p>Shoq\u00ebria civile dhe mediat duhet t\u00eb luajn\u00eb rol n\u00eb informimin e publikut dhe demaskimin e propagand\u00ebs q\u00eb nxit urrejtje ose glorifikon kriminel\u00eb.<\/p>\n<p>N\u00eb fund, liria e shprehjes \u00ebsht\u00eb themel i demokracis\u00eb, por nuk p\u00ebrfshin t\u00eb drejt\u00ebn p\u00ebr t\u00eb k\u00ebrc\u00ebnuar rendin kushtetues, p\u00ebr t\u00eb glorifikuar dhun\u00ebn apo p\u00ebr t\u00eb nxit\u00eb urrejtje. K\u00ebto veprime duhet t\u00eb trajtohen me seriozitetin q\u00eb meritojn\u00eb\u201d, p\u00ebrmbylli Hysen Gecaj p\u00ebr \u201cBota sot\u2019.<\/p>\n","protected":false},"excerpt":{"rendered":"<p>Prishtin\u00eb, 17 shtator 2025 Ekspert\u00ebt: Lista Serbe duhet hetuar p\u00ebr veprime kund\u00ebr Kushtetut\u00ebs. Lista Serbe po rishfaq destruktivitetin e saj dhe po zbaton politikat e<\/p>\n","protected":false},"author":7,"featured_media":12299,"comment_status":"open","ping_status":"open","sticky":false,"template":"","format":"standard","meta":{"footnotes":""},"categories":[60],"tags":[],"class_list":["post-12298","post","type-post","status-publish","format-standard","has-post-thumbnail","hentry","category-shoqerore-sq"],"yoast_head":"<!-- This site is optimized with the Yoast SEO plugin v25.3.1 - https:\/\/yoast.com\/wordpress\/plugins\/seo\/ -->\n<title>Lista Serbe kthen fushat\u00ebn n\u00eb lavdi p\u00ebr terroristin e Banjsk\u00ebs, ekspert\u00ebt k\u00ebrkojn\u00eb nd\u00ebrhyrje urgjente -<\/title>\n<meta name=\"robots\" content=\"index, follow, max-snippet:-1, max-image-preview:large, max-video-preview:-1\" \/>\n<link rel=\"canonical\" href=\"https:\/\/veritasinfo.org\/?p=12298\" \/>\n<meta property=\"og:locale\" content=\"en_US\" \/>\n<meta property=\"og:type\" content=\"article\" \/>\n<meta property=\"og:title\" content=\"Lista Serbe kthen fushat\u00ebn n\u00eb lavdi p\u00ebr terroristin e Banjsk\u00ebs, ekspert\u00ebt k\u00ebrkojn\u00eb nd\u00ebrhyrje urgjente -\" \/>\n<meta property=\"og:description\" content=\"Prishtin\u00eb, 17 shtator 2025 Ekspert\u00ebt: Lista Serbe duhet hetuar p\u00ebr veprime kund\u00ebr Kushtetut\u00ebs. Lista Serbe po rishfaq destruktivitetin e saj dhe po zbaton politikat e\" \/>\n<meta property=\"og:url\" content=\"https:\/\/veritasinfo.org\/?p=12298\" \/>\n<meta property=\"article:published_time\" content=\"2025-09-17T06:58:21+00:00\" \/>\n<meta property=\"og:image\" content=\"https:\/\/veritasinfo.org\/wp-content\/uploads\/2025\/09\/auto_radoi1758089004.jpg\" \/>\n\t<meta property=\"og:image:width\" content=\"850\" \/>\n\t<meta property=\"og:image:height\" content=\"481\" \/>\n\t<meta property=\"og:image:type\" content=\"image\/jpeg\" \/>\n<meta name=\"author\" content=\"US6\" \/>\n<meta name=\"twitter:card\" content=\"summary_large_image\" \/>\n<meta name=\"twitter:label1\" content=\"Written by\" \/>\n\t<meta name=\"twitter:data1\" content=\"US6\" \/>\n\t<meta name=\"twitter:label2\" content=\"Est. reading time\" \/>\n\t<meta name=\"twitter:data2\" content=\"6 minutes\" \/>\n<script type=\"application\/ld+json\" class=\"yoast-schema-graph\">{\"@context\":\"https:\/\/schema.org\",\"@graph\":[{\"@type\":\"WebPage\",\"@id\":\"https:\/\/veritasinfo.org\/?p=12298\",\"url\":\"https:\/\/veritasinfo.org\/?p=12298\",\"name\":\"Lista Serbe kthen fushat\u00ebn n\u00eb lavdi p\u00ebr terroristin e Banjsk\u00ebs, ekspert\u00ebt k\u00ebrkojn\u00eb nd\u00ebrhyrje urgjente -\",\"isPartOf\":{\"@id\":\"https:\/\/veritasinfo.org\/#website\"},\"primaryImageOfPage\":{\"@id\":\"https:\/\/veritasinfo.org\/?p=12298#primaryimage\"},\"image\":{\"@id\":\"https:\/\/veritasinfo.org\/?p=12298#primaryimage\"},\"thumbnailUrl\":\"https:\/\/veritasinfo.org\/wp-content\/uploads\/2025\/09\/auto_radoi1758089004.jpg\",\"datePublished\":\"2025-09-17T06:58:21+00:00\",\"author\":{\"@id\":\"https:\/\/veritasinfo.org\/#\/schema\/person\/fe199eede04c3937362892b7444747cc\"},\"breadcrumb\":{\"@id\":\"https:\/\/veritasinfo.org\/?p=12298#breadcrumb\"},\"inLanguage\":\"en-US\",\"potentialAction\":[{\"@type\":\"ReadAction\",\"target\":[\"https:\/\/veritasinfo.org\/?p=12298\"]}]},{\"@type\":\"ImageObject\",\"inLanguage\":\"en-US\",\"@id\":\"https:\/\/veritasinfo.org\/?p=12298#primaryimage\",\"url\":\"https:\/\/veritasinfo.org\/wp-content\/uploads\/2025\/09\/auto_radoi1758089004.jpg\",\"contentUrl\":\"https:\/\/veritasinfo.org\/wp-content\/uploads\/2025\/09\/auto_radoi1758089004.jpg\",\"width\":850,\"height\":481},{\"@type\":\"BreadcrumbList\",\"@id\":\"https:\/\/veritasinfo.org\/?p=12298#breadcrumb\",\"itemListElement\":[{\"@type\":\"ListItem\",\"position\":1,\"name\":\"Home\",\"item\":\"https:\/\/veritasinfo.org\/\"},{\"@type\":\"ListItem\",\"position\":2,\"name\":\"Lista Serbe kthen fushat\u00ebn n\u00eb lavdi p\u00ebr terroristin e Banjsk\u00ebs, ekspert\u00ebt k\u00ebrkojn\u00eb nd\u00ebrhyrje urgjente\"}]},{\"@type\":\"WebSite\",\"@id\":\"https:\/\/veritasinfo.org\/#website\",\"url\":\"https:\/\/veritasinfo.org\/\",\"name\":\"\",\"description\":\"\",\"potentialAction\":[{\"@type\":\"SearchAction\",\"target\":{\"@type\":\"EntryPoint\",\"urlTemplate\":\"https:\/\/veritasinfo.org\/?s={search_term_string}\"},\"query-input\":{\"@type\":\"PropertyValueSpecification\",\"valueRequired\":true,\"valueName\":\"search_term_string\"}}],\"inLanguage\":\"en-US\"},{\"@type\":\"Person\",\"@id\":\"https:\/\/veritasinfo.org\/#\/schema\/person\/fe199eede04c3937362892b7444747cc\",\"name\":\"US6\",\"image\":{\"@type\":\"ImageObject\",\"inLanguage\":\"en-US\",\"@id\":\"https:\/\/veritasinfo.org\/#\/schema\/person\/image\/\",\"url\":\"https:\/\/secure.gravatar.com\/avatar\/cb16c3c31c9d23b9b8c705964598220b3014e42ff51eb540ff23cefa3ae8c15f?s=96&d=mm&r=g\",\"contentUrl\":\"https:\/\/secure.gravatar.com\/avatar\/cb16c3c31c9d23b9b8c705964598220b3014e42ff51eb540ff23cefa3ae8c15f?s=96&d=mm&r=g\",\"caption\":\"US6\"},\"url\":\"https:\/\/veritasinfo.org\/?author=7\"}]}<\/script>\n<!-- \/ Yoast SEO plugin. -->","yoast_head_json":{"title":"Lista Serbe kthen fushat\u00ebn n\u00eb lavdi p\u00ebr terroristin e Banjsk\u00ebs, ekspert\u00ebt k\u00ebrkojn\u00eb nd\u00ebrhyrje urgjente -","robots":{"index":"index","follow":"follow","max-snippet":"max-snippet:-1","max-image-preview":"max-image-preview:large","max-video-preview":"max-video-preview:-1"},"canonical":"https:\/\/veritasinfo.org\/?p=12298","og_locale":"en_US","og_type":"article","og_title":"Lista Serbe kthen fushat\u00ebn n\u00eb lavdi p\u00ebr terroristin e Banjsk\u00ebs, ekspert\u00ebt k\u00ebrkojn\u00eb nd\u00ebrhyrje urgjente -","og_description":"Prishtin\u00eb, 17 shtator 2025 Ekspert\u00ebt: Lista Serbe duhet hetuar p\u00ebr veprime kund\u00ebr Kushtetut\u00ebs. Lista Serbe po rishfaq destruktivitetin e saj dhe po zbaton politikat e","og_url":"https:\/\/veritasinfo.org\/?p=12298","article_published_time":"2025-09-17T06:58:21+00:00","og_image":[{"width":850,"height":481,"url":"https:\/\/veritasinfo.org\/wp-content\/uploads\/2025\/09\/auto_radoi1758089004.jpg","type":"image\/jpeg"}],"author":"US6","twitter_card":"summary_large_image","twitter_misc":{"Written by":"US6","Est. reading time":"6 minutes"},"schema":{"@context":"https:\/\/schema.org","@graph":[{"@type":"WebPage","@id":"https:\/\/veritasinfo.org\/?p=12298","url":"https:\/\/veritasinfo.org\/?p=12298","name":"Lista Serbe kthen fushat\u00ebn n\u00eb lavdi p\u00ebr terroristin e Banjsk\u00ebs, ekspert\u00ebt k\u00ebrkojn\u00eb nd\u00ebrhyrje urgjente -","isPartOf":{"@id":"https:\/\/veritasinfo.org\/#website"},"primaryImageOfPage":{"@id":"https:\/\/veritasinfo.org\/?p=12298#primaryimage"},"image":{"@id":"https:\/\/veritasinfo.org\/?p=12298#primaryimage"},"thumbnailUrl":"https:\/\/veritasinfo.org\/wp-content\/uploads\/2025\/09\/auto_radoi1758089004.jpg","datePublished":"2025-09-17T06:58:21+00:00","author":{"@id":"https:\/\/veritasinfo.org\/#\/schema\/person\/fe199eede04c3937362892b7444747cc"},"breadcrumb":{"@id":"https:\/\/veritasinfo.org\/?p=12298#breadcrumb"},"inLanguage":"en-US","potentialAction":[{"@type":"ReadAction","target":["https:\/\/veritasinfo.org\/?p=12298"]}]},{"@type":"ImageObject","inLanguage":"en-US","@id":"https:\/\/veritasinfo.org\/?p=12298#primaryimage","url":"https:\/\/veritasinfo.org\/wp-content\/uploads\/2025\/09\/auto_radoi1758089004.jpg","contentUrl":"https:\/\/veritasinfo.org\/wp-content\/uploads\/2025\/09\/auto_radoi1758089004.jpg","width":850,"height":481},{"@type":"BreadcrumbList","@id":"https:\/\/veritasinfo.org\/?p=12298#breadcrumb","itemListElement":[{"@type":"ListItem","position":1,"name":"Home","item":"https:\/\/veritasinfo.org\/"},{"@type":"ListItem","position":2,"name":"Lista Serbe kthen fushat\u00ebn n\u00eb lavdi p\u00ebr terroristin e Banjsk\u00ebs, ekspert\u00ebt k\u00ebrkojn\u00eb nd\u00ebrhyrje urgjente"}]},{"@type":"WebSite","@id":"https:\/\/veritasinfo.org\/#website","url":"https:\/\/veritasinfo.org\/","name":"","description":"","potentialAction":[{"@type":"SearchAction","target":{"@type":"EntryPoint","urlTemplate":"https:\/\/veritasinfo.org\/?s={search_term_string}"},"query-input":{"@type":"PropertyValueSpecification","valueRequired":true,"valueName":"search_term_string"}}],"inLanguage":"en-US"},{"@type":"Person","@id":"https:\/\/veritasinfo.org\/#\/schema\/person\/fe199eede04c3937362892b7444747cc","name":"US6","image":{"@type":"ImageObject","inLanguage":"en-US","@id":"https:\/\/veritasinfo.org\/#\/schema\/person\/image\/","url":"https:\/\/secure.gravatar.com\/avatar\/cb16c3c31c9d23b9b8c705964598220b3014e42ff51eb540ff23cefa3ae8c15f?s=96&d=mm&r=g","contentUrl":"https:\/\/secure.gravatar.com\/avatar\/cb16c3c31c9d23b9b8c705964598220b3014e42ff51eb540ff23cefa3ae8c15f?s=96&d=mm&r=g","caption":"US6"},"url":"https:\/\/veritasinfo.org\/?author=7"}]}},"featured_image_urls":{"full":["https:\/\/veritasinfo.org\/wp-content\/uploads\/2025\/09\/auto_radoi1758089004.jpg",850,481,false],"thumbnail":["https:\/\/veritasinfo.org\/wp-content\/uploads\/2025\/09\/auto_radoi1758089004-150x150.jpg",150,150,true],"medium":["https:\/\/veritasinfo.org\/wp-content\/uploads\/2025\/09\/auto_radoi1758089004-300x170.jpg",300,170,true],"medium_large":["https:\/\/veritasinfo.org\/wp-content\/uploads\/2025\/09\/auto_radoi1758089004-768x435.jpg",640,363,true],"large":["https:\/\/veritasinfo.org\/wp-content\/uploads\/2025\/09\/auto_radoi1758089004.jpg",640,362,false],"1536x1536":["https:\/\/veritasinfo.org\/wp-content\/uploads\/2025\/09\/auto_radoi1758089004.jpg",850,481,false],"2048x2048":["https:\/\/veritasinfo.org\/wp-content\/uploads\/2025\/09\/auto_radoi1758089004.jpg",850,481,false],"kreeti-slider-full":["https:\/\/veritasinfo.org\/wp-content\/uploads\/2025\/09\/auto_radoi1758089004.jpg",850,481,false],"kreeti-featured":["https:\/\/veritasinfo.org\/wp-content\/uploads\/2025\/09\/auto_radoi1758089004.jpg",850,481,false],"kreeti-medium":["https:\/\/veritasinfo.org\/wp-content\/uploads\/2025\/09\/auto_radoi1758089004.jpg",720,407,false],"kreeti-medium-square":["https:\/\/veritasinfo.org\/wp-content\/uploads\/2025\/09\/auto_radoi1758089004.jpg",350,198,false]},"author_info":{"info":["US6"]},"category_info":"<a href=\"https:\/\/veritasinfo.org\/?cat=60\" rel=\"category\">Shoq\u00ebrore<\/a>","tag_info":"Shoq\u00ebrore","comment_count":"0","_links":{"self":[{"href":"https:\/\/veritasinfo.org\/index.php?rest_route=\/wp\/v2\/posts\/12298","targetHints":{"allow":["GET"]}}],"collection":[{"href":"https:\/\/veritasinfo.org\/index.php?rest_route=\/wp\/v2\/posts"}],"about":[{"href":"https:\/\/veritasinfo.org\/index.php?rest_route=\/wp\/v2\/types\/post"}],"author":[{"embeddable":true,"href":"https:\/\/veritasinfo.org\/index.php?rest_route=\/wp\/v2\/users\/7"}],"replies":[{"embeddable":true,"href":"https:\/\/veritasinfo.org\/index.php?rest_route=%2Fwp%2Fv2%2Fcomments&post=12298"}],"version-history":[{"count":1,"href":"https:\/\/veritasinfo.org\/index.php?rest_route=\/wp\/v2\/posts\/12298\/revisions"}],"predecessor-version":[{"id":12300,"href":"https:\/\/veritasinfo.org\/index.php?rest_route=\/wp\/v2\/posts\/12298\/revisions\/12300"}],"wp:featuredmedia":[{"embeddable":true,"href":"https:\/\/veritasinfo.org\/index.php?rest_route=\/wp\/v2\/media\/12299"}],"wp:attachment":[{"href":"https:\/\/veritasinfo.org\/index.php?rest_route=%2Fwp%2Fv2%2Fmedia&parent=12298"}],"wp:term":[{"taxonomy":"category","embeddable":true,"href":"https:\/\/veritasinfo.org\/index.php?rest_route=%2Fwp%2Fv2%2Fcategories&post=12298"},{"taxonomy":"post_tag","embeddable":true,"href":"https:\/\/veritasinfo.org\/index.php?rest_route=%2Fwp%2Fv2%2Ftags&post=12298"}],"curies":[{"name":"wp","href":"https:\/\/api.w.org\/{rel}","templated":true}]}}