{"id":12281,"date":"2025-09-17T08:14:01","date_gmt":"2025-09-17T06:14:01","guid":{"rendered":"https:\/\/veritasinfo.org\/?p=12281"},"modified":"2025-09-17T08:14:01","modified_gmt":"2025-09-17T06:14:01","slug":"basha-ne-forumin-rinor-te-rinjte-celesi-per-bashkepunim-dhe-paqe-ne-rajon","status":"publish","type":"post","link":"https:\/\/veritasinfo.org\/?p=12281","title":{"rendered":"Basha n\u00eb Forumin Rinor: T\u00eb rinjt\u00eb, \u00e7el\u00ebsi p\u00ebr bashk\u00ebpunim dhe paqe n\u00eb rajon"},"content":{"rendered":"<p><strong>Prishtin\u00eb 17 Shhtator 2025<\/strong><\/p>\n<p>Kryetari i Kuvendit t\u00eb Kosov\u00ebs, Dimal Basha, tha se sonte ka pasur nderin t\u00eb jet\u00eb pjes\u00eb e ceremonis\u00eb hap\u00ebse t\u00eb Forumit Rinor 2025 n\u00eb kuad\u00ebr t\u00eb Procesit t\u00eb Berlinit, ku para nj\u00eb audience t\u00eb gjer\u00eb t\u00eb lider\u00ebve t\u00eb rinj, p\u00ebrfaq\u00ebsuesve institucional\u00eb, an\u00ebtar\u00ebve t\u00eb shoq\u00ebris\u00eb civile dhe organizatave nd\u00ebrkomb\u00ebtare mbajti fjal\u00ebn e tij p\u00ebr r\u00ebnd\u00ebsin\u00eb e bashk\u00ebpunimit rajonal.<\/p>\n<p>Basha tha m\u00eb tej se \u201cnd\u00ebrveprimi mes t\u00eb rinjve \u00ebsht\u00eb \u00e7el\u00ebsi p\u00ebr t\u00eb thyer paragjykimet dhe p\u00ebr t\u00eb nd\u00ebrtuar ura t\u00eb reja miq\u00ebsie\u201d dhe se \u201cne nuk mund t\u2019i lejojm\u00eb gjeneratat e ardhshme t\u00eb rriten n\u00eb izolim apo injoranc\u00eb p\u00ebr nj\u00ebri-tjetrin\u201d.<\/p>\n<p>Ai iu referua edhe historis\u00eb evropiane, \u201cme \u00e7\u2019rast vendet q\u00eb dikur ishin armiq t\u00eb ashp\u00ebr sot jan\u00eb partner\u00eb t\u00eb m\u00ebdhenj n\u00eb bashk\u00ebpunim\u201d.<\/p>\n<p>\u201cT\u00eb rinjt\u00eb tan\u00eb kan\u00eb energji, talent dhe ide t\u00eb jasht\u00ebzakonshme, e ne duhet t\u00eb punojm\u00eb q\u00eb t\u2019i shfryt\u00ebzojm\u00eb k\u00ebto p\u00ebr t\u00eb nd\u00ebrtuar nj\u00eb rajon t\u00eb gatsh\u00ebm p\u00ebr t\u2019iu bashkuar Evrop\u00ebs jo vet\u00ebm gjeografikisht, por edhe n\u00eb vlera e shpirt\u201d, deklaroi Basha.<\/p>\n","protected":false},"excerpt":{"rendered":"<p>Prishtin\u00eb 17 Shhtator 2025 Kryetari i Kuvendit t\u00eb Kosov\u00ebs, Dimal Basha, tha se sonte ka pasur nderin t\u00eb jet\u00eb pjes\u00eb e ceremonis\u00eb hap\u00ebse t\u00eb Forumit<\/p>\n","protected":false},"author":6,"featured_media":12282,"comment_status":"open","ping_status":"open","sticky":false,"template":"","format":"standard","meta":{"footnotes":""},"categories":[60],"tags":[],"class_list":["post-12281","post","type-post","status-publish","format-standard","has-post-thumbnail","hentry","category-shoqerore-sq"],"yoast_head":"<!-- This site is optimized with the Yoast SEO plugin v25.3.1 - https:\/\/yoast.com\/wordpress\/plugins\/seo\/ -->\n<title>Basha n\u00eb Forumin Rinor: T\u00eb rinjt\u00eb, \u00e7el\u00ebsi p\u00ebr bashk\u00ebpunim dhe paqe n\u00eb rajon -<\/title>\n<meta name=\"robots\" content=\"index, follow, max-snippet:-1, max-image-preview:large, max-video-preview:-1\" \/>\n<link rel=\"canonical\" href=\"https:\/\/veritasinfo.org\/?p=12281\" \/>\n<meta property=\"og:locale\" content=\"en_US\" \/>\n<meta property=\"og:type\" content=\"article\" \/>\n<meta property=\"og:title\" content=\"Basha n\u00eb Forumin Rinor: T\u00eb rinjt\u00eb, \u00e7el\u00ebsi p\u00ebr bashk\u00ebpunim dhe paqe n\u00eb rajon -\" \/>\n<meta property=\"og:description\" content=\"Prishtin\u00eb 17 Shhtator 2025 Kryetari i Kuvendit t\u00eb Kosov\u00ebs, Dimal Basha, tha se sonte ka pasur nderin t\u00eb jet\u00eb pjes\u00eb e ceremonis\u00eb hap\u00ebse t\u00eb Forumit\" \/>\n<meta property=\"og:url\" content=\"https:\/\/veritasinfo.org\/?p=12281\" \/>\n<meta property=\"article:published_time\" content=\"2025-09-17T06:14:01+00:00\" \/>\n<meta property=\"og:image\" content=\"https:\/\/veritasinfo.org\/wp-content\/uploads\/2025\/09\/bas.jpg\" \/>\n\t<meta property=\"og:image:width\" content=\"900\" \/>\n\t<meta property=\"og:image:height\" content=\"618\" \/>\n\t<meta property=\"og:image:type\" content=\"image\/jpeg\" \/>\n<meta name=\"author\" content=\"US5\" \/>\n<meta name=\"twitter:card\" content=\"summary_large_image\" \/>\n<meta name=\"twitter:label1\" content=\"Written by\" \/>\n\t<meta name=\"twitter:data1\" content=\"US5\" \/>\n\t<meta name=\"twitter:label2\" content=\"Est. reading time\" \/>\n\t<meta name=\"twitter:data2\" content=\"1 minute\" \/>\n<script type=\"application\/ld+json\" class=\"yoast-schema-graph\">{\"@context\":\"https:\/\/schema.org\",\"@graph\":[{\"@type\":\"WebPage\",\"@id\":\"https:\/\/veritasinfo.org\/?p=12281\",\"url\":\"https:\/\/veritasinfo.org\/?p=12281\",\"name\":\"Basha n\u00eb Forumin Rinor: T\u00eb rinjt\u00eb, \u00e7el\u00ebsi p\u00ebr bashk\u00ebpunim dhe paqe n\u00eb rajon -\",\"isPartOf\":{\"@id\":\"https:\/\/veritasinfo.org\/#website\"},\"primaryImageOfPage\":{\"@id\":\"https:\/\/veritasinfo.org\/?p=12281#primaryimage\"},\"image\":{\"@id\":\"https:\/\/veritasinfo.org\/?p=12281#primaryimage\"},\"thumbnailUrl\":\"https:\/\/veritasinfo.org\/wp-content\/uploads\/2025\/09\/bas.jpg\",\"datePublished\":\"2025-09-17T06:14:01+00:00\",\"author\":{\"@id\":\"https:\/\/veritasinfo.org\/#\/schema\/person\/bc442336e35414d04494ab8fb45db4c6\"},\"breadcrumb\":{\"@id\":\"https:\/\/veritasinfo.org\/?p=12281#breadcrumb\"},\"inLanguage\":\"en-US\",\"potentialAction\":[{\"@type\":\"ReadAction\",\"target\":[\"https:\/\/veritasinfo.org\/?p=12281\"]}]},{\"@type\":\"ImageObject\",\"inLanguage\":\"en-US\",\"@id\":\"https:\/\/veritasinfo.org\/?p=12281#primaryimage\",\"url\":\"https:\/\/veritasinfo.org\/wp-content\/uploads\/2025\/09\/bas.jpg\",\"contentUrl\":\"https:\/\/veritasinfo.org\/wp-content\/uploads\/2025\/09\/bas.jpg\",\"width\":900,\"height\":618},{\"@type\":\"BreadcrumbList\",\"@id\":\"https:\/\/veritasinfo.org\/?p=12281#breadcrumb\",\"itemListElement\":[{\"@type\":\"ListItem\",\"position\":1,\"name\":\"Home\",\"item\":\"https:\/\/veritasinfo.org\/\"},{\"@type\":\"ListItem\",\"position\":2,\"name\":\"Basha n\u00eb Forumin Rinor: T\u00eb rinjt\u00eb, \u00e7el\u00ebsi p\u00ebr bashk\u00ebpunim dhe paqe n\u00eb rajon\"}]},{\"@type\":\"WebSite\",\"@id\":\"https:\/\/veritasinfo.org\/#website\",\"url\":\"https:\/\/veritasinfo.org\/\",\"name\":\"\",\"description\":\"\",\"potentialAction\":[{\"@type\":\"SearchAction\",\"target\":{\"@type\":\"EntryPoint\",\"urlTemplate\":\"https:\/\/veritasinfo.org\/?s={search_term_string}\"},\"query-input\":{\"@type\":\"PropertyValueSpecification\",\"valueRequired\":true,\"valueName\":\"search_term_string\"}}],\"inLanguage\":\"en-US\"},{\"@type\":\"Person\",\"@id\":\"https:\/\/veritasinfo.org\/#\/schema\/person\/bc442336e35414d04494ab8fb45db4c6\",\"name\":\"US5\",\"image\":{\"@type\":\"ImageObject\",\"inLanguage\":\"en-US\",\"@id\":\"https:\/\/veritasinfo.org\/#\/schema\/person\/image\/\",\"url\":\"https:\/\/secure.gravatar.com\/avatar\/16a61e7272a0c5d001121ebb9e60e925d5816e4ac1e443ed3e640d9a6ae55d0c?s=96&d=mm&r=g\",\"contentUrl\":\"https:\/\/secure.gravatar.com\/avatar\/16a61e7272a0c5d001121ebb9e60e925d5816e4ac1e443ed3e640d9a6ae55d0c?s=96&d=mm&r=g\",\"caption\":\"US5\"},\"url\":\"https:\/\/veritasinfo.org\/?author=6\"}]}<\/script>\n<!-- \/ Yoast SEO plugin. -->","yoast_head_json":{"title":"Basha n\u00eb Forumin Rinor: T\u00eb rinjt\u00eb, \u00e7el\u00ebsi p\u00ebr bashk\u00ebpunim dhe paqe n\u00eb rajon -","robots":{"index":"index","follow":"follow","max-snippet":"max-snippet:-1","max-image-preview":"max-image-preview:large","max-video-preview":"max-video-preview:-1"},"canonical":"https:\/\/veritasinfo.org\/?p=12281","og_locale":"en_US","og_type":"article","og_title":"Basha n\u00eb Forumin Rinor: T\u00eb rinjt\u00eb, \u00e7el\u00ebsi p\u00ebr bashk\u00ebpunim dhe paqe n\u00eb rajon -","og_description":"Prishtin\u00eb 17 Shhtator 2025 Kryetari i Kuvendit t\u00eb Kosov\u00ebs, Dimal Basha, tha se sonte ka pasur nderin t\u00eb jet\u00eb pjes\u00eb e ceremonis\u00eb hap\u00ebse t\u00eb Forumit","og_url":"https:\/\/veritasinfo.org\/?p=12281","article_published_time":"2025-09-17T06:14:01+00:00","og_image":[{"width":900,"height":618,"url":"https:\/\/veritasinfo.org\/wp-content\/uploads\/2025\/09\/bas.jpg","type":"image\/jpeg"}],"author":"US5","twitter_card":"summary_large_image","twitter_misc":{"Written by":"US5","Est. reading time":"1 minute"},"schema":{"@context":"https:\/\/schema.org","@graph":[{"@type":"WebPage","@id":"https:\/\/veritasinfo.org\/?p=12281","url":"https:\/\/veritasinfo.org\/?p=12281","name":"Basha n\u00eb Forumin Rinor: T\u00eb rinjt\u00eb, \u00e7el\u00ebsi p\u00ebr bashk\u00ebpunim dhe paqe n\u00eb rajon -","isPartOf":{"@id":"https:\/\/veritasinfo.org\/#website"},"primaryImageOfPage":{"@id":"https:\/\/veritasinfo.org\/?p=12281#primaryimage"},"image":{"@id":"https:\/\/veritasinfo.org\/?p=12281#primaryimage"},"thumbnailUrl":"https:\/\/veritasinfo.org\/wp-content\/uploads\/2025\/09\/bas.jpg","datePublished":"2025-09-17T06:14:01+00:00","author":{"@id":"https:\/\/veritasinfo.org\/#\/schema\/person\/bc442336e35414d04494ab8fb45db4c6"},"breadcrumb":{"@id":"https:\/\/veritasinfo.org\/?p=12281#breadcrumb"},"inLanguage":"en-US","potentialAction":[{"@type":"ReadAction","target":["https:\/\/veritasinfo.org\/?p=12281"]}]},{"@type":"ImageObject","inLanguage":"en-US","@id":"https:\/\/veritasinfo.org\/?p=12281#primaryimage","url":"https:\/\/veritasinfo.org\/wp-content\/uploads\/2025\/09\/bas.jpg","contentUrl":"https:\/\/veritasinfo.org\/wp-content\/uploads\/2025\/09\/bas.jpg","width":900,"height":618},{"@type":"BreadcrumbList","@id":"https:\/\/veritasinfo.org\/?p=12281#breadcrumb","itemListElement":[{"@type":"ListItem","position":1,"name":"Home","item":"https:\/\/veritasinfo.org\/"},{"@type":"ListItem","position":2,"name":"Basha n\u00eb Forumin Rinor: T\u00eb rinjt\u00eb, \u00e7el\u00ebsi p\u00ebr bashk\u00ebpunim dhe paqe n\u00eb rajon"}]},{"@type":"WebSite","@id":"https:\/\/veritasinfo.org\/#website","url":"https:\/\/veritasinfo.org\/","name":"","description":"","potentialAction":[{"@type":"SearchAction","target":{"@type":"EntryPoint","urlTemplate":"https:\/\/veritasinfo.org\/?s={search_term_string}"},"query-input":{"@type":"PropertyValueSpecification","valueRequired":true,"valueName":"search_term_string"}}],"inLanguage":"en-US"},{"@type":"Person","@id":"https:\/\/veritasinfo.org\/#\/schema\/person\/bc442336e35414d04494ab8fb45db4c6","name":"US5","image":{"@type":"ImageObject","inLanguage":"en-US","@id":"https:\/\/veritasinfo.org\/#\/schema\/person\/image\/","url":"https:\/\/secure.gravatar.com\/avatar\/16a61e7272a0c5d001121ebb9e60e925d5816e4ac1e443ed3e640d9a6ae55d0c?s=96&d=mm&r=g","contentUrl":"https:\/\/secure.gravatar.com\/avatar\/16a61e7272a0c5d001121ebb9e60e925d5816e4ac1e443ed3e640d9a6ae55d0c?s=96&d=mm&r=g","caption":"US5"},"url":"https:\/\/veritasinfo.org\/?author=6"}]}},"featured_image_urls":{"full":["https:\/\/veritasinfo.org\/wp-content\/uploads\/2025\/09\/bas.jpg",900,618,false],"thumbnail":["https:\/\/veritasinfo.org\/wp-content\/uploads\/2025\/09\/bas-150x150.jpg",150,150,true],"medium":["https:\/\/veritasinfo.org\/wp-content\/uploads\/2025\/09\/bas-300x206.jpg",300,206,true],"medium_large":["https:\/\/veritasinfo.org\/wp-content\/uploads\/2025\/09\/bas-768x527.jpg",640,439,true],"large":["https:\/\/veritasinfo.org\/wp-content\/uploads\/2025\/09\/bas.jpg",640,439,false],"1536x1536":["https:\/\/veritasinfo.org\/wp-content\/uploads\/2025\/09\/bas.jpg",900,618,false],"2048x2048":["https:\/\/veritasinfo.org\/wp-content\/uploads\/2025\/09\/bas.jpg",900,618,false],"kreeti-slider-full":["https:\/\/veritasinfo.org\/wp-content\/uploads\/2025\/09\/bas.jpg",900,618,false],"kreeti-featured":["https:\/\/veritasinfo.org\/wp-content\/uploads\/2025\/09\/bas.jpg",900,618,false],"kreeti-medium":["https:\/\/veritasinfo.org\/wp-content\/uploads\/2025\/09\/bas.jpg",720,494,false],"kreeti-medium-square":["https:\/\/veritasinfo.org\/wp-content\/uploads\/2025\/09\/bas.jpg",350,240,false]},"author_info":{"info":["US5"]},"category_info":"<a href=\"https:\/\/veritasinfo.org\/?cat=60\" rel=\"category\">Shoq\u00ebrore<\/a>","tag_info":"Shoq\u00ebrore","comment_count":"0","_links":{"self":[{"href":"https:\/\/veritasinfo.org\/index.php?rest_route=\/wp\/v2\/posts\/12281","targetHints":{"allow":["GET"]}}],"collection":[{"href":"https:\/\/veritasinfo.org\/index.php?rest_route=\/wp\/v2\/posts"}],"about":[{"href":"https:\/\/veritasinfo.org\/index.php?rest_route=\/wp\/v2\/types\/post"}],"author":[{"embeddable":true,"href":"https:\/\/veritasinfo.org\/index.php?rest_route=\/wp\/v2\/users\/6"}],"replies":[{"embeddable":true,"href":"https:\/\/veritasinfo.org\/index.php?rest_route=%2Fwp%2Fv2%2Fcomments&post=12281"}],"version-history":[{"count":1,"href":"https:\/\/veritasinfo.org\/index.php?rest_route=\/wp\/v2\/posts\/12281\/revisions"}],"predecessor-version":[{"id":12283,"href":"https:\/\/veritasinfo.org\/index.php?rest_route=\/wp\/v2\/posts\/12281\/revisions\/12283"}],"wp:featuredmedia":[{"embeddable":true,"href":"https:\/\/veritasinfo.org\/index.php?rest_route=\/wp\/v2\/media\/12282"}],"wp:attachment":[{"href":"https:\/\/veritasinfo.org\/index.php?rest_route=%2Fwp%2Fv2%2Fmedia&parent=12281"}],"wp:term":[{"taxonomy":"category","embeddable":true,"href":"https:\/\/veritasinfo.org\/index.php?rest_route=%2Fwp%2Fv2%2Fcategories&post=12281"},{"taxonomy":"post_tag","embeddable":true,"href":"https:\/\/veritasinfo.org\/index.php?rest_route=%2Fwp%2Fv2%2Ftags&post=12281"}],"curies":[{"name":"wp","href":"https:\/\/api.w.org\/{rel}","templated":true}]}}