{"id":12268,"date":"2025-09-17T07:45:20","date_gmt":"2025-09-17T05:45:20","guid":{"rendered":"https:\/\/veritasinfo.org\/?p=12268"},"modified":"2025-09-17T07:45:20","modified_gmt":"2025-09-17T05:45:20","slug":"perfaqesimi-i-grave-permes-kandidateve-per-kryetare-komunash-dhe-keshilltare-ne-veri-te-kosoves-larg-pritshmerive","status":"publish","type":"post","link":"https:\/\/veritasinfo.org\/?p=12268","title":{"rendered":"P\u00ebrfaq\u00ebsimi i grave p\u00ebrmes kandidateve p\u00ebr kryetare komunash dhe k\u00ebshilltare n\u00eb veri t\u00eb Kosov\u00ebs, larg pritshm\u00ebrive"},"content":{"rendered":"<p><strong>Mitrovic\u00eb e Veriut, 17 shtator 2025<\/strong><\/p>\n<p>N\u00eb veri t\u00eb Kosov\u00ebs, n\u00eb prag t\u00eb zgjedhjeve lokale, \u00e7\u00ebshtja e p\u00ebrfaq\u00ebsimit politik t\u00eb grave ngrihet p\u00ebrs\u00ebri. Edhe pse ligjet dhe rregullat zgjedhore parashikojn\u00eb barazi gjinore dhe nj\u00eb kuot\u00eb t\u00eb detyrueshme prej t\u00eb pakt\u00ebn 30 p\u00ebrqind t\u00eb grave n\u00eb listat zgjedhore, n\u00eb praktik\u00eb grat\u00eb ende rrall\u00eb zgjidhen p\u00ebr t\u00eb mbajtur pozicione ky\u00e7e.<\/p>\n<p>Kur b\u00ebhet fjal\u00eb p\u00ebr kandidat\u00ebt p\u00ebr kryetar\u00eb komune n\u00eb kat\u00ebr komunat n\u00eb veri t\u00eb Kosov\u00ebs,Mitrovic\u00ebs s\u00eb Veriut, Zve\u00e7an, Leposaviq dhe Zubin Potok, grat\u00eb jan\u00eb ende nj\u00eb pakic\u00eb e konsiderueshme. M\u00eb shpesh, ato jan\u00eb t\u00eb pranishme n\u00eb partit\u00eb politike si an\u00ebtare t\u00eb komisioneve ose kandidate p\u00ebr k\u00ebshilltare, nd\u00ebrsa rrall\u00eb kandidojn\u00eb p\u00ebr pozicione kryetare komune.<\/p>\n<p>&#8220;Grat\u00eb shpesh p\u00ebrballen me presione shtes\u00eb, nga pritjet sociale deri te vendimet e brendshme t\u00eb partis\u00eb q\u00eb rrall\u00eb favorizojn\u00eb kandidatet femra. Edhe pse ekziston nj\u00eb detyrim ligjor, praktika politike ende favorizon burrat&#8221;, thot\u00eb p\u00ebr \u201cVeritasinfo\u201d,Sandra Gjokiq, nj\u00eb aktiviste nga Mitrovica e Veriut.<\/p>\n<p>N\u00eb listat p\u00ebr k\u00ebshilltar\u00ebt, situata \u00ebsht\u00eb disi m\u00eb e mir\u00eb fal\u00eb kuotave t\u00eb detyrueshme, mesatarisht \u00e7do kandidat i tret\u00eb n\u00eb lista \u00ebsht\u00eb grua. Megjithat\u00eb, qytetar\u00ebt theksojn\u00eb se prania formale n\u00eb lista nuk do t\u00eb thot\u00eb pjes\u00ebmarrje thelb\u00ebsore n\u00eb vendimmarrje.<\/p>\n<p>&#8220;Ne i shohim grat\u00eb n\u00eb lista, por pas zgjedhjeve ato rrall\u00eb marrin role t\u00eb r\u00ebnd\u00ebsishme. Nevojitet m\u00eb shum\u00eb hap\u00ebsir\u00eb \u200b\u200bdhe mb\u00ebshtetje q\u00eb fjal\u00ebt e tyre t\u00eb ken\u00eb v\u00ebrtet pesh\u00eb&#8221;, beson Marina Ili\u0107, nj\u00eb qytetare nga Zve\u00e7ani.<\/p>\n<p>Edhe pse p\u00ebrparimi krahasuar me vitet e kaluara \u00ebsht\u00eb i duksh\u00ebm, rruga drejt barazis\u00eb s\u00eb v\u00ebrtet\u00eb gjinore n\u00eb politik\u00eb n\u00eb veri t\u00eb Kosov\u00ebs \u00ebsht\u00eb ende e gjat\u00eb.<\/p>\n<p>Njoh\u00ebsit e situat\u00ebs vler\u00ebsojn\u00eb se zgjedhjet e ardhshme do t\u00eb tregojn\u00eb n\u00ebse trendi i p\u00ebrfaq\u00ebsimit m\u00eb t\u00eb madh t\u00eb grave do t\u00eb vazhdoj\u00eb dhe n\u00ebse m\u00eb n\u00eb fund do t\u00eb hapet hap\u00ebsir\u00eb \u200b\u200bp\u00ebr rolin e tyre m\u00eb t\u00eb fort\u00eb n\u00eb pushtetin ekzekutiv.<\/p>\n","protected":false},"excerpt":{"rendered":"<p>Mitrovic\u00eb e Veriut, 17 shtator 2025 N\u00eb veri t\u00eb Kosov\u00ebs, n\u00eb prag t\u00eb zgjedhjeve lokale, \u00e7\u00ebshtja e p\u00ebrfaq\u00ebsimit politik t\u00eb grave ngrihet p\u00ebrs\u00ebri. Edhe pse<\/p>\n","protected":false},"author":2,"featured_media":12269,"comment_status":"open","ping_status":"open","sticky":false,"template":"","format":"standard","meta":{"footnotes":""},"categories":[58],"tags":[],"class_list":["post-12268","post","type-post","status-publish","format-standard","has-post-thumbnail","hentry","category-politike-sq"],"yoast_head":"<!-- This site is optimized with the Yoast SEO plugin v25.3.1 - https:\/\/yoast.com\/wordpress\/plugins\/seo\/ -->\n<title>P\u00ebrfaq\u00ebsimi i grave p\u00ebrmes kandidateve p\u00ebr kryetare komunash dhe k\u00ebshilltare n\u00eb veri t\u00eb Kosov\u00ebs, larg pritshm\u00ebrive -<\/title>\n<meta name=\"robots\" content=\"index, follow, max-snippet:-1, max-image-preview:large, max-video-preview:-1\" \/>\n<link rel=\"canonical\" href=\"https:\/\/veritasinfo.org\/?p=12268\" \/>\n<meta property=\"og:locale\" content=\"en_US\" \/>\n<meta property=\"og:type\" content=\"article\" \/>\n<meta property=\"og:title\" content=\"P\u00ebrfaq\u00ebsimi i grave p\u00ebrmes kandidateve p\u00ebr kryetare komunash dhe k\u00ebshilltare n\u00eb veri t\u00eb Kosov\u00ebs, larg pritshm\u00ebrive -\" \/>\n<meta property=\"og:description\" content=\"Mitrovic\u00eb e Veriut, 17 shtator 2025 N\u00eb veri t\u00eb Kosov\u00ebs, n\u00eb prag t\u00eb zgjedhjeve lokale, \u00e7\u00ebshtja e p\u00ebrfaq\u00ebsimit politik t\u00eb grave ngrihet p\u00ebrs\u00ebri. Edhe pse\" \/>\n<meta property=\"og:url\" content=\"https:\/\/veritasinfo.org\/?p=12268\" \/>\n<meta property=\"article:published_time\" content=\"2025-09-17T05:45:20+00:00\" \/>\n<meta property=\"og:image\" content=\"https:\/\/veritasinfo.org\/wp-content\/uploads\/2025\/09\/zvecani.jpg\" \/>\n\t<meta property=\"og:image:width\" content=\"2048\" \/>\n\t<meta property=\"og:image:height\" content=\"1365\" \/>\n\t<meta property=\"og:image:type\" content=\"image\/jpeg\" \/>\n<meta name=\"author\" content=\"US1\" \/>\n<meta name=\"twitter:card\" content=\"summary_large_image\" \/>\n<meta name=\"twitter:label1\" content=\"Written by\" \/>\n\t<meta name=\"twitter:data1\" content=\"US1\" \/>\n\t<meta name=\"twitter:label2\" content=\"Est. reading time\" \/>\n\t<meta name=\"twitter:data2\" content=\"2 minutes\" \/>\n<script type=\"application\/ld+json\" class=\"yoast-schema-graph\">{\"@context\":\"https:\/\/schema.org\",\"@graph\":[{\"@type\":\"WebPage\",\"@id\":\"https:\/\/veritasinfo.org\/?p=12268\",\"url\":\"https:\/\/veritasinfo.org\/?p=12268\",\"name\":\"P\u00ebrfaq\u00ebsimi i grave p\u00ebrmes kandidateve p\u00ebr kryetare komunash dhe k\u00ebshilltare n\u00eb veri t\u00eb Kosov\u00ebs, larg pritshm\u00ebrive -\",\"isPartOf\":{\"@id\":\"https:\/\/veritasinfo.org\/#website\"},\"primaryImageOfPage\":{\"@id\":\"https:\/\/veritasinfo.org\/?p=12268#primaryimage\"},\"image\":{\"@id\":\"https:\/\/veritasinfo.org\/?p=12268#primaryimage\"},\"thumbnailUrl\":\"https:\/\/veritasinfo.org\/wp-content\/uploads\/2025\/09\/zvecani.jpg\",\"datePublished\":\"2025-09-17T05:45:20+00:00\",\"author\":{\"@id\":\"https:\/\/veritasinfo.org\/#\/schema\/person\/c2b8be262ea994d0995addca692c5e98\"},\"breadcrumb\":{\"@id\":\"https:\/\/veritasinfo.org\/?p=12268#breadcrumb\"},\"inLanguage\":\"en-US\",\"potentialAction\":[{\"@type\":\"ReadAction\",\"target\":[\"https:\/\/veritasinfo.org\/?p=12268\"]}]},{\"@type\":\"ImageObject\",\"inLanguage\":\"en-US\",\"@id\":\"https:\/\/veritasinfo.org\/?p=12268#primaryimage\",\"url\":\"https:\/\/veritasinfo.org\/wp-content\/uploads\/2025\/09\/zvecani.jpg\",\"contentUrl\":\"https:\/\/veritasinfo.org\/wp-content\/uploads\/2025\/09\/zvecani.jpg\",\"width\":2048,\"height\":1365},{\"@type\":\"BreadcrumbList\",\"@id\":\"https:\/\/veritasinfo.org\/?p=12268#breadcrumb\",\"itemListElement\":[{\"@type\":\"ListItem\",\"position\":1,\"name\":\"Home\",\"item\":\"https:\/\/veritasinfo.org\/\"},{\"@type\":\"ListItem\",\"position\":2,\"name\":\"P\u00ebrfaq\u00ebsimi i grave p\u00ebrmes kandidateve p\u00ebr kryetare komunash dhe k\u00ebshilltare n\u00eb veri t\u00eb Kosov\u00ebs, larg pritshm\u00ebrive\"}]},{\"@type\":\"WebSite\",\"@id\":\"https:\/\/veritasinfo.org\/#website\",\"url\":\"https:\/\/veritasinfo.org\/\",\"name\":\"\",\"description\":\"\",\"potentialAction\":[{\"@type\":\"SearchAction\",\"target\":{\"@type\":\"EntryPoint\",\"urlTemplate\":\"https:\/\/veritasinfo.org\/?s={search_term_string}\"},\"query-input\":{\"@type\":\"PropertyValueSpecification\",\"valueRequired\":true,\"valueName\":\"search_term_string\"}}],\"inLanguage\":\"en-US\"},{\"@type\":\"Person\",\"@id\":\"https:\/\/veritasinfo.org\/#\/schema\/person\/c2b8be262ea994d0995addca692c5e98\",\"name\":\"US1\",\"image\":{\"@type\":\"ImageObject\",\"inLanguage\":\"en-US\",\"@id\":\"https:\/\/veritasinfo.org\/#\/schema\/person\/image\/\",\"url\":\"https:\/\/secure.gravatar.com\/avatar\/4e96a59bd256abf9956eb9963ac891a47461ffb364d47b0e9aab113328fdb75b?s=96&d=mm&r=g\",\"contentUrl\":\"https:\/\/secure.gravatar.com\/avatar\/4e96a59bd256abf9956eb9963ac891a47461ffb364d47b0e9aab113328fdb75b?s=96&d=mm&r=g\",\"caption\":\"US1\"},\"url\":\"https:\/\/veritasinfo.org\/?author=2\"}]}<\/script>\n<!-- \/ Yoast SEO plugin. -->","yoast_head_json":{"title":"P\u00ebrfaq\u00ebsimi i grave p\u00ebrmes kandidateve p\u00ebr kryetare komunash dhe k\u00ebshilltare n\u00eb veri t\u00eb Kosov\u00ebs, larg pritshm\u00ebrive -","robots":{"index":"index","follow":"follow","max-snippet":"max-snippet:-1","max-image-preview":"max-image-preview:large","max-video-preview":"max-video-preview:-1"},"canonical":"https:\/\/veritasinfo.org\/?p=12268","og_locale":"en_US","og_type":"article","og_title":"P\u00ebrfaq\u00ebsimi i grave p\u00ebrmes kandidateve p\u00ebr kryetare komunash dhe k\u00ebshilltare n\u00eb veri t\u00eb Kosov\u00ebs, larg pritshm\u00ebrive -","og_description":"Mitrovic\u00eb e Veriut, 17 shtator 2025 N\u00eb veri t\u00eb Kosov\u00ebs, n\u00eb prag t\u00eb zgjedhjeve lokale, \u00e7\u00ebshtja e p\u00ebrfaq\u00ebsimit politik t\u00eb grave ngrihet p\u00ebrs\u00ebri. Edhe pse","og_url":"https:\/\/veritasinfo.org\/?p=12268","article_published_time":"2025-09-17T05:45:20+00:00","og_image":[{"width":2048,"height":1365,"url":"https:\/\/veritasinfo.org\/wp-content\/uploads\/2025\/09\/zvecani.jpg","type":"image\/jpeg"}],"author":"US1","twitter_card":"summary_large_image","twitter_misc":{"Written by":"US1","Est. reading time":"2 minutes"},"schema":{"@context":"https:\/\/schema.org","@graph":[{"@type":"WebPage","@id":"https:\/\/veritasinfo.org\/?p=12268","url":"https:\/\/veritasinfo.org\/?p=12268","name":"P\u00ebrfaq\u00ebsimi i grave p\u00ebrmes kandidateve p\u00ebr kryetare komunash dhe k\u00ebshilltare n\u00eb veri t\u00eb Kosov\u00ebs, larg pritshm\u00ebrive -","isPartOf":{"@id":"https:\/\/veritasinfo.org\/#website"},"primaryImageOfPage":{"@id":"https:\/\/veritasinfo.org\/?p=12268#primaryimage"},"image":{"@id":"https:\/\/veritasinfo.org\/?p=12268#primaryimage"},"thumbnailUrl":"https:\/\/veritasinfo.org\/wp-content\/uploads\/2025\/09\/zvecani.jpg","datePublished":"2025-09-17T05:45:20+00:00","author":{"@id":"https:\/\/veritasinfo.org\/#\/schema\/person\/c2b8be262ea994d0995addca692c5e98"},"breadcrumb":{"@id":"https:\/\/veritasinfo.org\/?p=12268#breadcrumb"},"inLanguage":"en-US","potentialAction":[{"@type":"ReadAction","target":["https:\/\/veritasinfo.org\/?p=12268"]}]},{"@type":"ImageObject","inLanguage":"en-US","@id":"https:\/\/veritasinfo.org\/?p=12268#primaryimage","url":"https:\/\/veritasinfo.org\/wp-content\/uploads\/2025\/09\/zvecani.jpg","contentUrl":"https:\/\/veritasinfo.org\/wp-content\/uploads\/2025\/09\/zvecani.jpg","width":2048,"height":1365},{"@type":"BreadcrumbList","@id":"https:\/\/veritasinfo.org\/?p=12268#breadcrumb","itemListElement":[{"@type":"ListItem","position":1,"name":"Home","item":"https:\/\/veritasinfo.org\/"},{"@type":"ListItem","position":2,"name":"P\u00ebrfaq\u00ebsimi i grave p\u00ebrmes kandidateve p\u00ebr kryetare komunash dhe k\u00ebshilltare n\u00eb veri t\u00eb Kosov\u00ebs, larg pritshm\u00ebrive"}]},{"@type":"WebSite","@id":"https:\/\/veritasinfo.org\/#website","url":"https:\/\/veritasinfo.org\/","name":"","description":"","potentialAction":[{"@type":"SearchAction","target":{"@type":"EntryPoint","urlTemplate":"https:\/\/veritasinfo.org\/?s={search_term_string}"},"query-input":{"@type":"PropertyValueSpecification","valueRequired":true,"valueName":"search_term_string"}}],"inLanguage":"en-US"},{"@type":"Person","@id":"https:\/\/veritasinfo.org\/#\/schema\/person\/c2b8be262ea994d0995addca692c5e98","name":"US1","image":{"@type":"ImageObject","inLanguage":"en-US","@id":"https:\/\/veritasinfo.org\/#\/schema\/person\/image\/","url":"https:\/\/secure.gravatar.com\/avatar\/4e96a59bd256abf9956eb9963ac891a47461ffb364d47b0e9aab113328fdb75b?s=96&d=mm&r=g","contentUrl":"https:\/\/secure.gravatar.com\/avatar\/4e96a59bd256abf9956eb9963ac891a47461ffb364d47b0e9aab113328fdb75b?s=96&d=mm&r=g","caption":"US1"},"url":"https:\/\/veritasinfo.org\/?author=2"}]}},"featured_image_urls":{"full":["https:\/\/veritasinfo.org\/wp-content\/uploads\/2025\/09\/zvecani.jpg",2048,1365,false],"thumbnail":["https:\/\/veritasinfo.org\/wp-content\/uploads\/2025\/09\/zvecani-150x150.jpg",150,150,true],"medium":["https:\/\/veritasinfo.org\/wp-content\/uploads\/2025\/09\/zvecani-300x200.jpg",300,200,true],"medium_large":["https:\/\/veritasinfo.org\/wp-content\/uploads\/2025\/09\/zvecani-768x512.jpg",640,427,true],"large":["https:\/\/veritasinfo.org\/wp-content\/uploads\/2025\/09\/zvecani-1024x683.jpg",640,427,true],"1536x1536":["https:\/\/veritasinfo.org\/wp-content\/uploads\/2025\/09\/zvecani-1536x1024.jpg",1536,1024,true],"2048x2048":["https:\/\/veritasinfo.org\/wp-content\/uploads\/2025\/09\/zvecani.jpg",2048,1365,false],"kreeti-slider-full":["https:\/\/veritasinfo.org\/wp-content\/uploads\/2025\/09\/zvecani.jpg",1080,720,false],"kreeti-featured":["https:\/\/veritasinfo.org\/wp-content\/uploads\/2025\/09\/zvecani.jpg",1024,683,false],"kreeti-medium":["https:\/\/veritasinfo.org\/wp-content\/uploads\/2025\/09\/zvecani.jpg",720,480,false],"kreeti-medium-square":["https:\/\/veritasinfo.org\/wp-content\/uploads\/2025\/09\/zvecani.jpg",350,233,false]},"author_info":{"info":["US1"]},"category_info":"<a href=\"https:\/\/veritasinfo.org\/?cat=58\" rel=\"category\">Politik\u00eb<\/a>","tag_info":"Politik\u00eb","comment_count":"0","_links":{"self":[{"href":"https:\/\/veritasinfo.org\/index.php?rest_route=\/wp\/v2\/posts\/12268","targetHints":{"allow":["GET"]}}],"collection":[{"href":"https:\/\/veritasinfo.org\/index.php?rest_route=\/wp\/v2\/posts"}],"about":[{"href":"https:\/\/veritasinfo.org\/index.php?rest_route=\/wp\/v2\/types\/post"}],"author":[{"embeddable":true,"href":"https:\/\/veritasinfo.org\/index.php?rest_route=\/wp\/v2\/users\/2"}],"replies":[{"embeddable":true,"href":"https:\/\/veritasinfo.org\/index.php?rest_route=%2Fwp%2Fv2%2Fcomments&post=12268"}],"version-history":[{"count":1,"href":"https:\/\/veritasinfo.org\/index.php?rest_route=\/wp\/v2\/posts\/12268\/revisions"}],"predecessor-version":[{"id":12270,"href":"https:\/\/veritasinfo.org\/index.php?rest_route=\/wp\/v2\/posts\/12268\/revisions\/12270"}],"wp:featuredmedia":[{"embeddable":true,"href":"https:\/\/veritasinfo.org\/index.php?rest_route=\/wp\/v2\/media\/12269"}],"wp:attachment":[{"href":"https:\/\/veritasinfo.org\/index.php?rest_route=%2Fwp%2Fv2%2Fmedia&parent=12268"}],"wp:term":[{"taxonomy":"category","embeddable":true,"href":"https:\/\/veritasinfo.org\/index.php?rest_route=%2Fwp%2Fv2%2Fcategories&post=12268"},{"taxonomy":"post_tag","embeddable":true,"href":"https:\/\/veritasinfo.org\/index.php?rest_route=%2Fwp%2Fv2%2Ftags&post=12268"}],"curies":[{"name":"wp","href":"https:\/\/api.w.org\/{rel}","templated":true}]}}