{"id":12246,"date":"2025-09-16T22:06:01","date_gmt":"2025-09-16T20:06:01","guid":{"rendered":"https:\/\/veritasinfo.org\/?p=12246"},"modified":"2025-09-16T22:06:01","modified_gmt":"2025-09-16T20:06:01","slug":"kryetari-i-kuvendit-basha-takon-ambasadorin-e-frances-komunikata-e-kuvendit-u-diskutua-edhe-per-ndikimin-rus-ne-evrope","status":"publish","type":"post","link":"https:\/\/veritasinfo.org\/?p=12246","title":{"rendered":"Kryetari i Kuvendit, Basha takon Ambasadorin e Franc\u00ebs, komunikata e Kuvendit: U diskutua edhe p\u00ebr ndikimin rus n\u00eb Evrop\u00eb"},"content":{"rendered":"<p>Prishtin\u00eb, 16 shtator 2025<\/p>\n<p>Kryetari i Kuvendit t\u00eb Kosov\u00ebs, Dimal Basha ka pritur n\u00eb takim ambasadorin e Franc\u00ebs Olivier Guerot.<\/p>\n<p>N\u00eb k\u00ebt\u00eb takim si\u00e7 ka njoftuar Kuvendi i Kosov\u00ebs \u00ebsht\u00eb folur edhe p\u00ebr thellimin e bashk\u00ebpunimit n\u00eb mes t\u00eb Kosov\u00ebs dhe Franc\u00ebs p\u00ebrfshir\u00eb edhe fush\u00ebn e ekonomis\u00eb.<\/p>\n<p>U p\u00ebrmend edhe fusha e arsimit si nj\u00eb mund\u00ebsi e bashk\u00ebpunimit.<\/p>\n<p>Por, nuk u lan\u00eb anash as bisedat gjeostratejgika \u2013 \u00ebsht\u00eb folur edhe p\u00ebr ndikimin rus n\u00eb Evrop\u00eb, si\u00e7 tregohet n\u00eb komunikat\u00eb.<\/p>\n<p>\u201cN\u00eb takim u trajtuan gjithashtu \u00e7\u00ebshtje me r\u00ebnd\u00ebsi gjeopolitike dhe strategjike, si ndikimi rus n\u00eb Evrop\u00eb\u201d, thuhet n\u00eb komunikat\u00eb.<\/p>\n<p>Po ashtu, \u00ebsht\u00eb p\u00ebrmendur edhe mb\u00ebshtetja e Franc\u00ebs q\u00eb Kosov\u00ebs t\u2019i largohen masat nga Bashkimi Evropian.<\/p>\n<p>Komunikata e plot\u00eb:<\/p>\n<p>Kryetari Basha priti n\u00eb takim Ambasadorin e e Franc\u00ebs, Olivier Gu\u00e9rot<\/p>\n<p>Sot, Kryetari i Kuvendit t\u00eb Republik\u00ebs s\u00eb Kosov\u00ebs, z. Dimal Basha, mir\u00ebpriti n\u00eb takim Ambasadorin e Republik\u00ebs s\u00eb Franc\u00ebs n\u00eb Kosov\u00eb, z. Olivier Gu\u00e9rot.<\/p>\n<p>Takimi u zhvillua n\u00eb frym\u00eb\u00a0bashk\u00ebpunimi\u00a0t\u00eb nd\u00ebrsjell\u00eb, duke reflektuar interesin reciprok p\u00ebr lidhje t\u00eb forta mes dy shteteve.<\/p>\n<p>N\u00eb qend\u00ebr t\u00eb diskutimeve ishte thellimi i marr\u00ebdh\u00ebnieve bilaterale, me theks t\u00eb ve\u00e7ant\u00eb tek fusha e arsimit. Kryetari Basha dhe Ambasadori Gu\u00e9rot u pajtuan q\u00eb t\u00eb shtohen programet p\u00ebr shk\u00ebmbimin e student\u00ebve t\u00eb t\u00eb dy vendeve, ku rrjedhimisht edhe forcohen vlerat e p\u00ebrbashk\u00ebta, lidhjet mes popujve dhe bashk\u00ebpunimi mes student\u00ebve dhe universiteteve t\u00eb vendeve tona.<\/p>\n<p>Nj\u00eb tjet\u00ebr pik\u00eb e r\u00ebnd\u00ebsishme e bised\u00ebs ishte intensifikimi i bashk\u00ebpunimit me q\u00ebllim t\u00eb nxitjes s\u00eb investimeve nga kompanit\u00eb franceze n\u00eb Kosov\u00eb, n\u00eb m\u00ebnyr\u00eb q\u00eb t\u00eb gjenerohen vende t\u00eb reja pune e nj\u00ebkoh\u00ebsisht t\u00eb afirmohet edhe m\u00eb tej potenciali i rinis\u00eb kosovare, e cila \u00ebsht\u00eb e p\u00ebrgatitur profesionalisht, inovative dhe e orientuar drejt zhvillimit teknoligjik dhe jo vet\u00ebm.<\/p>\n<p>N\u00eb takim u trajtuan gjithashtu \u00e7\u00ebshtje me r\u00ebnd\u00ebsi gjeopolitike dhe strategjike, si ndikimi rus n\u00eb Evrop\u00eb, nevoja e mb\u00ebshtetjes nga Franca p\u00ebr an\u00ebtar\u00ebsimin e Kosov\u00ebs n\u00eb K\u00ebshillin e Evrop\u00ebs dhe domosdoshm\u00ebria e largimit t\u00eb masave nga Bashkimi Evropian ndaj vendit ton\u00eb. Kryetari Basha theksoi se k\u00ebta hapa ndikojn\u00eb pozitivisht n\u00eb forcimin e m\u00ebtejsh\u00ebm t\u00eb demokracis\u00eb dhe ndihmojn\u00eb mbrojtjen e lirive dhe t\u00eb drejtave t\u00eb njeriut n\u00eb vend.<\/p>\n<p>Po ashtu, Kryetari i Kuvendit i shprehu Ambasadorit p\u00ebrkushtimin e institucioneve t\u00eb Kosov\u00ebs p\u00ebr mbrojtjen e t\u00eb drejtave t\u00eb t\u00eb gjitha komuniteteve dhe r\u00ebnd\u00ebsin\u00eb e integrimit t\u00eb plot\u00eb n\u00eb funksion t\u00eb nj\u00eb shoq\u00ebrie q\u00eb bashk\u00ebjeton n\u00eb respekt, barazi, paqe dhe zhvillim t\u00eb plot\u00eb n\u00eb kuad\u00ebr t\u00eb prosperitetit t\u00eb gjith\u00ebmbarsh\u00ebm t\u00eb Republik\u00ebs s\u00eb Kosov\u00ebs.<\/p>\n<p>&nbsp;<\/p>\n","protected":false},"excerpt":{"rendered":"<p>Prishtin\u00eb, 16 shtator 2025 Kryetari i Kuvendit t\u00eb Kosov\u00ebs, Dimal Basha ka pritur n\u00eb takim ambasadorin e Franc\u00ebs Olivier Guerot. N\u00eb k\u00ebt\u00eb takim si\u00e7 ka<\/p>\n","protected":false},"author":7,"featured_media":12251,"comment_status":"open","ping_status":"open","sticky":false,"template":"","format":"standard","meta":{"footnotes":""},"categories":[93],"tags":[],"class_list":["post-12246","post","type-post","status-publish","format-standard","has-post-thumbnail","hentry","category-politika-sq"],"yoast_head":"<!-- This site is optimized with the Yoast SEO plugin v25.3.1 - https:\/\/yoast.com\/wordpress\/plugins\/seo\/ -->\n<title>Kryetari i Kuvendit, Basha takon Ambasadorin e Franc\u00ebs, komunikata e Kuvendit: U diskutua edhe p\u00ebr ndikimin rus n\u00eb Evrop\u00eb -<\/title>\n<meta name=\"robots\" content=\"index, follow, max-snippet:-1, max-image-preview:large, max-video-preview:-1\" \/>\n<link rel=\"canonical\" href=\"https:\/\/veritasinfo.org\/?p=12246\" \/>\n<meta property=\"og:locale\" content=\"en_US\" \/>\n<meta property=\"og:type\" content=\"article\" \/>\n<meta property=\"og:title\" content=\"Kryetari i Kuvendit, Basha takon Ambasadorin e Franc\u00ebs, komunikata e Kuvendit: U diskutua edhe p\u00ebr ndikimin rus n\u00eb Evrop\u00eb -\" \/>\n<meta property=\"og:description\" content=\"Prishtin\u00eb, 16 shtator 2025 Kryetari i Kuvendit t\u00eb Kosov\u00ebs, Dimal Basha ka pritur n\u00eb takim ambasadorin e Franc\u00ebs Olivier Guerot. N\u00eb k\u00ebt\u00eb takim si\u00e7 ka\" \/>\n<meta property=\"og:url\" content=\"https:\/\/veritasinfo.org\/?p=12246\" \/>\n<meta property=\"article:published_time\" content=\"2025-09-16T20:06:01+00:00\" \/>\n<meta property=\"og:image\" content=\"https:\/\/veritasinfo.org\/wp-content\/uploads\/2025\/09\/548118154_10163043934768744_2590938359111234683_n.jpg\" \/>\n\t<meta property=\"og:image:width\" content=\"1280\" \/>\n\t<meta property=\"og:image:height\" content=\"935\" \/>\n\t<meta property=\"og:image:type\" content=\"image\/jpeg\" \/>\n<meta name=\"author\" content=\"US6\" \/>\n<meta name=\"twitter:card\" content=\"summary_large_image\" \/>\n<meta name=\"twitter:label1\" content=\"Written by\" \/>\n\t<meta name=\"twitter:data1\" content=\"US6\" \/>\n\t<meta name=\"twitter:label2\" content=\"Est. reading time\" \/>\n\t<meta name=\"twitter:data2\" content=\"2 minutes\" \/>\n<script type=\"application\/ld+json\" class=\"yoast-schema-graph\">{\"@context\":\"https:\/\/schema.org\",\"@graph\":[{\"@type\":\"WebPage\",\"@id\":\"https:\/\/veritasinfo.org\/?p=12246\",\"url\":\"https:\/\/veritasinfo.org\/?p=12246\",\"name\":\"Kryetari i Kuvendit, Basha takon Ambasadorin e Franc\u00ebs, komunikata e Kuvendit: U diskutua edhe p\u00ebr ndikimin rus n\u00eb Evrop\u00eb -\",\"isPartOf\":{\"@id\":\"https:\/\/veritasinfo.org\/#website\"},\"primaryImageOfPage\":{\"@id\":\"https:\/\/veritasinfo.org\/?p=12246#primaryimage\"},\"image\":{\"@id\":\"https:\/\/veritasinfo.org\/?p=12246#primaryimage\"},\"thumbnailUrl\":\"https:\/\/veritasinfo.org\/wp-content\/uploads\/2025\/09\/548118154_10163043934768744_2590938359111234683_n.jpg\",\"datePublished\":\"2025-09-16T20:06:01+00:00\",\"author\":{\"@id\":\"https:\/\/veritasinfo.org\/#\/schema\/person\/fe199eede04c3937362892b7444747cc\"},\"breadcrumb\":{\"@id\":\"https:\/\/veritasinfo.org\/?p=12246#breadcrumb\"},\"inLanguage\":\"en-US\",\"potentialAction\":[{\"@type\":\"ReadAction\",\"target\":[\"https:\/\/veritasinfo.org\/?p=12246\"]}]},{\"@type\":\"ImageObject\",\"inLanguage\":\"en-US\",\"@id\":\"https:\/\/veritasinfo.org\/?p=12246#primaryimage\",\"url\":\"https:\/\/veritasinfo.org\/wp-content\/uploads\/2025\/09\/548118154_10163043934768744_2590938359111234683_n.jpg\",\"contentUrl\":\"https:\/\/veritasinfo.org\/wp-content\/uploads\/2025\/09\/548118154_10163043934768744_2590938359111234683_n.jpg\",\"width\":1280,\"height\":935},{\"@type\":\"BreadcrumbList\",\"@id\":\"https:\/\/veritasinfo.org\/?p=12246#breadcrumb\",\"itemListElement\":[{\"@type\":\"ListItem\",\"position\":1,\"name\":\"Home\",\"item\":\"https:\/\/veritasinfo.org\/\"},{\"@type\":\"ListItem\",\"position\":2,\"name\":\"Kryetari i Kuvendit, Basha takon Ambasadorin e Franc\u00ebs, komunikata e Kuvendit: U diskutua edhe p\u00ebr ndikimin rus n\u00eb Evrop\u00eb\"}]},{\"@type\":\"WebSite\",\"@id\":\"https:\/\/veritasinfo.org\/#website\",\"url\":\"https:\/\/veritasinfo.org\/\",\"name\":\"\",\"description\":\"\",\"potentialAction\":[{\"@type\":\"SearchAction\",\"target\":{\"@type\":\"EntryPoint\",\"urlTemplate\":\"https:\/\/veritasinfo.org\/?s={search_term_string}\"},\"query-input\":{\"@type\":\"PropertyValueSpecification\",\"valueRequired\":true,\"valueName\":\"search_term_string\"}}],\"inLanguage\":\"en-US\"},{\"@type\":\"Person\",\"@id\":\"https:\/\/veritasinfo.org\/#\/schema\/person\/fe199eede04c3937362892b7444747cc\",\"name\":\"US6\",\"image\":{\"@type\":\"ImageObject\",\"inLanguage\":\"en-US\",\"@id\":\"https:\/\/veritasinfo.org\/#\/schema\/person\/image\/\",\"url\":\"https:\/\/secure.gravatar.com\/avatar\/cb16c3c31c9d23b9b8c705964598220b3014e42ff51eb540ff23cefa3ae8c15f?s=96&d=mm&r=g\",\"contentUrl\":\"https:\/\/secure.gravatar.com\/avatar\/cb16c3c31c9d23b9b8c705964598220b3014e42ff51eb540ff23cefa3ae8c15f?s=96&d=mm&r=g\",\"caption\":\"US6\"},\"url\":\"https:\/\/veritasinfo.org\/?author=7\"}]}<\/script>\n<!-- \/ Yoast SEO plugin. -->","yoast_head_json":{"title":"Kryetari i Kuvendit, Basha takon Ambasadorin e Franc\u00ebs, komunikata e Kuvendit: U diskutua edhe p\u00ebr ndikimin rus n\u00eb Evrop\u00eb -","robots":{"index":"index","follow":"follow","max-snippet":"max-snippet:-1","max-image-preview":"max-image-preview:large","max-video-preview":"max-video-preview:-1"},"canonical":"https:\/\/veritasinfo.org\/?p=12246","og_locale":"en_US","og_type":"article","og_title":"Kryetari i Kuvendit, Basha takon Ambasadorin e Franc\u00ebs, komunikata e Kuvendit: U diskutua edhe p\u00ebr ndikimin rus n\u00eb Evrop\u00eb -","og_description":"Prishtin\u00eb, 16 shtator 2025 Kryetari i Kuvendit t\u00eb Kosov\u00ebs, Dimal Basha ka pritur n\u00eb takim ambasadorin e Franc\u00ebs Olivier Guerot. N\u00eb k\u00ebt\u00eb takim si\u00e7 ka","og_url":"https:\/\/veritasinfo.org\/?p=12246","article_published_time":"2025-09-16T20:06:01+00:00","og_image":[{"width":1280,"height":935,"url":"https:\/\/veritasinfo.org\/wp-content\/uploads\/2025\/09\/548118154_10163043934768744_2590938359111234683_n.jpg","type":"image\/jpeg"}],"author":"US6","twitter_card":"summary_large_image","twitter_misc":{"Written by":"US6","Est. reading time":"2 minutes"},"schema":{"@context":"https:\/\/schema.org","@graph":[{"@type":"WebPage","@id":"https:\/\/veritasinfo.org\/?p=12246","url":"https:\/\/veritasinfo.org\/?p=12246","name":"Kryetari i Kuvendit, Basha takon Ambasadorin e Franc\u00ebs, komunikata e Kuvendit: U diskutua edhe p\u00ebr ndikimin rus n\u00eb Evrop\u00eb -","isPartOf":{"@id":"https:\/\/veritasinfo.org\/#website"},"primaryImageOfPage":{"@id":"https:\/\/veritasinfo.org\/?p=12246#primaryimage"},"image":{"@id":"https:\/\/veritasinfo.org\/?p=12246#primaryimage"},"thumbnailUrl":"https:\/\/veritasinfo.org\/wp-content\/uploads\/2025\/09\/548118154_10163043934768744_2590938359111234683_n.jpg","datePublished":"2025-09-16T20:06:01+00:00","author":{"@id":"https:\/\/veritasinfo.org\/#\/schema\/person\/fe199eede04c3937362892b7444747cc"},"breadcrumb":{"@id":"https:\/\/veritasinfo.org\/?p=12246#breadcrumb"},"inLanguage":"en-US","potentialAction":[{"@type":"ReadAction","target":["https:\/\/veritasinfo.org\/?p=12246"]}]},{"@type":"ImageObject","inLanguage":"en-US","@id":"https:\/\/veritasinfo.org\/?p=12246#primaryimage","url":"https:\/\/veritasinfo.org\/wp-content\/uploads\/2025\/09\/548118154_10163043934768744_2590938359111234683_n.jpg","contentUrl":"https:\/\/veritasinfo.org\/wp-content\/uploads\/2025\/09\/548118154_10163043934768744_2590938359111234683_n.jpg","width":1280,"height":935},{"@type":"BreadcrumbList","@id":"https:\/\/veritasinfo.org\/?p=12246#breadcrumb","itemListElement":[{"@type":"ListItem","position":1,"name":"Home","item":"https:\/\/veritasinfo.org\/"},{"@type":"ListItem","position":2,"name":"Kryetari i Kuvendit, Basha takon Ambasadorin e Franc\u00ebs, komunikata e Kuvendit: U diskutua edhe p\u00ebr ndikimin rus n\u00eb Evrop\u00eb"}]},{"@type":"WebSite","@id":"https:\/\/veritasinfo.org\/#website","url":"https:\/\/veritasinfo.org\/","name":"","description":"","potentialAction":[{"@type":"SearchAction","target":{"@type":"EntryPoint","urlTemplate":"https:\/\/veritasinfo.org\/?s={search_term_string}"},"query-input":{"@type":"PropertyValueSpecification","valueRequired":true,"valueName":"search_term_string"}}],"inLanguage":"en-US"},{"@type":"Person","@id":"https:\/\/veritasinfo.org\/#\/schema\/person\/fe199eede04c3937362892b7444747cc","name":"US6","image":{"@type":"ImageObject","inLanguage":"en-US","@id":"https:\/\/veritasinfo.org\/#\/schema\/person\/image\/","url":"https:\/\/secure.gravatar.com\/avatar\/cb16c3c31c9d23b9b8c705964598220b3014e42ff51eb540ff23cefa3ae8c15f?s=96&d=mm&r=g","contentUrl":"https:\/\/secure.gravatar.com\/avatar\/cb16c3c31c9d23b9b8c705964598220b3014e42ff51eb540ff23cefa3ae8c15f?s=96&d=mm&r=g","caption":"US6"},"url":"https:\/\/veritasinfo.org\/?author=7"}]}},"featured_image_urls":{"full":["https:\/\/veritasinfo.org\/wp-content\/uploads\/2025\/09\/548118154_10163043934768744_2590938359111234683_n.jpg",1280,935,false],"thumbnail":["https:\/\/veritasinfo.org\/wp-content\/uploads\/2025\/09\/548118154_10163043934768744_2590938359111234683_n-150x150.jpg",150,150,true],"medium":["https:\/\/veritasinfo.org\/wp-content\/uploads\/2025\/09\/548118154_10163043934768744_2590938359111234683_n-300x219.jpg",300,219,true],"medium_large":["https:\/\/veritasinfo.org\/wp-content\/uploads\/2025\/09\/548118154_10163043934768744_2590938359111234683_n-768x561.jpg",640,468,true],"large":["https:\/\/veritasinfo.org\/wp-content\/uploads\/2025\/09\/548118154_10163043934768744_2590938359111234683_n-1024x748.jpg",640,468,true],"1536x1536":["https:\/\/veritasinfo.org\/wp-content\/uploads\/2025\/09\/548118154_10163043934768744_2590938359111234683_n.jpg",1280,935,false],"2048x2048":["https:\/\/veritasinfo.org\/wp-content\/uploads\/2025\/09\/548118154_10163043934768744_2590938359111234683_n.jpg",1280,935,false],"kreeti-slider-full":["https:\/\/veritasinfo.org\/wp-content\/uploads\/2025\/09\/548118154_10163043934768744_2590938359111234683_n.jpg",986,720,false],"kreeti-featured":["https:\/\/veritasinfo.org\/wp-content\/uploads\/2025\/09\/548118154_10163043934768744_2590938359111234683_n.jpg",1024,748,false],"kreeti-medium":["https:\/\/veritasinfo.org\/wp-content\/uploads\/2025\/09\/548118154_10163043934768744_2590938359111234683_n.jpg",720,526,false],"kreeti-medium-square":["https:\/\/veritasinfo.org\/wp-content\/uploads\/2025\/09\/548118154_10163043934768744_2590938359111234683_n.jpg",350,256,false]},"author_info":{"info":["US6"]},"category_info":"<a href=\"https:\/\/veritasinfo.org\/?cat=93\" rel=\"category\">Politika<\/a>","tag_info":"Politika","comment_count":"0","_links":{"self":[{"href":"https:\/\/veritasinfo.org\/index.php?rest_route=\/wp\/v2\/posts\/12246","targetHints":{"allow":["GET"]}}],"collection":[{"href":"https:\/\/veritasinfo.org\/index.php?rest_route=\/wp\/v2\/posts"}],"about":[{"href":"https:\/\/veritasinfo.org\/index.php?rest_route=\/wp\/v2\/types\/post"}],"author":[{"embeddable":true,"href":"https:\/\/veritasinfo.org\/index.php?rest_route=\/wp\/v2\/users\/7"}],"replies":[{"embeddable":true,"href":"https:\/\/veritasinfo.org\/index.php?rest_route=%2Fwp%2Fv2%2Fcomments&post=12246"}],"version-history":[{"count":1,"href":"https:\/\/veritasinfo.org\/index.php?rest_route=\/wp\/v2\/posts\/12246\/revisions"}],"predecessor-version":[{"id":12252,"href":"https:\/\/veritasinfo.org\/index.php?rest_route=\/wp\/v2\/posts\/12246\/revisions\/12252"}],"wp:featuredmedia":[{"embeddable":true,"href":"https:\/\/veritasinfo.org\/index.php?rest_route=\/wp\/v2\/media\/12251"}],"wp:attachment":[{"href":"https:\/\/veritasinfo.org\/index.php?rest_route=%2Fwp%2Fv2%2Fmedia&parent=12246"}],"wp:term":[{"taxonomy":"category","embeddable":true,"href":"https:\/\/veritasinfo.org\/index.php?rest_route=%2Fwp%2Fv2%2Fcategories&post=12246"},{"taxonomy":"post_tag","embeddable":true,"href":"https:\/\/veritasinfo.org\/index.php?rest_route=%2Fwp%2Fv2%2Ftags&post=12246"}],"curies":[{"name":"wp","href":"https:\/\/api.w.org\/{rel}","templated":true}]}}