{"id":12240,"date":"2025-09-16T18:53:14","date_gmt":"2025-09-16T16:53:14","guid":{"rendered":"https:\/\/veritasinfo.org\/?p=12240"},"modified":"2025-09-16T18:53:14","modified_gmt":"2025-09-16T16:53:14","slug":"rubin-skam-pare-ne-kosove-dicka-qe-i-perngjante-shtabit-te-pergjithshem","status":"publish","type":"post","link":"https:\/\/veritasinfo.org\/?p=12240","title":{"rendered":"Rubin: S\u2019kam par\u00eb n\u00eb Kosov\u00eb di\u00e7ka q\u00eb i p\u00ebrngjante Shtabit t\u00eb P\u00ebrgjithsh\u00ebm"},"content":{"rendered":"<p>Hag\u00eb, 16 shtator 2025<\/p>\n<p>James Rubin tha n\u00eb Hag\u00eb se n\u00eb Kosov\u00eb nuk ka par\u00eb asgj\u00eb q\u00eb i ngjason Shtabit t\u00eb P\u00ebrgjithsh\u00ebm n\u00eb Ushtrin\u00eb \u00c7lirimtare t\u00eb Kosov\u00ebs (U\u00c7K).<\/p>\n<p>D\u00ebshmitari tha se p\u00ebrve\u00e7 q\u00eb nuk ka par\u00eb ndonj\u00eb Shtab, ai nuk ka par\u00eb ndonj\u00ebher\u00eb as gjeneral.<\/p>\n<p>\u201cUn\u00eb nuk kam par\u00eb asgj\u00eb n\u00eb Kosov\u00eb q\u00eb i p\u00ebrngjante Shtabit t\u00eb P\u00ebrgjithsh\u00ebm. Nuk ka pas ndonj\u00eb Shtab p\u00ebr gjeneral\u00ebt n\u00eb kontekstin e Kosov\u00ebs. Un\u00eb s\u2019kam pa ndonj\u00ebher\u00eb gjeneral. Un\u00eb s\u2019kam pa ndonj\u00ebher\u00eb Shtab t\u00eb P\u00ebrgjithsh\u00ebm t\u00eb gjeneral\u00ebve\u201d, tha James Rubin.<\/p>\n<p>Kjo deklarat\u00eb e James Rubin erdhi pasi deklaroi se U\u00c7K-ja nuk kishte as struktur\u00eb.<\/p>\n<p>P\u00ebrve\u00e7 k\u00ebsaj, gjat\u00eb d\u00ebshmis\u00eb, Rubin tregoi p\u00ebr q\u00ebndrimet e diplomatit Christopher Hill kund\u00ebr U\u00c7K-s\u00eb.<\/p>\n<p>D\u00ebshmitarit gjat\u00eb d\u00ebshmis\u00eb iu prezantua nj\u00eb pjes\u00eb e nj\u00eb libri ku Rexhep Selimi kishte treguar se edhe pasi komandant\u00ebt e zonave kishin r\u00ebn\u00eb dakord q\u00eb marr\u00ebveshja t\u00eb n\u00ebnshkruhej, Adem Dema\u00e7i insistonte t\u00eb kund\u00ebrt\u00ebn dhe donte q\u00eb t\u00eb shtronte ndikimin mbi ata. Sipas Selimit, kjo ishte arsyeja q\u00eb Adem Dema\u00e7i i kishte ftohur raportet me komandant\u00ebt e U\u00c7K-s\u00eb.<\/p>\n<p>Kur s\u00ebrish iu p\u00ebrmend \u201cShtabi i P\u00ebrgjithsh\u00ebm\u201d duke u thirrur n\u00eb at\u00eb q\u00eb ata ishin t\u00eb gatsh\u00ebm t\u00eb n\u00ebnshkruante, d\u00ebshmitari tha se ka problem me k\u00ebt\u00eb term. Megjithat\u00eb, tha se personi q\u00eb i ka shkruar k\u00ebto gj\u00ebra nuk duket shum\u00eb i besuesh\u00ebm pasi ai ka dyshuar q\u00eb NATO-ja do t\u00eb nd\u00ebrhynte.<\/p>\n<p>Rubin tha se si duket ky person nuk e ka kuptuar se si funksionon NATO dhe per\u00ebndimi ose nuk ka qen\u00eb i informuar si\u00e7 ishte Tha\u00e7i n\u00eb Rambuje.<\/p>\n<p>James Rubin tha t\u00eb mart\u00ebn n\u00eb Hag\u00eb se Adem Dema\u00e7i hezitonte n\u00ebnshkrimin e marr\u00ebveshjes n\u00eb Rambuje sepse nuk e kishte premtimin q\u00eb Shtetet e Bashkuara t\u00eb Amerik\u00ebs ia dhan\u00eb Hashim Tha\u00e7it.<\/p>\n<p>Sipas Rubin, ky premtim kishte t\u00eb b\u00ebnte me faktin q\u00eb n\u00eb rast se Tha\u00e7i do n\u00ebnshkruante marr\u00ebveshjen dhe pala serbe nuk do e b\u00ebnte, at\u00ebher\u00eb ata do t\u00eb angazhoheshin p\u00ebr fushat\u00eb ajrore kund\u00ebr Serbis\u00eb. \u201cHashim Tha\u00e7i kishte di\u00e7ka q\u00eb Adem Dema\u00e7i nuk e kishte- q\u00eb ishte premtimi nga SHBA dhe nga ushtria ushtarake nga per\u00ebndimi, bota, nga NATO-ja. K\u00ebt\u00eb premtim e kishte vet\u00ebm Hashim Tha\u00e7i n\u00eb duar q\u00eb n\u00eb qoft\u00eb se ai n\u00ebnshkruan dhe serb\u00ebt nuk n\u00ebnshkruajn\u00eb at\u00ebher\u00eb SHBA do t\u00eb fillonte fushat\u00ebn ajrore dhe bombardimet kund\u00ebr Serbis\u00eb\u201d, tha ai.<\/p>\n<p>Ai tha se p\u00ebrve\u00e7 Tha\u00e7it, askush nuk e ka pasur n\u00eb duar t\u00eb veta nj\u00eb premtim si\u00e7 i ishte b\u00ebr\u00eb Tha\u00e7it.<\/p>\n<p>\u201cAskush nuk e kishte n\u00eb duart e veta k\u00ebt\u00eb premtim p\u00ebrve\u00e7 Hashim Tha\u00e7it. Bota e dinte k\u00ebt\u00eb gj\u00eb p\u00ebrmes artikujve publik dhe ne e kishim b\u00ebr\u00eb t\u00eb qart\u00eb, ia kam th\u00ebn\u00eb drejtp\u00ebrs\u00ebdrejti un\u00eb vet\u00eb me goj\u00ebn ti, po ashtu edhe Madeleine Albright, e po ashtu edhe Wesley Clark\u201d, tha ai.<\/p>\n<p>Fakti q\u00eb Tha\u00e7i e kishte n\u00eb dor\u00eb nj\u00eb premtim t\u00eb till\u00eb, sipas Rubin i jepte fuqi atij.<\/p>\n<p>D\u00ebshmitari James Rubin tha n\u00eb Hag\u00eb se Ushtria \u00c7lirimtare e Kosov\u00ebs nuk kishte struktur\u00eb komanduese.<\/p>\n<p>Kjo deklarat\u00eb e d\u00ebshmitarit erdhi pasi u pyet se n\u00eb nj\u00eb struktur\u00eb ushtarake si\u00e7 ishte U\u00c7K-ja a do t\u00eb ishte me r\u00ebnd\u00ebsi t\u00eb dihej se kush caktonte k\u00eb n\u00eb pozita hierarkike.<\/p>\n<p>\u201cN\u00eb qoft\u00eb se ne do t\u00eb pajtoheshim se kishte struktur\u00eb ushtarake U\u00c7K-ja, po. Un\u00eb k\u00ebt\u00eb e kund\u00ebrshtoj sepse nuk mendoj q\u00eb ka pasur ndonj\u00eb struktur\u00eb ushtarake U\u00c7K-ja\u201d, tha d\u00ebshmitari.<\/p>\n<p>D\u00ebshmitari pohoi se Adem Dema\u00e7i ishte kund\u00ebr \u00e7do marr\u00ebveshje q\u00eb nuk e kishte pavar\u00ebsin\u00eb e Kosov\u00ebs dhe se Tha\u00e7i po tentonte q\u00eb ta bindte at\u00eb q\u00eb t\u00eb arrihej ajo e Rambujes\u00eb.<\/p>\n<p>&nbsp;<\/p>\n","protected":false},"excerpt":{"rendered":"<p>Hag\u00eb, 16 shtator 2025 James Rubin tha n\u00eb Hag\u00eb se n\u00eb Kosov\u00eb nuk ka par\u00eb asgj\u00eb q\u00eb i ngjason Shtabit t\u00eb P\u00ebrgjithsh\u00ebm n\u00eb Ushtrin\u00eb \u00c7lirimtare<\/p>\n","protected":false},"author":7,"featured_media":12241,"comment_status":"open","ping_status":"open","sticky":false,"template":"","format":"standard","meta":{"footnotes":""},"categories":[60],"tags":[],"class_list":["post-12240","post","type-post","status-publish","format-standard","has-post-thumbnail","hentry","category-shoqerore-sq"],"yoast_head":"<!-- This site is optimized with the Yoast SEO plugin v25.3.1 - https:\/\/yoast.com\/wordpress\/plugins\/seo\/ -->\n<title>Rubin: S\u2019kam par\u00eb n\u00eb Kosov\u00eb di\u00e7ka q\u00eb i p\u00ebrngjante Shtabit t\u00eb P\u00ebrgjithsh\u00ebm -<\/title>\n<meta name=\"robots\" content=\"index, follow, max-snippet:-1, max-image-preview:large, max-video-preview:-1\" \/>\n<link rel=\"canonical\" href=\"https:\/\/veritasinfo.org\/?p=12240\" \/>\n<meta property=\"og:locale\" content=\"en_US\" \/>\n<meta property=\"og:type\" content=\"article\" \/>\n<meta property=\"og:title\" content=\"Rubin: S\u2019kam par\u00eb n\u00eb Kosov\u00eb di\u00e7ka q\u00eb i p\u00ebrngjante Shtabit t\u00eb P\u00ebrgjithsh\u00ebm -\" \/>\n<meta property=\"og:description\" content=\"Hag\u00eb, 16 shtator 2025 James Rubin tha n\u00eb Hag\u00eb se n\u00eb Kosov\u00eb nuk ka par\u00eb asgj\u00eb q\u00eb i ngjason Shtabit t\u00eb P\u00ebrgjithsh\u00ebm n\u00eb Ushtrin\u00eb \u00c7lirimtare\" \/>\n<meta property=\"og:url\" content=\"https:\/\/veritasinfo.org\/?p=12240\" \/>\n<meta property=\"article:published_time\" content=\"2025-09-16T16:53:14+00:00\" \/>\n<meta property=\"og:image\" content=\"https:\/\/veritasinfo.org\/wp-content\/uploads\/2025\/09\/547426468_826303890058268_6007698633620642177_n-1.jpg\" \/>\n\t<meta property=\"og:image:width\" content=\"776\" \/>\n\t<meta property=\"og:image:height\" content=\"480\" \/>\n\t<meta property=\"og:image:type\" content=\"image\/jpeg\" \/>\n<meta name=\"author\" content=\"US6\" \/>\n<meta name=\"twitter:card\" content=\"summary_large_image\" \/>\n<meta name=\"twitter:label1\" content=\"Written by\" \/>\n\t<meta name=\"twitter:data1\" content=\"US6\" \/>\n\t<meta name=\"twitter:label2\" content=\"Est. reading time\" \/>\n\t<meta name=\"twitter:data2\" content=\"3 minutes\" \/>\n<script type=\"application\/ld+json\" class=\"yoast-schema-graph\">{\"@context\":\"https:\/\/schema.org\",\"@graph\":[{\"@type\":\"WebPage\",\"@id\":\"https:\/\/veritasinfo.org\/?p=12240\",\"url\":\"https:\/\/veritasinfo.org\/?p=12240\",\"name\":\"Rubin: S\u2019kam par\u00eb n\u00eb Kosov\u00eb di\u00e7ka q\u00eb i p\u00ebrngjante Shtabit t\u00eb P\u00ebrgjithsh\u00ebm -\",\"isPartOf\":{\"@id\":\"https:\/\/veritasinfo.org\/#website\"},\"primaryImageOfPage\":{\"@id\":\"https:\/\/veritasinfo.org\/?p=12240#primaryimage\"},\"image\":{\"@id\":\"https:\/\/veritasinfo.org\/?p=12240#primaryimage\"},\"thumbnailUrl\":\"https:\/\/veritasinfo.org\/wp-content\/uploads\/2025\/09\/547426468_826303890058268_6007698633620642177_n-1.jpg\",\"datePublished\":\"2025-09-16T16:53:14+00:00\",\"author\":{\"@id\":\"https:\/\/veritasinfo.org\/#\/schema\/person\/fe199eede04c3937362892b7444747cc\"},\"breadcrumb\":{\"@id\":\"https:\/\/veritasinfo.org\/?p=12240#breadcrumb\"},\"inLanguage\":\"en-US\",\"potentialAction\":[{\"@type\":\"ReadAction\",\"target\":[\"https:\/\/veritasinfo.org\/?p=12240\"]}]},{\"@type\":\"ImageObject\",\"inLanguage\":\"en-US\",\"@id\":\"https:\/\/veritasinfo.org\/?p=12240#primaryimage\",\"url\":\"https:\/\/veritasinfo.org\/wp-content\/uploads\/2025\/09\/547426468_826303890058268_6007698633620642177_n-1.jpg\",\"contentUrl\":\"https:\/\/veritasinfo.org\/wp-content\/uploads\/2025\/09\/547426468_826303890058268_6007698633620642177_n-1.jpg\",\"width\":776,\"height\":480},{\"@type\":\"BreadcrumbList\",\"@id\":\"https:\/\/veritasinfo.org\/?p=12240#breadcrumb\",\"itemListElement\":[{\"@type\":\"ListItem\",\"position\":1,\"name\":\"Home\",\"item\":\"https:\/\/veritasinfo.org\/\"},{\"@type\":\"ListItem\",\"position\":2,\"name\":\"Rubin: S\u2019kam par\u00eb n\u00eb Kosov\u00eb di\u00e7ka q\u00eb i p\u00ebrngjante Shtabit t\u00eb P\u00ebrgjithsh\u00ebm\"}]},{\"@type\":\"WebSite\",\"@id\":\"https:\/\/veritasinfo.org\/#website\",\"url\":\"https:\/\/veritasinfo.org\/\",\"name\":\"\",\"description\":\"\",\"potentialAction\":[{\"@type\":\"SearchAction\",\"target\":{\"@type\":\"EntryPoint\",\"urlTemplate\":\"https:\/\/veritasinfo.org\/?s={search_term_string}\"},\"query-input\":{\"@type\":\"PropertyValueSpecification\",\"valueRequired\":true,\"valueName\":\"search_term_string\"}}],\"inLanguage\":\"en-US\"},{\"@type\":\"Person\",\"@id\":\"https:\/\/veritasinfo.org\/#\/schema\/person\/fe199eede04c3937362892b7444747cc\",\"name\":\"US6\",\"image\":{\"@type\":\"ImageObject\",\"inLanguage\":\"en-US\",\"@id\":\"https:\/\/veritasinfo.org\/#\/schema\/person\/image\/\",\"url\":\"https:\/\/secure.gravatar.com\/avatar\/cb16c3c31c9d23b9b8c705964598220b3014e42ff51eb540ff23cefa3ae8c15f?s=96&d=mm&r=g\",\"contentUrl\":\"https:\/\/secure.gravatar.com\/avatar\/cb16c3c31c9d23b9b8c705964598220b3014e42ff51eb540ff23cefa3ae8c15f?s=96&d=mm&r=g\",\"caption\":\"US6\"},\"url\":\"https:\/\/veritasinfo.org\/?author=7\"}]}<\/script>\n<!-- \/ Yoast SEO plugin. -->","yoast_head_json":{"title":"Rubin: S\u2019kam par\u00eb n\u00eb Kosov\u00eb di\u00e7ka q\u00eb i p\u00ebrngjante Shtabit t\u00eb P\u00ebrgjithsh\u00ebm -","robots":{"index":"index","follow":"follow","max-snippet":"max-snippet:-1","max-image-preview":"max-image-preview:large","max-video-preview":"max-video-preview:-1"},"canonical":"https:\/\/veritasinfo.org\/?p=12240","og_locale":"en_US","og_type":"article","og_title":"Rubin: S\u2019kam par\u00eb n\u00eb Kosov\u00eb di\u00e7ka q\u00eb i p\u00ebrngjante Shtabit t\u00eb P\u00ebrgjithsh\u00ebm -","og_description":"Hag\u00eb, 16 shtator 2025 James Rubin tha n\u00eb Hag\u00eb se n\u00eb Kosov\u00eb nuk ka par\u00eb asgj\u00eb q\u00eb i ngjason Shtabit t\u00eb P\u00ebrgjithsh\u00ebm n\u00eb Ushtrin\u00eb \u00c7lirimtare","og_url":"https:\/\/veritasinfo.org\/?p=12240","article_published_time":"2025-09-16T16:53:14+00:00","og_image":[{"width":776,"height":480,"url":"https:\/\/veritasinfo.org\/wp-content\/uploads\/2025\/09\/547426468_826303890058268_6007698633620642177_n-1.jpg","type":"image\/jpeg"}],"author":"US6","twitter_card":"summary_large_image","twitter_misc":{"Written by":"US6","Est. reading time":"3 minutes"},"schema":{"@context":"https:\/\/schema.org","@graph":[{"@type":"WebPage","@id":"https:\/\/veritasinfo.org\/?p=12240","url":"https:\/\/veritasinfo.org\/?p=12240","name":"Rubin: S\u2019kam par\u00eb n\u00eb Kosov\u00eb di\u00e7ka q\u00eb i p\u00ebrngjante Shtabit t\u00eb P\u00ebrgjithsh\u00ebm -","isPartOf":{"@id":"https:\/\/veritasinfo.org\/#website"},"primaryImageOfPage":{"@id":"https:\/\/veritasinfo.org\/?p=12240#primaryimage"},"image":{"@id":"https:\/\/veritasinfo.org\/?p=12240#primaryimage"},"thumbnailUrl":"https:\/\/veritasinfo.org\/wp-content\/uploads\/2025\/09\/547426468_826303890058268_6007698633620642177_n-1.jpg","datePublished":"2025-09-16T16:53:14+00:00","author":{"@id":"https:\/\/veritasinfo.org\/#\/schema\/person\/fe199eede04c3937362892b7444747cc"},"breadcrumb":{"@id":"https:\/\/veritasinfo.org\/?p=12240#breadcrumb"},"inLanguage":"en-US","potentialAction":[{"@type":"ReadAction","target":["https:\/\/veritasinfo.org\/?p=12240"]}]},{"@type":"ImageObject","inLanguage":"en-US","@id":"https:\/\/veritasinfo.org\/?p=12240#primaryimage","url":"https:\/\/veritasinfo.org\/wp-content\/uploads\/2025\/09\/547426468_826303890058268_6007698633620642177_n-1.jpg","contentUrl":"https:\/\/veritasinfo.org\/wp-content\/uploads\/2025\/09\/547426468_826303890058268_6007698633620642177_n-1.jpg","width":776,"height":480},{"@type":"BreadcrumbList","@id":"https:\/\/veritasinfo.org\/?p=12240#breadcrumb","itemListElement":[{"@type":"ListItem","position":1,"name":"Home","item":"https:\/\/veritasinfo.org\/"},{"@type":"ListItem","position":2,"name":"Rubin: S\u2019kam par\u00eb n\u00eb Kosov\u00eb di\u00e7ka q\u00eb i p\u00ebrngjante Shtabit t\u00eb P\u00ebrgjithsh\u00ebm"}]},{"@type":"WebSite","@id":"https:\/\/veritasinfo.org\/#website","url":"https:\/\/veritasinfo.org\/","name":"","description":"","potentialAction":[{"@type":"SearchAction","target":{"@type":"EntryPoint","urlTemplate":"https:\/\/veritasinfo.org\/?s={search_term_string}"},"query-input":{"@type":"PropertyValueSpecification","valueRequired":true,"valueName":"search_term_string"}}],"inLanguage":"en-US"},{"@type":"Person","@id":"https:\/\/veritasinfo.org\/#\/schema\/person\/fe199eede04c3937362892b7444747cc","name":"US6","image":{"@type":"ImageObject","inLanguage":"en-US","@id":"https:\/\/veritasinfo.org\/#\/schema\/person\/image\/","url":"https:\/\/secure.gravatar.com\/avatar\/cb16c3c31c9d23b9b8c705964598220b3014e42ff51eb540ff23cefa3ae8c15f?s=96&d=mm&r=g","contentUrl":"https:\/\/secure.gravatar.com\/avatar\/cb16c3c31c9d23b9b8c705964598220b3014e42ff51eb540ff23cefa3ae8c15f?s=96&d=mm&r=g","caption":"US6"},"url":"https:\/\/veritasinfo.org\/?author=7"}]}},"featured_image_urls":{"full":["https:\/\/veritasinfo.org\/wp-content\/uploads\/2025\/09\/547426468_826303890058268_6007698633620642177_n-1.jpg",776,480,false],"thumbnail":["https:\/\/veritasinfo.org\/wp-content\/uploads\/2025\/09\/547426468_826303890058268_6007698633620642177_n-1-150x150.jpg",150,150,true],"medium":["https:\/\/veritasinfo.org\/wp-content\/uploads\/2025\/09\/547426468_826303890058268_6007698633620642177_n-1-300x186.jpg",300,186,true],"medium_large":["https:\/\/veritasinfo.org\/wp-content\/uploads\/2025\/09\/547426468_826303890058268_6007698633620642177_n-1-768x475.jpg",640,396,true],"large":["https:\/\/veritasinfo.org\/wp-content\/uploads\/2025\/09\/547426468_826303890058268_6007698633620642177_n-1.jpg",640,396,false],"1536x1536":["https:\/\/veritasinfo.org\/wp-content\/uploads\/2025\/09\/547426468_826303890058268_6007698633620642177_n-1.jpg",776,480,false],"2048x2048":["https:\/\/veritasinfo.org\/wp-content\/uploads\/2025\/09\/547426468_826303890058268_6007698633620642177_n-1.jpg",776,480,false],"kreeti-slider-full":["https:\/\/veritasinfo.org\/wp-content\/uploads\/2025\/09\/547426468_826303890058268_6007698633620642177_n-1.jpg",776,480,false],"kreeti-featured":["https:\/\/veritasinfo.org\/wp-content\/uploads\/2025\/09\/547426468_826303890058268_6007698633620642177_n-1.jpg",776,480,false],"kreeti-medium":["https:\/\/veritasinfo.org\/wp-content\/uploads\/2025\/09\/547426468_826303890058268_6007698633620642177_n-1.jpg",720,445,false],"kreeti-medium-square":["https:\/\/veritasinfo.org\/wp-content\/uploads\/2025\/09\/547426468_826303890058268_6007698633620642177_n-1.jpg",350,216,false]},"author_info":{"info":["US6"]},"category_info":"<a href=\"https:\/\/veritasinfo.org\/?cat=60\" rel=\"category\">Shoq\u00ebrore<\/a>","tag_info":"Shoq\u00ebrore","comment_count":"0","_links":{"self":[{"href":"https:\/\/veritasinfo.org\/index.php?rest_route=\/wp\/v2\/posts\/12240","targetHints":{"allow":["GET"]}}],"collection":[{"href":"https:\/\/veritasinfo.org\/index.php?rest_route=\/wp\/v2\/posts"}],"about":[{"href":"https:\/\/veritasinfo.org\/index.php?rest_route=\/wp\/v2\/types\/post"}],"author":[{"embeddable":true,"href":"https:\/\/veritasinfo.org\/index.php?rest_route=\/wp\/v2\/users\/7"}],"replies":[{"embeddable":true,"href":"https:\/\/veritasinfo.org\/index.php?rest_route=%2Fwp%2Fv2%2Fcomments&post=12240"}],"version-history":[{"count":1,"href":"https:\/\/veritasinfo.org\/index.php?rest_route=\/wp\/v2\/posts\/12240\/revisions"}],"predecessor-version":[{"id":12242,"href":"https:\/\/veritasinfo.org\/index.php?rest_route=\/wp\/v2\/posts\/12240\/revisions\/12242"}],"wp:featuredmedia":[{"embeddable":true,"href":"https:\/\/veritasinfo.org\/index.php?rest_route=\/wp\/v2\/media\/12241"}],"wp:attachment":[{"href":"https:\/\/veritasinfo.org\/index.php?rest_route=%2Fwp%2Fv2%2Fmedia&parent=12240"}],"wp:term":[{"taxonomy":"category","embeddable":true,"href":"https:\/\/veritasinfo.org\/index.php?rest_route=%2Fwp%2Fv2%2Fcategories&post=12240"},{"taxonomy":"post_tag","embeddable":true,"href":"https:\/\/veritasinfo.org\/index.php?rest_route=%2Fwp%2Fv2%2Ftags&post=12240"}],"curies":[{"name":"wp","href":"https:\/\/api.w.org\/{rel}","templated":true}]}}