{"id":12228,"date":"2025-09-16T18:08:02","date_gmt":"2025-09-16T16:08:02","guid":{"rendered":"https:\/\/veritasinfo.org\/?p=12228"},"modified":"2025-09-16T18:08:02","modified_gmt":"2025-09-16T16:08:02","slug":"osmani-pret-ne-takim-lamtumires-ambasadorin-e-gjermanise-ne-kosove","status":"publish","type":"post","link":"https:\/\/veritasinfo.org\/?p=12228","title":{"rendered":"Osmani pret n\u00eb takim lamtumir\u00ebs ambasadorin e Gjermanis\u00eb n\u00eb Kosov\u00eb"},"content":{"rendered":"<p>Prishtin\u00eb, 16 shtator 2025<\/p>\n<p>Presidentja e Kosov\u00ebs, Vjosa Osmani, t\u00eb mart\u00ebn ka pritur n\u00eb takim lamtumir\u00ebs ambasadorin e Gjermanis\u00eb n\u00eb Kosov\u00eb, J\u00f6rn Rohde, t\u00eb cilin e ka fal\u00ebnderuar p\u00ebr angazhimin e tij gjat\u00eb mandatit n\u00eb Kosov\u00eb.<\/p>\n<p>Sipas Presidenc\u00ebs, duke ritheksuar se Gjermania mbetet partner strategjik i r\u00ebnd\u00ebsish\u00ebm i Kosov\u00ebs, Osmani ka th\u00ebn\u00eb se partneriteti nd\u00ebrmjet dy shteteve \u00ebsht\u00eb n\u00eb rritje t\u00eb vazhdueshme.<\/p>\n<p>\u201cMe k\u00ebt\u00eb rast, u ve\u00e7ua r\u00ebnd\u00ebsia e thellimit t\u00eb marr\u00ebdh\u00ebnieve ekonomike, t\u00eb cilat jan\u00eb forcuar edhe fal\u00eb kontributit t\u00eb \u00e7muar t\u00eb m\u00ebrgat\u00ebs kosovare n\u00eb Gjermani, q\u00eb p\u00ebrmes investimeve dhe angazhimit t\u00eb tyre p\u00ebrb\u00ebjn\u00eb nj\u00eb ur\u00eb t\u00eb fuqishme lidh\u00ebse mes dy vendeve dhe popujve tan\u00eb\u201d, thuhet n\u00eb njoftim.<\/p>\n<p>Gjat\u00eb takimit, Presidentja po ashtu ka shprehur mir\u00ebnjohje p\u00ebr mb\u00ebshtetjen q\u00eb Gjermania i ka dh\u00ebn\u00eb Kosov\u00ebs p\u00ebrgjat\u00eb viteve \u2018p\u00ebrfshir\u00eb edhe mb\u00ebshtetjen p\u00ebr rrug\u00ebn drejt integrimit euroatlantik\u2019<\/p>\n<p>\u201cPo ashtu, ajo vler\u00ebsoi mb\u00ebshtetjen e vazhdueshme t\u00eb Gjermanis\u00eb n\u00eb sektor\u00eb t\u00eb ndrysh\u00ebm p\u00ebrmes projekteve t\u00eb shumta zhvillimore. Presidentja Osmani i uroi ambasadorit Rohde suksese t\u00eb m\u00ebtejshme n\u00eb angazhimet e tij t\u00eb ardhshme\u201d, theksohet n\u00eb njoftim.<\/p>\n","protected":false},"excerpt":{"rendered":"<p>Prishtin\u00eb, 16 shtator 2025 Presidentja e Kosov\u00ebs, Vjosa Osmani, t\u00eb mart\u00ebn ka pritur n\u00eb takim lamtumir\u00ebs ambasadorin e Gjermanis\u00eb n\u00eb Kosov\u00eb, J\u00f6rn Rohde, t\u00eb cilin<\/p>\n","protected":false},"author":7,"featured_media":12229,"comment_status":"open","ping_status":"open","sticky":false,"template":"","format":"standard","meta":{"footnotes":""},"categories":[60],"tags":[],"class_list":["post-12228","post","type-post","status-publish","format-standard","has-post-thumbnail","hentry","category-shoqerore-sq"],"yoast_head":"<!-- This site is optimized with the Yoast SEO plugin v25.3.1 - https:\/\/yoast.com\/wordpress\/plugins\/seo\/ -->\n<title>Osmani pret n\u00eb takim lamtumir\u00ebs ambasadorin e Gjermanis\u00eb n\u00eb Kosov\u00eb -<\/title>\n<meta name=\"robots\" content=\"index, follow, max-snippet:-1, max-image-preview:large, max-video-preview:-1\" \/>\n<link rel=\"canonical\" href=\"https:\/\/veritasinfo.org\/?p=12228\" \/>\n<meta property=\"og:locale\" content=\"en_US\" \/>\n<meta property=\"og:type\" content=\"article\" \/>\n<meta property=\"og:title\" content=\"Osmani pret n\u00eb takim lamtumir\u00ebs ambasadorin e Gjermanis\u00eb n\u00eb Kosov\u00eb -\" \/>\n<meta property=\"og:description\" content=\"Prishtin\u00eb, 16 shtator 2025 Presidentja e Kosov\u00ebs, Vjosa Osmani, t\u00eb mart\u00ebn ka pritur n\u00eb takim lamtumir\u00ebs ambasadorin e Gjermanis\u00eb n\u00eb Kosov\u00eb, J\u00f6rn Rohde, t\u00eb cilin\" \/>\n<meta property=\"og:url\" content=\"https:\/\/veritasinfo.org\/?p=12228\" \/>\n<meta property=\"article:published_time\" content=\"2025-09-16T16:08:02+00:00\" \/>\n<meta property=\"og:image\" content=\"https:\/\/veritasinfo.org\/wp-content\/uploads\/2025\/09\/548200974_827162499972407_2725462271319032887_n.jpg\" \/>\n\t<meta property=\"og:image:width\" content=\"2048\" \/>\n\t<meta property=\"og:image:height\" content=\"1368\" \/>\n\t<meta property=\"og:image:type\" content=\"image\/jpeg\" \/>\n<meta name=\"author\" content=\"US6\" \/>\n<meta name=\"twitter:card\" content=\"summary_large_image\" \/>\n<meta name=\"twitter:label1\" content=\"Written by\" \/>\n\t<meta name=\"twitter:data1\" content=\"US6\" \/>\n\t<meta name=\"twitter:label2\" content=\"Est. reading time\" \/>\n\t<meta name=\"twitter:data2\" content=\"1 minute\" \/>\n<script type=\"application\/ld+json\" class=\"yoast-schema-graph\">{\"@context\":\"https:\/\/schema.org\",\"@graph\":[{\"@type\":\"WebPage\",\"@id\":\"https:\/\/veritasinfo.org\/?p=12228\",\"url\":\"https:\/\/veritasinfo.org\/?p=12228\",\"name\":\"Osmani pret n\u00eb takim lamtumir\u00ebs ambasadorin e Gjermanis\u00eb n\u00eb Kosov\u00eb -\",\"isPartOf\":{\"@id\":\"https:\/\/veritasinfo.org\/#website\"},\"primaryImageOfPage\":{\"@id\":\"https:\/\/veritasinfo.org\/?p=12228#primaryimage\"},\"image\":{\"@id\":\"https:\/\/veritasinfo.org\/?p=12228#primaryimage\"},\"thumbnailUrl\":\"https:\/\/veritasinfo.org\/wp-content\/uploads\/2025\/09\/548200974_827162499972407_2725462271319032887_n.jpg\",\"datePublished\":\"2025-09-16T16:08:02+00:00\",\"author\":{\"@id\":\"https:\/\/veritasinfo.org\/#\/schema\/person\/fe199eede04c3937362892b7444747cc\"},\"breadcrumb\":{\"@id\":\"https:\/\/veritasinfo.org\/?p=12228#breadcrumb\"},\"inLanguage\":\"en-US\",\"potentialAction\":[{\"@type\":\"ReadAction\",\"target\":[\"https:\/\/veritasinfo.org\/?p=12228\"]}]},{\"@type\":\"ImageObject\",\"inLanguage\":\"en-US\",\"@id\":\"https:\/\/veritasinfo.org\/?p=12228#primaryimage\",\"url\":\"https:\/\/veritasinfo.org\/wp-content\/uploads\/2025\/09\/548200974_827162499972407_2725462271319032887_n.jpg\",\"contentUrl\":\"https:\/\/veritasinfo.org\/wp-content\/uploads\/2025\/09\/548200974_827162499972407_2725462271319032887_n.jpg\",\"width\":2048,\"height\":1368},{\"@type\":\"BreadcrumbList\",\"@id\":\"https:\/\/veritasinfo.org\/?p=12228#breadcrumb\",\"itemListElement\":[{\"@type\":\"ListItem\",\"position\":1,\"name\":\"Home\",\"item\":\"https:\/\/veritasinfo.org\/\"},{\"@type\":\"ListItem\",\"position\":2,\"name\":\"Osmani pret n\u00eb takim lamtumir\u00ebs ambasadorin e Gjermanis\u00eb n\u00eb Kosov\u00eb\"}]},{\"@type\":\"WebSite\",\"@id\":\"https:\/\/veritasinfo.org\/#website\",\"url\":\"https:\/\/veritasinfo.org\/\",\"name\":\"\",\"description\":\"\",\"potentialAction\":[{\"@type\":\"SearchAction\",\"target\":{\"@type\":\"EntryPoint\",\"urlTemplate\":\"https:\/\/veritasinfo.org\/?s={search_term_string}\"},\"query-input\":{\"@type\":\"PropertyValueSpecification\",\"valueRequired\":true,\"valueName\":\"search_term_string\"}}],\"inLanguage\":\"en-US\"},{\"@type\":\"Person\",\"@id\":\"https:\/\/veritasinfo.org\/#\/schema\/person\/fe199eede04c3937362892b7444747cc\",\"name\":\"US6\",\"image\":{\"@type\":\"ImageObject\",\"inLanguage\":\"en-US\",\"@id\":\"https:\/\/veritasinfo.org\/#\/schema\/person\/image\/\",\"url\":\"https:\/\/secure.gravatar.com\/avatar\/cb16c3c31c9d23b9b8c705964598220b3014e42ff51eb540ff23cefa3ae8c15f?s=96&d=mm&r=g\",\"contentUrl\":\"https:\/\/secure.gravatar.com\/avatar\/cb16c3c31c9d23b9b8c705964598220b3014e42ff51eb540ff23cefa3ae8c15f?s=96&d=mm&r=g\",\"caption\":\"US6\"},\"url\":\"https:\/\/veritasinfo.org\/?author=7\"}]}<\/script>\n<!-- \/ Yoast SEO plugin. -->","yoast_head_json":{"title":"Osmani pret n\u00eb takim lamtumir\u00ebs ambasadorin e Gjermanis\u00eb n\u00eb Kosov\u00eb -","robots":{"index":"index","follow":"follow","max-snippet":"max-snippet:-1","max-image-preview":"max-image-preview:large","max-video-preview":"max-video-preview:-1"},"canonical":"https:\/\/veritasinfo.org\/?p=12228","og_locale":"en_US","og_type":"article","og_title":"Osmani pret n\u00eb takim lamtumir\u00ebs ambasadorin e Gjermanis\u00eb n\u00eb Kosov\u00eb -","og_description":"Prishtin\u00eb, 16 shtator 2025 Presidentja e Kosov\u00ebs, Vjosa Osmani, t\u00eb mart\u00ebn ka pritur n\u00eb takim lamtumir\u00ebs ambasadorin e Gjermanis\u00eb n\u00eb Kosov\u00eb, J\u00f6rn Rohde, t\u00eb cilin","og_url":"https:\/\/veritasinfo.org\/?p=12228","article_published_time":"2025-09-16T16:08:02+00:00","og_image":[{"width":2048,"height":1368,"url":"https:\/\/veritasinfo.org\/wp-content\/uploads\/2025\/09\/548200974_827162499972407_2725462271319032887_n.jpg","type":"image\/jpeg"}],"author":"US6","twitter_card":"summary_large_image","twitter_misc":{"Written by":"US6","Est. reading time":"1 minute"},"schema":{"@context":"https:\/\/schema.org","@graph":[{"@type":"WebPage","@id":"https:\/\/veritasinfo.org\/?p=12228","url":"https:\/\/veritasinfo.org\/?p=12228","name":"Osmani pret n\u00eb takim lamtumir\u00ebs ambasadorin e Gjermanis\u00eb n\u00eb Kosov\u00eb -","isPartOf":{"@id":"https:\/\/veritasinfo.org\/#website"},"primaryImageOfPage":{"@id":"https:\/\/veritasinfo.org\/?p=12228#primaryimage"},"image":{"@id":"https:\/\/veritasinfo.org\/?p=12228#primaryimage"},"thumbnailUrl":"https:\/\/veritasinfo.org\/wp-content\/uploads\/2025\/09\/548200974_827162499972407_2725462271319032887_n.jpg","datePublished":"2025-09-16T16:08:02+00:00","author":{"@id":"https:\/\/veritasinfo.org\/#\/schema\/person\/fe199eede04c3937362892b7444747cc"},"breadcrumb":{"@id":"https:\/\/veritasinfo.org\/?p=12228#breadcrumb"},"inLanguage":"en-US","potentialAction":[{"@type":"ReadAction","target":["https:\/\/veritasinfo.org\/?p=12228"]}]},{"@type":"ImageObject","inLanguage":"en-US","@id":"https:\/\/veritasinfo.org\/?p=12228#primaryimage","url":"https:\/\/veritasinfo.org\/wp-content\/uploads\/2025\/09\/548200974_827162499972407_2725462271319032887_n.jpg","contentUrl":"https:\/\/veritasinfo.org\/wp-content\/uploads\/2025\/09\/548200974_827162499972407_2725462271319032887_n.jpg","width":2048,"height":1368},{"@type":"BreadcrumbList","@id":"https:\/\/veritasinfo.org\/?p=12228#breadcrumb","itemListElement":[{"@type":"ListItem","position":1,"name":"Home","item":"https:\/\/veritasinfo.org\/"},{"@type":"ListItem","position":2,"name":"Osmani pret n\u00eb takim lamtumir\u00ebs ambasadorin e Gjermanis\u00eb n\u00eb Kosov\u00eb"}]},{"@type":"WebSite","@id":"https:\/\/veritasinfo.org\/#website","url":"https:\/\/veritasinfo.org\/","name":"","description":"","potentialAction":[{"@type":"SearchAction","target":{"@type":"EntryPoint","urlTemplate":"https:\/\/veritasinfo.org\/?s={search_term_string}"},"query-input":{"@type":"PropertyValueSpecification","valueRequired":true,"valueName":"search_term_string"}}],"inLanguage":"en-US"},{"@type":"Person","@id":"https:\/\/veritasinfo.org\/#\/schema\/person\/fe199eede04c3937362892b7444747cc","name":"US6","image":{"@type":"ImageObject","inLanguage":"en-US","@id":"https:\/\/veritasinfo.org\/#\/schema\/person\/image\/","url":"https:\/\/secure.gravatar.com\/avatar\/cb16c3c31c9d23b9b8c705964598220b3014e42ff51eb540ff23cefa3ae8c15f?s=96&d=mm&r=g","contentUrl":"https:\/\/secure.gravatar.com\/avatar\/cb16c3c31c9d23b9b8c705964598220b3014e42ff51eb540ff23cefa3ae8c15f?s=96&d=mm&r=g","caption":"US6"},"url":"https:\/\/veritasinfo.org\/?author=7"}]}},"featured_image_urls":{"full":["https:\/\/veritasinfo.org\/wp-content\/uploads\/2025\/09\/548200974_827162499972407_2725462271319032887_n.jpg",2048,1368,false],"thumbnail":["https:\/\/veritasinfo.org\/wp-content\/uploads\/2025\/09\/548200974_827162499972407_2725462271319032887_n-150x150.jpg",150,150,true],"medium":["https:\/\/veritasinfo.org\/wp-content\/uploads\/2025\/09\/548200974_827162499972407_2725462271319032887_n-300x200.jpg",300,200,true],"medium_large":["https:\/\/veritasinfo.org\/wp-content\/uploads\/2025\/09\/548200974_827162499972407_2725462271319032887_n-768x513.jpg",640,428,true],"large":["https:\/\/veritasinfo.org\/wp-content\/uploads\/2025\/09\/548200974_827162499972407_2725462271319032887_n-1024x684.jpg",640,428,true],"1536x1536":["https:\/\/veritasinfo.org\/wp-content\/uploads\/2025\/09\/548200974_827162499972407_2725462271319032887_n-1536x1026.jpg",1536,1026,true],"2048x2048":["https:\/\/veritasinfo.org\/wp-content\/uploads\/2025\/09\/548200974_827162499972407_2725462271319032887_n.jpg",2048,1368,false],"kreeti-slider-full":["https:\/\/veritasinfo.org\/wp-content\/uploads\/2025\/09\/548200974_827162499972407_2725462271319032887_n.jpg",1078,720,false],"kreeti-featured":["https:\/\/veritasinfo.org\/wp-content\/uploads\/2025\/09\/548200974_827162499972407_2725462271319032887_n.jpg",1024,684,false],"kreeti-medium":["https:\/\/veritasinfo.org\/wp-content\/uploads\/2025\/09\/548200974_827162499972407_2725462271319032887_n.jpg",720,481,false],"kreeti-medium-square":["https:\/\/veritasinfo.org\/wp-content\/uploads\/2025\/09\/548200974_827162499972407_2725462271319032887_n.jpg",350,234,false]},"author_info":{"info":["US6"]},"category_info":"<a href=\"https:\/\/veritasinfo.org\/?cat=60\" rel=\"category\">Shoq\u00ebrore<\/a>","tag_info":"Shoq\u00ebrore","comment_count":"0","_links":{"self":[{"href":"https:\/\/veritasinfo.org\/index.php?rest_route=\/wp\/v2\/posts\/12228","targetHints":{"allow":["GET"]}}],"collection":[{"href":"https:\/\/veritasinfo.org\/index.php?rest_route=\/wp\/v2\/posts"}],"about":[{"href":"https:\/\/veritasinfo.org\/index.php?rest_route=\/wp\/v2\/types\/post"}],"author":[{"embeddable":true,"href":"https:\/\/veritasinfo.org\/index.php?rest_route=\/wp\/v2\/users\/7"}],"replies":[{"embeddable":true,"href":"https:\/\/veritasinfo.org\/index.php?rest_route=%2Fwp%2Fv2%2Fcomments&post=12228"}],"version-history":[{"count":1,"href":"https:\/\/veritasinfo.org\/index.php?rest_route=\/wp\/v2\/posts\/12228\/revisions"}],"predecessor-version":[{"id":12230,"href":"https:\/\/veritasinfo.org\/index.php?rest_route=\/wp\/v2\/posts\/12228\/revisions\/12230"}],"wp:featuredmedia":[{"embeddable":true,"href":"https:\/\/veritasinfo.org\/index.php?rest_route=\/wp\/v2\/media\/12229"}],"wp:attachment":[{"href":"https:\/\/veritasinfo.org\/index.php?rest_route=%2Fwp%2Fv2%2Fmedia&parent=12228"}],"wp:term":[{"taxonomy":"category","embeddable":true,"href":"https:\/\/veritasinfo.org\/index.php?rest_route=%2Fwp%2Fv2%2Fcategories&post=12228"},{"taxonomy":"post_tag","embeddable":true,"href":"https:\/\/veritasinfo.org\/index.php?rest_route=%2Fwp%2Fv2%2Ftags&post=12228"}],"curies":[{"name":"wp","href":"https:\/\/api.w.org\/{rel}","templated":true}]}}