{"id":12218,"date":"2025-09-16T15:29:17","date_gmt":"2025-09-16T13:29:17","guid":{"rendered":"https:\/\/veritasinfo.org\/?p=12218"},"modified":"2025-09-16T15:29:17","modified_gmt":"2025-09-16T13:29:17","slug":"hulumtimi-i-birn-serbia-policia-ushtroi-dhune-ndaj-protestuesve-ne-garazhen-e-nderteses-te-qeverise-se-serbise","status":"publish","type":"post","link":"https:\/\/veritasinfo.org\/?p=12218","title":{"rendered":"Hulumtimi i BIRN Serbia: Policia ushtroi dhun\u00eb ndaj protestuesve n\u00eb garazh\u00ebn e nd\u00ebrtes\u00ebs t\u00eb Qeveris\u00eb s\u00eb Serbis\u00eb"},"content":{"rendered":"<p>Prishtin\u00eb, 16 shtator 2025<\/p>\n<p>K\u00ebrc\u00ebnime me p\u00ebrdhunim, shuplaka, shkelma, p\u00ebshtyma, fyerje, thyerje t\u00eb telefonave \u2013 k\u00ebshtu e kan\u00eb p\u00ebrshkruar n\u00ebnt\u00eb persona, t\u00eb cil\u00ebt BIRN i ka intervistuar, at\u00eb q\u00eb kan\u00eb p\u00ebrjetuar, d\u00ebgjuar apo par\u00eb n\u00eb garazhin e nd\u00ebrtes\u00ebs s\u00eb Qeveris\u00eb s\u00eb Serbis\u00eb ku u d\u00ebrguan pas protest\u00ebs s\u00eb 14 gushtit.<\/p>\n<p>BIRN zbulon d\u00ebshmit\u00eb e burrave q\u00eb, para t\u00eb gjith\u00ebve, kan\u00eb folur n\u00eb prokurori p\u00ebr brutalitetin policor t\u00eb pjes\u00ebtar\u00ebve t\u00eb JZO-s\u00eb n\u00eb garazhin e Qeveris\u00eb s\u00eb Serbis\u00eb. Nj\u00ebrit prej tyre, sipas deklarat\u00ebs s\u00eb tij, i \u00ebsht\u00eb k\u00ebrc\u00ebnuar edhe me p\u00ebrdhunim.<\/p>\n<p>Intervistat dhe pasqyrat e dh\u00ebna nga n\u00ebnt\u00eb persona tregojn\u00eb se, edhe pse shumica prej tyre nuk e njihnin nj\u00ebri-tjetrin m\u00eb her\u00ebt, d\u00ebshmojn\u00eb pothuajse n\u00eb m\u00ebnyr\u00eb identike p\u00ebr m\u00ebnyr\u00ebn e veprimit t\u00eb pjes\u00ebtar\u00ebve t\u00eb JZO-s\u00eb dhe komandantit t\u00eb tyre Marko Kri\u00e7ko.<\/p>\n<p>Amnesty International dhe Civil Rights Defenders, dy organizata nd\u00ebrkomb\u00ebtare p\u00ebr t\u00eb drejtat e njeriut, i than\u00eb BIRN-it se veprimet e JZO-s\u00eb p\u00ebrb\u00ebjn\u00eb p\u00ebrdorim t\u00eb tepruar t\u00eb forc\u00ebs dhe tregojn\u00eb p\u00ebr tortur\u00eb dhe trajtime t\u00eb tjera \u00e7njer\u00ebzore dhe posht\u00ebruese t\u00eb ndaluara me t\u00eb drejt\u00ebn nd\u00ebrkomb\u00ebtare.<\/p>\n<p>Ky tekst p\u00ebrmban p\u00ebrshkrime dhe d\u00ebshmi q\u00eb mund t\u00eb jen\u00eb shqet\u00ebsuese p\u00ebr disa lexues. Disa emra jan\u00eb ndryshuar ose hequr p\u00ebr t\u00eb mbrojtur bashk\u00ebbiseduesit.<\/p>\n<p>Nd\u00ebrkoh\u00eb q\u00eb Nikolina Sindjeli\u0107 dhe Stevan Zdravkoviq, student\u00eb dhe an\u00ebtar\u00eb t\u00eb L\u00ebvizjes Popullore t\u00eb Serbis\u00eb, m\u00eb 15 gusht pasdite, para mediave, rr\u00ebfenin p\u00ebr at\u00eb q\u00eb kishin p\u00ebrjetuar nat\u00ebn e kaluar n\u00eb garazhin e Qeveris\u00eb s\u00eb Serbis\u00eb, duke e em\u00ebrtuar komandantin e Nj\u00ebsis\u00eb p\u00ebr Sigurimin e Personave dhe Objekteve (JZO) t\u00eb MPB-s\u00eb s\u00eb Serbis\u00eb, Marko Kri\u00e7ko, dhe bashk\u00ebpun\u00ebtor\u00ebt e tij si autor\u00eb t\u00eb dhun\u00ebs, n\u00eb Prokurorin\u00eb e Par\u00eb Themelore t\u00eb Beogradit kat\u00ebr burra po jepnin d\u00ebshmit\u00eb e tyre.<\/p>\n<p>N\u00eb at\u00eb moment, ata nuk i dinin emrat e polic\u00ebve q\u00eb i kishin maltretuar, por pothuajse identikisht p\u00ebrshkruan garazhin n\u00eb Qeverin\u00eb e Serbis\u00eb, at\u00eb q\u00eb u kishte ndodhur dhe pamjen e pjes\u00ebtar\u00ebve t\u00eb JZO-s\u00eb.<\/p>\n<p>\u201cE kishte mjekr\u00ebn e rruar shkurt. Nga inati i shkum\u00ebzonin goj\u00ebt\u2026 Komandanti i asaj nj\u00ebsie filloi t\u2019u afrohej nj\u00eb nga nj\u00eb prej nesh dhe na shkelmonte disa her\u00eb, n\u00eb stomak, n\u00eb k\u00ebmb\u00eb, me sholl\u00ebn e k\u00ebpuc\u00ebs n\u00eb kok\u00eb, e pastaj p\u00ebshtyma n\u00eb fytyr\u00eb\u201d, ka deklaruar nj\u00ebri prej t\u00eb ndaluarve para prokurorit.<\/p>\n<p>T\u00eb ngjashme kan\u00eb d\u00ebshmuar edhe t\u00eb tjer\u00ebt, nd\u00ebrsa nj\u00ebri prej tyre ka p\u00ebrshkruar me holl\u00ebsi shkat\u00ebrrimin e telefonave t\u00eb cil\u00ebt u ishin marr\u00eb pa urdh\u00ebr gjykate:<br \/>\n\u201cT\u00eb gjith\u00eb telefonat q\u00eb ua mori njer\u00ebzve, i vuri p\u00ebr muri, pastaj nj\u00eb nga nj\u00eb i shkelte me k\u00ebmb\u00eb dhe i godiste me shkop gome.\u201d<\/p>\n<p>Ata jan\u00eb marr\u00eb n\u00eb pyetje ve\u00e7mas para prokurorit. Polic\u00ebt i akuzuan se nj\u00eb nat\u00eb m\u00eb her\u00ebt, gjat\u00eb protestave kund\u00ebr qeveris\u00eb, kishin penguar nj\u00eb person zyrtar n\u00eb kryerjen e detyr\u00ebs zyrtare, si edhe p\u00ebr sulm ndaj nj\u00eb personi zyrtar.<\/p>\n<p>Sipas hulumtimit t\u00eb BIRN-it, gjat\u00eb protestave t\u00eb 14 gushtit n\u00eb Beograd, pjes\u00ebtar\u00ebt e JZO-s\u00eb n\u00ebn komand\u00ebn e Marko Kri\u00e7kos arrestuan dhe d\u00ebrguan n\u00eb garazhin e nd\u00ebrtes\u00ebs s\u00eb Qeveris\u00eb s\u00eb Serbis\u00eb t\u00eb pakt\u00ebn pes\u00ebmb\u00ebdhjet\u00eb persona.<\/p>\n<p>D\u00ebshmit\u00eb e kat\u00ebr burrave para prokuroris\u00eb dhe deklaratat e pes\u00eb personave t\u00eb tjer\u00eb t\u00eb intervistuar nga BIRN tregojn\u00eb se pothuajse t\u00eb gjith\u00eb p\u00ebrjetuan dhun\u00eb t\u00eb ngjashme. Midis tyre kishte demonstrues, por edhe qytetar\u00eb q\u00eb ndodheshin mjaft larg nd\u00ebrtes\u00ebs s\u00eb Qeveris\u00eb, madje disa as q\u00eb kishin marr\u00eb pjes\u00eb n\u00eb protesta.<\/p>\n<p>Nga garazhi i Qeveris\u00eb s\u00eb Serbis\u00eb m\u00eb pas i transportonin me intervale t\u00eb ndryshme, n\u00eb tre grupe, duke i shp\u00ebrndar\u00eb n\u00ebp\u00ebr stacionet policore: Vo\u017edovac, Novi Beograd, Stari Grad.<\/p>\n<p>\u201cSjellja e organeve t\u00eb rendit gjat\u00eb arrestimit dhe mbajtjes s\u00eb demonstruesve dhe kalimtar\u00ebve t\u00eb rastit n\u00eb garazhin e nd\u00ebrtes\u00ebs s\u00eb Qeveris\u00eb, m\u00eb 14 gusht 2025, p\u00ebrb\u00ebn shkelje serioze t\u00eb korniz\u00ebs juridike nd\u00ebrkomb\u00ebtare. Goditjet e p\u00ebrs\u00ebritura me shuplaka dhe shkelma ndaj t\u00eb ndaluarve, p\u00ebshtymat, posht\u00ebrimi verbal dhe k\u00ebrc\u00ebnimet me dhun\u00eb, dhun\u00eb seksuale dhe vdekje, p\u00ebrb\u00ebjn\u00eb trajtim ose nd\u00ebshkim mizor, \u00e7njer\u00ebzor dhe posht\u00ebrues \u2013 t\u00eb ndaluar nga e drejta nd\u00ebrkomb\u00ebtare. Po ashtu, sjellja ndaj t\u00eb ndaluarve ngre shqet\u00ebsime p\u00ebr tortur\u00eb\u201d, tha p\u00ebr BIRN Xhon Staufer, drejtor juridik dhe z\u00ebvend\u00ebsdrejtor ekzekutiv i organizat\u00ebs nd\u00ebrkomb\u00ebtare p\u00ebr t\u00eb drejtat e njeriut Civil Rights Defenders, me seli n\u00eb Stokholm.<\/p>\n<p>Nga Amnesty International i than\u00eb\u00a0<a href=\"https:\/\/birn.rs\/policijska-brutalnost-u-garazi-vlade\/\">BIRN-it<\/a>\u00a0se jan\u00eb thell\u00ebsisht t\u00eb shqet\u00ebsuar nga raportet se demonstrues student\u00eb jan\u00eb arrestuar me dhun\u00eb n\u00eb Beograd, jan\u00eb d\u00ebrguar n\u00eb \u201cgarazh\u201d dhe i jan\u00eb n\u00ebnshtruar p\u00ebrdorimit t\u00eb panevojsh\u00ebm dhe t\u00eb tepruar t\u00eb forc\u00ebs \u2013 duke p\u00ebrfshir\u00eb shuplaka, shkelma dhe k\u00ebrc\u00ebnime p\u00ebr dhun\u00eb t\u00eb m\u00ebtejshme, p\u00ebrfshir\u00eb edhe p\u00ebrdhunim.<\/p>\n<p>\u201cSipas d\u00ebshmive, k\u00ebto abuzime kan\u00eb ndodhur gjat\u00eb periudh\u00ebs fillestare t\u00eb ndalimit dhe para \u00e7do marrjeje zyrtare n\u00eb pyetje nga policia. Nj\u00eb pyet\u00ebsim i till\u00eb joformal pa pranin\u00eb e nj\u00eb mbrojt\u00ebsi ligjor rrit rrezikun e tortur\u00ebs apo abuzimeve t\u00eb tjera dhe t\u00eb mohimit t\u00eb garancive procedurale q\u00eb zakonisht do t\u00eb zbatoheshin,\u201d tha Jelena Sesar, hulumtuese e Amnesty International-it p\u00ebr Ballkanin.<\/p>\n<p>Ajo shtoi se personat n\u00eb paraburgim policor duhet t\u00eb trajtohen me dinjitet dhe n\u00eb p\u00ebrputhje me ligjin.<\/p>\n<p>\u201c\u00c7do form\u00eb torture apo abuzimi tjet\u00ebr \u2013 p\u00ebrfshir\u00eb tortur\u00ebn psikologjike, k\u00ebrc\u00ebnimet me tortur\u00eb ose abuzim, veprimet posht\u00ebruese dhe degraduese \u2013 \u00ebsht\u00eb absolutisht e ndaluar. Autoritetet serbe duhet t\u2019i hetojn\u00eb plot\u00ebsisht k\u00ebto pretendime dhe t\u2019i nxjerrin p\u00ebrgjegj\u00ebs t\u00eb gjith\u00eb zyrtar\u00ebt p\u00ebr t\u00eb cil\u00ebt konstatohet se kan\u00eb vepruar n\u00eb m\u00ebnyr\u00eb t\u00eb paligjshme\u201d, thekson Sesar.<\/p>\n<p>Rasti n\u00eb nd\u00ebrtes\u00ebn e Qeveris\u00eb s\u00eb Serbis\u00eb, megjithat\u00eb, nuk \u00ebsht\u00eb p\u00ebrjashtim. N\u00eb muajt e fundit, d\u00ebshmi dhe pamje t\u00eb brutalitetit policor kan\u00eb ardhur nga shum\u00eb qytete anemban\u00eb Serbis\u00eb, ku policia ka p\u00ebrdorur forc\u00eb t\u00eb tepruar ose ka posht\u00ebruar qytetar\u00eb t\u00eb ndaluar.<\/p>\n","protected":false},"excerpt":{"rendered":"<p>Prishtin\u00eb, 16 shtator 2025 K\u00ebrc\u00ebnime me p\u00ebrdhunim, shuplaka, shkelma, p\u00ebshtyma, fyerje, thyerje t\u00eb telefonave \u2013 k\u00ebshtu e kan\u00eb p\u00ebrshkruar n\u00ebnt\u00eb persona, t\u00eb cil\u00ebt BIRN i<\/p>\n","protected":false},"author":7,"featured_media":12219,"comment_status":"open","ping_status":"open","sticky":false,"template":"","format":"standard","meta":{"footnotes":""},"categories":[72],"tags":[],"class_list":["post-12218","post","type-post","status-publish","format-standard","has-post-thumbnail","hentry","category-bota"],"yoast_head":"<!-- This site is optimized with the Yoast SEO plugin v25.3.1 - https:\/\/yoast.com\/wordpress\/plugins\/seo\/ -->\n<title>Hulumtimi i BIRN Serbia: Policia ushtroi dhun\u00eb ndaj protestuesve n\u00eb garazh\u00ebn e nd\u00ebrtes\u00ebs t\u00eb Qeveris\u00eb s\u00eb Serbis\u00eb -<\/title>\n<meta name=\"robots\" content=\"index, follow, max-snippet:-1, max-image-preview:large, max-video-preview:-1\" \/>\n<link rel=\"canonical\" href=\"https:\/\/veritasinfo.org\/?p=12218\" \/>\n<meta property=\"og:locale\" content=\"en_US\" \/>\n<meta property=\"og:type\" content=\"article\" \/>\n<meta property=\"og:title\" content=\"Hulumtimi i BIRN Serbia: Policia ushtroi dhun\u00eb ndaj protestuesve n\u00eb garazh\u00ebn e nd\u00ebrtes\u00ebs t\u00eb Qeveris\u00eb s\u00eb Serbis\u00eb -\" \/>\n<meta property=\"og:description\" content=\"Prishtin\u00eb, 16 shtator 2025 K\u00ebrc\u00ebnime me p\u00ebrdhunim, shuplaka, shkelma, p\u00ebshtyma, fyerje, thyerje t\u00eb telefonave \u2013 k\u00ebshtu e kan\u00eb p\u00ebrshkruar n\u00ebnt\u00eb persona, t\u00eb cil\u00ebt BIRN i\" \/>\n<meta property=\"og:url\" content=\"https:\/\/veritasinfo.org\/?p=12218\" \/>\n<meta property=\"article:published_time\" content=\"2025-09-16T13:29:17+00:00\" \/>\n<meta property=\"og:image\" content=\"https:\/\/veritasinfo.org\/wp-content\/uploads\/2025\/09\/1-31.jpg\" \/>\n\t<meta property=\"og:image:width\" content=\"1337\" \/>\n\t<meta property=\"og:image:height\" content=\"744\" \/>\n\t<meta property=\"og:image:type\" content=\"image\/jpeg\" \/>\n<meta name=\"author\" content=\"US6\" \/>\n<meta name=\"twitter:card\" content=\"summary_large_image\" \/>\n<meta name=\"twitter:label1\" content=\"Written by\" \/>\n\t<meta name=\"twitter:data1\" content=\"US6\" \/>\n\t<meta name=\"twitter:label2\" content=\"Est. reading time\" \/>\n\t<meta name=\"twitter:data2\" content=\"5 minutes\" \/>\n<script type=\"application\/ld+json\" class=\"yoast-schema-graph\">{\"@context\":\"https:\/\/schema.org\",\"@graph\":[{\"@type\":\"WebPage\",\"@id\":\"https:\/\/veritasinfo.org\/?p=12218\",\"url\":\"https:\/\/veritasinfo.org\/?p=12218\",\"name\":\"Hulumtimi i BIRN Serbia: Policia ushtroi dhun\u00eb ndaj protestuesve n\u00eb garazh\u00ebn e nd\u00ebrtes\u00ebs t\u00eb Qeveris\u00eb s\u00eb Serbis\u00eb -\",\"isPartOf\":{\"@id\":\"https:\/\/veritasinfo.org\/#website\"},\"primaryImageOfPage\":{\"@id\":\"https:\/\/veritasinfo.org\/?p=12218#primaryimage\"},\"image\":{\"@id\":\"https:\/\/veritasinfo.org\/?p=12218#primaryimage\"},\"thumbnailUrl\":\"https:\/\/veritasinfo.org\/wp-content\/uploads\/2025\/09\/1-31.jpg\",\"datePublished\":\"2025-09-16T13:29:17+00:00\",\"author\":{\"@id\":\"https:\/\/veritasinfo.org\/#\/schema\/person\/fe199eede04c3937362892b7444747cc\"},\"breadcrumb\":{\"@id\":\"https:\/\/veritasinfo.org\/?p=12218#breadcrumb\"},\"inLanguage\":\"en-US\",\"potentialAction\":[{\"@type\":\"ReadAction\",\"target\":[\"https:\/\/veritasinfo.org\/?p=12218\"]}]},{\"@type\":\"ImageObject\",\"inLanguage\":\"en-US\",\"@id\":\"https:\/\/veritasinfo.org\/?p=12218#primaryimage\",\"url\":\"https:\/\/veritasinfo.org\/wp-content\/uploads\/2025\/09\/1-31.jpg\",\"contentUrl\":\"https:\/\/veritasinfo.org\/wp-content\/uploads\/2025\/09\/1-31.jpg\",\"width\":1337,\"height\":744},{\"@type\":\"BreadcrumbList\",\"@id\":\"https:\/\/veritasinfo.org\/?p=12218#breadcrumb\",\"itemListElement\":[{\"@type\":\"ListItem\",\"position\":1,\"name\":\"Home\",\"item\":\"https:\/\/veritasinfo.org\/\"},{\"@type\":\"ListItem\",\"position\":2,\"name\":\"Hulumtimi i BIRN Serbia: Policia ushtroi dhun\u00eb ndaj protestuesve n\u00eb garazh\u00ebn e nd\u00ebrtes\u00ebs t\u00eb Qeveris\u00eb s\u00eb Serbis\u00eb\"}]},{\"@type\":\"WebSite\",\"@id\":\"https:\/\/veritasinfo.org\/#website\",\"url\":\"https:\/\/veritasinfo.org\/\",\"name\":\"\",\"description\":\"\",\"potentialAction\":[{\"@type\":\"SearchAction\",\"target\":{\"@type\":\"EntryPoint\",\"urlTemplate\":\"https:\/\/veritasinfo.org\/?s={search_term_string}\"},\"query-input\":{\"@type\":\"PropertyValueSpecification\",\"valueRequired\":true,\"valueName\":\"search_term_string\"}}],\"inLanguage\":\"en-US\"},{\"@type\":\"Person\",\"@id\":\"https:\/\/veritasinfo.org\/#\/schema\/person\/fe199eede04c3937362892b7444747cc\",\"name\":\"US6\",\"image\":{\"@type\":\"ImageObject\",\"inLanguage\":\"en-US\",\"@id\":\"https:\/\/veritasinfo.org\/#\/schema\/person\/image\/\",\"url\":\"https:\/\/secure.gravatar.com\/avatar\/cb16c3c31c9d23b9b8c705964598220b3014e42ff51eb540ff23cefa3ae8c15f?s=96&d=mm&r=g\",\"contentUrl\":\"https:\/\/secure.gravatar.com\/avatar\/cb16c3c31c9d23b9b8c705964598220b3014e42ff51eb540ff23cefa3ae8c15f?s=96&d=mm&r=g\",\"caption\":\"US6\"},\"url\":\"https:\/\/veritasinfo.org\/?author=7\"}]}<\/script>\n<!-- \/ Yoast SEO plugin. -->","yoast_head_json":{"title":"Hulumtimi i BIRN Serbia: Policia ushtroi dhun\u00eb ndaj protestuesve n\u00eb garazh\u00ebn e nd\u00ebrtes\u00ebs t\u00eb Qeveris\u00eb s\u00eb Serbis\u00eb -","robots":{"index":"index","follow":"follow","max-snippet":"max-snippet:-1","max-image-preview":"max-image-preview:large","max-video-preview":"max-video-preview:-1"},"canonical":"https:\/\/veritasinfo.org\/?p=12218","og_locale":"en_US","og_type":"article","og_title":"Hulumtimi i BIRN Serbia: Policia ushtroi dhun\u00eb ndaj protestuesve n\u00eb garazh\u00ebn e nd\u00ebrtes\u00ebs t\u00eb Qeveris\u00eb s\u00eb Serbis\u00eb -","og_description":"Prishtin\u00eb, 16 shtator 2025 K\u00ebrc\u00ebnime me p\u00ebrdhunim, shuplaka, shkelma, p\u00ebshtyma, fyerje, thyerje t\u00eb telefonave \u2013 k\u00ebshtu e kan\u00eb p\u00ebrshkruar n\u00ebnt\u00eb persona, t\u00eb cil\u00ebt BIRN i","og_url":"https:\/\/veritasinfo.org\/?p=12218","article_published_time":"2025-09-16T13:29:17+00:00","og_image":[{"width":1337,"height":744,"url":"https:\/\/veritasinfo.org\/wp-content\/uploads\/2025\/09\/1-31.jpg","type":"image\/jpeg"}],"author":"US6","twitter_card":"summary_large_image","twitter_misc":{"Written by":"US6","Est. reading time":"5 minutes"},"schema":{"@context":"https:\/\/schema.org","@graph":[{"@type":"WebPage","@id":"https:\/\/veritasinfo.org\/?p=12218","url":"https:\/\/veritasinfo.org\/?p=12218","name":"Hulumtimi i BIRN Serbia: Policia ushtroi dhun\u00eb ndaj protestuesve n\u00eb garazh\u00ebn e nd\u00ebrtes\u00ebs t\u00eb Qeveris\u00eb s\u00eb Serbis\u00eb -","isPartOf":{"@id":"https:\/\/veritasinfo.org\/#website"},"primaryImageOfPage":{"@id":"https:\/\/veritasinfo.org\/?p=12218#primaryimage"},"image":{"@id":"https:\/\/veritasinfo.org\/?p=12218#primaryimage"},"thumbnailUrl":"https:\/\/veritasinfo.org\/wp-content\/uploads\/2025\/09\/1-31.jpg","datePublished":"2025-09-16T13:29:17+00:00","author":{"@id":"https:\/\/veritasinfo.org\/#\/schema\/person\/fe199eede04c3937362892b7444747cc"},"breadcrumb":{"@id":"https:\/\/veritasinfo.org\/?p=12218#breadcrumb"},"inLanguage":"en-US","potentialAction":[{"@type":"ReadAction","target":["https:\/\/veritasinfo.org\/?p=12218"]}]},{"@type":"ImageObject","inLanguage":"en-US","@id":"https:\/\/veritasinfo.org\/?p=12218#primaryimage","url":"https:\/\/veritasinfo.org\/wp-content\/uploads\/2025\/09\/1-31.jpg","contentUrl":"https:\/\/veritasinfo.org\/wp-content\/uploads\/2025\/09\/1-31.jpg","width":1337,"height":744},{"@type":"BreadcrumbList","@id":"https:\/\/veritasinfo.org\/?p=12218#breadcrumb","itemListElement":[{"@type":"ListItem","position":1,"name":"Home","item":"https:\/\/veritasinfo.org\/"},{"@type":"ListItem","position":2,"name":"Hulumtimi i BIRN Serbia: Policia ushtroi dhun\u00eb ndaj protestuesve n\u00eb garazh\u00ebn e nd\u00ebrtes\u00ebs t\u00eb Qeveris\u00eb s\u00eb Serbis\u00eb"}]},{"@type":"WebSite","@id":"https:\/\/veritasinfo.org\/#website","url":"https:\/\/veritasinfo.org\/","name":"","description":"","potentialAction":[{"@type":"SearchAction","target":{"@type":"EntryPoint","urlTemplate":"https:\/\/veritasinfo.org\/?s={search_term_string}"},"query-input":{"@type":"PropertyValueSpecification","valueRequired":true,"valueName":"search_term_string"}}],"inLanguage":"en-US"},{"@type":"Person","@id":"https:\/\/veritasinfo.org\/#\/schema\/person\/fe199eede04c3937362892b7444747cc","name":"US6","image":{"@type":"ImageObject","inLanguage":"en-US","@id":"https:\/\/veritasinfo.org\/#\/schema\/person\/image\/","url":"https:\/\/secure.gravatar.com\/avatar\/cb16c3c31c9d23b9b8c705964598220b3014e42ff51eb540ff23cefa3ae8c15f?s=96&d=mm&r=g","contentUrl":"https:\/\/secure.gravatar.com\/avatar\/cb16c3c31c9d23b9b8c705964598220b3014e42ff51eb540ff23cefa3ae8c15f?s=96&d=mm&r=g","caption":"US6"},"url":"https:\/\/veritasinfo.org\/?author=7"}]}},"featured_image_urls":{"full":["https:\/\/veritasinfo.org\/wp-content\/uploads\/2025\/09\/1-31.jpg",1337,744,false],"thumbnail":["https:\/\/veritasinfo.org\/wp-content\/uploads\/2025\/09\/1-31-150x150.jpg",150,150,true],"medium":["https:\/\/veritasinfo.org\/wp-content\/uploads\/2025\/09\/1-31-300x167.jpg",300,167,true],"medium_large":["https:\/\/veritasinfo.org\/wp-content\/uploads\/2025\/09\/1-31-768x427.jpg",640,356,true],"large":["https:\/\/veritasinfo.org\/wp-content\/uploads\/2025\/09\/1-31-1024x570.jpg",640,356,true],"1536x1536":["https:\/\/veritasinfo.org\/wp-content\/uploads\/2025\/09\/1-31.jpg",1337,744,false],"2048x2048":["https:\/\/veritasinfo.org\/wp-content\/uploads\/2025\/09\/1-31.jpg",1337,744,false],"kreeti-slider-full":["https:\/\/veritasinfo.org\/wp-content\/uploads\/2025\/09\/1-31.jpg",1280,712,false],"kreeti-featured":["https:\/\/veritasinfo.org\/wp-content\/uploads\/2025\/09\/1-31.jpg",1024,570,false],"kreeti-medium":["https:\/\/veritasinfo.org\/wp-content\/uploads\/2025\/09\/1-31.jpg",720,401,false],"kreeti-medium-square":["https:\/\/veritasinfo.org\/wp-content\/uploads\/2025\/09\/1-31.jpg",350,195,false]},"author_info":{"info":["US6"]},"category_info":"<a href=\"https:\/\/veritasinfo.org\/?cat=72\" rel=\"category\">Bota<\/a>","tag_info":"Bota","comment_count":"0","_links":{"self":[{"href":"https:\/\/veritasinfo.org\/index.php?rest_route=\/wp\/v2\/posts\/12218","targetHints":{"allow":["GET"]}}],"collection":[{"href":"https:\/\/veritasinfo.org\/index.php?rest_route=\/wp\/v2\/posts"}],"about":[{"href":"https:\/\/veritasinfo.org\/index.php?rest_route=\/wp\/v2\/types\/post"}],"author":[{"embeddable":true,"href":"https:\/\/veritasinfo.org\/index.php?rest_route=\/wp\/v2\/users\/7"}],"replies":[{"embeddable":true,"href":"https:\/\/veritasinfo.org\/index.php?rest_route=%2Fwp%2Fv2%2Fcomments&post=12218"}],"version-history":[{"count":1,"href":"https:\/\/veritasinfo.org\/index.php?rest_route=\/wp\/v2\/posts\/12218\/revisions"}],"predecessor-version":[{"id":12220,"href":"https:\/\/veritasinfo.org\/index.php?rest_route=\/wp\/v2\/posts\/12218\/revisions\/12220"}],"wp:featuredmedia":[{"embeddable":true,"href":"https:\/\/veritasinfo.org\/index.php?rest_route=\/wp\/v2\/media\/12219"}],"wp:attachment":[{"href":"https:\/\/veritasinfo.org\/index.php?rest_route=%2Fwp%2Fv2%2Fmedia&parent=12218"}],"wp:term":[{"taxonomy":"category","embeddable":true,"href":"https:\/\/veritasinfo.org\/index.php?rest_route=%2Fwp%2Fv2%2Fcategories&post=12218"},{"taxonomy":"post_tag","embeddable":true,"href":"https:\/\/veritasinfo.org\/index.php?rest_route=%2Fwp%2Fv2%2Ftags&post=12218"}],"curies":[{"name":"wp","href":"https:\/\/api.w.org\/{rel}","templated":true}]}}