{"id":12171,"date":"2025-09-16T12:07:10","date_gmt":"2025-09-16T10:07:10","guid":{"rendered":"https:\/\/veritasinfo.org\/?p=12171"},"modified":"2025-09-16T12:07:10","modified_gmt":"2025-09-16T10:07:10","slug":"rubin-e-pakuptimte-se-si-trajtohet-ish-presidenti-thaci","status":"publish","type":"post","link":"https:\/\/veritasinfo.org\/?p=12171","title":{"rendered":"Rubin: E pakuptimt\u00eb se si trajtohet ish-presidenti Tha\u00e7i"},"content":{"rendered":"<p>Hag\u00eb, 16 shator 2025<\/p>\n<p>N\u00eb dit\u00ebn e dyt\u00eb t\u00eb d\u00ebshmis\u00eb s\u00eb tij n\u00eb Hag\u00eb, ish-ndihm\u00ebssekretari amerikan, James Rubin, si d\u00ebshmitar mbrojt\u00ebs i krer\u00ebve t\u00eb Ushtris\u00eb \u00c7lirimtare t\u00eb Kosov\u00ebs, ka th\u00ebn\u00eb se p\u00ebr t\u00eb \u00ebsht\u00eb e pakuptimt\u00eb se si trajtohet ish-presidenti Hashim Tha\u00e7i, i cili si\u00e7 u shpreh Rubin, \u00ebsht\u00eb\u00a0vet\u00ebdor\u00ebzuar.<\/p>\n<p>\u201cFakti q\u00eb jan\u00eb mbajtur kaq gjat\u00eb n\u00eb paraburgim m\u00eb shqet\u00ebson, pasi q\u00eb k\u00ebta jan\u00eb dor\u00ebzuar vullnetarisht dhe kan\u00eb bashk\u00ebpunuar me gjykat\u00ebn. N\u00eb rastin e t\u00eb akuzuarit Hashim Tha\u00e7i, nuk e kuptoj pse vazhdon t\u00eb jet\u00eb n\u00eb paraburgim. Un\u00eb mendoj se kjo \u00ebsht\u00eb e gabuar, kjo nuk \u00ebsht\u00eb drejt\u00ebsi. Jam takuar me ekipin e mbrojtjes n\u00eb Uashington, kam kaluar pes\u00eb vite duke pritur q\u00eb t\u00eb nis gjykimi. Kam pyetur njer\u00ebz t\u00eb fushave e jurist\u00eb a \u00ebsht\u00eb normale kjo m\u00eb kan\u00eb th\u00ebn\u00eb q\u00eb jo, \u00ebsht\u00eb m\u00ebnyr\u00eb e pazakont\u00eb p\u00ebr t\u00eb trajtuar nj\u00eb burr\u00eb shteti q\u00eb \u00ebsht\u00eb vet\u00ebdor\u00ebzuar\u201d, deklaroi ai.<\/p>\n","protected":false},"excerpt":{"rendered":"<p>Hag\u00eb, 16 shator 2025 N\u00eb dit\u00ebn e dyt\u00eb t\u00eb d\u00ebshmis\u00eb s\u00eb tij n\u00eb Hag\u00eb, ish-ndihm\u00ebssekretari amerikan, James Rubin, si d\u00ebshmitar mbrojt\u00ebs i krer\u00ebve t\u00eb Ushtris\u00eb<\/p>\n","protected":false},"author":7,"featured_media":12172,"comment_status":"open","ping_status":"open","sticky":false,"template":"","format":"standard","meta":{"footnotes":""},"categories":[60],"tags":[],"class_list":["post-12171","post","type-post","status-publish","format-standard","has-post-thumbnail","hentry","category-shoqerore-sq"],"yoast_head":"<!-- This site is optimized with the Yoast SEO plugin v25.3.1 - https:\/\/yoast.com\/wordpress\/plugins\/seo\/ -->\n<title>Rubin: E pakuptimt\u00eb se si trajtohet ish-presidenti Tha\u00e7i -<\/title>\n<meta name=\"robots\" content=\"index, follow, max-snippet:-1, max-image-preview:large, max-video-preview:-1\" \/>\n<link rel=\"canonical\" href=\"https:\/\/veritasinfo.org\/?p=12171\" \/>\n<meta property=\"og:locale\" content=\"en_US\" \/>\n<meta property=\"og:type\" content=\"article\" \/>\n<meta property=\"og:title\" content=\"Rubin: E pakuptimt\u00eb se si trajtohet ish-presidenti Tha\u00e7i -\" \/>\n<meta property=\"og:description\" content=\"Hag\u00eb, 16 shator 2025 N\u00eb dit\u00ebn e dyt\u00eb t\u00eb d\u00ebshmis\u00eb s\u00eb tij n\u00eb Hag\u00eb, ish-ndihm\u00ebssekretari amerikan, James Rubin, si d\u00ebshmitar mbrojt\u00ebs i krer\u00ebve t\u00eb Ushtris\u00eb\" \/>\n<meta property=\"og:url\" content=\"https:\/\/veritasinfo.org\/?p=12171\" \/>\n<meta property=\"article:published_time\" content=\"2025-09-16T10:07:10+00:00\" \/>\n<meta property=\"og:image\" content=\"https:\/\/veritasinfo.org\/wp-content\/uploads\/2025\/09\/1-28.jpg\" \/>\n\t<meta property=\"og:image:width\" content=\"1246\" \/>\n\t<meta property=\"og:image:height\" content=\"1391\" \/>\n\t<meta property=\"og:image:type\" content=\"image\/jpeg\" \/>\n<meta name=\"author\" content=\"US6\" \/>\n<meta name=\"twitter:card\" content=\"summary_large_image\" \/>\n<meta name=\"twitter:label1\" content=\"Written by\" \/>\n\t<meta name=\"twitter:data1\" content=\"US6\" \/>\n\t<meta name=\"twitter:label2\" content=\"Est. reading time\" \/>\n\t<meta name=\"twitter:data2\" content=\"1 minute\" \/>\n<script type=\"application\/ld+json\" class=\"yoast-schema-graph\">{\"@context\":\"https:\/\/schema.org\",\"@graph\":[{\"@type\":\"WebPage\",\"@id\":\"https:\/\/veritasinfo.org\/?p=12171\",\"url\":\"https:\/\/veritasinfo.org\/?p=12171\",\"name\":\"Rubin: E pakuptimt\u00eb se si trajtohet ish-presidenti Tha\u00e7i -\",\"isPartOf\":{\"@id\":\"https:\/\/veritasinfo.org\/#website\"},\"primaryImageOfPage\":{\"@id\":\"https:\/\/veritasinfo.org\/?p=12171#primaryimage\"},\"image\":{\"@id\":\"https:\/\/veritasinfo.org\/?p=12171#primaryimage\"},\"thumbnailUrl\":\"https:\/\/veritasinfo.org\/wp-content\/uploads\/2025\/09\/1-28.jpg\",\"datePublished\":\"2025-09-16T10:07:10+00:00\",\"author\":{\"@id\":\"https:\/\/veritasinfo.org\/#\/schema\/person\/fe199eede04c3937362892b7444747cc\"},\"breadcrumb\":{\"@id\":\"https:\/\/veritasinfo.org\/?p=12171#breadcrumb\"},\"inLanguage\":\"en-US\",\"potentialAction\":[{\"@type\":\"ReadAction\",\"target\":[\"https:\/\/veritasinfo.org\/?p=12171\"]}]},{\"@type\":\"ImageObject\",\"inLanguage\":\"en-US\",\"@id\":\"https:\/\/veritasinfo.org\/?p=12171#primaryimage\",\"url\":\"https:\/\/veritasinfo.org\/wp-content\/uploads\/2025\/09\/1-28.jpg\",\"contentUrl\":\"https:\/\/veritasinfo.org\/wp-content\/uploads\/2025\/09\/1-28.jpg\",\"width\":1246,\"height\":1391},{\"@type\":\"BreadcrumbList\",\"@id\":\"https:\/\/veritasinfo.org\/?p=12171#breadcrumb\",\"itemListElement\":[{\"@type\":\"ListItem\",\"position\":1,\"name\":\"Home\",\"item\":\"https:\/\/veritasinfo.org\/\"},{\"@type\":\"ListItem\",\"position\":2,\"name\":\"Rubin: E pakuptimt\u00eb se si trajtohet ish-presidenti Tha\u00e7i\"}]},{\"@type\":\"WebSite\",\"@id\":\"https:\/\/veritasinfo.org\/#website\",\"url\":\"https:\/\/veritasinfo.org\/\",\"name\":\"\",\"description\":\"\",\"potentialAction\":[{\"@type\":\"SearchAction\",\"target\":{\"@type\":\"EntryPoint\",\"urlTemplate\":\"https:\/\/veritasinfo.org\/?s={search_term_string}\"},\"query-input\":{\"@type\":\"PropertyValueSpecification\",\"valueRequired\":true,\"valueName\":\"search_term_string\"}}],\"inLanguage\":\"en-US\"},{\"@type\":\"Person\",\"@id\":\"https:\/\/veritasinfo.org\/#\/schema\/person\/fe199eede04c3937362892b7444747cc\",\"name\":\"US6\",\"image\":{\"@type\":\"ImageObject\",\"inLanguage\":\"en-US\",\"@id\":\"https:\/\/veritasinfo.org\/#\/schema\/person\/image\/\",\"url\":\"https:\/\/secure.gravatar.com\/avatar\/cb16c3c31c9d23b9b8c705964598220b3014e42ff51eb540ff23cefa3ae8c15f?s=96&d=mm&r=g\",\"contentUrl\":\"https:\/\/secure.gravatar.com\/avatar\/cb16c3c31c9d23b9b8c705964598220b3014e42ff51eb540ff23cefa3ae8c15f?s=96&d=mm&r=g\",\"caption\":\"US6\"},\"url\":\"https:\/\/veritasinfo.org\/?author=7\"}]}<\/script>\n<!-- \/ Yoast SEO plugin. -->","yoast_head_json":{"title":"Rubin: E pakuptimt\u00eb se si trajtohet ish-presidenti Tha\u00e7i -","robots":{"index":"index","follow":"follow","max-snippet":"max-snippet:-1","max-image-preview":"max-image-preview:large","max-video-preview":"max-video-preview:-1"},"canonical":"https:\/\/veritasinfo.org\/?p=12171","og_locale":"en_US","og_type":"article","og_title":"Rubin: E pakuptimt\u00eb se si trajtohet ish-presidenti Tha\u00e7i -","og_description":"Hag\u00eb, 16 shator 2025 N\u00eb dit\u00ebn e dyt\u00eb t\u00eb d\u00ebshmis\u00eb s\u00eb tij n\u00eb Hag\u00eb, ish-ndihm\u00ebssekretari amerikan, James Rubin, si d\u00ebshmitar mbrojt\u00ebs i krer\u00ebve t\u00eb Ushtris\u00eb","og_url":"https:\/\/veritasinfo.org\/?p=12171","article_published_time":"2025-09-16T10:07:10+00:00","og_image":[{"width":1246,"height":1391,"url":"https:\/\/veritasinfo.org\/wp-content\/uploads\/2025\/09\/1-28.jpg","type":"image\/jpeg"}],"author":"US6","twitter_card":"summary_large_image","twitter_misc":{"Written by":"US6","Est. reading time":"1 minute"},"schema":{"@context":"https:\/\/schema.org","@graph":[{"@type":"WebPage","@id":"https:\/\/veritasinfo.org\/?p=12171","url":"https:\/\/veritasinfo.org\/?p=12171","name":"Rubin: E pakuptimt\u00eb se si trajtohet ish-presidenti Tha\u00e7i -","isPartOf":{"@id":"https:\/\/veritasinfo.org\/#website"},"primaryImageOfPage":{"@id":"https:\/\/veritasinfo.org\/?p=12171#primaryimage"},"image":{"@id":"https:\/\/veritasinfo.org\/?p=12171#primaryimage"},"thumbnailUrl":"https:\/\/veritasinfo.org\/wp-content\/uploads\/2025\/09\/1-28.jpg","datePublished":"2025-09-16T10:07:10+00:00","author":{"@id":"https:\/\/veritasinfo.org\/#\/schema\/person\/fe199eede04c3937362892b7444747cc"},"breadcrumb":{"@id":"https:\/\/veritasinfo.org\/?p=12171#breadcrumb"},"inLanguage":"en-US","potentialAction":[{"@type":"ReadAction","target":["https:\/\/veritasinfo.org\/?p=12171"]}]},{"@type":"ImageObject","inLanguage":"en-US","@id":"https:\/\/veritasinfo.org\/?p=12171#primaryimage","url":"https:\/\/veritasinfo.org\/wp-content\/uploads\/2025\/09\/1-28.jpg","contentUrl":"https:\/\/veritasinfo.org\/wp-content\/uploads\/2025\/09\/1-28.jpg","width":1246,"height":1391},{"@type":"BreadcrumbList","@id":"https:\/\/veritasinfo.org\/?p=12171#breadcrumb","itemListElement":[{"@type":"ListItem","position":1,"name":"Home","item":"https:\/\/veritasinfo.org\/"},{"@type":"ListItem","position":2,"name":"Rubin: E pakuptimt\u00eb se si trajtohet ish-presidenti Tha\u00e7i"}]},{"@type":"WebSite","@id":"https:\/\/veritasinfo.org\/#website","url":"https:\/\/veritasinfo.org\/","name":"","description":"","potentialAction":[{"@type":"SearchAction","target":{"@type":"EntryPoint","urlTemplate":"https:\/\/veritasinfo.org\/?s={search_term_string}"},"query-input":{"@type":"PropertyValueSpecification","valueRequired":true,"valueName":"search_term_string"}}],"inLanguage":"en-US"},{"@type":"Person","@id":"https:\/\/veritasinfo.org\/#\/schema\/person\/fe199eede04c3937362892b7444747cc","name":"US6","image":{"@type":"ImageObject","inLanguage":"en-US","@id":"https:\/\/veritasinfo.org\/#\/schema\/person\/image\/","url":"https:\/\/secure.gravatar.com\/avatar\/cb16c3c31c9d23b9b8c705964598220b3014e42ff51eb540ff23cefa3ae8c15f?s=96&d=mm&r=g","contentUrl":"https:\/\/secure.gravatar.com\/avatar\/cb16c3c31c9d23b9b8c705964598220b3014e42ff51eb540ff23cefa3ae8c15f?s=96&d=mm&r=g","caption":"US6"},"url":"https:\/\/veritasinfo.org\/?author=7"}]}},"featured_image_urls":{"full":["https:\/\/veritasinfo.org\/wp-content\/uploads\/2025\/09\/1-28.jpg",1246,1391,false],"thumbnail":["https:\/\/veritasinfo.org\/wp-content\/uploads\/2025\/09\/1-28-150x150.jpg",150,150,true],"medium":["https:\/\/veritasinfo.org\/wp-content\/uploads\/2025\/09\/1-28-269x300.jpg",269,300,true],"medium_large":["https:\/\/veritasinfo.org\/wp-content\/uploads\/2025\/09\/1-28-768x857.jpg",640,714,true],"large":["https:\/\/veritasinfo.org\/wp-content\/uploads\/2025\/09\/1-28-917x1024.jpg",640,715,true],"1536x1536":["https:\/\/veritasinfo.org\/wp-content\/uploads\/2025\/09\/1-28.jpg",1246,1391,false],"2048x2048":["https:\/\/veritasinfo.org\/wp-content\/uploads\/2025\/09\/1-28.jpg",1246,1391,false],"kreeti-slider-full":["https:\/\/veritasinfo.org\/wp-content\/uploads\/2025\/09\/1-28.jpg",645,720,false],"kreeti-featured":["https:\/\/veritasinfo.org\/wp-content\/uploads\/2025\/09\/1-28.jpg",1024,1143,false],"kreeti-medium":["https:\/\/veritasinfo.org\/wp-content\/uploads\/2025\/09\/1-28.jpg",475,530,false],"kreeti-medium-square":["https:\/\/veritasinfo.org\/wp-content\/uploads\/2025\/09\/1-28.jpg",314,350,false]},"author_info":{"info":["US6"]},"category_info":"<a href=\"https:\/\/veritasinfo.org\/?cat=60\" rel=\"category\">Shoq\u00ebrore<\/a>","tag_info":"Shoq\u00ebrore","comment_count":"0","_links":{"self":[{"href":"https:\/\/veritasinfo.org\/index.php?rest_route=\/wp\/v2\/posts\/12171","targetHints":{"allow":["GET"]}}],"collection":[{"href":"https:\/\/veritasinfo.org\/index.php?rest_route=\/wp\/v2\/posts"}],"about":[{"href":"https:\/\/veritasinfo.org\/index.php?rest_route=\/wp\/v2\/types\/post"}],"author":[{"embeddable":true,"href":"https:\/\/veritasinfo.org\/index.php?rest_route=\/wp\/v2\/users\/7"}],"replies":[{"embeddable":true,"href":"https:\/\/veritasinfo.org\/index.php?rest_route=%2Fwp%2Fv2%2Fcomments&post=12171"}],"version-history":[{"count":1,"href":"https:\/\/veritasinfo.org\/index.php?rest_route=\/wp\/v2\/posts\/12171\/revisions"}],"predecessor-version":[{"id":12173,"href":"https:\/\/veritasinfo.org\/index.php?rest_route=\/wp\/v2\/posts\/12171\/revisions\/12173"}],"wp:featuredmedia":[{"embeddable":true,"href":"https:\/\/veritasinfo.org\/index.php?rest_route=\/wp\/v2\/media\/12172"}],"wp:attachment":[{"href":"https:\/\/veritasinfo.org\/index.php?rest_route=%2Fwp%2Fv2%2Fmedia&parent=12171"}],"wp:term":[{"taxonomy":"category","embeddable":true,"href":"https:\/\/veritasinfo.org\/index.php?rest_route=%2Fwp%2Fv2%2Fcategories&post=12171"},{"taxonomy":"post_tag","embeddable":true,"href":"https:\/\/veritasinfo.org\/index.php?rest_route=%2Fwp%2Fv2%2Ftags&post=12171"}],"curies":[{"name":"wp","href":"https:\/\/api.w.org\/{rel}","templated":true}]}}