{"id":12160,"date":"2025-09-16T11:29:11","date_gmt":"2025-09-16T09:29:11","guid":{"rendered":"https:\/\/veritasinfo.org\/?p=12160"},"modified":"2025-09-16T11:29:11","modified_gmt":"2025-09-16T09:29:11","slug":"para-se-te-vinte-ne-prishtine-kryediplomatja-finlandeze-i-la-nje-porosi-krereve-serbe-ne-beograd-normalizoni-marredheniet-me-kosoven","status":"publish","type":"post","link":"https:\/\/veritasinfo.org\/?p=12160","title":{"rendered":"Para se t\u00eb vinte n\u00eb Prishtin\u00eb, kryediplomatja finlandeze i la nj\u00eb porosi krer\u00ebve serb\u00eb n\u00eb Beograd: Normalizoni marr\u00ebdh\u00ebniet me Kosov\u00ebn"},"content":{"rendered":"<p>Prishtin\u00eb, 16 shtator 2025<\/p>\n<p>Ministrja e Jashtme t\u00eb Finland\u00ebs, Elina Valtonen, nj\u00ebkoh\u00ebsisht kryesuese aktuale e OSBE-s\u00eb, para se t\u00eb vinte n\u00eb Prishtin\u00eb p\u00ebr nj\u00eb vizit\u00eb zyrtare, q\u00ebndroi n\u00eb Beograd.<\/p>\n<p>Atje ajo u interesua p\u00ebr situat\u00ebn me protestat dhe k\u00ebrkesat e tyre drejt qeveris\u00eb serbe, si dhe p\u00ebr kushtet n\u00eb t\u00eb cilat po funksionon shoq\u00ebria civile.<\/p>\n<p>Valtonen vuri n\u00eb dukje se qeveria atje i ka shtypur me dhun\u00eb protestat q\u00eb shp\u00ebrthyen kund\u00ebr pushtetit t\u00eb Aleksandar Vu\u00e7iq.<\/p>\n<p>\u201cN\u00eb muajt e fundit, n\u00eb Serbi ka pasur protesta n\u00eb shkall\u00eb t\u00eb gjer\u00eb pothuajse \u00e7do dit\u00eb. Kryesisht, student\u00ebt kan\u00eb qen\u00eb pas tyre. Qeveria gjithashtu i ka shtypur demonstratat me dhun\u00eb. Vizitova kryeqytetin e Serbis\u00eb, Beogradin, p\u00ebr t\u2019u njohur me situat\u00ebn si kryesuese e OSBE-s\u00eb. E filluam dit\u00ebn duke u takuar me stafin n\u00eb terren t\u00eb OSBE-s\u00eb, si dhe me nj\u00eb s\u00ebr\u00eb t\u00eb gjer\u00eb p\u00ebrfaq\u00ebsuesish nga shoq\u00ebria civile. Diskutuam situat\u00ebn n\u00eb vend dhe protestat, mbrojtjen e kushteve t\u00eb funksionimit p\u00ebr shoq\u00ebrin\u00eb civile dhe k\u00ebrkesat e aktor\u00ebve ndaj qeveris\u00eb s\u00eb vendit\u201d, ka shkruar Valtonen n\u00eb X<\/p>\n<p>Ajo atje njoftoi se \u00ebsht\u00eb takuar me kryeministrin serb Macut, ministrin e Jasht\u00ebm Marko Gjuriq dhe kryetaren e Parlamentit, Ana B\u00ebrnabiq.<\/p>\n<p>\u201cTheksova se si liria e tubimit paq\u00ebsor \u00ebsht\u00eb nj\u00eb shtyll\u00eb qendrore e demokracis\u00eb\u201d.<\/p>\n<p>M\u00eb pas, kryediplomatja finlandeze shpalosi k\u00ebrkesat e porosit\u00eb q\u00eb ia la krer\u00ebve serb\u00eb n\u00eb Beograd. Mes tyre si kusht p\u00ebr rrug\u00ebn e Serbis\u00eb drejt BE-s\u00eb ishte edhe normalizimi i marr\u00ebdh\u00ebnieve me Kosov\u00ebn.<\/p>\n<p>\u201cSerbia \u00ebsht\u00eb nj\u00eb shtet pjes\u00ebmarr\u00ebs n\u00eb OSBE dhe nj\u00eb vend kandidat p\u00ebr n\u00eb BE. Ne duam ta mb\u00ebshtesim Serbin\u00eb n\u00eb rrug\u00ebn e saj drejt an\u00ebtar\u00ebsimit n\u00eb BE. Parakushti i saj \u00ebsht\u00eb q\u00eb qeveria e vendit t\u00eb \u00e7rr\u00ebnjos\u00eb korrupsionin, t\u00eb zbatoj\u00eb reforma q\u00eb forcojn\u00eb sundimin e ligjit dhe lirit\u00eb e njer\u00ebzve dhe t\u00eb normalizoj\u00eb marr\u00ebdh\u00ebniet me Kosov\u00ebn\u201d.<\/p>\n<p>&nbsp;<\/p>\n","protected":false},"excerpt":{"rendered":"<p>Prishtin\u00eb, 16 shtator 2025 Ministrja e Jashtme t\u00eb Finland\u00ebs, Elina Valtonen, nj\u00ebkoh\u00ebsisht kryesuese aktuale e OSBE-s\u00eb, para se t\u00eb vinte n\u00eb Prishtin\u00eb p\u00ebr nj\u00eb vizit\u00eb<\/p>\n","protected":false},"author":7,"featured_media":12161,"comment_status":"open","ping_status":"open","sticky":false,"template":"","format":"standard","meta":{"footnotes":""},"categories":[58],"tags":[],"class_list":["post-12160","post","type-post","status-publish","format-standard","has-post-thumbnail","hentry","category-politike-sq"],"yoast_head":"<!-- This site is optimized with the Yoast SEO plugin v25.3.1 - https:\/\/yoast.com\/wordpress\/plugins\/seo\/ -->\n<title>Para se t\u00eb vinte n\u00eb Prishtin\u00eb, kryediplomatja finlandeze i la nj\u00eb porosi krer\u00ebve serb\u00eb n\u00eb Beograd: Normalizoni marr\u00ebdh\u00ebniet me Kosov\u00ebn -<\/title>\n<meta name=\"robots\" content=\"index, follow, max-snippet:-1, max-image-preview:large, max-video-preview:-1\" \/>\n<link rel=\"canonical\" href=\"https:\/\/veritasinfo.org\/?p=12160\" \/>\n<meta property=\"og:locale\" content=\"en_US\" \/>\n<meta property=\"og:type\" content=\"article\" \/>\n<meta property=\"og:title\" content=\"Para se t\u00eb vinte n\u00eb Prishtin\u00eb, kryediplomatja finlandeze i la nj\u00eb porosi krer\u00ebve serb\u00eb n\u00eb Beograd: Normalizoni marr\u00ebdh\u00ebniet me Kosov\u00ebn -\" \/>\n<meta property=\"og:description\" content=\"Prishtin\u00eb, 16 shtator 2025 Ministrja e Jashtme t\u00eb Finland\u00ebs, Elina Valtonen, nj\u00ebkoh\u00ebsisht kryesuese aktuale e OSBE-s\u00eb, para se t\u00eb vinte n\u00eb Prishtin\u00eb p\u00ebr nj\u00eb vizit\u00eb\" \/>\n<meta property=\"og:url\" content=\"https:\/\/veritasinfo.org\/?p=12160\" \/>\n<meta property=\"article:published_time\" content=\"2025-09-16T09:29:11+00:00\" \/>\n<meta property=\"og:image\" content=\"https:\/\/veritasinfo.org\/wp-content\/uploads\/2025\/09\/G08pgrNX0AE6N5C-600x360-1.jpg\" \/>\n\t<meta property=\"og:image:width\" content=\"600\" \/>\n\t<meta property=\"og:image:height\" content=\"360\" \/>\n\t<meta property=\"og:image:type\" content=\"image\/jpeg\" \/>\n<meta name=\"author\" content=\"US6\" \/>\n<meta name=\"twitter:card\" content=\"summary_large_image\" \/>\n<meta name=\"twitter:label1\" content=\"Written by\" \/>\n\t<meta name=\"twitter:data1\" content=\"US6\" \/>\n\t<meta name=\"twitter:label2\" content=\"Est. reading time\" \/>\n\t<meta name=\"twitter:data2\" content=\"2 minutes\" \/>\n<script type=\"application\/ld+json\" class=\"yoast-schema-graph\">{\"@context\":\"https:\/\/schema.org\",\"@graph\":[{\"@type\":\"WebPage\",\"@id\":\"https:\/\/veritasinfo.org\/?p=12160\",\"url\":\"https:\/\/veritasinfo.org\/?p=12160\",\"name\":\"Para se t\u00eb vinte n\u00eb Prishtin\u00eb, kryediplomatja finlandeze i la nj\u00eb porosi krer\u00ebve serb\u00eb n\u00eb Beograd: Normalizoni marr\u00ebdh\u00ebniet me Kosov\u00ebn -\",\"isPartOf\":{\"@id\":\"https:\/\/veritasinfo.org\/#website\"},\"primaryImageOfPage\":{\"@id\":\"https:\/\/veritasinfo.org\/?p=12160#primaryimage\"},\"image\":{\"@id\":\"https:\/\/veritasinfo.org\/?p=12160#primaryimage\"},\"thumbnailUrl\":\"https:\/\/veritasinfo.org\/wp-content\/uploads\/2025\/09\/G08pgrNX0AE6N5C-600x360-1.jpg\",\"datePublished\":\"2025-09-16T09:29:11+00:00\",\"author\":{\"@id\":\"https:\/\/veritasinfo.org\/#\/schema\/person\/fe199eede04c3937362892b7444747cc\"},\"breadcrumb\":{\"@id\":\"https:\/\/veritasinfo.org\/?p=12160#breadcrumb\"},\"inLanguage\":\"en-US\",\"potentialAction\":[{\"@type\":\"ReadAction\",\"target\":[\"https:\/\/veritasinfo.org\/?p=12160\"]}]},{\"@type\":\"ImageObject\",\"inLanguage\":\"en-US\",\"@id\":\"https:\/\/veritasinfo.org\/?p=12160#primaryimage\",\"url\":\"https:\/\/veritasinfo.org\/wp-content\/uploads\/2025\/09\/G08pgrNX0AE6N5C-600x360-1.jpg\",\"contentUrl\":\"https:\/\/veritasinfo.org\/wp-content\/uploads\/2025\/09\/G08pgrNX0AE6N5C-600x360-1.jpg\",\"width\":600,\"height\":360},{\"@type\":\"BreadcrumbList\",\"@id\":\"https:\/\/veritasinfo.org\/?p=12160#breadcrumb\",\"itemListElement\":[{\"@type\":\"ListItem\",\"position\":1,\"name\":\"Home\",\"item\":\"https:\/\/veritasinfo.org\/\"},{\"@type\":\"ListItem\",\"position\":2,\"name\":\"Para se t\u00eb vinte n\u00eb Prishtin\u00eb, kryediplomatja finlandeze i la nj\u00eb porosi krer\u00ebve serb\u00eb n\u00eb Beograd: Normalizoni marr\u00ebdh\u00ebniet me Kosov\u00ebn\"}]},{\"@type\":\"WebSite\",\"@id\":\"https:\/\/veritasinfo.org\/#website\",\"url\":\"https:\/\/veritasinfo.org\/\",\"name\":\"\",\"description\":\"\",\"potentialAction\":[{\"@type\":\"SearchAction\",\"target\":{\"@type\":\"EntryPoint\",\"urlTemplate\":\"https:\/\/veritasinfo.org\/?s={search_term_string}\"},\"query-input\":{\"@type\":\"PropertyValueSpecification\",\"valueRequired\":true,\"valueName\":\"search_term_string\"}}],\"inLanguage\":\"en-US\"},{\"@type\":\"Person\",\"@id\":\"https:\/\/veritasinfo.org\/#\/schema\/person\/fe199eede04c3937362892b7444747cc\",\"name\":\"US6\",\"image\":{\"@type\":\"ImageObject\",\"inLanguage\":\"en-US\",\"@id\":\"https:\/\/veritasinfo.org\/#\/schema\/person\/image\/\",\"url\":\"https:\/\/secure.gravatar.com\/avatar\/cb16c3c31c9d23b9b8c705964598220b3014e42ff51eb540ff23cefa3ae8c15f?s=96&d=mm&r=g\",\"contentUrl\":\"https:\/\/secure.gravatar.com\/avatar\/cb16c3c31c9d23b9b8c705964598220b3014e42ff51eb540ff23cefa3ae8c15f?s=96&d=mm&r=g\",\"caption\":\"US6\"},\"url\":\"https:\/\/veritasinfo.org\/?author=7\"}]}<\/script>\n<!-- \/ Yoast SEO plugin. -->","yoast_head_json":{"title":"Para se t\u00eb vinte n\u00eb Prishtin\u00eb, kryediplomatja finlandeze i la nj\u00eb porosi krer\u00ebve serb\u00eb n\u00eb Beograd: Normalizoni marr\u00ebdh\u00ebniet me Kosov\u00ebn -","robots":{"index":"index","follow":"follow","max-snippet":"max-snippet:-1","max-image-preview":"max-image-preview:large","max-video-preview":"max-video-preview:-1"},"canonical":"https:\/\/veritasinfo.org\/?p=12160","og_locale":"en_US","og_type":"article","og_title":"Para se t\u00eb vinte n\u00eb Prishtin\u00eb, kryediplomatja finlandeze i la nj\u00eb porosi krer\u00ebve serb\u00eb n\u00eb Beograd: Normalizoni marr\u00ebdh\u00ebniet me Kosov\u00ebn -","og_description":"Prishtin\u00eb, 16 shtator 2025 Ministrja e Jashtme t\u00eb Finland\u00ebs, Elina Valtonen, nj\u00ebkoh\u00ebsisht kryesuese aktuale e OSBE-s\u00eb, para se t\u00eb vinte n\u00eb Prishtin\u00eb p\u00ebr nj\u00eb vizit\u00eb","og_url":"https:\/\/veritasinfo.org\/?p=12160","article_published_time":"2025-09-16T09:29:11+00:00","og_image":[{"width":600,"height":360,"url":"https:\/\/veritasinfo.org\/wp-content\/uploads\/2025\/09\/G08pgrNX0AE6N5C-600x360-1.jpg","type":"image\/jpeg"}],"author":"US6","twitter_card":"summary_large_image","twitter_misc":{"Written by":"US6","Est. reading time":"2 minutes"},"schema":{"@context":"https:\/\/schema.org","@graph":[{"@type":"WebPage","@id":"https:\/\/veritasinfo.org\/?p=12160","url":"https:\/\/veritasinfo.org\/?p=12160","name":"Para se t\u00eb vinte n\u00eb Prishtin\u00eb, kryediplomatja finlandeze i la nj\u00eb porosi krer\u00ebve serb\u00eb n\u00eb Beograd: Normalizoni marr\u00ebdh\u00ebniet me Kosov\u00ebn -","isPartOf":{"@id":"https:\/\/veritasinfo.org\/#website"},"primaryImageOfPage":{"@id":"https:\/\/veritasinfo.org\/?p=12160#primaryimage"},"image":{"@id":"https:\/\/veritasinfo.org\/?p=12160#primaryimage"},"thumbnailUrl":"https:\/\/veritasinfo.org\/wp-content\/uploads\/2025\/09\/G08pgrNX0AE6N5C-600x360-1.jpg","datePublished":"2025-09-16T09:29:11+00:00","author":{"@id":"https:\/\/veritasinfo.org\/#\/schema\/person\/fe199eede04c3937362892b7444747cc"},"breadcrumb":{"@id":"https:\/\/veritasinfo.org\/?p=12160#breadcrumb"},"inLanguage":"en-US","potentialAction":[{"@type":"ReadAction","target":["https:\/\/veritasinfo.org\/?p=12160"]}]},{"@type":"ImageObject","inLanguage":"en-US","@id":"https:\/\/veritasinfo.org\/?p=12160#primaryimage","url":"https:\/\/veritasinfo.org\/wp-content\/uploads\/2025\/09\/G08pgrNX0AE6N5C-600x360-1.jpg","contentUrl":"https:\/\/veritasinfo.org\/wp-content\/uploads\/2025\/09\/G08pgrNX0AE6N5C-600x360-1.jpg","width":600,"height":360},{"@type":"BreadcrumbList","@id":"https:\/\/veritasinfo.org\/?p=12160#breadcrumb","itemListElement":[{"@type":"ListItem","position":1,"name":"Home","item":"https:\/\/veritasinfo.org\/"},{"@type":"ListItem","position":2,"name":"Para se t\u00eb vinte n\u00eb Prishtin\u00eb, kryediplomatja finlandeze i la nj\u00eb porosi krer\u00ebve serb\u00eb n\u00eb Beograd: Normalizoni marr\u00ebdh\u00ebniet me Kosov\u00ebn"}]},{"@type":"WebSite","@id":"https:\/\/veritasinfo.org\/#website","url":"https:\/\/veritasinfo.org\/","name":"","description":"","potentialAction":[{"@type":"SearchAction","target":{"@type":"EntryPoint","urlTemplate":"https:\/\/veritasinfo.org\/?s={search_term_string}"},"query-input":{"@type":"PropertyValueSpecification","valueRequired":true,"valueName":"search_term_string"}}],"inLanguage":"en-US"},{"@type":"Person","@id":"https:\/\/veritasinfo.org\/#\/schema\/person\/fe199eede04c3937362892b7444747cc","name":"US6","image":{"@type":"ImageObject","inLanguage":"en-US","@id":"https:\/\/veritasinfo.org\/#\/schema\/person\/image\/","url":"https:\/\/secure.gravatar.com\/avatar\/cb16c3c31c9d23b9b8c705964598220b3014e42ff51eb540ff23cefa3ae8c15f?s=96&d=mm&r=g","contentUrl":"https:\/\/secure.gravatar.com\/avatar\/cb16c3c31c9d23b9b8c705964598220b3014e42ff51eb540ff23cefa3ae8c15f?s=96&d=mm&r=g","caption":"US6"},"url":"https:\/\/veritasinfo.org\/?author=7"}]}},"featured_image_urls":{"full":["https:\/\/veritasinfo.org\/wp-content\/uploads\/2025\/09\/G08pgrNX0AE6N5C-600x360-1.jpg",600,360,false],"thumbnail":["https:\/\/veritasinfo.org\/wp-content\/uploads\/2025\/09\/G08pgrNX0AE6N5C-600x360-1-150x150.jpg",150,150,true],"medium":["https:\/\/veritasinfo.org\/wp-content\/uploads\/2025\/09\/G08pgrNX0AE6N5C-600x360-1-300x180.jpg",300,180,true],"medium_large":["https:\/\/veritasinfo.org\/wp-content\/uploads\/2025\/09\/G08pgrNX0AE6N5C-600x360-1.jpg",600,360,false],"large":["https:\/\/veritasinfo.org\/wp-content\/uploads\/2025\/09\/G08pgrNX0AE6N5C-600x360-1.jpg",600,360,false],"1536x1536":["https:\/\/veritasinfo.org\/wp-content\/uploads\/2025\/09\/G08pgrNX0AE6N5C-600x360-1.jpg",600,360,false],"2048x2048":["https:\/\/veritasinfo.org\/wp-content\/uploads\/2025\/09\/G08pgrNX0AE6N5C-600x360-1.jpg",600,360,false],"kreeti-slider-full":["https:\/\/veritasinfo.org\/wp-content\/uploads\/2025\/09\/G08pgrNX0AE6N5C-600x360-1.jpg",600,360,false],"kreeti-featured":["https:\/\/veritasinfo.org\/wp-content\/uploads\/2025\/09\/G08pgrNX0AE6N5C-600x360-1.jpg",600,360,false],"kreeti-medium":["https:\/\/veritasinfo.org\/wp-content\/uploads\/2025\/09\/G08pgrNX0AE6N5C-600x360-1.jpg",600,360,false],"kreeti-medium-square":["https:\/\/veritasinfo.org\/wp-content\/uploads\/2025\/09\/G08pgrNX0AE6N5C-600x360-1.jpg",350,210,false]},"author_info":{"info":["US6"]},"category_info":"<a href=\"https:\/\/veritasinfo.org\/?cat=58\" rel=\"category\">Politik\u00eb<\/a>","tag_info":"Politik\u00eb","comment_count":"0","_links":{"self":[{"href":"https:\/\/veritasinfo.org\/index.php?rest_route=\/wp\/v2\/posts\/12160","targetHints":{"allow":["GET"]}}],"collection":[{"href":"https:\/\/veritasinfo.org\/index.php?rest_route=\/wp\/v2\/posts"}],"about":[{"href":"https:\/\/veritasinfo.org\/index.php?rest_route=\/wp\/v2\/types\/post"}],"author":[{"embeddable":true,"href":"https:\/\/veritasinfo.org\/index.php?rest_route=\/wp\/v2\/users\/7"}],"replies":[{"embeddable":true,"href":"https:\/\/veritasinfo.org\/index.php?rest_route=%2Fwp%2Fv2%2Fcomments&post=12160"}],"version-history":[{"count":1,"href":"https:\/\/veritasinfo.org\/index.php?rest_route=\/wp\/v2\/posts\/12160\/revisions"}],"predecessor-version":[{"id":12162,"href":"https:\/\/veritasinfo.org\/index.php?rest_route=\/wp\/v2\/posts\/12160\/revisions\/12162"}],"wp:featuredmedia":[{"embeddable":true,"href":"https:\/\/veritasinfo.org\/index.php?rest_route=\/wp\/v2\/media\/12161"}],"wp:attachment":[{"href":"https:\/\/veritasinfo.org\/index.php?rest_route=%2Fwp%2Fv2%2Fmedia&parent=12160"}],"wp:term":[{"taxonomy":"category","embeddable":true,"href":"https:\/\/veritasinfo.org\/index.php?rest_route=%2Fwp%2Fv2%2Fcategories&post=12160"},{"taxonomy":"post_tag","embeddable":true,"href":"https:\/\/veritasinfo.org\/index.php?rest_route=%2Fwp%2Fv2%2Ftags&post=12160"}],"curies":[{"name":"wp","href":"https:\/\/api.w.org\/{rel}","templated":true}]}}