{"id":1214,"date":"2025-06-21T09:50:03","date_gmt":"2025-06-21T07:50:03","guid":{"rendered":"https:\/\/veritasinfo.org\/?p=1214"},"modified":"2025-06-21T09:50:03","modified_gmt":"2025-06-21T07:50:03","slug":"petkoviq-ne-malin-e-shenjte-me-perfaqesuesit-e-listes-serbe-dhe-organeve-paralele-per-koordinim-per-zgjedhjet-lokale-ne-kosove","status":"publish","type":"post","link":"https:\/\/veritasinfo.org\/?p=1214","title":{"rendered":"Petkoviq n\u00eb Malin e Shenjt\u00eb me p\u00ebrfaq\u00ebsuesit e List\u00ebs serbe dhe organeve paralele p\u00ebr koordinim p\u00ebr zgjedhjet lokale n\u00eb Kosov\u00eb"},"content":{"rendered":"<p><strong>Athin\u00eb, 21 Qershor, 2025<\/strong><\/p>\n<p>Si\u00e7 njoftoi vet\u00eb n\u00eb llogarin\u00eb e tij zyrtare n\u00eb Instagram, Petar Petkoviq, drejtor i t\u00eb ashtuquajtur\u00ebs Zyra p\u00ebr Kosov\u00ebn, u takua n\u00eb manastirin e Hilandarit me p\u00ebrfaq\u00ebsues t\u00eb serb\u00ebve nga Kosova. N\u00eb takim mor\u00ebn pjes\u00eb p\u00ebrfaq\u00ebsues t\u00eb t\u00eb ashtuquajturave Organeve t\u00eb P\u00ebrkohshme q\u00eb ishin mbyllur n\u00eb Kosov\u00eb n\u00eb periudh\u00ebn e m\u00ebparshme sepse Qeveria e Kosov\u00ebs i konsideron ato si struktura paralele.<\/p>\n<p>N\u00eb takim mor\u00ebn pjes\u00eb edhe p\u00ebrfaq\u00ebsues t\u00eb List\u00ebs serbe. Sic m\u00ebsohet jozyrtarisht kjo nuk ishte thjesht\u00eb vizit\u00eb fetare, por takim koordinues p\u00ebr zgjedhjet lokale t\u00eb cilat m\u00eb 12 Tetor mbahen n\u00eb Kosov\u00eb.<\/p>\n","protected":false},"excerpt":{"rendered":"<p>Athin\u00eb, 21 Qershor, 2025 Si\u00e7 njoftoi vet\u00eb n\u00eb llogarin\u00eb e tij zyrtare n\u00eb Instagram, Petar Petkoviq, drejtor i t\u00eb ashtuquajtur\u00ebs Zyra p\u00ebr Kosov\u00ebn, u takua<\/p>\n","protected":false},"author":2,"featured_media":1216,"comment_status":"open","ping_status":"open","sticky":false,"template":"","format":"standard","meta":{"footnotes":""},"categories":[58],"tags":[],"class_list":["post-1214","post","type-post","status-publish","format-standard","has-post-thumbnail","hentry","category-politike-sq"],"yoast_head":"<!-- This site is optimized with the Yoast SEO plugin v25.3.1 - https:\/\/yoast.com\/wordpress\/plugins\/seo\/ -->\n<title>Petkoviq n\u00eb Malin e Shenjt\u00eb me p\u00ebrfaq\u00ebsuesit e List\u00ebs serbe dhe organeve paralele p\u00ebr koordinim p\u00ebr zgjedhjet lokale n\u00eb Kosov\u00eb -<\/title>\n<meta name=\"robots\" content=\"index, follow, max-snippet:-1, max-image-preview:large, max-video-preview:-1\" \/>\n<link rel=\"canonical\" href=\"https:\/\/veritasinfo.org\/?p=1214\" \/>\n<meta property=\"og:locale\" content=\"en_US\" \/>\n<meta property=\"og:type\" content=\"article\" \/>\n<meta property=\"og:title\" content=\"Petkoviq n\u00eb Malin e Shenjt\u00eb me p\u00ebrfaq\u00ebsuesit e List\u00ebs serbe dhe organeve paralele p\u00ebr koordinim p\u00ebr zgjedhjet lokale n\u00eb Kosov\u00eb -\" \/>\n<meta property=\"og:description\" content=\"Athin\u00eb, 21 Qershor, 2025 Si\u00e7 njoftoi vet\u00eb n\u00eb llogarin\u00eb e tij zyrtare n\u00eb Instagram, Petar Petkoviq, drejtor i t\u00eb ashtuquajtur\u00ebs Zyra p\u00ebr Kosov\u00ebn, u takua\" \/>\n<meta property=\"og:url\" content=\"https:\/\/veritasinfo.org\/?p=1214\" \/>\n<meta property=\"article:published_time\" content=\"2025-06-21T07:50:03+00:00\" \/>\n<meta property=\"og:image\" content=\"https:\/\/veritasinfo.org\/wp-content\/uploads\/2025\/06\/hilandar.jpg\" \/>\n\t<meta property=\"og:image:width\" content=\"1080\" \/>\n\t<meta property=\"og:image:height\" content=\"810\" \/>\n\t<meta property=\"og:image:type\" content=\"image\/jpeg\" \/>\n<meta name=\"author\" content=\"US1\" \/>\n<meta name=\"twitter:card\" content=\"summary_large_image\" \/>\n<meta name=\"twitter:label1\" content=\"Written by\" \/>\n\t<meta name=\"twitter:data1\" content=\"US1\" \/>\n\t<meta name=\"twitter:label2\" content=\"Est. reading time\" \/>\n\t<meta name=\"twitter:data2\" content=\"1 minute\" \/>\n<script type=\"application\/ld+json\" class=\"yoast-schema-graph\">{\"@context\":\"https:\/\/schema.org\",\"@graph\":[{\"@type\":\"WebPage\",\"@id\":\"https:\/\/veritasinfo.org\/?p=1214\",\"url\":\"https:\/\/veritasinfo.org\/?p=1214\",\"name\":\"Petkoviq n\u00eb Malin e Shenjt\u00eb me p\u00ebrfaq\u00ebsuesit e List\u00ebs serbe dhe organeve paralele p\u00ebr koordinim p\u00ebr zgjedhjet lokale n\u00eb Kosov\u00eb -\",\"isPartOf\":{\"@id\":\"https:\/\/veritasinfo.org\/#website\"},\"primaryImageOfPage\":{\"@id\":\"https:\/\/veritasinfo.org\/?p=1214#primaryimage\"},\"image\":{\"@id\":\"https:\/\/veritasinfo.org\/?p=1214#primaryimage\"},\"thumbnailUrl\":\"https:\/\/veritasinfo.org\/wp-content\/uploads\/2025\/06\/hilandar.jpg\",\"datePublished\":\"2025-06-21T07:50:03+00:00\",\"author\":{\"@id\":\"https:\/\/veritasinfo.org\/#\/schema\/person\/c2b8be262ea994d0995addca692c5e98\"},\"breadcrumb\":{\"@id\":\"https:\/\/veritasinfo.org\/?p=1214#breadcrumb\"},\"inLanguage\":\"en-US\",\"potentialAction\":[{\"@type\":\"ReadAction\",\"target\":[\"https:\/\/veritasinfo.org\/?p=1214\"]}]},{\"@type\":\"ImageObject\",\"inLanguage\":\"en-US\",\"@id\":\"https:\/\/veritasinfo.org\/?p=1214#primaryimage\",\"url\":\"https:\/\/veritasinfo.org\/wp-content\/uploads\/2025\/06\/hilandar.jpg\",\"contentUrl\":\"https:\/\/veritasinfo.org\/wp-content\/uploads\/2025\/06\/hilandar.jpg\",\"width\":1080,\"height\":810},{\"@type\":\"BreadcrumbList\",\"@id\":\"https:\/\/veritasinfo.org\/?p=1214#breadcrumb\",\"itemListElement\":[{\"@type\":\"ListItem\",\"position\":1,\"name\":\"Home\",\"item\":\"https:\/\/veritasinfo.org\/\"},{\"@type\":\"ListItem\",\"position\":2,\"name\":\"Petkoviq n\u00eb Malin e Shenjt\u00eb me p\u00ebrfaq\u00ebsuesit e List\u00ebs serbe dhe organeve paralele p\u00ebr koordinim p\u00ebr zgjedhjet lokale n\u00eb Kosov\u00eb\"}]},{\"@type\":\"WebSite\",\"@id\":\"https:\/\/veritasinfo.org\/#website\",\"url\":\"https:\/\/veritasinfo.org\/\",\"name\":\"\",\"description\":\"\",\"potentialAction\":[{\"@type\":\"SearchAction\",\"target\":{\"@type\":\"EntryPoint\",\"urlTemplate\":\"https:\/\/veritasinfo.org\/?s={search_term_string}\"},\"query-input\":{\"@type\":\"PropertyValueSpecification\",\"valueRequired\":true,\"valueName\":\"search_term_string\"}}],\"inLanguage\":\"en-US\"},{\"@type\":\"Person\",\"@id\":\"https:\/\/veritasinfo.org\/#\/schema\/person\/c2b8be262ea994d0995addca692c5e98\",\"name\":\"US1\",\"image\":{\"@type\":\"ImageObject\",\"inLanguage\":\"en-US\",\"@id\":\"https:\/\/veritasinfo.org\/#\/schema\/person\/image\/\",\"url\":\"https:\/\/secure.gravatar.com\/avatar\/4e96a59bd256abf9956eb9963ac891a47461ffb364d47b0e9aab113328fdb75b?s=96&d=mm&r=g\",\"contentUrl\":\"https:\/\/secure.gravatar.com\/avatar\/4e96a59bd256abf9956eb9963ac891a47461ffb364d47b0e9aab113328fdb75b?s=96&d=mm&r=g\",\"caption\":\"US1\"},\"url\":\"https:\/\/veritasinfo.org\/?author=2\"}]}<\/script>\n<!-- \/ Yoast SEO plugin. -->","yoast_head_json":{"title":"Petkoviq n\u00eb Malin e Shenjt\u00eb me p\u00ebrfaq\u00ebsuesit e List\u00ebs serbe dhe organeve paralele p\u00ebr koordinim p\u00ebr zgjedhjet lokale n\u00eb Kosov\u00eb -","robots":{"index":"index","follow":"follow","max-snippet":"max-snippet:-1","max-image-preview":"max-image-preview:large","max-video-preview":"max-video-preview:-1"},"canonical":"https:\/\/veritasinfo.org\/?p=1214","og_locale":"en_US","og_type":"article","og_title":"Petkoviq n\u00eb Malin e Shenjt\u00eb me p\u00ebrfaq\u00ebsuesit e List\u00ebs serbe dhe organeve paralele p\u00ebr koordinim p\u00ebr zgjedhjet lokale n\u00eb Kosov\u00eb -","og_description":"Athin\u00eb, 21 Qershor, 2025 Si\u00e7 njoftoi vet\u00eb n\u00eb llogarin\u00eb e tij zyrtare n\u00eb Instagram, Petar Petkoviq, drejtor i t\u00eb ashtuquajtur\u00ebs Zyra p\u00ebr Kosov\u00ebn, u takua","og_url":"https:\/\/veritasinfo.org\/?p=1214","article_published_time":"2025-06-21T07:50:03+00:00","og_image":[{"width":1080,"height":810,"url":"https:\/\/veritasinfo.org\/wp-content\/uploads\/2025\/06\/hilandar.jpg","type":"image\/jpeg"}],"author":"US1","twitter_card":"summary_large_image","twitter_misc":{"Written by":"US1","Est. reading time":"1 minute"},"schema":{"@context":"https:\/\/schema.org","@graph":[{"@type":"WebPage","@id":"https:\/\/veritasinfo.org\/?p=1214","url":"https:\/\/veritasinfo.org\/?p=1214","name":"Petkoviq n\u00eb Malin e Shenjt\u00eb me p\u00ebrfaq\u00ebsuesit e List\u00ebs serbe dhe organeve paralele p\u00ebr koordinim p\u00ebr zgjedhjet lokale n\u00eb Kosov\u00eb -","isPartOf":{"@id":"https:\/\/veritasinfo.org\/#website"},"primaryImageOfPage":{"@id":"https:\/\/veritasinfo.org\/?p=1214#primaryimage"},"image":{"@id":"https:\/\/veritasinfo.org\/?p=1214#primaryimage"},"thumbnailUrl":"https:\/\/veritasinfo.org\/wp-content\/uploads\/2025\/06\/hilandar.jpg","datePublished":"2025-06-21T07:50:03+00:00","author":{"@id":"https:\/\/veritasinfo.org\/#\/schema\/person\/c2b8be262ea994d0995addca692c5e98"},"breadcrumb":{"@id":"https:\/\/veritasinfo.org\/?p=1214#breadcrumb"},"inLanguage":"en-US","potentialAction":[{"@type":"ReadAction","target":["https:\/\/veritasinfo.org\/?p=1214"]}]},{"@type":"ImageObject","inLanguage":"en-US","@id":"https:\/\/veritasinfo.org\/?p=1214#primaryimage","url":"https:\/\/veritasinfo.org\/wp-content\/uploads\/2025\/06\/hilandar.jpg","contentUrl":"https:\/\/veritasinfo.org\/wp-content\/uploads\/2025\/06\/hilandar.jpg","width":1080,"height":810},{"@type":"BreadcrumbList","@id":"https:\/\/veritasinfo.org\/?p=1214#breadcrumb","itemListElement":[{"@type":"ListItem","position":1,"name":"Home","item":"https:\/\/veritasinfo.org\/"},{"@type":"ListItem","position":2,"name":"Petkoviq n\u00eb Malin e Shenjt\u00eb me p\u00ebrfaq\u00ebsuesit e List\u00ebs serbe dhe organeve paralele p\u00ebr koordinim p\u00ebr zgjedhjet lokale n\u00eb Kosov\u00eb"}]},{"@type":"WebSite","@id":"https:\/\/veritasinfo.org\/#website","url":"https:\/\/veritasinfo.org\/","name":"","description":"","potentialAction":[{"@type":"SearchAction","target":{"@type":"EntryPoint","urlTemplate":"https:\/\/veritasinfo.org\/?s={search_term_string}"},"query-input":{"@type":"PropertyValueSpecification","valueRequired":true,"valueName":"search_term_string"}}],"inLanguage":"en-US"},{"@type":"Person","@id":"https:\/\/veritasinfo.org\/#\/schema\/person\/c2b8be262ea994d0995addca692c5e98","name":"US1","image":{"@type":"ImageObject","inLanguage":"en-US","@id":"https:\/\/veritasinfo.org\/#\/schema\/person\/image\/","url":"https:\/\/secure.gravatar.com\/avatar\/4e96a59bd256abf9956eb9963ac891a47461ffb364d47b0e9aab113328fdb75b?s=96&d=mm&r=g","contentUrl":"https:\/\/secure.gravatar.com\/avatar\/4e96a59bd256abf9956eb9963ac891a47461ffb364d47b0e9aab113328fdb75b?s=96&d=mm&r=g","caption":"US1"},"url":"https:\/\/veritasinfo.org\/?author=2"}]}},"featured_image_urls":{"full":["https:\/\/veritasinfo.org\/wp-content\/uploads\/2025\/06\/hilandar.jpg",1080,810,false],"thumbnail":["https:\/\/veritasinfo.org\/wp-content\/uploads\/2025\/06\/hilandar-150x150.jpg",150,150,true],"medium":["https:\/\/veritasinfo.org\/wp-content\/uploads\/2025\/06\/hilandar-300x225.jpg",300,225,true],"medium_large":["https:\/\/veritasinfo.org\/wp-content\/uploads\/2025\/06\/hilandar-768x576.jpg",640,480,true],"large":["https:\/\/veritasinfo.org\/wp-content\/uploads\/2025\/06\/hilandar-1024x768.jpg",640,480,true],"1536x1536":["https:\/\/veritasinfo.org\/wp-content\/uploads\/2025\/06\/hilandar.jpg",1080,810,false],"2048x2048":["https:\/\/veritasinfo.org\/wp-content\/uploads\/2025\/06\/hilandar.jpg",1080,810,false],"kreeti-slider-full":["https:\/\/veritasinfo.org\/wp-content\/uploads\/2025\/06\/hilandar.jpg",960,720,false],"kreeti-featured":["https:\/\/veritasinfo.org\/wp-content\/uploads\/2025\/06\/hilandar.jpg",1024,768,false],"kreeti-medium":["https:\/\/veritasinfo.org\/wp-content\/uploads\/2025\/06\/hilandar.jpg",707,530,false],"kreeti-medium-square":["https:\/\/veritasinfo.org\/wp-content\/uploads\/2025\/06\/hilandar.jpg",350,263,false]},"author_info":{"info":["US1"]},"category_info":"<a href=\"https:\/\/veritasinfo.org\/?cat=58\" rel=\"category\">Politik\u00eb<\/a>","tag_info":"Politik\u00eb","comment_count":"0","_links":{"self":[{"href":"https:\/\/veritasinfo.org\/index.php?rest_route=\/wp\/v2\/posts\/1214","targetHints":{"allow":["GET"]}}],"collection":[{"href":"https:\/\/veritasinfo.org\/index.php?rest_route=\/wp\/v2\/posts"}],"about":[{"href":"https:\/\/veritasinfo.org\/index.php?rest_route=\/wp\/v2\/types\/post"}],"author":[{"embeddable":true,"href":"https:\/\/veritasinfo.org\/index.php?rest_route=\/wp\/v2\/users\/2"}],"replies":[{"embeddable":true,"href":"https:\/\/veritasinfo.org\/index.php?rest_route=%2Fwp%2Fv2%2Fcomments&post=1214"}],"version-history":[{"count":1,"href":"https:\/\/veritasinfo.org\/index.php?rest_route=\/wp\/v2\/posts\/1214\/revisions"}],"predecessor-version":[{"id":1218,"href":"https:\/\/veritasinfo.org\/index.php?rest_route=\/wp\/v2\/posts\/1214\/revisions\/1218"}],"wp:featuredmedia":[{"embeddable":true,"href":"https:\/\/veritasinfo.org\/index.php?rest_route=\/wp\/v2\/media\/1216"}],"wp:attachment":[{"href":"https:\/\/veritasinfo.org\/index.php?rest_route=%2Fwp%2Fv2%2Fmedia&parent=1214"}],"wp:term":[{"taxonomy":"category","embeddable":true,"href":"https:\/\/veritasinfo.org\/index.php?rest_route=%2Fwp%2Fv2%2Fcategories&post=1214"},{"taxonomy":"post_tag","embeddable":true,"href":"https:\/\/veritasinfo.org\/index.php?rest_route=%2Fwp%2Fv2%2Ftags&post=1214"}],"curies":[{"name":"wp","href":"https:\/\/api.w.org\/{rel}","templated":true}]}}