{"id":12138,"date":"2025-09-16T09:34:47","date_gmt":"2025-09-16T07:34:47","guid":{"rendered":"https:\/\/veritasinfo.org\/?p=12138"},"modified":"2025-09-16T09:34:47","modified_gmt":"2025-09-16T07:34:47","slug":"civilno-drustvo-izborna-kampanja-treba-biti-postena-i-bez-govora-mrznje-bosa","status":"publish","type":"post","link":"https:\/\/veritasinfo.org\/?p=12138&lang=sr","title":{"rendered":"Civilno dru\u0161tvo: Izborna kampanja treba biti po\u0161tena i bez govora mr\u017enje BOSA"},"content":{"rendered":"<p>Pristina 16 Septembar 2025<\/p>\n<p>Politi\u010dki subjekti koji se takmi\u010de na lokalnim izborima 12. oktobra danas su u \u010detvrtom danu 30-dnevne kampanje. Civilno dru\u0161tvo poziva politi\u010dke subjekte da provedu po\u0161tenu kampanju i ne koriste govor mr\u017enje. U me\u0111uvremenu, stru\u010dnjaci za politi\u010dku komunikaciju ka\u017eu da gra\u0111ani trebaju biti oprezni u pogledu toga gdje i kako se informiraju kako bi donijeli pravu odluku.<\/p>\n<p>93 politi\u010dka subjekta koja su certificirana za u\u010de\u0161\u0107e na lokalnim izborima 12. oktobra nastavljaju svoju izbornu kampanju, otkrivaju\u0107i svoje programe i tra\u017ee\u0107i glasove gra\u0111ana.<\/p>\n<p>Vullnet Bugaqku, istra\u017eiva\u010d u Demokratskom institutu Kosova, ka\u017ee da je va\u017eno da kampanja bude mirna, po\u0161tena i u skladu s izbornim zakonima i propisima.<\/p>\n<p>\u201eVa\u017eno je fokusirati utrku i cijeli izborni proces unutar politi\u010dkih parametara, vladaju\u0107ih programa u op\u0107inama i dati gra\u0111anima prostor da ispravno procijene programe i projekte politi\u010dkih stranaka koje stranke primjenjuju. Tako\u0111er je va\u017eno da nema govora mr\u017enje, hu\u0161ka\u010dkog jezika ili \u010dak napada na nezavisna tijela u zemlji\u201c, rekao je.<\/p>\n<p>Univerzitetski profesor G\u00ebzim Qerimi za Radio Kosova ka\u017ee da tokom izborne kampanje gra\u0111ani trebaju biti oprezni u pogledu toga gdje i kako se informi\u0161u.<\/p>\n<p>\u201eGra\u0111ani trebaju biti vrlo oprezni u vezi s informacijama koje primaju tokom izborne kampanje. Trebali bi se fokusirati na programe politi\u010dkih stranaka, eliminirati govor mr\u017enje koji koriste kandidati ili \u010dak i delegiranje kandidata protiv njih\u201c, rekao je.<\/p>\n<p>Qerimi savjetuje gra\u0111anima da ne nasjedaju na politi\u010dke stranke koje u lokalnim rje\u0161enjima govore o velikim nacionalnim temama, \u0161to je, kako ka\u017ee, povezano i s ve\u0107inom slogana glavnih stranaka.<\/p>\n<p>\u201ePostoje slogani koji dobro zvu\u010de u apstraktnom smislu, ali nemaju veze s programima. Neki od njih koriste i ime dr\u017eave, a to je mnogo prikladnije za slogane na nacionalnim izborima nego na ovim lokalnim izborima. Dakle, politi\u010dke stranke na vlasti, svojim sloganima, pokazale su da nisu u skladu sa svojim programima za ove lokalne izbore\u201c, rekao je Qerimi.<\/p>\n<p>Za razliku od prethodnih puta, na ovim lokalnim izborima izborna kampanja zavr\u0161ava 12. oktobra, minut prije otvaranja bira\u010dkih mjesta.<\/p>\n","protected":false},"excerpt":{"rendered":"<p>Pristina 16 Septembar 2025 Politi\u010dki subjekti koji se takmi\u010de na lokalnim izborima 12. oktobra danas su u \u010detvrtom danu 30-dnevne kampanje. Civilno dru\u0161tvo poziva politi\u010dke<\/p>\n","protected":false},"author":6,"featured_media":12136,"comment_status":"open","ping_status":"open","sticky":false,"template":"","format":"standard","meta":{"footnotes":""},"categories":[42],"tags":[],"class_list":["post-12138","post","type-post","status-publish","format-standard","has-post-thumbnail","hentry","category-blog-sr"],"yoast_head":"<!-- This site is optimized with the Yoast SEO plugin v25.3.1 - https:\/\/yoast.com\/wordpress\/plugins\/seo\/ -->\n<title>Civilno dru\u0161tvo: Izborna kampanja treba biti po\u0161tena i bez govora mr\u017enje BOSA -<\/title>\n<meta name=\"robots\" content=\"index, follow, max-snippet:-1, max-image-preview:large, max-video-preview:-1\" \/>\n<link rel=\"canonical\" href=\"https:\/\/veritasinfo.org\/?p=12138&lang=sr\" \/>\n<meta property=\"og:locale\" content=\"en_US\" \/>\n<meta property=\"og:type\" content=\"article\" \/>\n<meta property=\"og:title\" content=\"Civilno dru\u0161tvo: Izborna kampanja treba biti po\u0161tena i bez govora mr\u017enje BOSA -\" \/>\n<meta property=\"og:description\" content=\"Pristina 16 Septembar 2025 Politi\u010dki subjekti koji se takmi\u010de na lokalnim izborima 12. oktobra danas su u \u010detvrtom danu 30-dnevne kampanje. Civilno dru\u0161tvo poziva politi\u010dke\" \/>\n<meta property=\"og:url\" content=\"https:\/\/veritasinfo.org\/?p=12138&amp;lang=sr\" \/>\n<meta property=\"article:published_time\" content=\"2025-09-16T07:34:47+00:00\" \/>\n<meta property=\"og:image\" content=\"https:\/\/veritasinfo.org\/wp-content\/uploads\/2025\/09\/dffgf.jpg\" \/>\n\t<meta property=\"og:image:width\" content=\"780\" \/>\n\t<meta property=\"og:image:height\" content=\"500\" \/>\n\t<meta property=\"og:image:type\" content=\"image\/jpeg\" \/>\n<meta name=\"author\" content=\"US5\" \/>\n<meta name=\"twitter:card\" content=\"summary_large_image\" \/>\n<meta name=\"twitter:label1\" content=\"Written by\" \/>\n\t<meta name=\"twitter:data1\" content=\"US5\" \/>\n\t<meta name=\"twitter:label2\" content=\"Est. reading time\" \/>\n\t<meta name=\"twitter:data2\" content=\"2 minutes\" \/>\n<script type=\"application\/ld+json\" class=\"yoast-schema-graph\">{\"@context\":\"https:\/\/schema.org\",\"@graph\":[{\"@type\":\"WebPage\",\"@id\":\"https:\/\/veritasinfo.org\/?p=12138&lang=sr\",\"url\":\"https:\/\/veritasinfo.org\/?p=12138&lang=sr\",\"name\":\"Civilno dru\u0161tvo: Izborna kampanja treba biti po\u0161tena i bez govora mr\u017enje BOSA -\",\"isPartOf\":{\"@id\":\"https:\/\/veritasinfo.org\/#website\"},\"primaryImageOfPage\":{\"@id\":\"https:\/\/veritasinfo.org\/?p=12138&lang=sr#primaryimage\"},\"image\":{\"@id\":\"https:\/\/veritasinfo.org\/?p=12138&lang=sr#primaryimage\"},\"thumbnailUrl\":\"https:\/\/veritasinfo.org\/wp-content\/uploads\/2025\/09\/dffgf.jpg\",\"datePublished\":\"2025-09-16T07:34:47+00:00\",\"author\":{\"@id\":\"https:\/\/veritasinfo.org\/#\/schema\/person\/bc442336e35414d04494ab8fb45db4c6\"},\"breadcrumb\":{\"@id\":\"https:\/\/veritasinfo.org\/?p=12138&lang=sr#breadcrumb\"},\"inLanguage\":\"en-US\",\"potentialAction\":[{\"@type\":\"ReadAction\",\"target\":[\"https:\/\/veritasinfo.org\/?p=12138&lang=sr\"]}]},{\"@type\":\"ImageObject\",\"inLanguage\":\"en-US\",\"@id\":\"https:\/\/veritasinfo.org\/?p=12138&lang=sr#primaryimage\",\"url\":\"https:\/\/veritasinfo.org\/wp-content\/uploads\/2025\/09\/dffgf.jpg\",\"contentUrl\":\"https:\/\/veritasinfo.org\/wp-content\/uploads\/2025\/09\/dffgf.jpg\",\"width\":780,\"height\":500},{\"@type\":\"BreadcrumbList\",\"@id\":\"https:\/\/veritasinfo.org\/?p=12138&lang=sr#breadcrumb\",\"itemListElement\":[{\"@type\":\"ListItem\",\"position\":1,\"name\":\"Home\",\"item\":\"https:\/\/veritasinfo.org\/\"},{\"@type\":\"ListItem\",\"position\":2,\"name\":\"Civilno dru\u0161tvo: Izborna kampanja treba biti po\u0161tena i bez govora mr\u017enje BOSA\"}]},{\"@type\":\"WebSite\",\"@id\":\"https:\/\/veritasinfo.org\/#website\",\"url\":\"https:\/\/veritasinfo.org\/\",\"name\":\"\",\"description\":\"\",\"potentialAction\":[{\"@type\":\"SearchAction\",\"target\":{\"@type\":\"EntryPoint\",\"urlTemplate\":\"https:\/\/veritasinfo.org\/?s={search_term_string}\"},\"query-input\":{\"@type\":\"PropertyValueSpecification\",\"valueRequired\":true,\"valueName\":\"search_term_string\"}}],\"inLanguage\":\"en-US\"},{\"@type\":\"Person\",\"@id\":\"https:\/\/veritasinfo.org\/#\/schema\/person\/bc442336e35414d04494ab8fb45db4c6\",\"name\":\"US5\",\"image\":{\"@type\":\"ImageObject\",\"inLanguage\":\"en-US\",\"@id\":\"https:\/\/veritasinfo.org\/#\/schema\/person\/image\/\",\"url\":\"https:\/\/secure.gravatar.com\/avatar\/16a61e7272a0c5d001121ebb9e60e925d5816e4ac1e443ed3e640d9a6ae55d0c?s=96&d=mm&r=g\",\"contentUrl\":\"https:\/\/secure.gravatar.com\/avatar\/16a61e7272a0c5d001121ebb9e60e925d5816e4ac1e443ed3e640d9a6ae55d0c?s=96&d=mm&r=g\",\"caption\":\"US5\"},\"url\":\"https:\/\/veritasinfo.org\/?author=6\"}]}<\/script>\n<!-- \/ Yoast SEO plugin. -->","yoast_head_json":{"title":"Civilno dru\u0161tvo: Izborna kampanja treba biti po\u0161tena i bez govora mr\u017enje BOSA -","robots":{"index":"index","follow":"follow","max-snippet":"max-snippet:-1","max-image-preview":"max-image-preview:large","max-video-preview":"max-video-preview:-1"},"canonical":"https:\/\/veritasinfo.org\/?p=12138&lang=sr","og_locale":"en_US","og_type":"article","og_title":"Civilno dru\u0161tvo: Izborna kampanja treba biti po\u0161tena i bez govora mr\u017enje BOSA -","og_description":"Pristina 16 Septembar 2025 Politi\u010dki subjekti koji se takmi\u010de na lokalnim izborima 12. oktobra danas su u \u010detvrtom danu 30-dnevne kampanje. Civilno dru\u0161tvo poziva politi\u010dke","og_url":"https:\/\/veritasinfo.org\/?p=12138&lang=sr","article_published_time":"2025-09-16T07:34:47+00:00","og_image":[{"width":780,"height":500,"url":"https:\/\/veritasinfo.org\/wp-content\/uploads\/2025\/09\/dffgf.jpg","type":"image\/jpeg"}],"author":"US5","twitter_card":"summary_large_image","twitter_misc":{"Written by":"US5","Est. reading time":"2 minutes"},"schema":{"@context":"https:\/\/schema.org","@graph":[{"@type":"WebPage","@id":"https:\/\/veritasinfo.org\/?p=12138&lang=sr","url":"https:\/\/veritasinfo.org\/?p=12138&lang=sr","name":"Civilno dru\u0161tvo: Izborna kampanja treba biti po\u0161tena i bez govora mr\u017enje BOSA -","isPartOf":{"@id":"https:\/\/veritasinfo.org\/#website"},"primaryImageOfPage":{"@id":"https:\/\/veritasinfo.org\/?p=12138&lang=sr#primaryimage"},"image":{"@id":"https:\/\/veritasinfo.org\/?p=12138&lang=sr#primaryimage"},"thumbnailUrl":"https:\/\/veritasinfo.org\/wp-content\/uploads\/2025\/09\/dffgf.jpg","datePublished":"2025-09-16T07:34:47+00:00","author":{"@id":"https:\/\/veritasinfo.org\/#\/schema\/person\/bc442336e35414d04494ab8fb45db4c6"},"breadcrumb":{"@id":"https:\/\/veritasinfo.org\/?p=12138&lang=sr#breadcrumb"},"inLanguage":"en-US","potentialAction":[{"@type":"ReadAction","target":["https:\/\/veritasinfo.org\/?p=12138&lang=sr"]}]},{"@type":"ImageObject","inLanguage":"en-US","@id":"https:\/\/veritasinfo.org\/?p=12138&lang=sr#primaryimage","url":"https:\/\/veritasinfo.org\/wp-content\/uploads\/2025\/09\/dffgf.jpg","contentUrl":"https:\/\/veritasinfo.org\/wp-content\/uploads\/2025\/09\/dffgf.jpg","width":780,"height":500},{"@type":"BreadcrumbList","@id":"https:\/\/veritasinfo.org\/?p=12138&lang=sr#breadcrumb","itemListElement":[{"@type":"ListItem","position":1,"name":"Home","item":"https:\/\/veritasinfo.org\/"},{"@type":"ListItem","position":2,"name":"Civilno dru\u0161tvo: Izborna kampanja treba biti po\u0161tena i bez govora mr\u017enje BOSA"}]},{"@type":"WebSite","@id":"https:\/\/veritasinfo.org\/#website","url":"https:\/\/veritasinfo.org\/","name":"","description":"","potentialAction":[{"@type":"SearchAction","target":{"@type":"EntryPoint","urlTemplate":"https:\/\/veritasinfo.org\/?s={search_term_string}"},"query-input":{"@type":"PropertyValueSpecification","valueRequired":true,"valueName":"search_term_string"}}],"inLanguage":"en-US"},{"@type":"Person","@id":"https:\/\/veritasinfo.org\/#\/schema\/person\/bc442336e35414d04494ab8fb45db4c6","name":"US5","image":{"@type":"ImageObject","inLanguage":"en-US","@id":"https:\/\/veritasinfo.org\/#\/schema\/person\/image\/","url":"https:\/\/secure.gravatar.com\/avatar\/16a61e7272a0c5d001121ebb9e60e925d5816e4ac1e443ed3e640d9a6ae55d0c?s=96&d=mm&r=g","contentUrl":"https:\/\/secure.gravatar.com\/avatar\/16a61e7272a0c5d001121ebb9e60e925d5816e4ac1e443ed3e640d9a6ae55d0c?s=96&d=mm&r=g","caption":"US5"},"url":"https:\/\/veritasinfo.org\/?author=6"}]}},"featured_image_urls":{"full":["https:\/\/veritasinfo.org\/wp-content\/uploads\/2025\/09\/dffgf.jpg",780,500,false],"thumbnail":["https:\/\/veritasinfo.org\/wp-content\/uploads\/2025\/09\/dffgf-150x150.jpg",150,150,true],"medium":["https:\/\/veritasinfo.org\/wp-content\/uploads\/2025\/09\/dffgf-300x192.jpg",300,192,true],"medium_large":["https:\/\/veritasinfo.org\/wp-content\/uploads\/2025\/09\/dffgf-768x492.jpg",640,410,true],"large":["https:\/\/veritasinfo.org\/wp-content\/uploads\/2025\/09\/dffgf.jpg",640,410,false],"1536x1536":["https:\/\/veritasinfo.org\/wp-content\/uploads\/2025\/09\/dffgf.jpg",780,500,false],"2048x2048":["https:\/\/veritasinfo.org\/wp-content\/uploads\/2025\/09\/dffgf.jpg",780,500,false],"kreeti-slider-full":["https:\/\/veritasinfo.org\/wp-content\/uploads\/2025\/09\/dffgf.jpg",780,500,false],"kreeti-featured":["https:\/\/veritasinfo.org\/wp-content\/uploads\/2025\/09\/dffgf.jpg",780,500,false],"kreeti-medium":["https:\/\/veritasinfo.org\/wp-content\/uploads\/2025\/09\/dffgf.jpg",720,462,false],"kreeti-medium-square":["https:\/\/veritasinfo.org\/wp-content\/uploads\/2025\/09\/dffgf.jpg",350,224,false]},"author_info":{"info":["US5"]},"category_info":"<a href=\"https:\/\/veritasinfo.org\/?cat=42&#038;lang=sr\" rel=\"category\">Parlamentarni izbori\u00a02025<\/a>","tag_info":"Parlamentarni izbori\u00a02025","comment_count":"0","_links":{"self":[{"href":"https:\/\/veritasinfo.org\/index.php?rest_route=\/wp\/v2\/posts\/12138","targetHints":{"allow":["GET"]}}],"collection":[{"href":"https:\/\/veritasinfo.org\/index.php?rest_route=\/wp\/v2\/posts"}],"about":[{"href":"https:\/\/veritasinfo.org\/index.php?rest_route=\/wp\/v2\/types\/post"}],"author":[{"embeddable":true,"href":"https:\/\/veritasinfo.org\/index.php?rest_route=\/wp\/v2\/users\/6"}],"replies":[{"embeddable":true,"href":"https:\/\/veritasinfo.org\/index.php?rest_route=%2Fwp%2Fv2%2Fcomments&post=12138"}],"version-history":[{"count":1,"href":"https:\/\/veritasinfo.org\/index.php?rest_route=\/wp\/v2\/posts\/12138\/revisions"}],"predecessor-version":[{"id":12139,"href":"https:\/\/veritasinfo.org\/index.php?rest_route=\/wp\/v2\/posts\/12138\/revisions\/12139"}],"wp:featuredmedia":[{"embeddable":true,"href":"https:\/\/veritasinfo.org\/index.php?rest_route=\/wp\/v2\/media\/12136"}],"wp:attachment":[{"href":"https:\/\/veritasinfo.org\/index.php?rest_route=%2Fwp%2Fv2%2Fmedia&parent=12138"}],"wp:term":[{"taxonomy":"category","embeddable":true,"href":"https:\/\/veritasinfo.org\/index.php?rest_route=%2Fwp%2Fv2%2Fcategories&post=12138"},{"taxonomy":"post_tag","embeddable":true,"href":"https:\/\/veritasinfo.org\/index.php?rest_route=%2Fwp%2Fv2%2Ftags&post=12138"}],"curies":[{"name":"wp","href":"https:\/\/api.w.org\/{rel}","templated":true}]}}