{"id":12110,"date":"2025-09-16T08:04:11","date_gmt":"2025-09-16T06:04:11","guid":{"rendered":"https:\/\/veritasinfo.org\/?p=12110"},"modified":"2025-09-16T08:04:25","modified_gmt":"2025-09-16T06:04:25","slug":"nuk-mjaftojne-dy-golat-e-muriqit-mposhtet-mallorca","status":"publish","type":"post","link":"https:\/\/veritasinfo.org\/?p=12110","title":{"rendered":"Nuk mjaftojn\u00eb dy golat e Muriqit, mposht\u00ebt Mallorca"},"content":{"rendered":"<p>Prishtin\u00eb, 16 shtator<\/p>\n<p>\u201cPirati\u201d Vedat Muriqi shk\u00eblqeu n\u00eb ndeshjen e Espanyolit, mir\u00ebpo nuk ishte e mjaftueshme paraqitja e tij q\u00eb Mallorca t\u00eb marr\u00eb pik\u00eb n\u00eb udh\u00ebtim.<\/p>\n<p>Sulmuesi dardan arriti q\u00eb t\u00eb sh\u00ebnoj\u00eb dy gola n\u00eb ndeshjen e sontme, mir\u00ebpo ai me bashk\u00eblojtar\u00ebt e tij u mposht\u00ebn 3-2 nga Espanyoli.<\/p>\n<p>Golin e par\u00eb t\u00eb tij n\u00eb ndeshje, Muriqi e sh\u00ebnoi n\u00eb minut\u00ebn e 45-t\u00eb, nga pika e penalltis\u00ebs, p\u00ebr ta b\u00ebr\u00eb rezultatin 2-1.<\/p>\n<p>Paraprakisht kishin sh\u00ebnuar Milla e Fernandez p\u00ebr Espanyolin.<\/p>\n<p>N\u00eb minut\u00ebn e 65-t\u00eb t\u00eb pjes\u00ebs s\u00eb dyt\u00eb, Muriqi sh\u00ebnoi edhe nj\u00eb her\u00eb, k\u00ebsaj here me kok\u00eb, p\u00ebr ta barazuar rezultatin n\u00eb 2-2.<\/p>\n<p>Mir\u00ebpo, g\u00ebzimin Muriqit e Mallorcas ia ndali Garcia, q\u00eb sh\u00ebnoi nga penalltia n\u00eb minut\u00ebn e 83-t\u00eb.<\/p>\n<p>K\u00ebshtu Mallorca mbetet pa asnj\u00eb pik\u00eb nga ky takim, teksa ka vet\u00ebm nj\u00eb pik\u00eb nga kat\u00ebr ndeshjet e para.<\/p>\n<p>Nd\u00ebrkoh\u00eb, Espanyoli \u00ebsht\u00eb i treti n\u00eb tabel\u00eb momentalisht, duke grumbulluar 10 pik\u00eb nga kat\u00ebr xhirot e para, me vet\u00ebm Realin q\u00eb ka pik\u00eb m\u00eb shum\u00eb se klubi katalunas.<\/p>\n","protected":false},"excerpt":{"rendered":"<p>Prishtin\u00eb, 16 shtator \u201cPirati\u201d Vedat Muriqi shk\u00eblqeu n\u00eb ndeshjen e Espanyolit, mir\u00ebpo nuk ishte e mjaftueshme paraqitja e tij q\u00eb Mallorca t\u00eb marr\u00eb pik\u00eb n\u00eb<\/p>\n","protected":false},"author":7,"featured_media":12112,"comment_status":"open","ping_status":"open","sticky":false,"template":"","format":"standard","meta":{"footnotes":""},"categories":[5],"tags":[],"class_list":["post-12110","post","type-post","status-publish","format-standard","has-post-thumbnail","hentry","category-sport-sq"],"yoast_head":"<!-- This site is optimized with the Yoast SEO plugin v25.3.1 - https:\/\/yoast.com\/wordpress\/plugins\/seo\/ -->\n<title>Nuk mjaftojn\u00eb dy golat e Muriqit, mposht\u00ebt Mallorca -<\/title>\n<meta name=\"robots\" content=\"index, follow, max-snippet:-1, max-image-preview:large, max-video-preview:-1\" \/>\n<link rel=\"canonical\" href=\"https:\/\/veritasinfo.org\/?p=12110\" \/>\n<meta property=\"og:locale\" content=\"en_US\" \/>\n<meta property=\"og:type\" content=\"article\" \/>\n<meta property=\"og:title\" content=\"Nuk mjaftojn\u00eb dy golat e Muriqit, mposht\u00ebt Mallorca -\" \/>\n<meta property=\"og:description\" content=\"Prishtin\u00eb, 16 shtator \u201cPirati\u201d Vedat Muriqi shk\u00eblqeu n\u00eb ndeshjen e Espanyolit, mir\u00ebpo nuk ishte e mjaftueshme paraqitja e tij q\u00eb Mallorca t\u00eb marr\u00eb pik\u00eb n\u00eb\" \/>\n<meta property=\"og:url\" content=\"https:\/\/veritasinfo.org\/?p=12110\" \/>\n<meta property=\"article:published_time\" content=\"2025-09-16T06:04:11+00:00\" \/>\n<meta property=\"article:modified_time\" content=\"2025-09-16T06:04:25+00:00\" \/>\n<meta property=\"og:image\" content=\"https:\/\/veritasinfo.org\/wp-content\/uploads\/2025\/09\/Screenshot-2025-09-16-080323.jpg\" \/>\n\t<meta property=\"og:image:width\" content=\"808\" \/>\n\t<meta property=\"og:image:height\" content=\"486\" \/>\n\t<meta property=\"og:image:type\" content=\"image\/jpeg\" \/>\n<meta name=\"author\" content=\"US6\" \/>\n<meta name=\"twitter:card\" content=\"summary_large_image\" \/>\n<meta name=\"twitter:label1\" content=\"Written by\" \/>\n\t<meta name=\"twitter:data1\" content=\"US6\" \/>\n\t<meta name=\"twitter:label2\" content=\"Est. reading time\" \/>\n\t<meta name=\"twitter:data2\" content=\"1 minute\" \/>\n<script type=\"application\/ld+json\" class=\"yoast-schema-graph\">{\"@context\":\"https:\/\/schema.org\",\"@graph\":[{\"@type\":\"WebPage\",\"@id\":\"https:\/\/veritasinfo.org\/?p=12110\",\"url\":\"https:\/\/veritasinfo.org\/?p=12110\",\"name\":\"Nuk mjaftojn\u00eb dy golat e Muriqit, mposht\u00ebt Mallorca -\",\"isPartOf\":{\"@id\":\"https:\/\/veritasinfo.org\/#website\"},\"primaryImageOfPage\":{\"@id\":\"https:\/\/veritasinfo.org\/?p=12110#primaryimage\"},\"image\":{\"@id\":\"https:\/\/veritasinfo.org\/?p=12110#primaryimage\"},\"thumbnailUrl\":\"https:\/\/veritasinfo.org\/wp-content\/uploads\/2025\/09\/Screenshot-2025-09-16-080323.jpg\",\"datePublished\":\"2025-09-16T06:04:11+00:00\",\"dateModified\":\"2025-09-16T06:04:25+00:00\",\"author\":{\"@id\":\"https:\/\/veritasinfo.org\/#\/schema\/person\/fe199eede04c3937362892b7444747cc\"},\"breadcrumb\":{\"@id\":\"https:\/\/veritasinfo.org\/?p=12110#breadcrumb\"},\"inLanguage\":\"en-US\",\"potentialAction\":[{\"@type\":\"ReadAction\",\"target\":[\"https:\/\/veritasinfo.org\/?p=12110\"]}]},{\"@type\":\"ImageObject\",\"inLanguage\":\"en-US\",\"@id\":\"https:\/\/veritasinfo.org\/?p=12110#primaryimage\",\"url\":\"https:\/\/veritasinfo.org\/wp-content\/uploads\/2025\/09\/Screenshot-2025-09-16-080323.jpg\",\"contentUrl\":\"https:\/\/veritasinfo.org\/wp-content\/uploads\/2025\/09\/Screenshot-2025-09-16-080323.jpg\",\"width\":808,\"height\":486},{\"@type\":\"BreadcrumbList\",\"@id\":\"https:\/\/veritasinfo.org\/?p=12110#breadcrumb\",\"itemListElement\":[{\"@type\":\"ListItem\",\"position\":1,\"name\":\"Home\",\"item\":\"https:\/\/veritasinfo.org\/\"},{\"@type\":\"ListItem\",\"position\":2,\"name\":\"Nuk mjaftojn\u00eb dy golat e Muriqit, mposht\u00ebt Mallorca\"}]},{\"@type\":\"WebSite\",\"@id\":\"https:\/\/veritasinfo.org\/#website\",\"url\":\"https:\/\/veritasinfo.org\/\",\"name\":\"\",\"description\":\"\",\"potentialAction\":[{\"@type\":\"SearchAction\",\"target\":{\"@type\":\"EntryPoint\",\"urlTemplate\":\"https:\/\/veritasinfo.org\/?s={search_term_string}\"},\"query-input\":{\"@type\":\"PropertyValueSpecification\",\"valueRequired\":true,\"valueName\":\"search_term_string\"}}],\"inLanguage\":\"en-US\"},{\"@type\":\"Person\",\"@id\":\"https:\/\/veritasinfo.org\/#\/schema\/person\/fe199eede04c3937362892b7444747cc\",\"name\":\"US6\",\"image\":{\"@type\":\"ImageObject\",\"inLanguage\":\"en-US\",\"@id\":\"https:\/\/veritasinfo.org\/#\/schema\/person\/image\/\",\"url\":\"https:\/\/secure.gravatar.com\/avatar\/cb16c3c31c9d23b9b8c705964598220b3014e42ff51eb540ff23cefa3ae8c15f?s=96&d=mm&r=g\",\"contentUrl\":\"https:\/\/secure.gravatar.com\/avatar\/cb16c3c31c9d23b9b8c705964598220b3014e42ff51eb540ff23cefa3ae8c15f?s=96&d=mm&r=g\",\"caption\":\"US6\"},\"url\":\"https:\/\/veritasinfo.org\/?author=7\"}]}<\/script>\n<!-- \/ Yoast SEO plugin. -->","yoast_head_json":{"title":"Nuk mjaftojn\u00eb dy golat e Muriqit, mposht\u00ebt Mallorca -","robots":{"index":"index","follow":"follow","max-snippet":"max-snippet:-1","max-image-preview":"max-image-preview:large","max-video-preview":"max-video-preview:-1"},"canonical":"https:\/\/veritasinfo.org\/?p=12110","og_locale":"en_US","og_type":"article","og_title":"Nuk mjaftojn\u00eb dy golat e Muriqit, mposht\u00ebt Mallorca -","og_description":"Prishtin\u00eb, 16 shtator \u201cPirati\u201d Vedat Muriqi shk\u00eblqeu n\u00eb ndeshjen e Espanyolit, mir\u00ebpo nuk ishte e mjaftueshme paraqitja e tij q\u00eb Mallorca t\u00eb marr\u00eb pik\u00eb n\u00eb","og_url":"https:\/\/veritasinfo.org\/?p=12110","article_published_time":"2025-09-16T06:04:11+00:00","article_modified_time":"2025-09-16T06:04:25+00:00","og_image":[{"width":808,"height":486,"url":"https:\/\/veritasinfo.org\/wp-content\/uploads\/2025\/09\/Screenshot-2025-09-16-080323.jpg","type":"image\/jpeg"}],"author":"US6","twitter_card":"summary_large_image","twitter_misc":{"Written by":"US6","Est. reading time":"1 minute"},"schema":{"@context":"https:\/\/schema.org","@graph":[{"@type":"WebPage","@id":"https:\/\/veritasinfo.org\/?p=12110","url":"https:\/\/veritasinfo.org\/?p=12110","name":"Nuk mjaftojn\u00eb dy golat e Muriqit, mposht\u00ebt Mallorca -","isPartOf":{"@id":"https:\/\/veritasinfo.org\/#website"},"primaryImageOfPage":{"@id":"https:\/\/veritasinfo.org\/?p=12110#primaryimage"},"image":{"@id":"https:\/\/veritasinfo.org\/?p=12110#primaryimage"},"thumbnailUrl":"https:\/\/veritasinfo.org\/wp-content\/uploads\/2025\/09\/Screenshot-2025-09-16-080323.jpg","datePublished":"2025-09-16T06:04:11+00:00","dateModified":"2025-09-16T06:04:25+00:00","author":{"@id":"https:\/\/veritasinfo.org\/#\/schema\/person\/fe199eede04c3937362892b7444747cc"},"breadcrumb":{"@id":"https:\/\/veritasinfo.org\/?p=12110#breadcrumb"},"inLanguage":"en-US","potentialAction":[{"@type":"ReadAction","target":["https:\/\/veritasinfo.org\/?p=12110"]}]},{"@type":"ImageObject","inLanguage":"en-US","@id":"https:\/\/veritasinfo.org\/?p=12110#primaryimage","url":"https:\/\/veritasinfo.org\/wp-content\/uploads\/2025\/09\/Screenshot-2025-09-16-080323.jpg","contentUrl":"https:\/\/veritasinfo.org\/wp-content\/uploads\/2025\/09\/Screenshot-2025-09-16-080323.jpg","width":808,"height":486},{"@type":"BreadcrumbList","@id":"https:\/\/veritasinfo.org\/?p=12110#breadcrumb","itemListElement":[{"@type":"ListItem","position":1,"name":"Home","item":"https:\/\/veritasinfo.org\/"},{"@type":"ListItem","position":2,"name":"Nuk mjaftojn\u00eb dy golat e Muriqit, mposht\u00ebt Mallorca"}]},{"@type":"WebSite","@id":"https:\/\/veritasinfo.org\/#website","url":"https:\/\/veritasinfo.org\/","name":"","description":"","potentialAction":[{"@type":"SearchAction","target":{"@type":"EntryPoint","urlTemplate":"https:\/\/veritasinfo.org\/?s={search_term_string}"},"query-input":{"@type":"PropertyValueSpecification","valueRequired":true,"valueName":"search_term_string"}}],"inLanguage":"en-US"},{"@type":"Person","@id":"https:\/\/veritasinfo.org\/#\/schema\/person\/fe199eede04c3937362892b7444747cc","name":"US6","image":{"@type":"ImageObject","inLanguage":"en-US","@id":"https:\/\/veritasinfo.org\/#\/schema\/person\/image\/","url":"https:\/\/secure.gravatar.com\/avatar\/cb16c3c31c9d23b9b8c705964598220b3014e42ff51eb540ff23cefa3ae8c15f?s=96&d=mm&r=g","contentUrl":"https:\/\/secure.gravatar.com\/avatar\/cb16c3c31c9d23b9b8c705964598220b3014e42ff51eb540ff23cefa3ae8c15f?s=96&d=mm&r=g","caption":"US6"},"url":"https:\/\/veritasinfo.org\/?author=7"}]}},"featured_image_urls":{"full":["https:\/\/veritasinfo.org\/wp-content\/uploads\/2025\/09\/Screenshot-2025-09-16-080323.jpg",808,486,false],"thumbnail":["https:\/\/veritasinfo.org\/wp-content\/uploads\/2025\/09\/Screenshot-2025-09-16-080323-150x150.jpg",150,150,true],"medium":["https:\/\/veritasinfo.org\/wp-content\/uploads\/2025\/09\/Screenshot-2025-09-16-080323-300x180.jpg",300,180,true],"medium_large":["https:\/\/veritasinfo.org\/wp-content\/uploads\/2025\/09\/Screenshot-2025-09-16-080323-768x462.jpg",640,385,true],"large":["https:\/\/veritasinfo.org\/wp-content\/uploads\/2025\/09\/Screenshot-2025-09-16-080323.jpg",640,385,false],"1536x1536":["https:\/\/veritasinfo.org\/wp-content\/uploads\/2025\/09\/Screenshot-2025-09-16-080323.jpg",808,486,false],"2048x2048":["https:\/\/veritasinfo.org\/wp-content\/uploads\/2025\/09\/Screenshot-2025-09-16-080323.jpg",808,486,false],"kreeti-slider-full":["https:\/\/veritasinfo.org\/wp-content\/uploads\/2025\/09\/Screenshot-2025-09-16-080323.jpg",808,486,false],"kreeti-featured":["https:\/\/veritasinfo.org\/wp-content\/uploads\/2025\/09\/Screenshot-2025-09-16-080323.jpg",808,486,false],"kreeti-medium":["https:\/\/veritasinfo.org\/wp-content\/uploads\/2025\/09\/Screenshot-2025-09-16-080323.jpg",720,433,false],"kreeti-medium-square":["https:\/\/veritasinfo.org\/wp-content\/uploads\/2025\/09\/Screenshot-2025-09-16-080323.jpg",350,211,false]},"author_info":{"info":["US6"]},"category_info":"<a href=\"https:\/\/veritasinfo.org\/?cat=5\" rel=\"category\">Sport<\/a>","tag_info":"Sport","comment_count":"0","_links":{"self":[{"href":"https:\/\/veritasinfo.org\/index.php?rest_route=\/wp\/v2\/posts\/12110","targetHints":{"allow":["GET"]}}],"collection":[{"href":"https:\/\/veritasinfo.org\/index.php?rest_route=\/wp\/v2\/posts"}],"about":[{"href":"https:\/\/veritasinfo.org\/index.php?rest_route=\/wp\/v2\/types\/post"}],"author":[{"embeddable":true,"href":"https:\/\/veritasinfo.org\/index.php?rest_route=\/wp\/v2\/users\/7"}],"replies":[{"embeddable":true,"href":"https:\/\/veritasinfo.org\/index.php?rest_route=%2Fwp%2Fv2%2Fcomments&post=12110"}],"version-history":[{"count":1,"href":"https:\/\/veritasinfo.org\/index.php?rest_route=\/wp\/v2\/posts\/12110\/revisions"}],"predecessor-version":[{"id":12111,"href":"https:\/\/veritasinfo.org\/index.php?rest_route=\/wp\/v2\/posts\/12110\/revisions\/12111"}],"wp:featuredmedia":[{"embeddable":true,"href":"https:\/\/veritasinfo.org\/index.php?rest_route=\/wp\/v2\/media\/12112"}],"wp:attachment":[{"href":"https:\/\/veritasinfo.org\/index.php?rest_route=%2Fwp%2Fv2%2Fmedia&parent=12110"}],"wp:term":[{"taxonomy":"category","embeddable":true,"href":"https:\/\/veritasinfo.org\/index.php?rest_route=%2Fwp%2Fv2%2Fcategories&post=12110"},{"taxonomy":"post_tag","embeddable":true,"href":"https:\/\/veritasinfo.org\/index.php?rest_route=%2Fwp%2Fv2%2Ftags&post=12110"}],"curies":[{"name":"wp","href":"https:\/\/api.w.org\/{rel}","templated":true}]}}