{"id":12104,"date":"2025-09-16T08:00:15","date_gmt":"2025-09-16T06:00:15","guid":{"rendered":"https:\/\/veritasinfo.org\/?p=12104"},"modified":"2025-09-16T08:00:15","modified_gmt":"2025-09-16T06:00:15","slug":"vrasja-ne-ferizaj-cfare-dihet-deri-tani","status":"publish","type":"post","link":"https:\/\/veritasinfo.org\/?p=12104","title":{"rendered":"Vrasja n\u00eb Ferizaj: \u00c7far\u00eb dihet deri tani?"},"content":{"rendered":"<p>Ferizaj, 16 shtator 2025<\/p>\n<p>Mbr\u00ebmjen e s\u00eb h\u00ebn\u00ebs, n\u00eb fshatin Balaj t\u00eb Ferizajt,\u00a0 Brahim Ramusa, i mosh\u00ebs rreth 40-vje\u00e7are, u vra pasi u q\u00ebllua me arm\u00eb zjarri.<\/p>\n<p>Burime t\u00eb Klan Kosov\u00ebs b\u00ebjn\u00eb t\u00eb ditur se viktima \u00ebsht\u00eb q\u00eblluar me kat\u00ebr plumba n\u00eb stomak dhe nuk i ka mbijetuar plag\u00ebve.<\/p>\n<p>Z\u00ebdh\u00ebn\u00ebsi i policis\u00eb p\u00ebr Rajonin e Ferizajt, Kanun Veseli, p\u00ebr Klankosova.tv ka konfirmuar arrestimin e t\u00eb dyshuarit dhe sekuestrimin e arm\u00ebs s\u00eb krimit.<\/p>\n<p>\u201cPolicia ka arrestuar t\u00eb dyshuarin dhe ka sekuestruar nj\u00eb arm\u00eb zjarri. Rasti \u00ebsht\u00eb duke u hetuar nga nj\u00ebsit\u00eb relevante n\u00ebn udh\u00ebheqjen e prokurorit t\u00eb shtetit\u201d, tha Veseli.<\/p>\n<p>Sipas burimeve, i dyshuari p\u00ebr vrasjen \u00ebsht\u00eb nj\u00eb burr\u00eb rreth t\u00eb 50-tave, gjithashtu me inicialet B.R., q\u00eb dyshohet t\u00eb jet\u00eb djali i axh\u00ebs s\u00eb viktim\u00ebs.<\/p>\n<p>Mes tyre raportohet se ka pasur mosmarr\u00ebveshje t\u00eb m\u00ebhershme.<\/p>\n<p>Viktima la pas kat\u00ebr f\u00ebmij\u00eb t\u00eb mitur.<\/p>\n<p>\u201c38-vje\u00e7ari B.R nuk i mbijetoi plag\u00ebve q\u00eb mori nga kat\u00ebr plumbat n\u00eb stomak nga i dyshuari B.R, rreth 50-vje\u00e7ar q\u00eb drejt tij kishte gjuajtur rreth pes\u00eb her\u00eb. I ndjeri ka l\u00ebn\u00eb prapa kat\u00ebr f\u00ebmij\u00eb t\u00eb tij n\u00eb mosh\u00eb t\u00eb vog\u00ebl dhe gjendja e familjar\u00ebve \u00ebsht\u00eb e r\u00ebnd\u00eb\u201d, u shpreh tutje ajo.<\/p>\n<p>Nd\u00ebrkaq, Policia tha se rasti \u00ebsht\u00eb duke u hetuar nga nj\u00ebsit\u00eb relevante n\u00ebn udh\u00ebheqjen e prokurorit t\u00eb shtetit.<\/p>\n","protected":false},"excerpt":{"rendered":"<p>Ferizaj, 16 shtator 2025 Mbr\u00ebmjen e s\u00eb h\u00ebn\u00ebs, n\u00eb fshatin Balaj t\u00eb Ferizajt,\u00a0 Brahim Ramusa, i mosh\u00ebs rreth 40-vje\u00e7are, u vra pasi u q\u00ebllua me<\/p>\n","protected":false},"author":7,"featured_media":12105,"comment_status":"open","ping_status":"open","sticky":false,"template":"","format":"standard","meta":{"footnotes":""},"categories":[101],"tags":[],"class_list":["post-12104","post","type-post","status-publish","format-standard","has-post-thumbnail","hentry","category-kronika"],"yoast_head":"<!-- This site is optimized with the Yoast SEO plugin v25.3.1 - https:\/\/yoast.com\/wordpress\/plugins\/seo\/ -->\n<title>Vrasja n\u00eb Ferizaj: \u00c7far\u00eb dihet deri tani? -<\/title>\n<meta name=\"robots\" content=\"index, follow, max-snippet:-1, max-image-preview:large, max-video-preview:-1\" \/>\n<link rel=\"canonical\" href=\"https:\/\/veritasinfo.org\/?p=12104\" \/>\n<meta property=\"og:locale\" content=\"en_US\" \/>\n<meta property=\"og:type\" content=\"article\" \/>\n<meta property=\"og:title\" content=\"Vrasja n\u00eb Ferizaj: \u00c7far\u00eb dihet deri tani? -\" \/>\n<meta property=\"og:description\" content=\"Ferizaj, 16 shtator 2025 Mbr\u00ebmjen e s\u00eb h\u00ebn\u00ebs, n\u00eb fshatin Balaj t\u00eb Ferizajt,\u00a0 Brahim Ramusa, i mosh\u00ebs rreth 40-vje\u00e7are, u vra pasi u q\u00ebllua me\" \/>\n<meta property=\"og:url\" content=\"https:\/\/veritasinfo.org\/?p=12104\" \/>\n<meta property=\"article:published_time\" content=\"2025-09-16T06:00:15+00:00\" \/>\n<meta property=\"og:image\" content=\"https:\/\/veritasinfo.org\/wp-content\/uploads\/2025\/09\/VRASJA-1.png\" \/>\n\t<meta property=\"og:image:width\" content=\"806\" \/>\n\t<meta property=\"og:image:height\" content=\"627\" \/>\n\t<meta property=\"og:image:type\" content=\"image\/png\" \/>\n<meta name=\"author\" content=\"US6\" \/>\n<meta name=\"twitter:card\" content=\"summary_large_image\" \/>\n<meta name=\"twitter:label1\" content=\"Written by\" \/>\n\t<meta name=\"twitter:data1\" content=\"US6\" \/>\n\t<meta name=\"twitter:label2\" content=\"Est. reading time\" \/>\n\t<meta name=\"twitter:data2\" content=\"2 minutes\" \/>\n<script type=\"application\/ld+json\" class=\"yoast-schema-graph\">{\"@context\":\"https:\/\/schema.org\",\"@graph\":[{\"@type\":\"WebPage\",\"@id\":\"https:\/\/veritasinfo.org\/?p=12104\",\"url\":\"https:\/\/veritasinfo.org\/?p=12104\",\"name\":\"Vrasja n\u00eb Ferizaj: \u00c7far\u00eb dihet deri tani? -\",\"isPartOf\":{\"@id\":\"https:\/\/veritasinfo.org\/#website\"},\"primaryImageOfPage\":{\"@id\":\"https:\/\/veritasinfo.org\/?p=12104#primaryimage\"},\"image\":{\"@id\":\"https:\/\/veritasinfo.org\/?p=12104#primaryimage\"},\"thumbnailUrl\":\"https:\/\/veritasinfo.org\/wp-content\/uploads\/2025\/09\/VRASJA-1.png\",\"datePublished\":\"2025-09-16T06:00:15+00:00\",\"author\":{\"@id\":\"https:\/\/veritasinfo.org\/#\/schema\/person\/fe199eede04c3937362892b7444747cc\"},\"breadcrumb\":{\"@id\":\"https:\/\/veritasinfo.org\/?p=12104#breadcrumb\"},\"inLanguage\":\"en-US\",\"potentialAction\":[{\"@type\":\"ReadAction\",\"target\":[\"https:\/\/veritasinfo.org\/?p=12104\"]}]},{\"@type\":\"ImageObject\",\"inLanguage\":\"en-US\",\"@id\":\"https:\/\/veritasinfo.org\/?p=12104#primaryimage\",\"url\":\"https:\/\/veritasinfo.org\/wp-content\/uploads\/2025\/09\/VRASJA-1.png\",\"contentUrl\":\"https:\/\/veritasinfo.org\/wp-content\/uploads\/2025\/09\/VRASJA-1.png\",\"width\":806,\"height\":627},{\"@type\":\"BreadcrumbList\",\"@id\":\"https:\/\/veritasinfo.org\/?p=12104#breadcrumb\",\"itemListElement\":[{\"@type\":\"ListItem\",\"position\":1,\"name\":\"Home\",\"item\":\"https:\/\/veritasinfo.org\/\"},{\"@type\":\"ListItem\",\"position\":2,\"name\":\"Vrasja n\u00eb Ferizaj: \u00c7far\u00eb dihet deri tani?\"}]},{\"@type\":\"WebSite\",\"@id\":\"https:\/\/veritasinfo.org\/#website\",\"url\":\"https:\/\/veritasinfo.org\/\",\"name\":\"\",\"description\":\"\",\"potentialAction\":[{\"@type\":\"SearchAction\",\"target\":{\"@type\":\"EntryPoint\",\"urlTemplate\":\"https:\/\/veritasinfo.org\/?s={search_term_string}\"},\"query-input\":{\"@type\":\"PropertyValueSpecification\",\"valueRequired\":true,\"valueName\":\"search_term_string\"}}],\"inLanguage\":\"en-US\"},{\"@type\":\"Person\",\"@id\":\"https:\/\/veritasinfo.org\/#\/schema\/person\/fe199eede04c3937362892b7444747cc\",\"name\":\"US6\",\"image\":{\"@type\":\"ImageObject\",\"inLanguage\":\"en-US\",\"@id\":\"https:\/\/veritasinfo.org\/#\/schema\/person\/image\/\",\"url\":\"https:\/\/secure.gravatar.com\/avatar\/cb16c3c31c9d23b9b8c705964598220b3014e42ff51eb540ff23cefa3ae8c15f?s=96&d=mm&r=g\",\"contentUrl\":\"https:\/\/secure.gravatar.com\/avatar\/cb16c3c31c9d23b9b8c705964598220b3014e42ff51eb540ff23cefa3ae8c15f?s=96&d=mm&r=g\",\"caption\":\"US6\"},\"url\":\"https:\/\/veritasinfo.org\/?author=7\"}]}<\/script>\n<!-- \/ Yoast SEO plugin. -->","yoast_head_json":{"title":"Vrasja n\u00eb Ferizaj: \u00c7far\u00eb dihet deri tani? -","robots":{"index":"index","follow":"follow","max-snippet":"max-snippet:-1","max-image-preview":"max-image-preview:large","max-video-preview":"max-video-preview:-1"},"canonical":"https:\/\/veritasinfo.org\/?p=12104","og_locale":"en_US","og_type":"article","og_title":"Vrasja n\u00eb Ferizaj: \u00c7far\u00eb dihet deri tani? -","og_description":"Ferizaj, 16 shtator 2025 Mbr\u00ebmjen e s\u00eb h\u00ebn\u00ebs, n\u00eb fshatin Balaj t\u00eb Ferizajt,\u00a0 Brahim Ramusa, i mosh\u00ebs rreth 40-vje\u00e7are, u vra pasi u q\u00ebllua me","og_url":"https:\/\/veritasinfo.org\/?p=12104","article_published_time":"2025-09-16T06:00:15+00:00","og_image":[{"width":806,"height":627,"url":"https:\/\/veritasinfo.org\/wp-content\/uploads\/2025\/09\/VRASJA-1.png","type":"image\/png"}],"author":"US6","twitter_card":"summary_large_image","twitter_misc":{"Written by":"US6","Est. reading time":"2 minutes"},"schema":{"@context":"https:\/\/schema.org","@graph":[{"@type":"WebPage","@id":"https:\/\/veritasinfo.org\/?p=12104","url":"https:\/\/veritasinfo.org\/?p=12104","name":"Vrasja n\u00eb Ferizaj: \u00c7far\u00eb dihet deri tani? -","isPartOf":{"@id":"https:\/\/veritasinfo.org\/#website"},"primaryImageOfPage":{"@id":"https:\/\/veritasinfo.org\/?p=12104#primaryimage"},"image":{"@id":"https:\/\/veritasinfo.org\/?p=12104#primaryimage"},"thumbnailUrl":"https:\/\/veritasinfo.org\/wp-content\/uploads\/2025\/09\/VRASJA-1.png","datePublished":"2025-09-16T06:00:15+00:00","author":{"@id":"https:\/\/veritasinfo.org\/#\/schema\/person\/fe199eede04c3937362892b7444747cc"},"breadcrumb":{"@id":"https:\/\/veritasinfo.org\/?p=12104#breadcrumb"},"inLanguage":"en-US","potentialAction":[{"@type":"ReadAction","target":["https:\/\/veritasinfo.org\/?p=12104"]}]},{"@type":"ImageObject","inLanguage":"en-US","@id":"https:\/\/veritasinfo.org\/?p=12104#primaryimage","url":"https:\/\/veritasinfo.org\/wp-content\/uploads\/2025\/09\/VRASJA-1.png","contentUrl":"https:\/\/veritasinfo.org\/wp-content\/uploads\/2025\/09\/VRASJA-1.png","width":806,"height":627},{"@type":"BreadcrumbList","@id":"https:\/\/veritasinfo.org\/?p=12104#breadcrumb","itemListElement":[{"@type":"ListItem","position":1,"name":"Home","item":"https:\/\/veritasinfo.org\/"},{"@type":"ListItem","position":2,"name":"Vrasja n\u00eb Ferizaj: \u00c7far\u00eb dihet deri tani?"}]},{"@type":"WebSite","@id":"https:\/\/veritasinfo.org\/#website","url":"https:\/\/veritasinfo.org\/","name":"","description":"","potentialAction":[{"@type":"SearchAction","target":{"@type":"EntryPoint","urlTemplate":"https:\/\/veritasinfo.org\/?s={search_term_string}"},"query-input":{"@type":"PropertyValueSpecification","valueRequired":true,"valueName":"search_term_string"}}],"inLanguage":"en-US"},{"@type":"Person","@id":"https:\/\/veritasinfo.org\/#\/schema\/person\/fe199eede04c3937362892b7444747cc","name":"US6","image":{"@type":"ImageObject","inLanguage":"en-US","@id":"https:\/\/veritasinfo.org\/#\/schema\/person\/image\/","url":"https:\/\/secure.gravatar.com\/avatar\/cb16c3c31c9d23b9b8c705964598220b3014e42ff51eb540ff23cefa3ae8c15f?s=96&d=mm&r=g","contentUrl":"https:\/\/secure.gravatar.com\/avatar\/cb16c3c31c9d23b9b8c705964598220b3014e42ff51eb540ff23cefa3ae8c15f?s=96&d=mm&r=g","caption":"US6"},"url":"https:\/\/veritasinfo.org\/?author=7"}]}},"featured_image_urls":{"full":["https:\/\/veritasinfo.org\/wp-content\/uploads\/2025\/09\/VRASJA-1.png",806,627,false],"thumbnail":["https:\/\/veritasinfo.org\/wp-content\/uploads\/2025\/09\/VRASJA-1-150x150.png",150,150,true],"medium":["https:\/\/veritasinfo.org\/wp-content\/uploads\/2025\/09\/VRASJA-1-300x233.png",300,233,true],"medium_large":["https:\/\/veritasinfo.org\/wp-content\/uploads\/2025\/09\/VRASJA-1-768x597.png",640,498,true],"large":["https:\/\/veritasinfo.org\/wp-content\/uploads\/2025\/09\/VRASJA-1.png",640,498,false],"1536x1536":["https:\/\/veritasinfo.org\/wp-content\/uploads\/2025\/09\/VRASJA-1.png",806,627,false],"2048x2048":["https:\/\/veritasinfo.org\/wp-content\/uploads\/2025\/09\/VRASJA-1.png",806,627,false],"kreeti-slider-full":["https:\/\/veritasinfo.org\/wp-content\/uploads\/2025\/09\/VRASJA-1.png",806,627,false],"kreeti-featured":["https:\/\/veritasinfo.org\/wp-content\/uploads\/2025\/09\/VRASJA-1.png",806,627,false],"kreeti-medium":["https:\/\/veritasinfo.org\/wp-content\/uploads\/2025\/09\/VRASJA-1.png",681,530,false],"kreeti-medium-square":["https:\/\/veritasinfo.org\/wp-content\/uploads\/2025\/09\/VRASJA-1.png",350,272,false]},"author_info":{"info":["US6"]},"category_info":"<a href=\"https:\/\/veritasinfo.org\/?cat=101\" rel=\"category\">Kronika<\/a>","tag_info":"Kronika","comment_count":"0","_links":{"self":[{"href":"https:\/\/veritasinfo.org\/index.php?rest_route=\/wp\/v2\/posts\/12104","targetHints":{"allow":["GET"]}}],"collection":[{"href":"https:\/\/veritasinfo.org\/index.php?rest_route=\/wp\/v2\/posts"}],"about":[{"href":"https:\/\/veritasinfo.org\/index.php?rest_route=\/wp\/v2\/types\/post"}],"author":[{"embeddable":true,"href":"https:\/\/veritasinfo.org\/index.php?rest_route=\/wp\/v2\/users\/7"}],"replies":[{"embeddable":true,"href":"https:\/\/veritasinfo.org\/index.php?rest_route=%2Fwp%2Fv2%2Fcomments&post=12104"}],"version-history":[{"count":1,"href":"https:\/\/veritasinfo.org\/index.php?rest_route=\/wp\/v2\/posts\/12104\/revisions"}],"predecessor-version":[{"id":12106,"href":"https:\/\/veritasinfo.org\/index.php?rest_route=\/wp\/v2\/posts\/12104\/revisions\/12106"}],"wp:featuredmedia":[{"embeddable":true,"href":"https:\/\/veritasinfo.org\/index.php?rest_route=\/wp\/v2\/media\/12105"}],"wp:attachment":[{"href":"https:\/\/veritasinfo.org\/index.php?rest_route=%2Fwp%2Fv2%2Fmedia&parent=12104"}],"wp:term":[{"taxonomy":"category","embeddable":true,"href":"https:\/\/veritasinfo.org\/index.php?rest_route=%2Fwp%2Fv2%2Fcategories&post=12104"},{"taxonomy":"post_tag","embeddable":true,"href":"https:\/\/veritasinfo.org\/index.php?rest_route=%2Fwp%2Fv2%2Ftags&post=12104"}],"curies":[{"name":"wp","href":"https:\/\/api.w.org\/{rel}","templated":true}]}}