{"id":12090,"date":"2025-09-15T22:29:28","date_gmt":"2025-09-15T20:29:28","guid":{"rendered":"https:\/\/veritasinfo.org\/?p=12090"},"modified":"2025-09-15T22:29:28","modified_gmt":"2025-09-15T20:29:28","slug":"videnoviq-bota-serbe-nuk-njeh-kufijte-me-kosoven-malin-e-zi-dhe-beh-eshte-frustrim-nacional-e-i-rrezikshem","status":"publish","type":"post","link":"https:\/\/veritasinfo.org\/?p=12090","title":{"rendered":"Videnoviq: &#8216;Bota serbe&#8217; nuk njeh kufijt\u00eb me Kosov\u00ebn, Malin e Zi dhe BeH \u2013 \u00ebsht\u00eb frustrim nacional e i rreziksh\u00ebm"},"content":{"rendered":"<p>Prishtin\u00eb, 15 shtator<\/p>\n<p>Ivan Videnoviq, profesor n\u00eb Universitetin e Beogradit, ka deklaruar se projekti i madh serbo rus, i ashtuquajtur \u201cBota Serbe\u201d mbetet nj\u00eb frustrim nacional dhe nj\u00eb rrezik i vazhduesh\u00ebm p\u00ebr shtetet fqinje t\u00eb Serbis\u00eb, Kosov\u00ebn, Malin e Zi dhe Bosnj\u00eb e Hercegovin\u00ebn.<\/p>\n<p>Videnoviq ka analizuar n\u00eb detaje ndikimin e ideologjis\u00eb s\u00eb \u201cbot\u00ebs serbe\u201d n\u00eb Mal t\u00eb Zi dhe q\u00ebndrimin e opozit\u00ebs serbe ndaj \u00e7\u00ebshtjes s\u00eb Kosov\u00ebs, duke v\u00ebn\u00eb theksin n\u00eb munges\u00ebn e p\u00ebrkushtimit t\u00eb elitave politike serbe ndaj reformave dhe integrimit evropian.<\/p>\n<p>N\u00eb nj\u00eb intervist\u00eb p\u00ebr gazet\u00ebn malazeze Pobjeda, Videnoviqit, thot\u00eb se nj\u00eb nga problemet thelb\u00ebsore \u00ebsht\u00eb q\u00eb edhe pjes\u00eb t\u00eb opozit\u00ebs q\u00eb pretendojn\u00eb t\u00eb jen\u00eb pro-evropiane, n\u00eb fakt bartin q\u00ebndrime irracionale dhe anti-evropiane, t\u00eb cilat manifestohen m\u00eb s\u00eb miri n\u00eb mosnjohjen e pavar\u00ebsis\u00eb s\u00eb Kosov\u00ebs.<\/p>\n<p>Ai e cil\u00ebson k\u00ebt\u00eb si nj\u00eb refuzim t\u00eb Planit Evropian p\u00ebr Kosov\u00ebn, q\u00eb n\u00eb thelb n\u00ebnkupton njohjen faktike t\u00eb shtet\u00ebsis\u00eb s\u00eb saj.<\/p>\n<p>\u201cD\u00ebgjuam edhe q\u00eb opozita q\u00eb udh\u00ebtoi n\u00eb Strasburg dhe Bruksel, mori me vete edhe bagazhin e saj t\u00eb q\u00ebndrimeve iracionale dhe n\u00eb thelb anti-evropiane: mosnjohja e Kosov\u00ebs, q\u00eb \u00ebsht\u00eb sinonim i refuzimit t\u00eb Planit Evropian p\u00ebr Kosov\u00ebn, i cili n\u00eb thelb n\u00ebnkupton njohjen faktike\u201d, thot\u00eb ai.<\/p>\n<p>N\u00eb lidhje me \u201cbot\u00ebn serbe\u201d, Videnoviq thekson se p\u00ebrfaq\u00ebsuesit e saj kryesor\u00eb n\u00eb Mal t\u00eb Zi, si Andrija Mandiq dhe Milan Knezheviq, jan\u00eb tashm\u00eb t\u00eb margjinalizuar n\u00eb opinionin publik serb dhe nuk p\u00ebrfaq\u00ebsojn\u00eb m\u00eb nj\u00eb fuqi reale n\u00eb propagand\u00ebn e regjimit n\u00eb Beograd, ndryshe nga Milorad Dodik n\u00eb Bosnje.<\/p>\n<p>\u201cProjekti i \u201cbot\u00ebs serbe\u201d ka humbur terren edhe p\u00ebr shkak t\u00eb r\u00ebnies s\u00eb mb\u00ebshtetjes p\u00ebr SNS-in (Partin\u00eb P\u00ebrparimtare Serbe) t\u00eb Aleksandar Vu\u00e7iqit dhe protestave t\u00eb vazhdueshme t\u00eb qytetar\u00ebve n\u00eb Serbi\u201d, thot\u00eb profesori.<\/p>\n<p>Nj\u00eb rol t\u00eb r\u00ebnd\u00ebsish\u00ebm n\u00eb p\u00ebrpjekjet p\u00ebr ndikim n\u00eb Mal t\u00eb Zi e ka pasur gjithashtu Kisha Ortodokse Serbe (SPC), e cila, sipas Videnoviqit, pas vdekjes s\u00eb mitropolitit Amfilohije, ka humbur ndikimin e m\u00ebparsh\u00ebm.<\/p>\n<p>\u201cMitropoliti i tanish\u00ebm Joanikije, sipas tij, nuk g\u00ebzon as autoritetin dhe as performanc\u00ebn e duhur, \u00e7ka ka \u00e7uar n\u00eb barazimin formal t\u00eb Mitropolis\u00eb s\u00eb Malit t\u00eb Zi me dioqeza t\u00eb tjera, duke i zbehur statusin e saj unik historik\u201d.<\/p>\n<p>Ai p\u00ebrmend gjithashtu p\u00ebrfshirjen e disa figurave kishtare n\u00eb skandale t\u00eb nivelit t\u00eb ul\u00ebt, si rasti me monumentin e Pavle Djurishiqit, q\u00eb p\u00ebrfundoi i fshehur n\u00eb nj\u00eb magazin\u00eb \u2013 nj\u00eb tregues simbolik i kriz\u00ebs s\u00eb brendshme dhe humbjes s\u00eb drejtimit\u201d.<\/p>\n<p>Videnoviq k\u00ebt\u00eb e quan nj\u00eb moment ky\u00e7 p\u00ebr rajonin, ku Serbia duhet t\u00eb vendos\u00eb n\u00ebse do t\u00eb ndjek\u00eb nj\u00eb rrug\u00eb t\u00eb sinqert\u00eb drejt Evrop\u00ebs, apo do t\u00eb mbetet peng i miteve nacionaliste, refuzimit t\u00eb realitetit t\u00eb Kosov\u00ebs dhe projekteve t\u00eb d\u00ebshtuara hegjemoniste si \u201cbota serbe\u201d<\/p>\n","protected":false},"excerpt":{"rendered":"<p>Prishtin\u00eb, 15 shtator Ivan Videnoviq, profesor n\u00eb Universitetin e Beogradit, ka deklaruar se projekti i madh serbo rus, i ashtuquajtur \u201cBota Serbe\u201d mbetet nj\u00eb frustrim<\/p>\n","protected":false},"author":7,"featured_media":12091,"comment_status":"open","ping_status":"open","sticky":false,"template":"","format":"standard","meta":{"footnotes":""},"categories":[58],"tags":[],"class_list":["post-12090","post","type-post","status-publish","format-standard","has-post-thumbnail","hentry","category-politike-sq"],"yoast_head":"<!-- This site is optimized with the Yoast SEO plugin v25.3.1 - https:\/\/yoast.com\/wordpress\/plugins\/seo\/ -->\n<title>Videnoviq: &#039;Bota serbe&#039; nuk njeh kufijt\u00eb me Kosov\u00ebn, Malin e Zi dhe BeH \u2013 \u00ebsht\u00eb frustrim nacional e i rreziksh\u00ebm -<\/title>\n<meta name=\"robots\" content=\"index, follow, max-snippet:-1, max-image-preview:large, max-video-preview:-1\" \/>\n<link rel=\"canonical\" href=\"https:\/\/veritasinfo.org\/?p=12090\" \/>\n<meta property=\"og:locale\" content=\"en_US\" \/>\n<meta property=\"og:type\" content=\"article\" \/>\n<meta property=\"og:title\" content=\"Videnoviq: &#039;Bota serbe&#039; nuk njeh kufijt\u00eb me Kosov\u00ebn, Malin e Zi dhe BeH \u2013 \u00ebsht\u00eb frustrim nacional e i rreziksh\u00ebm -\" \/>\n<meta property=\"og:description\" content=\"Prishtin\u00eb, 15 shtator Ivan Videnoviq, profesor n\u00eb Universitetin e Beogradit, ka deklaruar se projekti i madh serbo rus, i ashtuquajtur \u201cBota Serbe\u201d mbetet nj\u00eb frustrim\" \/>\n<meta property=\"og:url\" content=\"https:\/\/veritasinfo.org\/?p=12090\" \/>\n<meta property=\"article:published_time\" content=\"2025-09-15T20:29:28+00:00\" \/>\n<meta property=\"og:image\" content=\"https:\/\/veritasinfo.org\/wp-content\/uploads\/2025\/09\/Screenshot-2025-09-15-222841.jpg\" \/>\n\t<meta property=\"og:image:width\" content=\"1172\" \/>\n\t<meta property=\"og:image:height\" content=\"727\" \/>\n\t<meta property=\"og:image:type\" content=\"image\/jpeg\" \/>\n<meta name=\"author\" content=\"US6\" \/>\n<meta name=\"twitter:card\" content=\"summary_large_image\" \/>\n<meta name=\"twitter:label1\" content=\"Written by\" \/>\n\t<meta name=\"twitter:data1\" content=\"US6\" \/>\n\t<meta name=\"twitter:label2\" content=\"Est. reading time\" \/>\n\t<meta name=\"twitter:data2\" content=\"3 minutes\" \/>\n<script type=\"application\/ld+json\" class=\"yoast-schema-graph\">{\"@context\":\"https:\/\/schema.org\",\"@graph\":[{\"@type\":\"WebPage\",\"@id\":\"https:\/\/veritasinfo.org\/?p=12090\",\"url\":\"https:\/\/veritasinfo.org\/?p=12090\",\"name\":\"Videnoviq: 'Bota serbe' nuk njeh kufijt\u00eb me Kosov\u00ebn, Malin e Zi dhe BeH \u2013 \u00ebsht\u00eb frustrim nacional e i rreziksh\u00ebm -\",\"isPartOf\":{\"@id\":\"https:\/\/veritasinfo.org\/#website\"},\"primaryImageOfPage\":{\"@id\":\"https:\/\/veritasinfo.org\/?p=12090#primaryimage\"},\"image\":{\"@id\":\"https:\/\/veritasinfo.org\/?p=12090#primaryimage\"},\"thumbnailUrl\":\"https:\/\/veritasinfo.org\/wp-content\/uploads\/2025\/09\/Screenshot-2025-09-15-222841.jpg\",\"datePublished\":\"2025-09-15T20:29:28+00:00\",\"author\":{\"@id\":\"https:\/\/veritasinfo.org\/#\/schema\/person\/fe199eede04c3937362892b7444747cc\"},\"breadcrumb\":{\"@id\":\"https:\/\/veritasinfo.org\/?p=12090#breadcrumb\"},\"inLanguage\":\"en-US\",\"potentialAction\":[{\"@type\":\"ReadAction\",\"target\":[\"https:\/\/veritasinfo.org\/?p=12090\"]}]},{\"@type\":\"ImageObject\",\"inLanguage\":\"en-US\",\"@id\":\"https:\/\/veritasinfo.org\/?p=12090#primaryimage\",\"url\":\"https:\/\/veritasinfo.org\/wp-content\/uploads\/2025\/09\/Screenshot-2025-09-15-222841.jpg\",\"contentUrl\":\"https:\/\/veritasinfo.org\/wp-content\/uploads\/2025\/09\/Screenshot-2025-09-15-222841.jpg\",\"width\":1172,\"height\":727},{\"@type\":\"BreadcrumbList\",\"@id\":\"https:\/\/veritasinfo.org\/?p=12090#breadcrumb\",\"itemListElement\":[{\"@type\":\"ListItem\",\"position\":1,\"name\":\"Home\",\"item\":\"https:\/\/veritasinfo.org\/\"},{\"@type\":\"ListItem\",\"position\":2,\"name\":\"Videnoviq: &#8216;Bota serbe&#8217; nuk njeh kufijt\u00eb me Kosov\u00ebn, Malin e Zi dhe BeH \u2013 \u00ebsht\u00eb frustrim nacional e i rreziksh\u00ebm\"}]},{\"@type\":\"WebSite\",\"@id\":\"https:\/\/veritasinfo.org\/#website\",\"url\":\"https:\/\/veritasinfo.org\/\",\"name\":\"\",\"description\":\"\",\"potentialAction\":[{\"@type\":\"SearchAction\",\"target\":{\"@type\":\"EntryPoint\",\"urlTemplate\":\"https:\/\/veritasinfo.org\/?s={search_term_string}\"},\"query-input\":{\"@type\":\"PropertyValueSpecification\",\"valueRequired\":true,\"valueName\":\"search_term_string\"}}],\"inLanguage\":\"en-US\"},{\"@type\":\"Person\",\"@id\":\"https:\/\/veritasinfo.org\/#\/schema\/person\/fe199eede04c3937362892b7444747cc\",\"name\":\"US6\",\"image\":{\"@type\":\"ImageObject\",\"inLanguage\":\"en-US\",\"@id\":\"https:\/\/veritasinfo.org\/#\/schema\/person\/image\/\",\"url\":\"https:\/\/secure.gravatar.com\/avatar\/cb16c3c31c9d23b9b8c705964598220b3014e42ff51eb540ff23cefa3ae8c15f?s=96&d=mm&r=g\",\"contentUrl\":\"https:\/\/secure.gravatar.com\/avatar\/cb16c3c31c9d23b9b8c705964598220b3014e42ff51eb540ff23cefa3ae8c15f?s=96&d=mm&r=g\",\"caption\":\"US6\"},\"url\":\"https:\/\/veritasinfo.org\/?author=7\"}]}<\/script>\n<!-- \/ Yoast SEO plugin. -->","yoast_head_json":{"title":"Videnoviq: 'Bota serbe' nuk njeh kufijt\u00eb me Kosov\u00ebn, Malin e Zi dhe BeH \u2013 \u00ebsht\u00eb frustrim nacional e i rreziksh\u00ebm -","robots":{"index":"index","follow":"follow","max-snippet":"max-snippet:-1","max-image-preview":"max-image-preview:large","max-video-preview":"max-video-preview:-1"},"canonical":"https:\/\/veritasinfo.org\/?p=12090","og_locale":"en_US","og_type":"article","og_title":"Videnoviq: 'Bota serbe' nuk njeh kufijt\u00eb me Kosov\u00ebn, Malin e Zi dhe BeH \u2013 \u00ebsht\u00eb frustrim nacional e i rreziksh\u00ebm -","og_description":"Prishtin\u00eb, 15 shtator Ivan Videnoviq, profesor n\u00eb Universitetin e Beogradit, ka deklaruar se projekti i madh serbo rus, i ashtuquajtur \u201cBota Serbe\u201d mbetet nj\u00eb frustrim","og_url":"https:\/\/veritasinfo.org\/?p=12090","article_published_time":"2025-09-15T20:29:28+00:00","og_image":[{"width":1172,"height":727,"url":"https:\/\/veritasinfo.org\/wp-content\/uploads\/2025\/09\/Screenshot-2025-09-15-222841.jpg","type":"image\/jpeg"}],"author":"US6","twitter_card":"summary_large_image","twitter_misc":{"Written by":"US6","Est. reading time":"3 minutes"},"schema":{"@context":"https:\/\/schema.org","@graph":[{"@type":"WebPage","@id":"https:\/\/veritasinfo.org\/?p=12090","url":"https:\/\/veritasinfo.org\/?p=12090","name":"Videnoviq: 'Bota serbe' nuk njeh kufijt\u00eb me Kosov\u00ebn, Malin e Zi dhe BeH \u2013 \u00ebsht\u00eb frustrim nacional e i rreziksh\u00ebm -","isPartOf":{"@id":"https:\/\/veritasinfo.org\/#website"},"primaryImageOfPage":{"@id":"https:\/\/veritasinfo.org\/?p=12090#primaryimage"},"image":{"@id":"https:\/\/veritasinfo.org\/?p=12090#primaryimage"},"thumbnailUrl":"https:\/\/veritasinfo.org\/wp-content\/uploads\/2025\/09\/Screenshot-2025-09-15-222841.jpg","datePublished":"2025-09-15T20:29:28+00:00","author":{"@id":"https:\/\/veritasinfo.org\/#\/schema\/person\/fe199eede04c3937362892b7444747cc"},"breadcrumb":{"@id":"https:\/\/veritasinfo.org\/?p=12090#breadcrumb"},"inLanguage":"en-US","potentialAction":[{"@type":"ReadAction","target":["https:\/\/veritasinfo.org\/?p=12090"]}]},{"@type":"ImageObject","inLanguage":"en-US","@id":"https:\/\/veritasinfo.org\/?p=12090#primaryimage","url":"https:\/\/veritasinfo.org\/wp-content\/uploads\/2025\/09\/Screenshot-2025-09-15-222841.jpg","contentUrl":"https:\/\/veritasinfo.org\/wp-content\/uploads\/2025\/09\/Screenshot-2025-09-15-222841.jpg","width":1172,"height":727},{"@type":"BreadcrumbList","@id":"https:\/\/veritasinfo.org\/?p=12090#breadcrumb","itemListElement":[{"@type":"ListItem","position":1,"name":"Home","item":"https:\/\/veritasinfo.org\/"},{"@type":"ListItem","position":2,"name":"Videnoviq: &#8216;Bota serbe&#8217; nuk njeh kufijt\u00eb me Kosov\u00ebn, Malin e Zi dhe BeH \u2013 \u00ebsht\u00eb frustrim nacional e i rreziksh\u00ebm"}]},{"@type":"WebSite","@id":"https:\/\/veritasinfo.org\/#website","url":"https:\/\/veritasinfo.org\/","name":"","description":"","potentialAction":[{"@type":"SearchAction","target":{"@type":"EntryPoint","urlTemplate":"https:\/\/veritasinfo.org\/?s={search_term_string}"},"query-input":{"@type":"PropertyValueSpecification","valueRequired":true,"valueName":"search_term_string"}}],"inLanguage":"en-US"},{"@type":"Person","@id":"https:\/\/veritasinfo.org\/#\/schema\/person\/fe199eede04c3937362892b7444747cc","name":"US6","image":{"@type":"ImageObject","inLanguage":"en-US","@id":"https:\/\/veritasinfo.org\/#\/schema\/person\/image\/","url":"https:\/\/secure.gravatar.com\/avatar\/cb16c3c31c9d23b9b8c705964598220b3014e42ff51eb540ff23cefa3ae8c15f?s=96&d=mm&r=g","contentUrl":"https:\/\/secure.gravatar.com\/avatar\/cb16c3c31c9d23b9b8c705964598220b3014e42ff51eb540ff23cefa3ae8c15f?s=96&d=mm&r=g","caption":"US6"},"url":"https:\/\/veritasinfo.org\/?author=7"}]}},"featured_image_urls":{"full":["https:\/\/veritasinfo.org\/wp-content\/uploads\/2025\/09\/Screenshot-2025-09-15-222841.jpg",1172,727,false],"thumbnail":["https:\/\/veritasinfo.org\/wp-content\/uploads\/2025\/09\/Screenshot-2025-09-15-222841-150x150.jpg",150,150,true],"medium":["https:\/\/veritasinfo.org\/wp-content\/uploads\/2025\/09\/Screenshot-2025-09-15-222841-300x186.jpg",300,186,true],"medium_large":["https:\/\/veritasinfo.org\/wp-content\/uploads\/2025\/09\/Screenshot-2025-09-15-222841-768x476.jpg",640,397,true],"large":["https:\/\/veritasinfo.org\/wp-content\/uploads\/2025\/09\/Screenshot-2025-09-15-222841-1024x635.jpg",640,397,true],"1536x1536":["https:\/\/veritasinfo.org\/wp-content\/uploads\/2025\/09\/Screenshot-2025-09-15-222841.jpg",1172,727,false],"2048x2048":["https:\/\/veritasinfo.org\/wp-content\/uploads\/2025\/09\/Screenshot-2025-09-15-222841.jpg",1172,727,false],"kreeti-slider-full":["https:\/\/veritasinfo.org\/wp-content\/uploads\/2025\/09\/Screenshot-2025-09-15-222841.jpg",1161,720,false],"kreeti-featured":["https:\/\/veritasinfo.org\/wp-content\/uploads\/2025\/09\/Screenshot-2025-09-15-222841.jpg",1024,635,false],"kreeti-medium":["https:\/\/veritasinfo.org\/wp-content\/uploads\/2025\/09\/Screenshot-2025-09-15-222841.jpg",720,447,false],"kreeti-medium-square":["https:\/\/veritasinfo.org\/wp-content\/uploads\/2025\/09\/Screenshot-2025-09-15-222841.jpg",350,217,false]},"author_info":{"info":["US6"]},"category_info":"<a href=\"https:\/\/veritasinfo.org\/?cat=58\" rel=\"category\">Politik\u00eb<\/a>","tag_info":"Politik\u00eb","comment_count":"0","_links":{"self":[{"href":"https:\/\/veritasinfo.org\/index.php?rest_route=\/wp\/v2\/posts\/12090","targetHints":{"allow":["GET"]}}],"collection":[{"href":"https:\/\/veritasinfo.org\/index.php?rest_route=\/wp\/v2\/posts"}],"about":[{"href":"https:\/\/veritasinfo.org\/index.php?rest_route=\/wp\/v2\/types\/post"}],"author":[{"embeddable":true,"href":"https:\/\/veritasinfo.org\/index.php?rest_route=\/wp\/v2\/users\/7"}],"replies":[{"embeddable":true,"href":"https:\/\/veritasinfo.org\/index.php?rest_route=%2Fwp%2Fv2%2Fcomments&post=12090"}],"version-history":[{"count":1,"href":"https:\/\/veritasinfo.org\/index.php?rest_route=\/wp\/v2\/posts\/12090\/revisions"}],"predecessor-version":[{"id":12092,"href":"https:\/\/veritasinfo.org\/index.php?rest_route=\/wp\/v2\/posts\/12090\/revisions\/12092"}],"wp:featuredmedia":[{"embeddable":true,"href":"https:\/\/veritasinfo.org\/index.php?rest_route=\/wp\/v2\/media\/12091"}],"wp:attachment":[{"href":"https:\/\/veritasinfo.org\/index.php?rest_route=%2Fwp%2Fv2%2Fmedia&parent=12090"}],"wp:term":[{"taxonomy":"category","embeddable":true,"href":"https:\/\/veritasinfo.org\/index.php?rest_route=%2Fwp%2Fv2%2Fcategories&post=12090"},{"taxonomy":"post_tag","embeddable":true,"href":"https:\/\/veritasinfo.org\/index.php?rest_route=%2Fwp%2Fv2%2Ftags&post=12090"}],"curies":[{"name":"wp","href":"https:\/\/api.w.org\/{rel}","templated":true}]}}