{"id":12082,"date":"2025-09-15T20:49:05","date_gmt":"2025-09-15T18:49:05","guid":{"rendered":"https:\/\/veritasinfo.org\/?p=12082"},"modified":"2025-09-15T20:49:05","modified_gmt":"2025-09-15T18:49:05","slug":"nacionalna-garda-ajove-ponovo-potvrdjuje-podrsku-bezbednosnim-snagama-kosova","status":"publish","type":"post","link":"https:\/\/veritasinfo.org\/?p=12082&lang=sr","title":{"rendered":"Nacionalna garda Ajove ponovo potvr\u0111uje podr\u0161ku Bezbednosnim snagama Kosova"},"content":{"rendered":"<p data-start=\"54\" data-end=\"163\">Pri\u0161tina, 15. septembar<\/p>\n<p data-start=\"165\" data-end=\"369\">Komandant Bezbednosnih snaga Kosova (BSK), general-potpukovnik Ba\u0161kim Ja\u0161ari, primio je u zvani\u010dnu posetu general-majora Stivena Ozborna (Stephen Osborn), generalnog a\u0111utanta Nacionalne garde Ajove (NGA).<\/p>\n<p data-start=\"371\" data-end=\"563\">Ja\u0161ari je gostu predstavio trenutne aktivnosti BSK-a, pripreme za validaciju, kao i visoke ocene i nau\u010dene lekcije nakon zajedni\u010dke obuke sprovedene u JRTC-u (Joint Readiness Training Center).<\/p>\n<p data-start=\"565\" data-end=\"721\">Sa druge strane, BSK navodi da je general Ozborn izrazio zadovoljstvo dosada\u0161njom saradnjom i zajedni\u010dkim aktivnostima, kao i planiranjem budu\u0107ih projekata.<\/p>\n<p data-start=\"723\" data-end=\"1183\">\u201eTako\u0111e, visoko je ocenjena odli\u010dna saradnja u okviru Programa dr\u017eavnog partnerstva izme\u0111u Kosova i Ajove, konkretno izme\u0111u BSK-a i NGA-e, kao pri\u010da o uspehu jednog plodonosnog partnerstva koje je nedavno podignuto na vi\u0161i nivo kroz trogodi\u0161nje zajedni\u010dko planiranje. General Ozborn je izrazio zahvalnost generalu Ja\u0161ariju i osoblju BSK-a na toplom prijemu, isti\u010du\u0107i zadovoljstvo vidljivim napretkom koji se ostvaruje u svim oblastima\u201c, navodi se u saop\u0161tenju.<\/p>\n<p data-start=\"1185\" data-end=\"1433\">Prema BSK-u, visoki zvani\u010dnik Nacionalne garde Ajove ponovo je potvrdio svoju \u010dvrstu podr\u0161ku na putu ka ostvarenju strate\u0161kih ciljeva i razvoju operativnih kapaciteta Bezbednosnih snaga Kosova, u ispunjavanju njihovih ustavnih i zakonskih zadataka.<\/p>\n<p data-start=\"1435\" data-end=\"1610\">\u201ePrema zajedni\u010dkoj agendi, general-potpukovnik Ja\u0161ari i general-major Ozborn u\u010destvova\u0107e na konferenciji Jadranske povelje A-5, koja \u0107e se odr\u017eati u Tirani\u201c, saop\u0161tila je BSK.<\/p>\n","protected":false},"excerpt":{"rendered":"<p>Pri\u0161tina, 15. septembar Komandant Bezbednosnih snaga Kosova (BSK), general-potpukovnik Ba\u0161kim Ja\u0161ari, primio je u zvani\u010dnu posetu general-majora Stivena Ozborna (Stephen Osborn), generalnog a\u0111utanta Nacionalne garde<\/p>\n","protected":false},"author":7,"featured_media":12080,"comment_status":"open","ping_status":"open","sticky":false,"template":"","format":"standard","meta":{"footnotes":""},"categories":[28],"tags":[],"class_list":["post-12082","post","type-post","status-publish","format-standard","has-post-thumbnail","hentry","category-politika"],"yoast_head":"<!-- This site is optimized with the Yoast SEO plugin v25.3.1 - https:\/\/yoast.com\/wordpress\/plugins\/seo\/ -->\n<title>Nacionalna garda Ajove ponovo potvr\u0111uje podr\u0161ku Bezbednosnim snagama Kosova -<\/title>\n<meta name=\"robots\" content=\"index, follow, max-snippet:-1, max-image-preview:large, max-video-preview:-1\" \/>\n<link rel=\"canonical\" href=\"https:\/\/veritasinfo.org\/?p=12082&lang=sr\" \/>\n<meta property=\"og:locale\" content=\"en_US\" \/>\n<meta property=\"og:type\" content=\"article\" \/>\n<meta property=\"og:title\" content=\"Nacionalna garda Ajove ponovo potvr\u0111uje podr\u0161ku Bezbednosnim snagama Kosova -\" \/>\n<meta property=\"og:description\" content=\"Pri\u0161tina, 15. septembar Komandant Bezbednosnih snaga Kosova (BSK), general-potpukovnik Ba\u0161kim Ja\u0161ari, primio je u zvani\u010dnu posetu general-majora Stivena Ozborna (Stephen Osborn), generalnog a\u0111utanta Nacionalne garde\" \/>\n<meta property=\"og:url\" content=\"https:\/\/veritasinfo.org\/?p=12082&amp;lang=sr\" \/>\n<meta property=\"article:published_time\" content=\"2025-09-15T18:49:05+00:00\" \/>\n<meta property=\"og:image\" content=\"https:\/\/veritasinfo.org\/wp-content\/uploads\/2025\/09\/FSK_3.png\" \/>\n\t<meta property=\"og:image:width\" content=\"1248\" \/>\n\t<meta property=\"og:image:height\" content=\"752\" \/>\n\t<meta property=\"og:image:type\" content=\"image\/png\" \/>\n<meta name=\"author\" content=\"US6\" \/>\n<meta name=\"twitter:card\" content=\"summary_large_image\" \/>\n<meta name=\"twitter:label1\" content=\"Written by\" \/>\n\t<meta name=\"twitter:data1\" content=\"US6\" \/>\n\t<meta name=\"twitter:label2\" content=\"Est. reading time\" \/>\n\t<meta name=\"twitter:data2\" content=\"2 minutes\" \/>\n<script type=\"application\/ld+json\" class=\"yoast-schema-graph\">{\"@context\":\"https:\/\/schema.org\",\"@graph\":[{\"@type\":\"WebPage\",\"@id\":\"https:\/\/veritasinfo.org\/?p=12082&lang=sr\",\"url\":\"https:\/\/veritasinfo.org\/?p=12082&lang=sr\",\"name\":\"Nacionalna garda Ajove ponovo potvr\u0111uje podr\u0161ku Bezbednosnim snagama Kosova -\",\"isPartOf\":{\"@id\":\"https:\/\/veritasinfo.org\/#website\"},\"primaryImageOfPage\":{\"@id\":\"https:\/\/veritasinfo.org\/?p=12082&lang=sr#primaryimage\"},\"image\":{\"@id\":\"https:\/\/veritasinfo.org\/?p=12082&lang=sr#primaryimage\"},\"thumbnailUrl\":\"https:\/\/veritasinfo.org\/wp-content\/uploads\/2025\/09\/FSK_3.png\",\"datePublished\":\"2025-09-15T18:49:05+00:00\",\"author\":{\"@id\":\"https:\/\/veritasinfo.org\/#\/schema\/person\/fe199eede04c3937362892b7444747cc\"},\"breadcrumb\":{\"@id\":\"https:\/\/veritasinfo.org\/?p=12082&lang=sr#breadcrumb\"},\"inLanguage\":\"en-US\",\"potentialAction\":[{\"@type\":\"ReadAction\",\"target\":[\"https:\/\/veritasinfo.org\/?p=12082&lang=sr\"]}]},{\"@type\":\"ImageObject\",\"inLanguage\":\"en-US\",\"@id\":\"https:\/\/veritasinfo.org\/?p=12082&lang=sr#primaryimage\",\"url\":\"https:\/\/veritasinfo.org\/wp-content\/uploads\/2025\/09\/FSK_3.png\",\"contentUrl\":\"https:\/\/veritasinfo.org\/wp-content\/uploads\/2025\/09\/FSK_3.png\",\"width\":1248,\"height\":752},{\"@type\":\"BreadcrumbList\",\"@id\":\"https:\/\/veritasinfo.org\/?p=12082&lang=sr#breadcrumb\",\"itemListElement\":[{\"@type\":\"ListItem\",\"position\":1,\"name\":\"Home\",\"item\":\"https:\/\/veritasinfo.org\/\"},{\"@type\":\"ListItem\",\"position\":2,\"name\":\"Nacionalna garda Ajove ponovo potvr\u0111uje podr\u0161ku Bezbednosnim snagama Kosova\"}]},{\"@type\":\"WebSite\",\"@id\":\"https:\/\/veritasinfo.org\/#website\",\"url\":\"https:\/\/veritasinfo.org\/\",\"name\":\"\",\"description\":\"\",\"potentialAction\":[{\"@type\":\"SearchAction\",\"target\":{\"@type\":\"EntryPoint\",\"urlTemplate\":\"https:\/\/veritasinfo.org\/?s={search_term_string}\"},\"query-input\":{\"@type\":\"PropertyValueSpecification\",\"valueRequired\":true,\"valueName\":\"search_term_string\"}}],\"inLanguage\":\"en-US\"},{\"@type\":\"Person\",\"@id\":\"https:\/\/veritasinfo.org\/#\/schema\/person\/fe199eede04c3937362892b7444747cc\",\"name\":\"US6\",\"image\":{\"@type\":\"ImageObject\",\"inLanguage\":\"en-US\",\"@id\":\"https:\/\/veritasinfo.org\/#\/schema\/person\/image\/\",\"url\":\"https:\/\/secure.gravatar.com\/avatar\/cb16c3c31c9d23b9b8c705964598220b3014e42ff51eb540ff23cefa3ae8c15f?s=96&d=mm&r=g\",\"contentUrl\":\"https:\/\/secure.gravatar.com\/avatar\/cb16c3c31c9d23b9b8c705964598220b3014e42ff51eb540ff23cefa3ae8c15f?s=96&d=mm&r=g\",\"caption\":\"US6\"},\"url\":\"https:\/\/veritasinfo.org\/?author=7\"}]}<\/script>\n<!-- \/ Yoast SEO plugin. -->","yoast_head_json":{"title":"Nacionalna garda Ajove ponovo potvr\u0111uje podr\u0161ku Bezbednosnim snagama Kosova -","robots":{"index":"index","follow":"follow","max-snippet":"max-snippet:-1","max-image-preview":"max-image-preview:large","max-video-preview":"max-video-preview:-1"},"canonical":"https:\/\/veritasinfo.org\/?p=12082&lang=sr","og_locale":"en_US","og_type":"article","og_title":"Nacionalna garda Ajove ponovo potvr\u0111uje podr\u0161ku Bezbednosnim snagama Kosova -","og_description":"Pri\u0161tina, 15. septembar Komandant Bezbednosnih snaga Kosova (BSK), general-potpukovnik Ba\u0161kim Ja\u0161ari, primio je u zvani\u010dnu posetu general-majora Stivena Ozborna (Stephen Osborn), generalnog a\u0111utanta Nacionalne garde","og_url":"https:\/\/veritasinfo.org\/?p=12082&lang=sr","article_published_time":"2025-09-15T18:49:05+00:00","og_image":[{"width":1248,"height":752,"url":"https:\/\/veritasinfo.org\/wp-content\/uploads\/2025\/09\/FSK_3.png","type":"image\/png"}],"author":"US6","twitter_card":"summary_large_image","twitter_misc":{"Written by":"US6","Est. reading time":"2 minutes"},"schema":{"@context":"https:\/\/schema.org","@graph":[{"@type":"WebPage","@id":"https:\/\/veritasinfo.org\/?p=12082&lang=sr","url":"https:\/\/veritasinfo.org\/?p=12082&lang=sr","name":"Nacionalna garda Ajove ponovo potvr\u0111uje podr\u0161ku Bezbednosnim snagama Kosova -","isPartOf":{"@id":"https:\/\/veritasinfo.org\/#website"},"primaryImageOfPage":{"@id":"https:\/\/veritasinfo.org\/?p=12082&lang=sr#primaryimage"},"image":{"@id":"https:\/\/veritasinfo.org\/?p=12082&lang=sr#primaryimage"},"thumbnailUrl":"https:\/\/veritasinfo.org\/wp-content\/uploads\/2025\/09\/FSK_3.png","datePublished":"2025-09-15T18:49:05+00:00","author":{"@id":"https:\/\/veritasinfo.org\/#\/schema\/person\/fe199eede04c3937362892b7444747cc"},"breadcrumb":{"@id":"https:\/\/veritasinfo.org\/?p=12082&lang=sr#breadcrumb"},"inLanguage":"en-US","potentialAction":[{"@type":"ReadAction","target":["https:\/\/veritasinfo.org\/?p=12082&lang=sr"]}]},{"@type":"ImageObject","inLanguage":"en-US","@id":"https:\/\/veritasinfo.org\/?p=12082&lang=sr#primaryimage","url":"https:\/\/veritasinfo.org\/wp-content\/uploads\/2025\/09\/FSK_3.png","contentUrl":"https:\/\/veritasinfo.org\/wp-content\/uploads\/2025\/09\/FSK_3.png","width":1248,"height":752},{"@type":"BreadcrumbList","@id":"https:\/\/veritasinfo.org\/?p=12082&lang=sr#breadcrumb","itemListElement":[{"@type":"ListItem","position":1,"name":"Home","item":"https:\/\/veritasinfo.org\/"},{"@type":"ListItem","position":2,"name":"Nacionalna garda Ajove ponovo potvr\u0111uje podr\u0161ku Bezbednosnim snagama Kosova"}]},{"@type":"WebSite","@id":"https:\/\/veritasinfo.org\/#website","url":"https:\/\/veritasinfo.org\/","name":"","description":"","potentialAction":[{"@type":"SearchAction","target":{"@type":"EntryPoint","urlTemplate":"https:\/\/veritasinfo.org\/?s={search_term_string}"},"query-input":{"@type":"PropertyValueSpecification","valueRequired":true,"valueName":"search_term_string"}}],"inLanguage":"en-US"},{"@type":"Person","@id":"https:\/\/veritasinfo.org\/#\/schema\/person\/fe199eede04c3937362892b7444747cc","name":"US6","image":{"@type":"ImageObject","inLanguage":"en-US","@id":"https:\/\/veritasinfo.org\/#\/schema\/person\/image\/","url":"https:\/\/secure.gravatar.com\/avatar\/cb16c3c31c9d23b9b8c705964598220b3014e42ff51eb540ff23cefa3ae8c15f?s=96&d=mm&r=g","contentUrl":"https:\/\/secure.gravatar.com\/avatar\/cb16c3c31c9d23b9b8c705964598220b3014e42ff51eb540ff23cefa3ae8c15f?s=96&d=mm&r=g","caption":"US6"},"url":"https:\/\/veritasinfo.org\/?author=7"}]}},"featured_image_urls":{"full":["https:\/\/veritasinfo.org\/wp-content\/uploads\/2025\/09\/FSK_3.png",1248,752,false],"thumbnail":["https:\/\/veritasinfo.org\/wp-content\/uploads\/2025\/09\/FSK_3-150x150.png",150,150,true],"medium":["https:\/\/veritasinfo.org\/wp-content\/uploads\/2025\/09\/FSK_3-300x181.png",300,181,true],"medium_large":["https:\/\/veritasinfo.org\/wp-content\/uploads\/2025\/09\/FSK_3-768x463.png",640,386,true],"large":["https:\/\/veritasinfo.org\/wp-content\/uploads\/2025\/09\/FSK_3-1024x617.png",640,386,true],"1536x1536":["https:\/\/veritasinfo.org\/wp-content\/uploads\/2025\/09\/FSK_3.png",1248,752,false],"2048x2048":["https:\/\/veritasinfo.org\/wp-content\/uploads\/2025\/09\/FSK_3.png",1248,752,false],"kreeti-slider-full":["https:\/\/veritasinfo.org\/wp-content\/uploads\/2025\/09\/FSK_3.png",1195,720,false],"kreeti-featured":["https:\/\/veritasinfo.org\/wp-content\/uploads\/2025\/09\/FSK_3.png",1024,617,false],"kreeti-medium":["https:\/\/veritasinfo.org\/wp-content\/uploads\/2025\/09\/FSK_3.png",720,434,false],"kreeti-medium-square":["https:\/\/veritasinfo.org\/wp-content\/uploads\/2025\/09\/FSK_3.png",350,211,false]},"author_info":{"info":["US6"]},"category_info":"<a href=\"https:\/\/veritasinfo.org\/?cat=28&#038;lang=sr\" rel=\"category\">Politika<\/a>","tag_info":"Politika","comment_count":"0","_links":{"self":[{"href":"https:\/\/veritasinfo.org\/index.php?rest_route=\/wp\/v2\/posts\/12082","targetHints":{"allow":["GET"]}}],"collection":[{"href":"https:\/\/veritasinfo.org\/index.php?rest_route=\/wp\/v2\/posts"}],"about":[{"href":"https:\/\/veritasinfo.org\/index.php?rest_route=\/wp\/v2\/types\/post"}],"author":[{"embeddable":true,"href":"https:\/\/veritasinfo.org\/index.php?rest_route=\/wp\/v2\/users\/7"}],"replies":[{"embeddable":true,"href":"https:\/\/veritasinfo.org\/index.php?rest_route=%2Fwp%2Fv2%2Fcomments&post=12082"}],"version-history":[{"count":1,"href":"https:\/\/veritasinfo.org\/index.php?rest_route=\/wp\/v2\/posts\/12082\/revisions"}],"predecessor-version":[{"id":12083,"href":"https:\/\/veritasinfo.org\/index.php?rest_route=\/wp\/v2\/posts\/12082\/revisions\/12083"}],"wp:featuredmedia":[{"embeddable":true,"href":"https:\/\/veritasinfo.org\/index.php?rest_route=\/wp\/v2\/media\/12080"}],"wp:attachment":[{"href":"https:\/\/veritasinfo.org\/index.php?rest_route=%2Fwp%2Fv2%2Fmedia&parent=12082"}],"wp:term":[{"taxonomy":"category","embeddable":true,"href":"https:\/\/veritasinfo.org\/index.php?rest_route=%2Fwp%2Fv2%2Fcategories&post=12082"},{"taxonomy":"post_tag","embeddable":true,"href":"https:\/\/veritasinfo.org\/index.php?rest_route=%2Fwp%2Fv2%2Ftags&post=12082"}],"curies":[{"name":"wp","href":"https:\/\/api.w.org\/{rel}","templated":true}]}}