{"id":12063,"date":"2025-09-15T18:34:20","date_gmt":"2025-09-15T16:34:20","guid":{"rendered":"https:\/\/veritasinfo.org\/?p=12063"},"modified":"2025-09-15T18:34:20","modified_gmt":"2025-09-15T16:34:20","slug":"presidentja-osmani-pret-ne-takim-ambasadorin-e-frances-olivier-guerot","status":"publish","type":"post","link":"https:\/\/veritasinfo.org\/?p=12063","title":{"rendered":"Presidentja Osmani pret n\u00eb takim ambasadorin e Franc\u00ebs, Olivier Gu\u00e9rot"},"content":{"rendered":"<p>Prishtin\u00eb, 15 shtator 2025<\/p>\n<p>Presidentja e Republik\u00ebs s\u00eb Kosov\u00ebs, Vjosa Osmani, ka pritur sot n\u00eb takim ambasadorin e Franc\u00ebs n\u00eb Kosov\u00eb, Olivier Gu\u00e9rot.<\/p>\n<p>N\u00eb njoftim thuhet se gjat\u00eb takimit u diskutuan zhvillimet e fundit politike n\u00eb vend, r\u00ebnd\u00ebsia e funksionalizimit t\u00eb plot\u00eb t\u00eb institucioneve t\u00eb Kosov\u00ebs n\u00eb p\u00ebrputhje me Kushtetut\u00ebn, si dhe marr\u00ebdh\u00ebniet bilaterale nd\u00ebrmjet Kosov\u00ebs dhe Franc\u00ebs.<\/p>\n<p>N\u00eb prag t\u00eb Samitit t\u00eb lider\u00ebve t\u00eb Komunitetit Politik Evropian q\u00eb do t\u00eb mbahet n\u00eb Kopenhag\u00eb, Presidentja Osmani dhe ambasadori Gu\u00e9rot biseduan p\u00ebr takimet q\u00eb pritet t\u00eb zhvillohen gjat\u00eb samitit, si dhe p\u00ebr koordinimin rreth \u00e7\u00ebshtjeve q\u00eb do t\u00eb trajtohen.<\/p>\n<p>Presidentja Osmani theksoi p\u00ebrkushtimin e saj p\u00ebr forcimin e bashk\u00ebpunimit me Franc\u00ebn, ve\u00e7an\u00ebrisht n\u00eb fush\u00ebn e siguris\u00eb.<\/p>\n<p>&nbsp;<\/p>\n","protected":false},"excerpt":{"rendered":"<p>Prishtin\u00eb, 15 shtator 2025 Presidentja e Republik\u00ebs s\u00eb Kosov\u00ebs, Vjosa Osmani, ka pritur sot n\u00eb takim ambasadorin e Franc\u00ebs n\u00eb Kosov\u00eb, Olivier Gu\u00e9rot. N\u00eb njoftim<\/p>\n","protected":false},"author":7,"featured_media":12064,"comment_status":"open","ping_status":"open","sticky":false,"template":"","format":"standard","meta":{"footnotes":""},"categories":[58],"tags":[],"class_list":["post-12063","post","type-post","status-publish","format-standard","has-post-thumbnail","hentry","category-politike-sq"],"yoast_head":"<!-- This site is optimized with the Yoast SEO plugin v25.3.1 - https:\/\/yoast.com\/wordpress\/plugins\/seo\/ -->\n<title>Presidentja Osmani pret n\u00eb takim ambasadorin e Franc\u00ebs, Olivier Gu\u00e9rot -<\/title>\n<meta name=\"robots\" content=\"index, follow, max-snippet:-1, max-image-preview:large, max-video-preview:-1\" \/>\n<link rel=\"canonical\" href=\"https:\/\/veritasinfo.org\/?p=12063\" \/>\n<meta property=\"og:locale\" content=\"en_US\" \/>\n<meta property=\"og:type\" content=\"article\" \/>\n<meta property=\"og:title\" content=\"Presidentja Osmani pret n\u00eb takim ambasadorin e Franc\u00ebs, Olivier Gu\u00e9rot -\" \/>\n<meta property=\"og:description\" content=\"Prishtin\u00eb, 15 shtator 2025 Presidentja e Republik\u00ebs s\u00eb Kosov\u00ebs, Vjosa Osmani, ka pritur sot n\u00eb takim ambasadorin e Franc\u00ebs n\u00eb Kosov\u00eb, Olivier Gu\u00e9rot. N\u00eb njoftim\" \/>\n<meta property=\"og:url\" content=\"https:\/\/veritasinfo.org\/?p=12063\" \/>\n<meta property=\"article:published_time\" content=\"2025-09-15T16:34:20+00:00\" \/>\n<meta property=\"og:image\" content=\"https:\/\/veritasinfo.org\/wp-content\/uploads\/2025\/09\/547426468_826303890058268_6007698633620642177_n.jpg\" \/>\n\t<meta property=\"og:image:width\" content=\"2048\" \/>\n\t<meta property=\"og:image:height\" content=\"1430\" \/>\n\t<meta property=\"og:image:type\" content=\"image\/jpeg\" \/>\n<meta name=\"author\" content=\"US6\" \/>\n<meta name=\"twitter:card\" content=\"summary_large_image\" \/>\n<meta name=\"twitter:label1\" content=\"Written by\" \/>\n\t<meta name=\"twitter:data1\" content=\"US6\" \/>\n\t<meta name=\"twitter:label2\" content=\"Est. reading time\" \/>\n\t<meta name=\"twitter:data2\" content=\"1 minute\" \/>\n<script type=\"application\/ld+json\" class=\"yoast-schema-graph\">{\"@context\":\"https:\/\/schema.org\",\"@graph\":[{\"@type\":\"WebPage\",\"@id\":\"https:\/\/veritasinfo.org\/?p=12063\",\"url\":\"https:\/\/veritasinfo.org\/?p=12063\",\"name\":\"Presidentja Osmani pret n\u00eb takim ambasadorin e Franc\u00ebs, Olivier Gu\u00e9rot -\",\"isPartOf\":{\"@id\":\"https:\/\/veritasinfo.org\/#website\"},\"primaryImageOfPage\":{\"@id\":\"https:\/\/veritasinfo.org\/?p=12063#primaryimage\"},\"image\":{\"@id\":\"https:\/\/veritasinfo.org\/?p=12063#primaryimage\"},\"thumbnailUrl\":\"https:\/\/veritasinfo.org\/wp-content\/uploads\/2025\/09\/547426468_826303890058268_6007698633620642177_n.jpg\",\"datePublished\":\"2025-09-15T16:34:20+00:00\",\"author\":{\"@id\":\"https:\/\/veritasinfo.org\/#\/schema\/person\/fe199eede04c3937362892b7444747cc\"},\"breadcrumb\":{\"@id\":\"https:\/\/veritasinfo.org\/?p=12063#breadcrumb\"},\"inLanguage\":\"en-US\",\"potentialAction\":[{\"@type\":\"ReadAction\",\"target\":[\"https:\/\/veritasinfo.org\/?p=12063\"]}]},{\"@type\":\"ImageObject\",\"inLanguage\":\"en-US\",\"@id\":\"https:\/\/veritasinfo.org\/?p=12063#primaryimage\",\"url\":\"https:\/\/veritasinfo.org\/wp-content\/uploads\/2025\/09\/547426468_826303890058268_6007698633620642177_n.jpg\",\"contentUrl\":\"https:\/\/veritasinfo.org\/wp-content\/uploads\/2025\/09\/547426468_826303890058268_6007698633620642177_n.jpg\",\"width\":2048,\"height\":1430},{\"@type\":\"BreadcrumbList\",\"@id\":\"https:\/\/veritasinfo.org\/?p=12063#breadcrumb\",\"itemListElement\":[{\"@type\":\"ListItem\",\"position\":1,\"name\":\"Home\",\"item\":\"https:\/\/veritasinfo.org\/\"},{\"@type\":\"ListItem\",\"position\":2,\"name\":\"Presidentja Osmani pret n\u00eb takim ambasadorin e Franc\u00ebs, Olivier Gu\u00e9rot\"}]},{\"@type\":\"WebSite\",\"@id\":\"https:\/\/veritasinfo.org\/#website\",\"url\":\"https:\/\/veritasinfo.org\/\",\"name\":\"\",\"description\":\"\",\"potentialAction\":[{\"@type\":\"SearchAction\",\"target\":{\"@type\":\"EntryPoint\",\"urlTemplate\":\"https:\/\/veritasinfo.org\/?s={search_term_string}\"},\"query-input\":{\"@type\":\"PropertyValueSpecification\",\"valueRequired\":true,\"valueName\":\"search_term_string\"}}],\"inLanguage\":\"en-US\"},{\"@type\":\"Person\",\"@id\":\"https:\/\/veritasinfo.org\/#\/schema\/person\/fe199eede04c3937362892b7444747cc\",\"name\":\"US6\",\"image\":{\"@type\":\"ImageObject\",\"inLanguage\":\"en-US\",\"@id\":\"https:\/\/veritasinfo.org\/#\/schema\/person\/image\/\",\"url\":\"https:\/\/secure.gravatar.com\/avatar\/cb16c3c31c9d23b9b8c705964598220b3014e42ff51eb540ff23cefa3ae8c15f?s=96&d=mm&r=g\",\"contentUrl\":\"https:\/\/secure.gravatar.com\/avatar\/cb16c3c31c9d23b9b8c705964598220b3014e42ff51eb540ff23cefa3ae8c15f?s=96&d=mm&r=g\",\"caption\":\"US6\"},\"url\":\"https:\/\/veritasinfo.org\/?author=7\"}]}<\/script>\n<!-- \/ Yoast SEO plugin. -->","yoast_head_json":{"title":"Presidentja Osmani pret n\u00eb takim ambasadorin e Franc\u00ebs, Olivier Gu\u00e9rot -","robots":{"index":"index","follow":"follow","max-snippet":"max-snippet:-1","max-image-preview":"max-image-preview:large","max-video-preview":"max-video-preview:-1"},"canonical":"https:\/\/veritasinfo.org\/?p=12063","og_locale":"en_US","og_type":"article","og_title":"Presidentja Osmani pret n\u00eb takim ambasadorin e Franc\u00ebs, Olivier Gu\u00e9rot -","og_description":"Prishtin\u00eb, 15 shtator 2025 Presidentja e Republik\u00ebs s\u00eb Kosov\u00ebs, Vjosa Osmani, ka pritur sot n\u00eb takim ambasadorin e Franc\u00ebs n\u00eb Kosov\u00eb, Olivier Gu\u00e9rot. N\u00eb njoftim","og_url":"https:\/\/veritasinfo.org\/?p=12063","article_published_time":"2025-09-15T16:34:20+00:00","og_image":[{"width":2048,"height":1430,"url":"https:\/\/veritasinfo.org\/wp-content\/uploads\/2025\/09\/547426468_826303890058268_6007698633620642177_n.jpg","type":"image\/jpeg"}],"author":"US6","twitter_card":"summary_large_image","twitter_misc":{"Written by":"US6","Est. reading time":"1 minute"},"schema":{"@context":"https:\/\/schema.org","@graph":[{"@type":"WebPage","@id":"https:\/\/veritasinfo.org\/?p=12063","url":"https:\/\/veritasinfo.org\/?p=12063","name":"Presidentja Osmani pret n\u00eb takim ambasadorin e Franc\u00ebs, Olivier Gu\u00e9rot -","isPartOf":{"@id":"https:\/\/veritasinfo.org\/#website"},"primaryImageOfPage":{"@id":"https:\/\/veritasinfo.org\/?p=12063#primaryimage"},"image":{"@id":"https:\/\/veritasinfo.org\/?p=12063#primaryimage"},"thumbnailUrl":"https:\/\/veritasinfo.org\/wp-content\/uploads\/2025\/09\/547426468_826303890058268_6007698633620642177_n.jpg","datePublished":"2025-09-15T16:34:20+00:00","author":{"@id":"https:\/\/veritasinfo.org\/#\/schema\/person\/fe199eede04c3937362892b7444747cc"},"breadcrumb":{"@id":"https:\/\/veritasinfo.org\/?p=12063#breadcrumb"},"inLanguage":"en-US","potentialAction":[{"@type":"ReadAction","target":["https:\/\/veritasinfo.org\/?p=12063"]}]},{"@type":"ImageObject","inLanguage":"en-US","@id":"https:\/\/veritasinfo.org\/?p=12063#primaryimage","url":"https:\/\/veritasinfo.org\/wp-content\/uploads\/2025\/09\/547426468_826303890058268_6007698633620642177_n.jpg","contentUrl":"https:\/\/veritasinfo.org\/wp-content\/uploads\/2025\/09\/547426468_826303890058268_6007698633620642177_n.jpg","width":2048,"height":1430},{"@type":"BreadcrumbList","@id":"https:\/\/veritasinfo.org\/?p=12063#breadcrumb","itemListElement":[{"@type":"ListItem","position":1,"name":"Home","item":"https:\/\/veritasinfo.org\/"},{"@type":"ListItem","position":2,"name":"Presidentja Osmani pret n\u00eb takim ambasadorin e Franc\u00ebs, Olivier Gu\u00e9rot"}]},{"@type":"WebSite","@id":"https:\/\/veritasinfo.org\/#website","url":"https:\/\/veritasinfo.org\/","name":"","description":"","potentialAction":[{"@type":"SearchAction","target":{"@type":"EntryPoint","urlTemplate":"https:\/\/veritasinfo.org\/?s={search_term_string}"},"query-input":{"@type":"PropertyValueSpecification","valueRequired":true,"valueName":"search_term_string"}}],"inLanguage":"en-US"},{"@type":"Person","@id":"https:\/\/veritasinfo.org\/#\/schema\/person\/fe199eede04c3937362892b7444747cc","name":"US6","image":{"@type":"ImageObject","inLanguage":"en-US","@id":"https:\/\/veritasinfo.org\/#\/schema\/person\/image\/","url":"https:\/\/secure.gravatar.com\/avatar\/cb16c3c31c9d23b9b8c705964598220b3014e42ff51eb540ff23cefa3ae8c15f?s=96&d=mm&r=g","contentUrl":"https:\/\/secure.gravatar.com\/avatar\/cb16c3c31c9d23b9b8c705964598220b3014e42ff51eb540ff23cefa3ae8c15f?s=96&d=mm&r=g","caption":"US6"},"url":"https:\/\/veritasinfo.org\/?author=7"}]}},"featured_image_urls":{"full":["https:\/\/veritasinfo.org\/wp-content\/uploads\/2025\/09\/547426468_826303890058268_6007698633620642177_n.jpg",2048,1430,false],"thumbnail":["https:\/\/veritasinfo.org\/wp-content\/uploads\/2025\/09\/547426468_826303890058268_6007698633620642177_n-150x150.jpg",150,150,true],"medium":["https:\/\/veritasinfo.org\/wp-content\/uploads\/2025\/09\/547426468_826303890058268_6007698633620642177_n-300x209.jpg",300,209,true],"medium_large":["https:\/\/veritasinfo.org\/wp-content\/uploads\/2025\/09\/547426468_826303890058268_6007698633620642177_n-768x536.jpg",640,447,true],"large":["https:\/\/veritasinfo.org\/wp-content\/uploads\/2025\/09\/547426468_826303890058268_6007698633620642177_n-1024x715.jpg",640,447,true],"1536x1536":["https:\/\/veritasinfo.org\/wp-content\/uploads\/2025\/09\/547426468_826303890058268_6007698633620642177_n-1536x1073.jpg",1536,1073,true],"2048x2048":["https:\/\/veritasinfo.org\/wp-content\/uploads\/2025\/09\/547426468_826303890058268_6007698633620642177_n.jpg",2048,1430,false],"kreeti-slider-full":["https:\/\/veritasinfo.org\/wp-content\/uploads\/2025\/09\/547426468_826303890058268_6007698633620642177_n.jpg",1031,720,false],"kreeti-featured":["https:\/\/veritasinfo.org\/wp-content\/uploads\/2025\/09\/547426468_826303890058268_6007698633620642177_n.jpg",1024,715,false],"kreeti-medium":["https:\/\/veritasinfo.org\/wp-content\/uploads\/2025\/09\/547426468_826303890058268_6007698633620642177_n.jpg",720,503,false],"kreeti-medium-square":["https:\/\/veritasinfo.org\/wp-content\/uploads\/2025\/09\/547426468_826303890058268_6007698633620642177_n.jpg",350,244,false]},"author_info":{"info":["US6"]},"category_info":"<a href=\"https:\/\/veritasinfo.org\/?cat=58\" rel=\"category\">Politik\u00eb<\/a>","tag_info":"Politik\u00eb","comment_count":"0","_links":{"self":[{"href":"https:\/\/veritasinfo.org\/index.php?rest_route=\/wp\/v2\/posts\/12063","targetHints":{"allow":["GET"]}}],"collection":[{"href":"https:\/\/veritasinfo.org\/index.php?rest_route=\/wp\/v2\/posts"}],"about":[{"href":"https:\/\/veritasinfo.org\/index.php?rest_route=\/wp\/v2\/types\/post"}],"author":[{"embeddable":true,"href":"https:\/\/veritasinfo.org\/index.php?rest_route=\/wp\/v2\/users\/7"}],"replies":[{"embeddable":true,"href":"https:\/\/veritasinfo.org\/index.php?rest_route=%2Fwp%2Fv2%2Fcomments&post=12063"}],"version-history":[{"count":1,"href":"https:\/\/veritasinfo.org\/index.php?rest_route=\/wp\/v2\/posts\/12063\/revisions"}],"predecessor-version":[{"id":12065,"href":"https:\/\/veritasinfo.org\/index.php?rest_route=\/wp\/v2\/posts\/12063\/revisions\/12065"}],"wp:featuredmedia":[{"embeddable":true,"href":"https:\/\/veritasinfo.org\/index.php?rest_route=\/wp\/v2\/media\/12064"}],"wp:attachment":[{"href":"https:\/\/veritasinfo.org\/index.php?rest_route=%2Fwp%2Fv2%2Fmedia&parent=12063"}],"wp:term":[{"taxonomy":"category","embeddable":true,"href":"https:\/\/veritasinfo.org\/index.php?rest_route=%2Fwp%2Fv2%2Fcategories&post=12063"},{"taxonomy":"post_tag","embeddable":true,"href":"https:\/\/veritasinfo.org\/index.php?rest_route=%2Fwp%2Fv2%2Ftags&post=12063"}],"curies":[{"name":"wp","href":"https:\/\/api.w.org\/{rel}","templated":true}]}}