{"id":12054,"date":"2025-09-15T16:48:07","date_gmt":"2025-09-15T14:48:07","guid":{"rendered":"https:\/\/veritasinfo.org\/?p=12054"},"modified":"2025-09-15T16:48:07","modified_gmt":"2025-09-15T14:48:07","slug":"james-rubin-qeveria-serbe-gjithmone-eshte-perpjekur-ta-fajesoje-uck-ne-per-krimet-e-tyre","status":"publish","type":"post","link":"https:\/\/veritasinfo.org\/?p=12054","title":{"rendered":"James Rubin: Qeveria serbe gjithmon\u00eb \u00ebsht\u00eb p\u00ebrpjekur ta faj\u00ebsoj\u00eb U\u00c7K-n\u00eb p\u00ebr krimet e tyre"},"content":{"rendered":"<p>Hag\u00eb, 15 shtator 2025<\/p>\n<p>Nj\u00ebri nga d\u00ebshmitar\u00ebt mbrojt\u00ebs t\u00eb kr\u00ebr\u00ebve t\u00eb Ushtris\u00eb \u00c7lirimtare t\u00eb Kosov\u00ebs, James Rubin, ish-ndihm\u00ebssekretar amerikan, ka nisur sot d\u00ebshmin\u00eb e tij p\u00ebrball\u00eb trupit gjykues n\u00eb Hag\u00eb, duke dh\u00ebn\u00eb informata t\u00eb koh\u00ebs s\u00eb luft\u00ebs, t\u00eb pad\u00ebgjuara deri m\u00eb tani. Nj\u00ebra nd\u00ebr d\u00ebshmit\u00eb m\u00eb t\u00eb favorshme deri sot, \u00ebsht\u00eb ajo q\u00eb qeveria serbe gjithmon\u00eb ishte p\u00ebrpjekur t\u00eb faj\u00ebsjoj\u00eb Ushtrin\u00eb Clirimtare t\u00eb Kosov\u00ebs, p\u00ebr krimet e tyre (krimet serbe, v.j).<\/p>\n<p>\u201c\u00cbsht\u00eb karakteristik\u00eb q\u00eb kemi par\u00eb n\u00eb Bosnje dhe p\u00ebrs\u00ebri n\u00eb Kosov\u00eb\u2026 ata gjithmon\u00eb jan\u00eb p\u00ebrpjekur q\u00eb ta faj\u00ebsojn\u00eb U\u00c7K-n\u00eb. Pra, Qeveria Serbe. Kjo \u00ebsht\u00eb m\u00ebnyra q\u00eb ata e justifikonin at\u00eb q\u00eb po b\u00ebnin duke hedhur fajin tek t\u00eb tjer\u00ebt\u201d, ka d\u00ebshmuar Rubin, i cili \u00ebsht\u00eb duke d\u00ebshmuar me autorizimin e Qeveris\u00eb Amerikane.<\/p>\n<p>Rubin p\u00ebrmendi edhe nj\u00eb takim q\u00eb kishte pasur me Jakup Krasniqin n\u00eb Bruksel, ku Krasniqi i kishte k\u00ebrkuar nd\u00ebrhyrje ushtarake t\u00eb Amerik\u00ebs, armatosjen e U\u00c7K-s\u00eb dhe ndalimin e spastrimit etnik nga Slobodan Millosheviq.<\/p>\n","protected":false},"excerpt":{"rendered":"<p>Hag\u00eb, 15 shtator 2025 Nj\u00ebri nga d\u00ebshmitar\u00ebt mbrojt\u00ebs t\u00eb kr\u00ebr\u00ebve t\u00eb Ushtris\u00eb \u00c7lirimtare t\u00eb Kosov\u00ebs, James Rubin, ish-ndihm\u00ebssekretar amerikan, ka nisur sot d\u00ebshmin\u00eb e tij<\/p>\n","protected":false},"author":7,"featured_media":12058,"comment_status":"open","ping_status":"open","sticky":false,"template":"","format":"standard","meta":{"footnotes":""},"categories":[60],"tags":[],"class_list":["post-12054","post","type-post","status-publish","format-standard","has-post-thumbnail","hentry","category-shoqerore-sq"],"yoast_head":"<!-- This site is optimized with the Yoast SEO plugin v25.3.1 - https:\/\/yoast.com\/wordpress\/plugins\/seo\/ -->\n<title>James Rubin: Qeveria serbe gjithmon\u00eb \u00ebsht\u00eb p\u00ebrpjekur ta faj\u00ebsoj\u00eb U\u00c7K-n\u00eb p\u00ebr krimet e tyre -<\/title>\n<meta name=\"robots\" content=\"index, follow, max-snippet:-1, max-image-preview:large, max-video-preview:-1\" \/>\n<link rel=\"canonical\" href=\"https:\/\/veritasinfo.org\/?p=12054\" \/>\n<meta property=\"og:locale\" content=\"en_US\" \/>\n<meta property=\"og:type\" content=\"article\" \/>\n<meta property=\"og:title\" content=\"James Rubin: Qeveria serbe gjithmon\u00eb \u00ebsht\u00eb p\u00ebrpjekur ta faj\u00ebsoj\u00eb U\u00c7K-n\u00eb p\u00ebr krimet e tyre -\" \/>\n<meta property=\"og:description\" content=\"Hag\u00eb, 15 shtator 2025 Nj\u00ebri nga d\u00ebshmitar\u00ebt mbrojt\u00ebs t\u00eb kr\u00ebr\u00ebve t\u00eb Ushtris\u00eb \u00c7lirimtare t\u00eb Kosov\u00ebs, James Rubin, ish-ndihm\u00ebssekretar amerikan, ka nisur sot d\u00ebshmin\u00eb e tij\" \/>\n<meta property=\"og:url\" content=\"https:\/\/veritasinfo.org\/?p=12054\" \/>\n<meta property=\"article:published_time\" content=\"2025-09-15T14:48:07+00:00\" \/>\n<meta property=\"og:image\" content=\"https:\/\/veritasinfo.org\/wp-content\/uploads\/2025\/09\/rubin.jpg\" \/>\n\t<meta property=\"og:image:width\" content=\"905\" \/>\n\t<meta property=\"og:image:height\" content=\"457\" \/>\n\t<meta property=\"og:image:type\" content=\"image\/jpeg\" \/>\n<meta name=\"author\" content=\"US6\" \/>\n<meta name=\"twitter:card\" content=\"summary_large_image\" \/>\n<meta name=\"twitter:label1\" content=\"Written by\" \/>\n\t<meta name=\"twitter:data1\" content=\"US6\" \/>\n\t<meta name=\"twitter:label2\" content=\"Est. reading time\" \/>\n\t<meta name=\"twitter:data2\" content=\"1 minute\" \/>\n<script type=\"application\/ld+json\" class=\"yoast-schema-graph\">{\"@context\":\"https:\/\/schema.org\",\"@graph\":[{\"@type\":\"WebPage\",\"@id\":\"https:\/\/veritasinfo.org\/?p=12054\",\"url\":\"https:\/\/veritasinfo.org\/?p=12054\",\"name\":\"James Rubin: Qeveria serbe gjithmon\u00eb \u00ebsht\u00eb p\u00ebrpjekur ta faj\u00ebsoj\u00eb U\u00c7K-n\u00eb p\u00ebr krimet e tyre -\",\"isPartOf\":{\"@id\":\"https:\/\/veritasinfo.org\/#website\"},\"primaryImageOfPage\":{\"@id\":\"https:\/\/veritasinfo.org\/?p=12054#primaryimage\"},\"image\":{\"@id\":\"https:\/\/veritasinfo.org\/?p=12054#primaryimage\"},\"thumbnailUrl\":\"https:\/\/veritasinfo.org\/wp-content\/uploads\/2025\/09\/rubin.jpg\",\"datePublished\":\"2025-09-15T14:48:07+00:00\",\"author\":{\"@id\":\"https:\/\/veritasinfo.org\/#\/schema\/person\/fe199eede04c3937362892b7444747cc\"},\"breadcrumb\":{\"@id\":\"https:\/\/veritasinfo.org\/?p=12054#breadcrumb\"},\"inLanguage\":\"en-US\",\"potentialAction\":[{\"@type\":\"ReadAction\",\"target\":[\"https:\/\/veritasinfo.org\/?p=12054\"]}]},{\"@type\":\"ImageObject\",\"inLanguage\":\"en-US\",\"@id\":\"https:\/\/veritasinfo.org\/?p=12054#primaryimage\",\"url\":\"https:\/\/veritasinfo.org\/wp-content\/uploads\/2025\/09\/rubin.jpg\",\"contentUrl\":\"https:\/\/veritasinfo.org\/wp-content\/uploads\/2025\/09\/rubin.jpg\",\"width\":905,\"height\":457},{\"@type\":\"BreadcrumbList\",\"@id\":\"https:\/\/veritasinfo.org\/?p=12054#breadcrumb\",\"itemListElement\":[{\"@type\":\"ListItem\",\"position\":1,\"name\":\"Home\",\"item\":\"https:\/\/veritasinfo.org\/\"},{\"@type\":\"ListItem\",\"position\":2,\"name\":\"James Rubin: Qeveria serbe gjithmon\u00eb \u00ebsht\u00eb p\u00ebrpjekur ta faj\u00ebsoj\u00eb U\u00c7K-n\u00eb p\u00ebr krimet e tyre\"}]},{\"@type\":\"WebSite\",\"@id\":\"https:\/\/veritasinfo.org\/#website\",\"url\":\"https:\/\/veritasinfo.org\/\",\"name\":\"\",\"description\":\"\",\"potentialAction\":[{\"@type\":\"SearchAction\",\"target\":{\"@type\":\"EntryPoint\",\"urlTemplate\":\"https:\/\/veritasinfo.org\/?s={search_term_string}\"},\"query-input\":{\"@type\":\"PropertyValueSpecification\",\"valueRequired\":true,\"valueName\":\"search_term_string\"}}],\"inLanguage\":\"en-US\"},{\"@type\":\"Person\",\"@id\":\"https:\/\/veritasinfo.org\/#\/schema\/person\/fe199eede04c3937362892b7444747cc\",\"name\":\"US6\",\"image\":{\"@type\":\"ImageObject\",\"inLanguage\":\"en-US\",\"@id\":\"https:\/\/veritasinfo.org\/#\/schema\/person\/image\/\",\"url\":\"https:\/\/secure.gravatar.com\/avatar\/cb16c3c31c9d23b9b8c705964598220b3014e42ff51eb540ff23cefa3ae8c15f?s=96&d=mm&r=g\",\"contentUrl\":\"https:\/\/secure.gravatar.com\/avatar\/cb16c3c31c9d23b9b8c705964598220b3014e42ff51eb540ff23cefa3ae8c15f?s=96&d=mm&r=g\",\"caption\":\"US6\"},\"url\":\"https:\/\/veritasinfo.org\/?author=7\"}]}<\/script>\n<!-- \/ Yoast SEO plugin. -->","yoast_head_json":{"title":"James Rubin: Qeveria serbe gjithmon\u00eb \u00ebsht\u00eb p\u00ebrpjekur ta faj\u00ebsoj\u00eb U\u00c7K-n\u00eb p\u00ebr krimet e tyre -","robots":{"index":"index","follow":"follow","max-snippet":"max-snippet:-1","max-image-preview":"max-image-preview:large","max-video-preview":"max-video-preview:-1"},"canonical":"https:\/\/veritasinfo.org\/?p=12054","og_locale":"en_US","og_type":"article","og_title":"James Rubin: Qeveria serbe gjithmon\u00eb \u00ebsht\u00eb p\u00ebrpjekur ta faj\u00ebsoj\u00eb U\u00c7K-n\u00eb p\u00ebr krimet e tyre -","og_description":"Hag\u00eb, 15 shtator 2025 Nj\u00ebri nga d\u00ebshmitar\u00ebt mbrojt\u00ebs t\u00eb kr\u00ebr\u00ebve t\u00eb Ushtris\u00eb \u00c7lirimtare t\u00eb Kosov\u00ebs, James Rubin, ish-ndihm\u00ebssekretar amerikan, ka nisur sot d\u00ebshmin\u00eb e tij","og_url":"https:\/\/veritasinfo.org\/?p=12054","article_published_time":"2025-09-15T14:48:07+00:00","og_image":[{"width":905,"height":457,"url":"https:\/\/veritasinfo.org\/wp-content\/uploads\/2025\/09\/rubin.jpg","type":"image\/jpeg"}],"author":"US6","twitter_card":"summary_large_image","twitter_misc":{"Written by":"US6","Est. reading time":"1 minute"},"schema":{"@context":"https:\/\/schema.org","@graph":[{"@type":"WebPage","@id":"https:\/\/veritasinfo.org\/?p=12054","url":"https:\/\/veritasinfo.org\/?p=12054","name":"James Rubin: Qeveria serbe gjithmon\u00eb \u00ebsht\u00eb p\u00ebrpjekur ta faj\u00ebsoj\u00eb U\u00c7K-n\u00eb p\u00ebr krimet e tyre -","isPartOf":{"@id":"https:\/\/veritasinfo.org\/#website"},"primaryImageOfPage":{"@id":"https:\/\/veritasinfo.org\/?p=12054#primaryimage"},"image":{"@id":"https:\/\/veritasinfo.org\/?p=12054#primaryimage"},"thumbnailUrl":"https:\/\/veritasinfo.org\/wp-content\/uploads\/2025\/09\/rubin.jpg","datePublished":"2025-09-15T14:48:07+00:00","author":{"@id":"https:\/\/veritasinfo.org\/#\/schema\/person\/fe199eede04c3937362892b7444747cc"},"breadcrumb":{"@id":"https:\/\/veritasinfo.org\/?p=12054#breadcrumb"},"inLanguage":"en-US","potentialAction":[{"@type":"ReadAction","target":["https:\/\/veritasinfo.org\/?p=12054"]}]},{"@type":"ImageObject","inLanguage":"en-US","@id":"https:\/\/veritasinfo.org\/?p=12054#primaryimage","url":"https:\/\/veritasinfo.org\/wp-content\/uploads\/2025\/09\/rubin.jpg","contentUrl":"https:\/\/veritasinfo.org\/wp-content\/uploads\/2025\/09\/rubin.jpg","width":905,"height":457},{"@type":"BreadcrumbList","@id":"https:\/\/veritasinfo.org\/?p=12054#breadcrumb","itemListElement":[{"@type":"ListItem","position":1,"name":"Home","item":"https:\/\/veritasinfo.org\/"},{"@type":"ListItem","position":2,"name":"James Rubin: Qeveria serbe gjithmon\u00eb \u00ebsht\u00eb p\u00ebrpjekur ta faj\u00ebsoj\u00eb U\u00c7K-n\u00eb p\u00ebr krimet e tyre"}]},{"@type":"WebSite","@id":"https:\/\/veritasinfo.org\/#website","url":"https:\/\/veritasinfo.org\/","name":"","description":"","potentialAction":[{"@type":"SearchAction","target":{"@type":"EntryPoint","urlTemplate":"https:\/\/veritasinfo.org\/?s={search_term_string}"},"query-input":{"@type":"PropertyValueSpecification","valueRequired":true,"valueName":"search_term_string"}}],"inLanguage":"en-US"},{"@type":"Person","@id":"https:\/\/veritasinfo.org\/#\/schema\/person\/fe199eede04c3937362892b7444747cc","name":"US6","image":{"@type":"ImageObject","inLanguage":"en-US","@id":"https:\/\/veritasinfo.org\/#\/schema\/person\/image\/","url":"https:\/\/secure.gravatar.com\/avatar\/cb16c3c31c9d23b9b8c705964598220b3014e42ff51eb540ff23cefa3ae8c15f?s=96&d=mm&r=g","contentUrl":"https:\/\/secure.gravatar.com\/avatar\/cb16c3c31c9d23b9b8c705964598220b3014e42ff51eb540ff23cefa3ae8c15f?s=96&d=mm&r=g","caption":"US6"},"url":"https:\/\/veritasinfo.org\/?author=7"}]}},"featured_image_urls":{"full":["https:\/\/veritasinfo.org\/wp-content\/uploads\/2025\/09\/rubin.jpg",905,457,false],"thumbnail":["https:\/\/veritasinfo.org\/wp-content\/uploads\/2025\/09\/rubin-150x150.jpg",150,150,true],"medium":["https:\/\/veritasinfo.org\/wp-content\/uploads\/2025\/09\/rubin-300x151.jpg",300,151,true],"medium_large":["https:\/\/veritasinfo.org\/wp-content\/uploads\/2025\/09\/rubin-768x388.jpg",640,323,true],"large":["https:\/\/veritasinfo.org\/wp-content\/uploads\/2025\/09\/rubin.jpg",640,323,false],"1536x1536":["https:\/\/veritasinfo.org\/wp-content\/uploads\/2025\/09\/rubin.jpg",905,457,false],"2048x2048":["https:\/\/veritasinfo.org\/wp-content\/uploads\/2025\/09\/rubin.jpg",905,457,false],"kreeti-slider-full":["https:\/\/veritasinfo.org\/wp-content\/uploads\/2025\/09\/rubin.jpg",905,457,false],"kreeti-featured":["https:\/\/veritasinfo.org\/wp-content\/uploads\/2025\/09\/rubin.jpg",905,457,false],"kreeti-medium":["https:\/\/veritasinfo.org\/wp-content\/uploads\/2025\/09\/rubin.jpg",720,364,false],"kreeti-medium-square":["https:\/\/veritasinfo.org\/wp-content\/uploads\/2025\/09\/rubin.jpg",350,177,false]},"author_info":{"info":["US6"]},"category_info":"<a href=\"https:\/\/veritasinfo.org\/?cat=60\" rel=\"category\">Shoq\u00ebrore<\/a>","tag_info":"Shoq\u00ebrore","comment_count":"0","_links":{"self":[{"href":"https:\/\/veritasinfo.org\/index.php?rest_route=\/wp\/v2\/posts\/12054","targetHints":{"allow":["GET"]}}],"collection":[{"href":"https:\/\/veritasinfo.org\/index.php?rest_route=\/wp\/v2\/posts"}],"about":[{"href":"https:\/\/veritasinfo.org\/index.php?rest_route=\/wp\/v2\/types\/post"}],"author":[{"embeddable":true,"href":"https:\/\/veritasinfo.org\/index.php?rest_route=\/wp\/v2\/users\/7"}],"replies":[{"embeddable":true,"href":"https:\/\/veritasinfo.org\/index.php?rest_route=%2Fwp%2Fv2%2Fcomments&post=12054"}],"version-history":[{"count":1,"href":"https:\/\/veritasinfo.org\/index.php?rest_route=\/wp\/v2\/posts\/12054\/revisions"}],"predecessor-version":[{"id":12059,"href":"https:\/\/veritasinfo.org\/index.php?rest_route=\/wp\/v2\/posts\/12054\/revisions\/12059"}],"wp:featuredmedia":[{"embeddable":true,"href":"https:\/\/veritasinfo.org\/index.php?rest_route=\/wp\/v2\/media\/12058"}],"wp:attachment":[{"href":"https:\/\/veritasinfo.org\/index.php?rest_route=%2Fwp%2Fv2%2Fmedia&parent=12054"}],"wp:term":[{"taxonomy":"category","embeddable":true,"href":"https:\/\/veritasinfo.org\/index.php?rest_route=%2Fwp%2Fv2%2Fcategories&post=12054"},{"taxonomy":"post_tag","embeddable":true,"href":"https:\/\/veritasinfo.org\/index.php?rest_route=%2Fwp%2Fv2%2Ftags&post=12054"}],"curies":[{"name":"wp","href":"https:\/\/api.w.org\/{rel}","templated":true}]}}