{"id":12050,"date":"2025-09-15T16:42:21","date_gmt":"2025-09-15T14:42:21","guid":{"rendered":"https:\/\/veritasinfo.org\/?p=12050"},"modified":"2025-09-15T16:43:17","modified_gmt":"2025-09-15T14:43:17","slug":"live-ish-ndihmessekretari-amerikan-james-rubin-deshmon-ne-rastin-e-thacit-dhe-te-tjereve","status":"publish","type":"post","link":"https:\/\/veritasinfo.org\/?p=12050","title":{"rendered":"Ish-ndihm\u00ebssekretari amerikan, James Rubin, d\u00ebshmon n\u00eb rastin e Tha\u00e7it dhe t\u00eb tjer\u00ebve"},"content":{"rendered":"<p>Hag\u00eb 15 Shtator 2025<\/p>\n<p>James Rubin, i cili gjat\u00eb koh\u00ebs s\u00eb luft\u00ebs n\u00eb Kosov\u00eb ka qen\u00eb ndihm\u00ebssekretar amerikan i Shtetit, po d\u00ebshmon n\u00eb rastin e ish-presidentit Hashim Tha\u00e7i dhe t\u00eb tjer\u00ebve n\u00eb Gjykat\u00ebn Speciale n\u00eb Hag\u00eb.Ai \u00ebsht\u00eb n\u00eb mesin e d\u00ebshmitar\u00ebve t\u00eb thirrur nga mbrojtja.<\/p>\n<h2>Rubin p\u00ebr Qeverin\u00eb serbe: Gjithmon\u00eb jan\u00eb p\u00ebrpjekur ta faj\u00ebsojn\u00eb U\u00c7K-n\u00eb p\u00ebr krimet e tyre<\/h2>\n<p>Gjat\u00eb d\u00ebshmis\u00eb s\u00eb tij n\u00eb Hag\u00eb, James Rubin, i cili \u00ebsht\u00eb duke d\u00ebshmuar me autorizimin e Qeveris\u00eb Amerikane, tha se forcat serbe jan\u00eb munduar q\u00eb t\u00eb mbulojn\u00eb krimet e tyre dhe jan\u00eb p\u00ebrpjekur q\u00eb ta faj\u00ebsojn\u00eb U\u00c7K-n\u00eb.<\/p>\n<p>Ai pohoi se forcat serbe kan\u00eb mbuluar krimet, duke i fshehur provat q\u00eb t\u00eb mos ket\u00eb llogaridh\u00ebnie pas arritjes s\u00eb NATO-s n\u00eb Kosov\u00eb. Pra, q\u00eb t\u00eb mos ket\u00eb prova t\u00eb disponueshme p\u00ebr Tribunalin p\u00ebr krime lufte, raporton \u201cBetimi p\u00ebr Drejt\u00ebsi\u201c.<\/p>\n<p>Po ashtu, Rubin pohoi se Qeveria serbe nuk po vepronte sipas asaj q\u00eb kuptohet si luft\u00eb konvecionale, por po vepronin si kriminel\u00eb p\u00ebr t\u2019i fshehur krimet.<\/p>\n<p>\u201c\u00cbsht\u00eb karakteristik\u00eb q\u00eb kemi par\u00eb n\u00eb Bosnje dhe p\u00ebrs\u00ebri n\u00eb Kosov\u00eb\u2026 ata gjithmon\u00eb jan\u00eb p\u00ebrpjekur q\u00eb ta faj\u00ebsojn\u00eb U\u00c7K-n\u00eb. Pra, Qeveria Serbe. Kjo \u00ebsht\u00eb m\u00ebnyra q\u00eb ata e justifikonin at\u00eb q\u00eb po b\u00ebnin duke hedhur fajin tek t\u00eb tjer\u00ebt\u201d, tha ai.<br \/>\nRubin p\u00ebrmendi edhe nj\u00eb takim q\u00eb kishte pasur me Jakup Krasniqin n\u00eb Bruksel, ku Krasniqi i kishte k\u00ebrkuar nd\u00ebrhyrje ushtarake t\u00eb Amerik\u00ebs, armatosjen e U\u00c7K-s\u00eb dhe ndalimin e spastrimit etnik nga Slobodan Millosheviq.<\/p>\n<p>D\u00ebshmitari tha se k\u00ebrkesat e Krasniqit ishin racionale n\u00eb at\u00eb koh\u00eb, por ishte e pamundur q\u00eb t\u00eb realizoheshin n\u00eb at\u00eb periudh\u00eb kohore.<\/p>\n<p>Me kaq p\u00ebrfunduan pyetjet e mbrojtjes s\u00eb Krasniqit p\u00ebr d\u00ebshmitarin dhe do t\u00eb vazhdoj\u00eb me pyetje Prokuroria, p\u00ebrfaq\u00ebsuar nga prokurori James Pace.<br \/>\nProkurori Pace tha se i duhen 4 or\u00eb p\u00ebr pyetjet e tij.<\/p>\n<hr \/>\n<div id=\"__ads-300x250in-16\" class=\"__ads-300x250-inarticle\" data-google-query-id=\"CO257fn-2o8DFSuPgwcdCrAiTg\">\n<div id=\"google_ads_iframe_\/23130410871\/inarticle1_4__container__\"><\/div>\n<\/div>\n<p><strong>P\u00ebrfaq\u00ebsueset e Qeveris\u00eb amerikane japin v\u00ebrejtje<\/strong><\/p>\n<p>N\u00eb seanc\u00ebn e s\u00eb h\u00ebn\u00ebs n\u00eb Dhomat e Specializuara t\u00eb Kosov\u00ebs n\u00eb Hag\u00eb, gjat\u00eb d\u00ebshmis\u00eb s\u00eb James Rubin, t\u00eb pranishme jan\u00eb edhe dy p\u00ebrfaq\u00ebsuese t\u00eb qeveris\u00eb amerikane, Terra Gerhersanem dhe Joana Corner. Nj\u00ebra prej tyre mori fjal\u00ebn duke treguar se kur iu duhet t\u00eb nd\u00ebrhyjn\u00eb gjat\u00eb d\u00ebshmis\u00eb s\u00eb James Rubin.<\/p>\n<p>Ajo tha se d\u00ebshirojn\u00eb q\u00eb t\u00eb japin v\u00ebrejtje ndaj Rubinit dhe pyetjes q\u00eb i \u00ebsht\u00eb b\u00ebr\u00eb atij p\u00ebr dh\u00ebnie t\u00eb informacionit me holl\u00ebsi lidhur me burime konkrete dhe p\u00ebrfundime t\u00eb nxjerra nga persona brenda qeveris\u00eb amerikane dhe n\u00eb ve\u00e7anti atyre t\u00eb inteligjenc\u00ebs, raporton \u201cBetimi p\u00ebr Drejt\u00ebsi\u201c.<\/p>\n<div id=\"__ads-300x250in-19\" class=\"__ads-300x250-inarticle\" data-google-query-id=\"CKDp7fn-2o8DFY-JgwcdDb0rmg\">\n<div id=\"google_ads_iframe_\/23130410871\/inarticle1_5__container__\"><\/div>\n<\/div>\n<p>\u201cNd\u00ebrhyrje t\u00eb shkurt\u00ebr n\u00eb em\u00ebr t\u00eb ShBA-s\u00eb, si\u00e7 e keni par\u00eb me siguri d\u00ebshmin\u00eb n\u00eb m\u00ebngjes, ne synojm\u00eb q\u00eb t\u00eb mos nd\u00ebrhyjm\u00eb k\u00ebtu, prania jon\u00eb mos t\u00eb nd\u00ebrpres seanc\u00ebn p\u00ebrve\u00e7 se n\u00eb rastet kur \u00ebsht\u00eb e nevojshme. P\u00ebr t\u00eb b\u00ebr\u00eb k\u00ebt\u00eb, ne ndihmohemi nga dokumente q\u00eb zoti Rubin ka p\u00ebrdorur dhe t\u00eb cilave iu \u00ebsht\u00eb referuar qoft\u00eb publike apo dokumente t\u00eb brendshme q\u00eb jan\u00eb deklasifikuar. Ne donim t\u00eb jepnim nj\u00eb v\u00ebrejtje t\u00eb shkurt\u00ebr sa i takon zotit Rubin dhe pyetjes q\u00eb i \u00ebsht\u00eb b\u00ebr\u00eb atij p\u00ebr dh\u00ebnie t\u00eb informacionit m\u00eb n\u00eb holl\u00ebsi lidhur me burimet konkrete dhe p\u00ebrfundimet nga t\u00eb tjer\u00ebt brenda Qeveris\u00eb amerikane, n\u00eb ve\u00e7anti t\u00eb inteligjenc\u00ebs. N\u00eb k\u00ebto raste kemi nevoj\u00eb t\u00eb nd\u00ebrhyjm\u00eb. Desh\u00ebm q\u00eb k\u00ebt\u00eb ta b\u00ebjm\u00eb t\u00eb qart\u00eb\u201d, tha ajo.<\/p>\n","protected":false},"excerpt":{"rendered":"<p>Hag\u00eb 15 Shtator 2025 James Rubin, i cili gjat\u00eb koh\u00ebs s\u00eb luft\u00ebs n\u00eb Kosov\u00eb ka qen\u00eb ndihm\u00ebssekretar amerikan i Shtetit, po d\u00ebshmon n\u00eb rastin e<\/p>\n","protected":false},"author":6,"featured_media":12051,"comment_status":"open","ping_status":"open","sticky":false,"template":"","format":"standard","meta":{"footnotes":""},"categories":[93],"tags":[],"class_list":["post-12050","post","type-post","status-publish","format-standard","has-post-thumbnail","hentry","category-politika-sq"],"yoast_head":"<!-- This site is optimized with the Yoast SEO plugin v25.3.1 - https:\/\/yoast.com\/wordpress\/plugins\/seo\/ -->\n<title>Ish-ndihm\u00ebssekretari amerikan, James Rubin, d\u00ebshmon n\u00eb rastin e Tha\u00e7it dhe t\u00eb tjer\u00ebve -<\/title>\n<meta name=\"robots\" content=\"index, follow, max-snippet:-1, max-image-preview:large, max-video-preview:-1\" \/>\n<link rel=\"canonical\" href=\"https:\/\/veritasinfo.org\/?p=12050\" \/>\n<meta property=\"og:locale\" content=\"en_US\" \/>\n<meta property=\"og:type\" content=\"article\" \/>\n<meta property=\"og:title\" content=\"Ish-ndihm\u00ebssekretari amerikan, James Rubin, d\u00ebshmon n\u00eb rastin e Tha\u00e7it dhe t\u00eb tjer\u00ebve -\" \/>\n<meta property=\"og:description\" content=\"Hag\u00eb 15 Shtator 2025 James Rubin, i cili gjat\u00eb koh\u00ebs s\u00eb luft\u00ebs n\u00eb Kosov\u00eb ka qen\u00eb ndihm\u00ebssekretar amerikan i Shtetit, po d\u00ebshmon n\u00eb rastin e\" \/>\n<meta property=\"og:url\" content=\"https:\/\/veritasinfo.org\/?p=12050\" \/>\n<meta property=\"article:published_time\" content=\"2025-09-15T14:42:21+00:00\" \/>\n<meta property=\"article:modified_time\" content=\"2025-09-15T14:43:17+00:00\" \/>\n<meta property=\"og:image\" content=\"https:\/\/veritasinfo.org\/wp-content\/uploads\/2025\/09\/fff.jpg\" \/>\n\t<meta property=\"og:image:width\" content=\"665\" \/>\n\t<meta property=\"og:image:height\" content=\"443\" \/>\n\t<meta property=\"og:image:type\" content=\"image\/jpeg\" \/>\n<meta name=\"author\" content=\"US5\" \/>\n<meta name=\"twitter:card\" content=\"summary_large_image\" \/>\n<meta name=\"twitter:label1\" content=\"Written by\" \/>\n\t<meta name=\"twitter:data1\" content=\"US5\" \/>\n\t<meta name=\"twitter:label2\" content=\"Est. reading time\" \/>\n\t<meta name=\"twitter:data2\" content=\"3 minutes\" \/>\n<script type=\"application\/ld+json\" class=\"yoast-schema-graph\">{\"@context\":\"https:\/\/schema.org\",\"@graph\":[{\"@type\":\"WebPage\",\"@id\":\"https:\/\/veritasinfo.org\/?p=12050\",\"url\":\"https:\/\/veritasinfo.org\/?p=12050\",\"name\":\"Ish-ndihm\u00ebssekretari amerikan, James Rubin, d\u00ebshmon n\u00eb rastin e Tha\u00e7it dhe t\u00eb tjer\u00ebve -\",\"isPartOf\":{\"@id\":\"https:\/\/veritasinfo.org\/#website\"},\"primaryImageOfPage\":{\"@id\":\"https:\/\/veritasinfo.org\/?p=12050#primaryimage\"},\"image\":{\"@id\":\"https:\/\/veritasinfo.org\/?p=12050#primaryimage\"},\"thumbnailUrl\":\"https:\/\/veritasinfo.org\/wp-content\/uploads\/2025\/09\/fff.jpg\",\"datePublished\":\"2025-09-15T14:42:21+00:00\",\"dateModified\":\"2025-09-15T14:43:17+00:00\",\"author\":{\"@id\":\"https:\/\/veritasinfo.org\/#\/schema\/person\/bc442336e35414d04494ab8fb45db4c6\"},\"breadcrumb\":{\"@id\":\"https:\/\/veritasinfo.org\/?p=12050#breadcrumb\"},\"inLanguage\":\"en-US\",\"potentialAction\":[{\"@type\":\"ReadAction\",\"target\":[\"https:\/\/veritasinfo.org\/?p=12050\"]}]},{\"@type\":\"ImageObject\",\"inLanguage\":\"en-US\",\"@id\":\"https:\/\/veritasinfo.org\/?p=12050#primaryimage\",\"url\":\"https:\/\/veritasinfo.org\/wp-content\/uploads\/2025\/09\/fff.jpg\",\"contentUrl\":\"https:\/\/veritasinfo.org\/wp-content\/uploads\/2025\/09\/fff.jpg\",\"width\":665,\"height\":443},{\"@type\":\"BreadcrumbList\",\"@id\":\"https:\/\/veritasinfo.org\/?p=12050#breadcrumb\",\"itemListElement\":[{\"@type\":\"ListItem\",\"position\":1,\"name\":\"Home\",\"item\":\"https:\/\/veritasinfo.org\/\"},{\"@type\":\"ListItem\",\"position\":2,\"name\":\"Ish-ndihm\u00ebssekretari amerikan, James Rubin, d\u00ebshmon n\u00eb rastin e Tha\u00e7it dhe t\u00eb tjer\u00ebve\"}]},{\"@type\":\"WebSite\",\"@id\":\"https:\/\/veritasinfo.org\/#website\",\"url\":\"https:\/\/veritasinfo.org\/\",\"name\":\"\",\"description\":\"\",\"potentialAction\":[{\"@type\":\"SearchAction\",\"target\":{\"@type\":\"EntryPoint\",\"urlTemplate\":\"https:\/\/veritasinfo.org\/?s={search_term_string}\"},\"query-input\":{\"@type\":\"PropertyValueSpecification\",\"valueRequired\":true,\"valueName\":\"search_term_string\"}}],\"inLanguage\":\"en-US\"},{\"@type\":\"Person\",\"@id\":\"https:\/\/veritasinfo.org\/#\/schema\/person\/bc442336e35414d04494ab8fb45db4c6\",\"name\":\"US5\",\"image\":{\"@type\":\"ImageObject\",\"inLanguage\":\"en-US\",\"@id\":\"https:\/\/veritasinfo.org\/#\/schema\/person\/image\/\",\"url\":\"https:\/\/secure.gravatar.com\/avatar\/16a61e7272a0c5d001121ebb9e60e925d5816e4ac1e443ed3e640d9a6ae55d0c?s=96&d=mm&r=g\",\"contentUrl\":\"https:\/\/secure.gravatar.com\/avatar\/16a61e7272a0c5d001121ebb9e60e925d5816e4ac1e443ed3e640d9a6ae55d0c?s=96&d=mm&r=g\",\"caption\":\"US5\"},\"url\":\"https:\/\/veritasinfo.org\/?author=6\"}]}<\/script>\n<!-- \/ Yoast SEO plugin. -->","yoast_head_json":{"title":"Ish-ndihm\u00ebssekretari amerikan, James Rubin, d\u00ebshmon n\u00eb rastin e Tha\u00e7it dhe t\u00eb tjer\u00ebve -","robots":{"index":"index","follow":"follow","max-snippet":"max-snippet:-1","max-image-preview":"max-image-preview:large","max-video-preview":"max-video-preview:-1"},"canonical":"https:\/\/veritasinfo.org\/?p=12050","og_locale":"en_US","og_type":"article","og_title":"Ish-ndihm\u00ebssekretari amerikan, James Rubin, d\u00ebshmon n\u00eb rastin e Tha\u00e7it dhe t\u00eb tjer\u00ebve -","og_description":"Hag\u00eb 15 Shtator 2025 James Rubin, i cili gjat\u00eb koh\u00ebs s\u00eb luft\u00ebs n\u00eb Kosov\u00eb ka qen\u00eb ndihm\u00ebssekretar amerikan i Shtetit, po d\u00ebshmon n\u00eb rastin e","og_url":"https:\/\/veritasinfo.org\/?p=12050","article_published_time":"2025-09-15T14:42:21+00:00","article_modified_time":"2025-09-15T14:43:17+00:00","og_image":[{"width":665,"height":443,"url":"https:\/\/veritasinfo.org\/wp-content\/uploads\/2025\/09\/fff.jpg","type":"image\/jpeg"}],"author":"US5","twitter_card":"summary_large_image","twitter_misc":{"Written by":"US5","Est. reading time":"3 minutes"},"schema":{"@context":"https:\/\/schema.org","@graph":[{"@type":"WebPage","@id":"https:\/\/veritasinfo.org\/?p=12050","url":"https:\/\/veritasinfo.org\/?p=12050","name":"Ish-ndihm\u00ebssekretari amerikan, James Rubin, d\u00ebshmon n\u00eb rastin e Tha\u00e7it dhe t\u00eb tjer\u00ebve -","isPartOf":{"@id":"https:\/\/veritasinfo.org\/#website"},"primaryImageOfPage":{"@id":"https:\/\/veritasinfo.org\/?p=12050#primaryimage"},"image":{"@id":"https:\/\/veritasinfo.org\/?p=12050#primaryimage"},"thumbnailUrl":"https:\/\/veritasinfo.org\/wp-content\/uploads\/2025\/09\/fff.jpg","datePublished":"2025-09-15T14:42:21+00:00","dateModified":"2025-09-15T14:43:17+00:00","author":{"@id":"https:\/\/veritasinfo.org\/#\/schema\/person\/bc442336e35414d04494ab8fb45db4c6"},"breadcrumb":{"@id":"https:\/\/veritasinfo.org\/?p=12050#breadcrumb"},"inLanguage":"en-US","potentialAction":[{"@type":"ReadAction","target":["https:\/\/veritasinfo.org\/?p=12050"]}]},{"@type":"ImageObject","inLanguage":"en-US","@id":"https:\/\/veritasinfo.org\/?p=12050#primaryimage","url":"https:\/\/veritasinfo.org\/wp-content\/uploads\/2025\/09\/fff.jpg","contentUrl":"https:\/\/veritasinfo.org\/wp-content\/uploads\/2025\/09\/fff.jpg","width":665,"height":443},{"@type":"BreadcrumbList","@id":"https:\/\/veritasinfo.org\/?p=12050#breadcrumb","itemListElement":[{"@type":"ListItem","position":1,"name":"Home","item":"https:\/\/veritasinfo.org\/"},{"@type":"ListItem","position":2,"name":"Ish-ndihm\u00ebssekretari amerikan, James Rubin, d\u00ebshmon n\u00eb rastin e Tha\u00e7it dhe t\u00eb tjer\u00ebve"}]},{"@type":"WebSite","@id":"https:\/\/veritasinfo.org\/#website","url":"https:\/\/veritasinfo.org\/","name":"","description":"","potentialAction":[{"@type":"SearchAction","target":{"@type":"EntryPoint","urlTemplate":"https:\/\/veritasinfo.org\/?s={search_term_string}"},"query-input":{"@type":"PropertyValueSpecification","valueRequired":true,"valueName":"search_term_string"}}],"inLanguage":"en-US"},{"@type":"Person","@id":"https:\/\/veritasinfo.org\/#\/schema\/person\/bc442336e35414d04494ab8fb45db4c6","name":"US5","image":{"@type":"ImageObject","inLanguage":"en-US","@id":"https:\/\/veritasinfo.org\/#\/schema\/person\/image\/","url":"https:\/\/secure.gravatar.com\/avatar\/16a61e7272a0c5d001121ebb9e60e925d5816e4ac1e443ed3e640d9a6ae55d0c?s=96&d=mm&r=g","contentUrl":"https:\/\/secure.gravatar.com\/avatar\/16a61e7272a0c5d001121ebb9e60e925d5816e4ac1e443ed3e640d9a6ae55d0c?s=96&d=mm&r=g","caption":"US5"},"url":"https:\/\/veritasinfo.org\/?author=6"}]}},"featured_image_urls":{"full":["https:\/\/veritasinfo.org\/wp-content\/uploads\/2025\/09\/fff.jpg",665,443,false],"thumbnail":["https:\/\/veritasinfo.org\/wp-content\/uploads\/2025\/09\/fff-150x150.jpg",150,150,true],"medium":["https:\/\/veritasinfo.org\/wp-content\/uploads\/2025\/09\/fff-300x200.jpg",300,200,true],"medium_large":["https:\/\/veritasinfo.org\/wp-content\/uploads\/2025\/09\/fff.jpg",640,426,false],"large":["https:\/\/veritasinfo.org\/wp-content\/uploads\/2025\/09\/fff.jpg",640,426,false],"1536x1536":["https:\/\/veritasinfo.org\/wp-content\/uploads\/2025\/09\/fff.jpg",665,443,false],"2048x2048":["https:\/\/veritasinfo.org\/wp-content\/uploads\/2025\/09\/fff.jpg",665,443,false],"kreeti-slider-full":["https:\/\/veritasinfo.org\/wp-content\/uploads\/2025\/09\/fff.jpg",665,443,false],"kreeti-featured":["https:\/\/veritasinfo.org\/wp-content\/uploads\/2025\/09\/fff.jpg",665,443,false],"kreeti-medium":["https:\/\/veritasinfo.org\/wp-content\/uploads\/2025\/09\/fff.jpg",665,443,false],"kreeti-medium-square":["https:\/\/veritasinfo.org\/wp-content\/uploads\/2025\/09\/fff.jpg",350,233,false]},"author_info":{"info":["US5"]},"category_info":"<a href=\"https:\/\/veritasinfo.org\/?cat=93\" rel=\"category\">Politika<\/a>","tag_info":"Politika","comment_count":"0","_links":{"self":[{"href":"https:\/\/veritasinfo.org\/index.php?rest_route=\/wp\/v2\/posts\/12050","targetHints":{"allow":["GET"]}}],"collection":[{"href":"https:\/\/veritasinfo.org\/index.php?rest_route=\/wp\/v2\/posts"}],"about":[{"href":"https:\/\/veritasinfo.org\/index.php?rest_route=\/wp\/v2\/types\/post"}],"author":[{"embeddable":true,"href":"https:\/\/veritasinfo.org\/index.php?rest_route=\/wp\/v2\/users\/6"}],"replies":[{"embeddable":true,"href":"https:\/\/veritasinfo.org\/index.php?rest_route=%2Fwp%2Fv2%2Fcomments&post=12050"}],"version-history":[{"count":2,"href":"https:\/\/veritasinfo.org\/index.php?rest_route=\/wp\/v2\/posts\/12050\/revisions"}],"predecessor-version":[{"id":12055,"href":"https:\/\/veritasinfo.org\/index.php?rest_route=\/wp\/v2\/posts\/12050\/revisions\/12055"}],"wp:featuredmedia":[{"embeddable":true,"href":"https:\/\/veritasinfo.org\/index.php?rest_route=\/wp\/v2\/media\/12051"}],"wp:attachment":[{"href":"https:\/\/veritasinfo.org\/index.php?rest_route=%2Fwp%2Fv2%2Fmedia&parent=12050"}],"wp:term":[{"taxonomy":"category","embeddable":true,"href":"https:\/\/veritasinfo.org\/index.php?rest_route=%2Fwp%2Fv2%2Fcategories&post=12050"},{"taxonomy":"post_tag","embeddable":true,"href":"https:\/\/veritasinfo.org\/index.php?rest_route=%2Fwp%2Fv2%2Ftags&post=12050"}],"curies":[{"name":"wp","href":"https:\/\/api.w.org\/{rel}","templated":true}]}}