{"id":12043,"date":"2025-09-15T16:25:59","date_gmt":"2025-09-15T14:25:59","guid":{"rendered":"https:\/\/veritasinfo.org\/?p=12043"},"modified":"2025-09-15T16:25:59","modified_gmt":"2025-09-15T14:25:59","slug":"rubin-para-rambujese-thacin-se-njihte-asnje-zyrtar-i-shba-se","status":"publish","type":"post","link":"https:\/\/veritasinfo.org\/?p=12043","title":{"rendered":"Rubin: Para Rambujes\u00eb Tha\u00e7in s&#8217;e njihte asnj\u00eb zyrtar i SHBA-s\u00eb"},"content":{"rendered":"<p>Hag\u00eb, 15 shtator<\/p>\n<p>Ish-diplomati amerikan, James Rubin, gjat\u00eb d\u00ebshmis\u00eb s\u00eb tij n\u00eb rastin e ish-krer\u00ebve t\u00eb U\u00c7K-s\u00eb, tha se nuk e njihte ish-presidentin e Kosov\u00ebs, Hashim Tha\u00e7in para se t\u00eb shkonte n\u00eb Rambuje. Ai shprehu besimin q\u00eb as zyrtar\u00eb t\u00eb tjer\u00eb t\u00eb ekzekutivit t\u00eb Shteteve t\u00eb Bashkuara t\u00eb Amerik\u00ebs nuk e njihnin at\u00eb para nisjes s\u00eb negociatave n\u00eb Rambuje.<\/p>\n<p>Ai ka th\u00ebn\u00eb se n\u00eb takimin e par\u00eb, Tha\u00e7i e kishte njohur at\u00eb pasi ai ishte z\u00ebdh\u00ebn\u00ebs i Departamentit t\u00eb Shtetit dhe dilte shpesh n\u00eb televizione.<\/p>\n<p>\u201cM\u00eb kujtohet takimi i par\u00eb q\u00eb m\u00eb duket \u00ebsht\u00eb ai q\u00eb sapo p\u00ebrmend\u00ebt (n\u00eb shkurt 1999 v.j) q\u00eb ishte i regjistruar n\u00eb kabllogram dhe m\u00eb kujtohet q\u00eb ai m\u00eb njohu menj\u00ebher\u00eb p\u00ebrmes televizionit sepse un\u00eb isha z\u00ebdh\u00ebn\u00ebs i Departamentit t\u00eb Shtetit dhe dilja shpesh n\u00eb televizion \u2013 kryesisht p\u00ebr ata q\u00eb ishin t\u00eb interesuar p\u00ebr at\u00eb q\u00eb ndodhte n\u00eb ish-Jugosllavi. Pra, ai m\u00eb njohu. E n\u00eb ato dit\u00eb kur dikush t\u00eb njihte ata l\u00ebviznin, shpreheshin fizikisht, t\u00eb shtr\u00ebngojn\u00eb dor\u00ebn apo japin shenja fizike dhe znj. Albright e v\u00ebrejti k\u00ebt\u00eb q\u00eb e ai e b\u00ebri, q\u00eb m\u00eb njohu pra. Ajo ishte shum\u00eb e zonja p\u00ebr nga marr\u00ebdh\u00ebniet njer\u00ebzore dhe m\u00eb tha menj\u00ebher\u00eb: Jamie, bisedo me t\u00eb, njihu me t\u00eb!\u201d, deklaroi Rubin.<\/p>\n<p>Ai theksoi se ish-sekretarja e SHBA-s\u00eb, Madeleine Albright i tha t\u00eb dilte dhe t\u00eb njihej me t\u00eb.<\/p>\n<p>\u201cSepse un\u00eb s\u2019e njihja, askush s\u2019e njihte n\u00eb fakt n\u00eb Qeverin\u00eb e Shteteve t\u00eb Bashkuara. T\u00eb pakt\u00ebn un\u00eb nuk e njihja. Pra ne donim t\u00eb dinim m\u00eb shum\u00eb se kush ishte udh\u00ebheq\u00ebsi i delegacionit sepse ne donim t\u00eb shkonim n\u00eb favor t\u00eb marr\u00ebveshjes s\u00eb paqes. Pra ajo m\u00eb tha, njihu me t\u00eb, dil me t\u00eb, ndihmoje q\u00eb t\u00eb arrij\u00eb n\u00eb vendimin e duhur. Dhe k\u00ebshtu b\u00ebra gjat\u00eb atyre, besoj dy jav\u00ebve. U p\u00ebrpoqa t\u00eb rrija me t\u00eb, t\u00eb kaloja koh\u00eb m\u00eb t\u00eb\u201d, tha Rubin.<\/p>\n<p>Rubin \u00ebsht\u00eb n\u00eb mesin e d\u00ebshmitar\u00ebve t\u00eb thirrur nga mbrojtja e Tha\u00e7it.<\/p>\n<p>Rubin p\u00ebr U\u00c7K-n\u00eb: Nuk kishte nj\u00ebsi t\u00eb organizuara q\u00eb dikush t\u00eb kishte autoritet p\u00ebr t\u00eb diktuar<\/p>\n<p>Ish-ndihm\u00ebssekretari amerikan i shtetit, James Rubin, gjat\u00eb d\u00ebshmis\u00eb s\u00eb tij n\u00eb Hag\u00eb, tha se nuk mendonin dhe as nuk besonin q\u00eb kishte sistem n\u00eb Ushtrin\u00eb \u00c7lirimtare t\u00eb Kosov\u00ebs (U\u00c7K) q\u00eb funksiononte n\u00eb m\u00ebnyr\u00ebn e duhur n\u00eb struktur\u00eb. Sipas tij, nuk kishte nj\u00ebsi t\u00eb organizuar q\u00eb dikush t\u00eb ishte n\u00eb krye ose t\u00eb kishte autoritetin t\u00eb dikonte.<\/p>\n<p>Sipas avokatit Luka Mishetiq, q\u00eb Tha\u00e7i nuk e kontrollonte U\u00c7K-n\u00eb, \u00ebsht\u00eb vler\u00ebsim q\u00eb \u00ebsht\u00eb verifikuar dhe pohuar nga agjenci t\u00eb shumta si Pentagoni, agjenci t\u00eb inteligjenc\u00ebs, t\u00eb cil\u00ebn e kishte th\u00ebn\u00eb edhe Biden si senator n\u00eb senat.<\/p>\n<p>James Rubin u pyet se a ishte n\u00eb p\u00ebrputhje me vler\u00ebsimin q\u00eb jepte Qeveria e ShBA-s\u00eb n\u00eb at\u00eb koh\u00eb.<\/p>\n<p>\u201cKjo ishte n\u00eb p\u00ebrputhje sepse t\u00eb dy deklaratat pasqyrojn\u00eb faktin se Hashim Tha\u00e7i nuk ishte n\u00eb kontroll, se nuk mendonim dhe besonim q\u00eb kishte sistem t\u00eb kontrolluar q\u00eb do quhej nj\u00eb sistem q\u00eb funksiononte n\u00eb m\u00ebnyr\u00eb t\u00eb duhur t\u00eb strukturuar t\u00eb U\u00c7K-s\u00eb. Nuk kishte nj\u00ebsi t\u00eb organizuar q\u00eb t\u00eb quhej e till\u00eb q\u00eb dikush ishte n\u00eb krye dhe kishte autoritet apo informacion dhe aft\u00ebsi p\u00ebr t\u00eb diktuar apo p\u00ebr t\u00eb ditur se \u00e7far\u00eb po ndodh\u00eb. Konkretisht, Hashim Tha\u00e7i nuk ishte as n\u00eb krye t\u00eb k\u00ebsaj organizate. N\u00eb krye ishte gjeneral \u00c7eku dhe senatori Biden duhej ta kishte ditur p\u00ebr zotin \u00c7eku\u201d, tha James Rubin.<\/p>\n<p>&nbsp;<\/p>\n<p>&nbsp;<\/p>\n","protected":false},"excerpt":{"rendered":"<p>Hag\u00eb, 15 shtator Ish-diplomati amerikan, James Rubin, gjat\u00eb d\u00ebshmis\u00eb s\u00eb tij n\u00eb rastin e ish-krer\u00ebve t\u00eb U\u00c7K-s\u00eb, tha se nuk e njihte ish-presidentin e Kosov\u00ebs,<\/p>\n","protected":false},"author":7,"featured_media":12046,"comment_status":"open","ping_status":"open","sticky":false,"template":"","format":"standard","meta":{"footnotes":""},"categories":[60],"tags":[],"class_list":["post-12043","post","type-post","status-publish","format-standard","has-post-thumbnail","hentry","category-shoqerore-sq"],"yoast_head":"<!-- This site is optimized with the Yoast SEO plugin v25.3.1 - https:\/\/yoast.com\/wordpress\/plugins\/seo\/ -->\n<title>Rubin: Para Rambujes\u00eb Tha\u00e7in s&#039;e njihte asnj\u00eb zyrtar i SHBA-s\u00eb -<\/title>\n<meta name=\"robots\" content=\"index, follow, max-snippet:-1, max-image-preview:large, max-video-preview:-1\" \/>\n<link rel=\"canonical\" href=\"https:\/\/veritasinfo.org\/?p=12043\" \/>\n<meta property=\"og:locale\" content=\"en_US\" \/>\n<meta property=\"og:type\" content=\"article\" \/>\n<meta property=\"og:title\" content=\"Rubin: Para Rambujes\u00eb Tha\u00e7in s&#039;e njihte asnj\u00eb zyrtar i SHBA-s\u00eb -\" \/>\n<meta property=\"og:description\" content=\"Hag\u00eb, 15 shtator Ish-diplomati amerikan, James Rubin, gjat\u00eb d\u00ebshmis\u00eb s\u00eb tij n\u00eb rastin e ish-krer\u00ebve t\u00eb U\u00c7K-s\u00eb, tha se nuk e njihte ish-presidentin e Kosov\u00ebs,\" \/>\n<meta property=\"og:url\" content=\"https:\/\/veritasinfo.org\/?p=12043\" \/>\n<meta property=\"article:published_time\" content=\"2025-09-15T14:25:59+00:00\" \/>\n<meta property=\"og:image\" content=\"https:\/\/veritasinfo.org\/wp-content\/uploads\/2025\/09\/1757923403_vdfvdv.jpg\" \/>\n\t<meta property=\"og:image:width\" content=\"780\" \/>\n\t<meta property=\"og:image:height\" content=\"440\" \/>\n\t<meta property=\"og:image:type\" content=\"image\/jpeg\" \/>\n<meta name=\"author\" content=\"US6\" \/>\n<meta name=\"twitter:card\" content=\"summary_large_image\" \/>\n<meta name=\"twitter:label1\" content=\"Written by\" \/>\n\t<meta name=\"twitter:data1\" content=\"US6\" \/>\n\t<meta name=\"twitter:label2\" content=\"Est. reading time\" \/>\n\t<meta name=\"twitter:data2\" content=\"3 minutes\" \/>\n<script type=\"application\/ld+json\" class=\"yoast-schema-graph\">{\"@context\":\"https:\/\/schema.org\",\"@graph\":[{\"@type\":\"WebPage\",\"@id\":\"https:\/\/veritasinfo.org\/?p=12043\",\"url\":\"https:\/\/veritasinfo.org\/?p=12043\",\"name\":\"Rubin: Para Rambujes\u00eb Tha\u00e7in s'e njihte asnj\u00eb zyrtar i SHBA-s\u00eb -\",\"isPartOf\":{\"@id\":\"https:\/\/veritasinfo.org\/#website\"},\"primaryImageOfPage\":{\"@id\":\"https:\/\/veritasinfo.org\/?p=12043#primaryimage\"},\"image\":{\"@id\":\"https:\/\/veritasinfo.org\/?p=12043#primaryimage\"},\"thumbnailUrl\":\"https:\/\/veritasinfo.org\/wp-content\/uploads\/2025\/09\/1757923403_vdfvdv.jpg\",\"datePublished\":\"2025-09-15T14:25:59+00:00\",\"author\":{\"@id\":\"https:\/\/veritasinfo.org\/#\/schema\/person\/fe199eede04c3937362892b7444747cc\"},\"breadcrumb\":{\"@id\":\"https:\/\/veritasinfo.org\/?p=12043#breadcrumb\"},\"inLanguage\":\"en-US\",\"potentialAction\":[{\"@type\":\"ReadAction\",\"target\":[\"https:\/\/veritasinfo.org\/?p=12043\"]}]},{\"@type\":\"ImageObject\",\"inLanguage\":\"en-US\",\"@id\":\"https:\/\/veritasinfo.org\/?p=12043#primaryimage\",\"url\":\"https:\/\/veritasinfo.org\/wp-content\/uploads\/2025\/09\/1757923403_vdfvdv.jpg\",\"contentUrl\":\"https:\/\/veritasinfo.org\/wp-content\/uploads\/2025\/09\/1757923403_vdfvdv.jpg\",\"width\":780,\"height\":440},{\"@type\":\"BreadcrumbList\",\"@id\":\"https:\/\/veritasinfo.org\/?p=12043#breadcrumb\",\"itemListElement\":[{\"@type\":\"ListItem\",\"position\":1,\"name\":\"Home\",\"item\":\"https:\/\/veritasinfo.org\/\"},{\"@type\":\"ListItem\",\"position\":2,\"name\":\"Rubin: Para Rambujes\u00eb Tha\u00e7in s&#8217;e njihte asnj\u00eb zyrtar i SHBA-s\u00eb\"}]},{\"@type\":\"WebSite\",\"@id\":\"https:\/\/veritasinfo.org\/#website\",\"url\":\"https:\/\/veritasinfo.org\/\",\"name\":\"\",\"description\":\"\",\"potentialAction\":[{\"@type\":\"SearchAction\",\"target\":{\"@type\":\"EntryPoint\",\"urlTemplate\":\"https:\/\/veritasinfo.org\/?s={search_term_string}\"},\"query-input\":{\"@type\":\"PropertyValueSpecification\",\"valueRequired\":true,\"valueName\":\"search_term_string\"}}],\"inLanguage\":\"en-US\"},{\"@type\":\"Person\",\"@id\":\"https:\/\/veritasinfo.org\/#\/schema\/person\/fe199eede04c3937362892b7444747cc\",\"name\":\"US6\",\"image\":{\"@type\":\"ImageObject\",\"inLanguage\":\"en-US\",\"@id\":\"https:\/\/veritasinfo.org\/#\/schema\/person\/image\/\",\"url\":\"https:\/\/secure.gravatar.com\/avatar\/cb16c3c31c9d23b9b8c705964598220b3014e42ff51eb540ff23cefa3ae8c15f?s=96&d=mm&r=g\",\"contentUrl\":\"https:\/\/secure.gravatar.com\/avatar\/cb16c3c31c9d23b9b8c705964598220b3014e42ff51eb540ff23cefa3ae8c15f?s=96&d=mm&r=g\",\"caption\":\"US6\"},\"url\":\"https:\/\/veritasinfo.org\/?author=7\"}]}<\/script>\n<!-- \/ Yoast SEO plugin. -->","yoast_head_json":{"title":"Rubin: Para Rambujes\u00eb Tha\u00e7in s'e njihte asnj\u00eb zyrtar i SHBA-s\u00eb -","robots":{"index":"index","follow":"follow","max-snippet":"max-snippet:-1","max-image-preview":"max-image-preview:large","max-video-preview":"max-video-preview:-1"},"canonical":"https:\/\/veritasinfo.org\/?p=12043","og_locale":"en_US","og_type":"article","og_title":"Rubin: Para Rambujes\u00eb Tha\u00e7in s'e njihte asnj\u00eb zyrtar i SHBA-s\u00eb -","og_description":"Hag\u00eb, 15 shtator Ish-diplomati amerikan, James Rubin, gjat\u00eb d\u00ebshmis\u00eb s\u00eb tij n\u00eb rastin e ish-krer\u00ebve t\u00eb U\u00c7K-s\u00eb, tha se nuk e njihte ish-presidentin e Kosov\u00ebs,","og_url":"https:\/\/veritasinfo.org\/?p=12043","article_published_time":"2025-09-15T14:25:59+00:00","og_image":[{"width":780,"height":440,"url":"https:\/\/veritasinfo.org\/wp-content\/uploads\/2025\/09\/1757923403_vdfvdv.jpg","type":"image\/jpeg"}],"author":"US6","twitter_card":"summary_large_image","twitter_misc":{"Written by":"US6","Est. reading time":"3 minutes"},"schema":{"@context":"https:\/\/schema.org","@graph":[{"@type":"WebPage","@id":"https:\/\/veritasinfo.org\/?p=12043","url":"https:\/\/veritasinfo.org\/?p=12043","name":"Rubin: Para Rambujes\u00eb Tha\u00e7in s'e njihte asnj\u00eb zyrtar i SHBA-s\u00eb -","isPartOf":{"@id":"https:\/\/veritasinfo.org\/#website"},"primaryImageOfPage":{"@id":"https:\/\/veritasinfo.org\/?p=12043#primaryimage"},"image":{"@id":"https:\/\/veritasinfo.org\/?p=12043#primaryimage"},"thumbnailUrl":"https:\/\/veritasinfo.org\/wp-content\/uploads\/2025\/09\/1757923403_vdfvdv.jpg","datePublished":"2025-09-15T14:25:59+00:00","author":{"@id":"https:\/\/veritasinfo.org\/#\/schema\/person\/fe199eede04c3937362892b7444747cc"},"breadcrumb":{"@id":"https:\/\/veritasinfo.org\/?p=12043#breadcrumb"},"inLanguage":"en-US","potentialAction":[{"@type":"ReadAction","target":["https:\/\/veritasinfo.org\/?p=12043"]}]},{"@type":"ImageObject","inLanguage":"en-US","@id":"https:\/\/veritasinfo.org\/?p=12043#primaryimage","url":"https:\/\/veritasinfo.org\/wp-content\/uploads\/2025\/09\/1757923403_vdfvdv.jpg","contentUrl":"https:\/\/veritasinfo.org\/wp-content\/uploads\/2025\/09\/1757923403_vdfvdv.jpg","width":780,"height":440},{"@type":"BreadcrumbList","@id":"https:\/\/veritasinfo.org\/?p=12043#breadcrumb","itemListElement":[{"@type":"ListItem","position":1,"name":"Home","item":"https:\/\/veritasinfo.org\/"},{"@type":"ListItem","position":2,"name":"Rubin: Para Rambujes\u00eb Tha\u00e7in s&#8217;e njihte asnj\u00eb zyrtar i SHBA-s\u00eb"}]},{"@type":"WebSite","@id":"https:\/\/veritasinfo.org\/#website","url":"https:\/\/veritasinfo.org\/","name":"","description":"","potentialAction":[{"@type":"SearchAction","target":{"@type":"EntryPoint","urlTemplate":"https:\/\/veritasinfo.org\/?s={search_term_string}"},"query-input":{"@type":"PropertyValueSpecification","valueRequired":true,"valueName":"search_term_string"}}],"inLanguage":"en-US"},{"@type":"Person","@id":"https:\/\/veritasinfo.org\/#\/schema\/person\/fe199eede04c3937362892b7444747cc","name":"US6","image":{"@type":"ImageObject","inLanguage":"en-US","@id":"https:\/\/veritasinfo.org\/#\/schema\/person\/image\/","url":"https:\/\/secure.gravatar.com\/avatar\/cb16c3c31c9d23b9b8c705964598220b3014e42ff51eb540ff23cefa3ae8c15f?s=96&d=mm&r=g","contentUrl":"https:\/\/secure.gravatar.com\/avatar\/cb16c3c31c9d23b9b8c705964598220b3014e42ff51eb540ff23cefa3ae8c15f?s=96&d=mm&r=g","caption":"US6"},"url":"https:\/\/veritasinfo.org\/?author=7"}]}},"featured_image_urls":{"full":["https:\/\/veritasinfo.org\/wp-content\/uploads\/2025\/09\/1757923403_vdfvdv.jpg",780,440,false],"thumbnail":["https:\/\/veritasinfo.org\/wp-content\/uploads\/2025\/09\/1757923403_vdfvdv-150x150.jpg",150,150,true],"medium":["https:\/\/veritasinfo.org\/wp-content\/uploads\/2025\/09\/1757923403_vdfvdv-300x169.jpg",300,169,true],"medium_large":["https:\/\/veritasinfo.org\/wp-content\/uploads\/2025\/09\/1757923403_vdfvdv-768x433.jpg",640,361,true],"large":["https:\/\/veritasinfo.org\/wp-content\/uploads\/2025\/09\/1757923403_vdfvdv.jpg",640,361,false],"1536x1536":["https:\/\/veritasinfo.org\/wp-content\/uploads\/2025\/09\/1757923403_vdfvdv.jpg",780,440,false],"2048x2048":["https:\/\/veritasinfo.org\/wp-content\/uploads\/2025\/09\/1757923403_vdfvdv.jpg",780,440,false],"kreeti-slider-full":["https:\/\/veritasinfo.org\/wp-content\/uploads\/2025\/09\/1757923403_vdfvdv.jpg",780,440,false],"kreeti-featured":["https:\/\/veritasinfo.org\/wp-content\/uploads\/2025\/09\/1757923403_vdfvdv.jpg",780,440,false],"kreeti-medium":["https:\/\/veritasinfo.org\/wp-content\/uploads\/2025\/09\/1757923403_vdfvdv.jpg",720,406,false],"kreeti-medium-square":["https:\/\/veritasinfo.org\/wp-content\/uploads\/2025\/09\/1757923403_vdfvdv.jpg",350,197,false]},"author_info":{"info":["US6"]},"category_info":"<a href=\"https:\/\/veritasinfo.org\/?cat=60\" rel=\"category\">Shoq\u00ebrore<\/a>","tag_info":"Shoq\u00ebrore","comment_count":"0","_links":{"self":[{"href":"https:\/\/veritasinfo.org\/index.php?rest_route=\/wp\/v2\/posts\/12043","targetHints":{"allow":["GET"]}}],"collection":[{"href":"https:\/\/veritasinfo.org\/index.php?rest_route=\/wp\/v2\/posts"}],"about":[{"href":"https:\/\/veritasinfo.org\/index.php?rest_route=\/wp\/v2\/types\/post"}],"author":[{"embeddable":true,"href":"https:\/\/veritasinfo.org\/index.php?rest_route=\/wp\/v2\/users\/7"}],"replies":[{"embeddable":true,"href":"https:\/\/veritasinfo.org\/index.php?rest_route=%2Fwp%2Fv2%2Fcomments&post=12043"}],"version-history":[{"count":1,"href":"https:\/\/veritasinfo.org\/index.php?rest_route=\/wp\/v2\/posts\/12043\/revisions"}],"predecessor-version":[{"id":12047,"href":"https:\/\/veritasinfo.org\/index.php?rest_route=\/wp\/v2\/posts\/12043\/revisions\/12047"}],"wp:featuredmedia":[{"embeddable":true,"href":"https:\/\/veritasinfo.org\/index.php?rest_route=\/wp\/v2\/media\/12046"}],"wp:attachment":[{"href":"https:\/\/veritasinfo.org\/index.php?rest_route=%2Fwp%2Fv2%2Fmedia&parent=12043"}],"wp:term":[{"taxonomy":"category","embeddable":true,"href":"https:\/\/veritasinfo.org\/index.php?rest_route=%2Fwp%2Fv2%2Fcategories&post=12043"},{"taxonomy":"post_tag","embeddable":true,"href":"https:\/\/veritasinfo.org\/index.php?rest_route=%2Fwp%2Fv2%2Ftags&post=12043"}],"curies":[{"name":"wp","href":"https:\/\/api.w.org\/{rel}","templated":true}]}}