{"id":12038,"date":"2025-09-15T16:19:05","date_gmt":"2025-09-15T14:19:05","guid":{"rendered":"https:\/\/veritasinfo.org\/?p=12038"},"modified":"2025-09-15T16:19:05","modified_gmt":"2025-09-15T14:19:05","slug":"arrestohet-nje-person-i-dyshuar-per-krime-lufte-ne-kosove","status":"publish","type":"post","link":"https:\/\/veritasinfo.org\/?p=12038","title":{"rendered":"Arrestohet nj\u00eb person i dyshuar p\u00ebr krime lufte n\u00eb Kosov\u00eb"},"content":{"rendered":"<p>Prishtin\u00eb, 15 shtator 2025<\/p>\n<p>Prokuroria Speciale e Republik\u00ebs s\u00eb Kosov\u00ebs n\u00eb bashk\u00ebpunim me Policin\u00eb e Kosov\u00ebs ka njoftuar p\u00ebr arrestimin e nj\u00eb personi n\u00ebn dyshimet p\u00ebr krime lufte kund\u00ebr popullsis\u00eb civile.<\/p>\n<p>Sipas komunikat\u00ebs zyrtare, i dyshuari me inicialet D.N. \u00ebsht\u00eb arrestuar t\u00eb h\u00ebn\u00ebn nga hetuesit e Drejtoris\u00eb p\u00ebr Hetimin e Krimeve t\u00eb Luft\u00ebs n\u00eb pik\u00ebkalimin kufitar Dheu i Bardh\u00eb, n\u00eb kufi me Serbin\u00eb.<\/p>\n<p>D.N. dyshohet se gjat\u00eb periudh\u00ebs 13 prill \u2013 30 prill 1999, n\u00eb bashk\u00ebkryerje me pjes\u00ebtar\u00eb t\u00eb forcave policore dhe ushtarake serbe, ka marr\u00eb pjes\u00eb n\u00eb vrasjen e 25 civil\u00ebve shqiptar\u00eb n\u00eb Komun\u00ebn e Gjilanit.<\/p>\n<p>Brenda afateve ligjore, Prokuroria Speciale ka paralajm\u00ebruar se do t\u00eb paraqes\u00eb k\u00ebrkes\u00eb p\u00ebr caktimin e mas\u00ebs s\u00eb paraburgimit n\u00eb Gjykat\u00ebn Themelore t\u00eb Prishtin\u00ebs, Departamenti Special.<\/p>\n","protected":false},"excerpt":{"rendered":"<p>Prishtin\u00eb, 15 shtator 2025 Prokuroria Speciale e Republik\u00ebs s\u00eb Kosov\u00ebs n\u00eb bashk\u00ebpunim me Policin\u00eb e Kosov\u00ebs ka njoftuar p\u00ebr arrestimin e nj\u00eb personi n\u00ebn dyshimet<\/p>\n","protected":false},"author":7,"featured_media":12039,"comment_status":"open","ping_status":"open","sticky":false,"template":"","format":"standard","meta":{"footnotes":""},"categories":[60],"tags":[],"class_list":["post-12038","post","type-post","status-publish","format-standard","has-post-thumbnail","hentry","category-shoqerore-sq"],"yoast_head":"<!-- This site is optimized with the Yoast SEO plugin v25.3.1 - https:\/\/yoast.com\/wordpress\/plugins\/seo\/ -->\n<title>Arrestohet nj\u00eb person i dyshuar p\u00ebr krime lufte n\u00eb Kosov\u00eb -<\/title>\n<meta name=\"robots\" content=\"index, follow, max-snippet:-1, max-image-preview:large, max-video-preview:-1\" \/>\n<link rel=\"canonical\" href=\"https:\/\/veritasinfo.org\/?p=12038\" \/>\n<meta property=\"og:locale\" content=\"en_US\" \/>\n<meta property=\"og:type\" content=\"article\" \/>\n<meta property=\"og:title\" content=\"Arrestohet nj\u00eb person i dyshuar p\u00ebr krime lufte n\u00eb Kosov\u00eb -\" \/>\n<meta property=\"og:description\" content=\"Prishtin\u00eb, 15 shtator 2025 Prokuroria Speciale e Republik\u00ebs s\u00eb Kosov\u00ebs n\u00eb bashk\u00ebpunim me Policin\u00eb e Kosov\u00ebs ka njoftuar p\u00ebr arrestimin e nj\u00eb personi n\u00ebn dyshimet\" \/>\n<meta property=\"og:url\" content=\"https:\/\/veritasinfo.org\/?p=12038\" \/>\n<meta property=\"article:published_time\" content=\"2025-09-15T14:19:05+00:00\" \/>\n<meta property=\"og:image\" content=\"https:\/\/veritasinfo.org\/wp-content\/uploads\/2025\/09\/Prokuroria-Speciale-Llogo.png\" \/>\n\t<meta property=\"og:image:width\" content=\"1260\" \/>\n\t<meta property=\"og:image:height\" content=\"740\" \/>\n\t<meta property=\"og:image:type\" content=\"image\/png\" \/>\n<meta name=\"author\" content=\"US6\" \/>\n<meta name=\"twitter:card\" content=\"summary_large_image\" \/>\n<meta name=\"twitter:label1\" content=\"Written by\" \/>\n\t<meta name=\"twitter:data1\" content=\"US6\" \/>\n\t<meta name=\"twitter:label2\" content=\"Est. reading time\" \/>\n\t<meta name=\"twitter:data2\" content=\"1 minute\" \/>\n<script type=\"application\/ld+json\" class=\"yoast-schema-graph\">{\"@context\":\"https:\/\/schema.org\",\"@graph\":[{\"@type\":\"WebPage\",\"@id\":\"https:\/\/veritasinfo.org\/?p=12038\",\"url\":\"https:\/\/veritasinfo.org\/?p=12038\",\"name\":\"Arrestohet nj\u00eb person i dyshuar p\u00ebr krime lufte n\u00eb Kosov\u00eb -\",\"isPartOf\":{\"@id\":\"https:\/\/veritasinfo.org\/#website\"},\"primaryImageOfPage\":{\"@id\":\"https:\/\/veritasinfo.org\/?p=12038#primaryimage\"},\"image\":{\"@id\":\"https:\/\/veritasinfo.org\/?p=12038#primaryimage\"},\"thumbnailUrl\":\"https:\/\/veritasinfo.org\/wp-content\/uploads\/2025\/09\/Prokuroria-Speciale-Llogo.png\",\"datePublished\":\"2025-09-15T14:19:05+00:00\",\"author\":{\"@id\":\"https:\/\/veritasinfo.org\/#\/schema\/person\/fe199eede04c3937362892b7444747cc\"},\"breadcrumb\":{\"@id\":\"https:\/\/veritasinfo.org\/?p=12038#breadcrumb\"},\"inLanguage\":\"en-US\",\"potentialAction\":[{\"@type\":\"ReadAction\",\"target\":[\"https:\/\/veritasinfo.org\/?p=12038\"]}]},{\"@type\":\"ImageObject\",\"inLanguage\":\"en-US\",\"@id\":\"https:\/\/veritasinfo.org\/?p=12038#primaryimage\",\"url\":\"https:\/\/veritasinfo.org\/wp-content\/uploads\/2025\/09\/Prokuroria-Speciale-Llogo.png\",\"contentUrl\":\"https:\/\/veritasinfo.org\/wp-content\/uploads\/2025\/09\/Prokuroria-Speciale-Llogo.png\",\"width\":1260,\"height\":740},{\"@type\":\"BreadcrumbList\",\"@id\":\"https:\/\/veritasinfo.org\/?p=12038#breadcrumb\",\"itemListElement\":[{\"@type\":\"ListItem\",\"position\":1,\"name\":\"Home\",\"item\":\"https:\/\/veritasinfo.org\/\"},{\"@type\":\"ListItem\",\"position\":2,\"name\":\"Arrestohet nj\u00eb person i dyshuar p\u00ebr krime lufte n\u00eb Kosov\u00eb\"}]},{\"@type\":\"WebSite\",\"@id\":\"https:\/\/veritasinfo.org\/#website\",\"url\":\"https:\/\/veritasinfo.org\/\",\"name\":\"\",\"description\":\"\",\"potentialAction\":[{\"@type\":\"SearchAction\",\"target\":{\"@type\":\"EntryPoint\",\"urlTemplate\":\"https:\/\/veritasinfo.org\/?s={search_term_string}\"},\"query-input\":{\"@type\":\"PropertyValueSpecification\",\"valueRequired\":true,\"valueName\":\"search_term_string\"}}],\"inLanguage\":\"en-US\"},{\"@type\":\"Person\",\"@id\":\"https:\/\/veritasinfo.org\/#\/schema\/person\/fe199eede04c3937362892b7444747cc\",\"name\":\"US6\",\"image\":{\"@type\":\"ImageObject\",\"inLanguage\":\"en-US\",\"@id\":\"https:\/\/veritasinfo.org\/#\/schema\/person\/image\/\",\"url\":\"https:\/\/secure.gravatar.com\/avatar\/cb16c3c31c9d23b9b8c705964598220b3014e42ff51eb540ff23cefa3ae8c15f?s=96&d=mm&r=g\",\"contentUrl\":\"https:\/\/secure.gravatar.com\/avatar\/cb16c3c31c9d23b9b8c705964598220b3014e42ff51eb540ff23cefa3ae8c15f?s=96&d=mm&r=g\",\"caption\":\"US6\"},\"url\":\"https:\/\/veritasinfo.org\/?author=7\"}]}<\/script>\n<!-- \/ Yoast SEO plugin. -->","yoast_head_json":{"title":"Arrestohet nj\u00eb person i dyshuar p\u00ebr krime lufte n\u00eb Kosov\u00eb -","robots":{"index":"index","follow":"follow","max-snippet":"max-snippet:-1","max-image-preview":"max-image-preview:large","max-video-preview":"max-video-preview:-1"},"canonical":"https:\/\/veritasinfo.org\/?p=12038","og_locale":"en_US","og_type":"article","og_title":"Arrestohet nj\u00eb person i dyshuar p\u00ebr krime lufte n\u00eb Kosov\u00eb -","og_description":"Prishtin\u00eb, 15 shtator 2025 Prokuroria Speciale e Republik\u00ebs s\u00eb Kosov\u00ebs n\u00eb bashk\u00ebpunim me Policin\u00eb e Kosov\u00ebs ka njoftuar p\u00ebr arrestimin e nj\u00eb personi n\u00ebn dyshimet","og_url":"https:\/\/veritasinfo.org\/?p=12038","article_published_time":"2025-09-15T14:19:05+00:00","og_image":[{"width":1260,"height":740,"url":"https:\/\/veritasinfo.org\/wp-content\/uploads\/2025\/09\/Prokuroria-Speciale-Llogo.png","type":"image\/png"}],"author":"US6","twitter_card":"summary_large_image","twitter_misc":{"Written by":"US6","Est. reading time":"1 minute"},"schema":{"@context":"https:\/\/schema.org","@graph":[{"@type":"WebPage","@id":"https:\/\/veritasinfo.org\/?p=12038","url":"https:\/\/veritasinfo.org\/?p=12038","name":"Arrestohet nj\u00eb person i dyshuar p\u00ebr krime lufte n\u00eb Kosov\u00eb -","isPartOf":{"@id":"https:\/\/veritasinfo.org\/#website"},"primaryImageOfPage":{"@id":"https:\/\/veritasinfo.org\/?p=12038#primaryimage"},"image":{"@id":"https:\/\/veritasinfo.org\/?p=12038#primaryimage"},"thumbnailUrl":"https:\/\/veritasinfo.org\/wp-content\/uploads\/2025\/09\/Prokuroria-Speciale-Llogo.png","datePublished":"2025-09-15T14:19:05+00:00","author":{"@id":"https:\/\/veritasinfo.org\/#\/schema\/person\/fe199eede04c3937362892b7444747cc"},"breadcrumb":{"@id":"https:\/\/veritasinfo.org\/?p=12038#breadcrumb"},"inLanguage":"en-US","potentialAction":[{"@type":"ReadAction","target":["https:\/\/veritasinfo.org\/?p=12038"]}]},{"@type":"ImageObject","inLanguage":"en-US","@id":"https:\/\/veritasinfo.org\/?p=12038#primaryimage","url":"https:\/\/veritasinfo.org\/wp-content\/uploads\/2025\/09\/Prokuroria-Speciale-Llogo.png","contentUrl":"https:\/\/veritasinfo.org\/wp-content\/uploads\/2025\/09\/Prokuroria-Speciale-Llogo.png","width":1260,"height":740},{"@type":"BreadcrumbList","@id":"https:\/\/veritasinfo.org\/?p=12038#breadcrumb","itemListElement":[{"@type":"ListItem","position":1,"name":"Home","item":"https:\/\/veritasinfo.org\/"},{"@type":"ListItem","position":2,"name":"Arrestohet nj\u00eb person i dyshuar p\u00ebr krime lufte n\u00eb Kosov\u00eb"}]},{"@type":"WebSite","@id":"https:\/\/veritasinfo.org\/#website","url":"https:\/\/veritasinfo.org\/","name":"","description":"","potentialAction":[{"@type":"SearchAction","target":{"@type":"EntryPoint","urlTemplate":"https:\/\/veritasinfo.org\/?s={search_term_string}"},"query-input":{"@type":"PropertyValueSpecification","valueRequired":true,"valueName":"search_term_string"}}],"inLanguage":"en-US"},{"@type":"Person","@id":"https:\/\/veritasinfo.org\/#\/schema\/person\/fe199eede04c3937362892b7444747cc","name":"US6","image":{"@type":"ImageObject","inLanguage":"en-US","@id":"https:\/\/veritasinfo.org\/#\/schema\/person\/image\/","url":"https:\/\/secure.gravatar.com\/avatar\/cb16c3c31c9d23b9b8c705964598220b3014e42ff51eb540ff23cefa3ae8c15f?s=96&d=mm&r=g","contentUrl":"https:\/\/secure.gravatar.com\/avatar\/cb16c3c31c9d23b9b8c705964598220b3014e42ff51eb540ff23cefa3ae8c15f?s=96&d=mm&r=g","caption":"US6"},"url":"https:\/\/veritasinfo.org\/?author=7"}]}},"featured_image_urls":{"full":["https:\/\/veritasinfo.org\/wp-content\/uploads\/2025\/09\/Prokuroria-Speciale-Llogo.png",1260,740,false],"thumbnail":["https:\/\/veritasinfo.org\/wp-content\/uploads\/2025\/09\/Prokuroria-Speciale-Llogo-150x150.png",150,150,true],"medium":["https:\/\/veritasinfo.org\/wp-content\/uploads\/2025\/09\/Prokuroria-Speciale-Llogo-300x176.png",300,176,true],"medium_large":["https:\/\/veritasinfo.org\/wp-content\/uploads\/2025\/09\/Prokuroria-Speciale-Llogo-768x451.png",640,376,true],"large":["https:\/\/veritasinfo.org\/wp-content\/uploads\/2025\/09\/Prokuroria-Speciale-Llogo-1024x601.png",640,376,true],"1536x1536":["https:\/\/veritasinfo.org\/wp-content\/uploads\/2025\/09\/Prokuroria-Speciale-Llogo.png",1260,740,false],"2048x2048":["https:\/\/veritasinfo.org\/wp-content\/uploads\/2025\/09\/Prokuroria-Speciale-Llogo.png",1260,740,false],"kreeti-slider-full":["https:\/\/veritasinfo.org\/wp-content\/uploads\/2025\/09\/Prokuroria-Speciale-Llogo.png",1226,720,false],"kreeti-featured":["https:\/\/veritasinfo.org\/wp-content\/uploads\/2025\/09\/Prokuroria-Speciale-Llogo.png",1024,601,false],"kreeti-medium":["https:\/\/veritasinfo.org\/wp-content\/uploads\/2025\/09\/Prokuroria-Speciale-Llogo.png",720,423,false],"kreeti-medium-square":["https:\/\/veritasinfo.org\/wp-content\/uploads\/2025\/09\/Prokuroria-Speciale-Llogo.png",350,206,false]},"author_info":{"info":["US6"]},"category_info":"<a href=\"https:\/\/veritasinfo.org\/?cat=60\" rel=\"category\">Shoq\u00ebrore<\/a>","tag_info":"Shoq\u00ebrore","comment_count":"0","_links":{"self":[{"href":"https:\/\/veritasinfo.org\/index.php?rest_route=\/wp\/v2\/posts\/12038","targetHints":{"allow":["GET"]}}],"collection":[{"href":"https:\/\/veritasinfo.org\/index.php?rest_route=\/wp\/v2\/posts"}],"about":[{"href":"https:\/\/veritasinfo.org\/index.php?rest_route=\/wp\/v2\/types\/post"}],"author":[{"embeddable":true,"href":"https:\/\/veritasinfo.org\/index.php?rest_route=\/wp\/v2\/users\/7"}],"replies":[{"embeddable":true,"href":"https:\/\/veritasinfo.org\/index.php?rest_route=%2Fwp%2Fv2%2Fcomments&post=12038"}],"version-history":[{"count":1,"href":"https:\/\/veritasinfo.org\/index.php?rest_route=\/wp\/v2\/posts\/12038\/revisions"}],"predecessor-version":[{"id":12040,"href":"https:\/\/veritasinfo.org\/index.php?rest_route=\/wp\/v2\/posts\/12038\/revisions\/12040"}],"wp:featuredmedia":[{"embeddable":true,"href":"https:\/\/veritasinfo.org\/index.php?rest_route=\/wp\/v2\/media\/12039"}],"wp:attachment":[{"href":"https:\/\/veritasinfo.org\/index.php?rest_route=%2Fwp%2Fv2%2Fmedia&parent=12038"}],"wp:term":[{"taxonomy":"category","embeddable":true,"href":"https:\/\/veritasinfo.org\/index.php?rest_route=%2Fwp%2Fv2%2Fcategories&post=12038"},{"taxonomy":"post_tag","embeddable":true,"href":"https:\/\/veritasinfo.org\/index.php?rest_route=%2Fwp%2Fv2%2Ftags&post=12038"}],"curies":[{"name":"wp","href":"https:\/\/api.w.org\/{rel}","templated":true}]}}