{"id":1200,"date":"2025-06-21T09:36:29","date_gmt":"2025-06-21T07:36:29","guid":{"rendered":"https:\/\/veritasinfo.org\/?p=1200"},"modified":"2025-06-21T09:36:29","modified_gmt":"2025-06-21T07:36:29","slug":"ne-zvecan-u-mbajt-nje-takim-informues-per-punen-e-dhomave-te-specializuara-te-kosoves","status":"publish","type":"post","link":"https:\/\/veritasinfo.org\/?p=1200","title":{"rendered":"N\u00eb Zve\u00e7an u mbajt nj\u00eb takim informues p\u00ebr pun\u00ebn e Dhomave t\u00eb Specializuara t\u00eb Kosov\u00ebs"},"content":{"rendered":"<p><strong>Zve\u00e7an, 21 Qershor 2025 &#8211;\u00a0 <\/strong><\/p>\n<p>N\u00eb organizim t\u00eb OJQ-s\u00eb Aktiv, m\u00eb 17 qershor n\u00eb Zve\u00e7an u mbajt nj\u00eb takim informues i dedikuar p\u00ebr pun\u00ebn e Dhomave t\u00eb Specializuara t\u00eb Kosov\u00ebs (DHSK). Q\u00ebllimi i k\u00ebtij takimi ishte q\u00eb qytetar\u00ebt dhe p\u00ebrfaq\u00ebsuesit e shoq\u00ebris\u00eb civile t\u00eb njihen m\u00eb nga af\u00ebr me mandatin e DHSK-s\u00eb, me proceset aktuale gjyq\u00ebsore, si dhe me t\u00eb drejtat e viktimave dhe mbrojtjen e d\u00ebshmitar\u00ebve.<\/p>\n<p>Takimin e hapi Teodora Zhivanoviq nga OJQ Aktiv, duke theksuar r\u00ebnd\u00ebsin\u00eb e dialogut t\u00eb hapur dhe qasjes n\u00eb informacione p\u00ebr drejt\u00ebsin\u00eb tranzicionale p\u00ebr t\u00eb gjitha komunitetet n\u00eb Kosov\u00eb.<\/p>\n<p>P\u00ebrfaq\u00ebsuesit e DHSK-s\u00eb, Ana Profoziq nga Zyra p\u00ebr Komunikim Publik dhe Informim dhe Michael Doyle, z\u00ebdh\u00ebn\u00ebs i DHSK-s\u00eb, fol\u00ebn p\u00ebr struktur\u00ebn dhe mandatin e Dhomave t\u00eb Specializuara, p\u00ebr pjes\u00ebmarrjen e viktimave dhe rolin e publikut n\u00eb k\u00ebto procese.<\/p>\n<p>Paul Landers, k\u00ebshilltar ligjor n\u00eb Zyr\u00ebn e Avokatit t\u00eb Popullit (DHSK), paraqiti mekanizmat p\u00ebr mbrojtjen e t\u00eb drejtave t\u00eb pal\u00ebve n\u00eb procedur\u00eb, si dhe garancit\u00eb institucionale p\u00ebr nj\u00eb proces t\u00eb drejt\u00eb dhe mbrojtjen e d\u00ebshmitar\u00ebve.<\/p>\n<p>P\u00ebrmes nj\u00eb sesioni interaktiv pyetje-p\u00ebrgjigje, pjes\u00ebmarr\u00ebsit pat\u00ebn mund\u00ebsin\u00eb t\u00eb komunikojn\u00eb drejtp\u00ebrdrejt me p\u00ebrfaq\u00ebsuesit e DHSK-s\u00eb dhe t\u00eb sqarojn\u00eb dilemat e tyre n\u00eb lidhje me procedurat dhe standardet e pun\u00ebs s\u00eb k\u00ebsaj gjykate.<\/p>\n","protected":false},"excerpt":{"rendered":"<p>Zve\u00e7an, 21 Qershor 2025 &#8211;\u00a0 N\u00eb organizim t\u00eb OJQ-s\u00eb Aktiv, m\u00eb 17 qershor n\u00eb Zve\u00e7an u mbajt nj\u00eb takim informues i dedikuar p\u00ebr pun\u00ebn e<\/p>\n","protected":false},"author":2,"featured_media":1201,"comment_status":"open","ping_status":"open","sticky":false,"template":"","format":"standard","meta":{"footnotes":""},"categories":[52],"tags":[],"class_list":["post-1200","post","type-post","status-publish","format-standard","has-post-thumbnail","hentry","category-komunat-sq"],"yoast_head":"<!-- This site is optimized with the Yoast SEO plugin v25.3.1 - https:\/\/yoast.com\/wordpress\/plugins\/seo\/ -->\n<title>N\u00eb Zve\u00e7an u mbajt nj\u00eb takim informues p\u00ebr pun\u00ebn e Dhomave t\u00eb Specializuara t\u00eb Kosov\u00ebs -<\/title>\n<meta name=\"robots\" content=\"index, follow, max-snippet:-1, max-image-preview:large, max-video-preview:-1\" \/>\n<link rel=\"canonical\" href=\"https:\/\/veritasinfo.org\/?p=1200\" \/>\n<meta property=\"og:locale\" content=\"en_US\" \/>\n<meta property=\"og:type\" content=\"article\" \/>\n<meta property=\"og:title\" content=\"N\u00eb Zve\u00e7an u mbajt nj\u00eb takim informues p\u00ebr pun\u00ebn e Dhomave t\u00eb Specializuara t\u00eb Kosov\u00ebs -\" \/>\n<meta property=\"og:description\" content=\"Zve\u00e7an, 21 Qershor 2025 &#8211;\u00a0 N\u00eb organizim t\u00eb OJQ-s\u00eb Aktiv, m\u00eb 17 qershor n\u00eb Zve\u00e7an u mbajt nj\u00eb takim informues i dedikuar p\u00ebr pun\u00ebn e\" \/>\n<meta property=\"og:url\" content=\"https:\/\/veritasinfo.org\/?p=1200\" \/>\n<meta property=\"article:published_time\" content=\"2025-06-21T07:36:29+00:00\" \/>\n<meta property=\"og:image\" content=\"https:\/\/veritasinfo.org\/wp-content\/uploads\/2025\/06\/OJQ-Aktiv.jpg\" \/>\n\t<meta property=\"og:image:width\" content=\"1600\" \/>\n\t<meta property=\"og:image:height\" content=\"900\" \/>\n\t<meta property=\"og:image:type\" content=\"image\/jpeg\" \/>\n<meta name=\"author\" content=\"US1\" \/>\n<meta name=\"twitter:card\" content=\"summary_large_image\" \/>\n<meta name=\"twitter:label1\" content=\"Written by\" \/>\n\t<meta name=\"twitter:data1\" content=\"US1\" \/>\n\t<meta name=\"twitter:label2\" content=\"Est. reading time\" \/>\n\t<meta name=\"twitter:data2\" content=\"2 minutes\" \/>\n<script type=\"application\/ld+json\" class=\"yoast-schema-graph\">{\"@context\":\"https:\/\/schema.org\",\"@graph\":[{\"@type\":\"WebPage\",\"@id\":\"https:\/\/veritasinfo.org\/?p=1200\",\"url\":\"https:\/\/veritasinfo.org\/?p=1200\",\"name\":\"N\u00eb Zve\u00e7an u mbajt nj\u00eb takim informues p\u00ebr pun\u00ebn e Dhomave t\u00eb Specializuara t\u00eb Kosov\u00ebs -\",\"isPartOf\":{\"@id\":\"https:\/\/veritasinfo.org\/#website\"},\"primaryImageOfPage\":{\"@id\":\"https:\/\/veritasinfo.org\/?p=1200#primaryimage\"},\"image\":{\"@id\":\"https:\/\/veritasinfo.org\/?p=1200#primaryimage\"},\"thumbnailUrl\":\"https:\/\/veritasinfo.org\/wp-content\/uploads\/2025\/06\/OJQ-Aktiv.jpg\",\"datePublished\":\"2025-06-21T07:36:29+00:00\",\"author\":{\"@id\":\"https:\/\/veritasinfo.org\/#\/schema\/person\/c2b8be262ea994d0995addca692c5e98\"},\"breadcrumb\":{\"@id\":\"https:\/\/veritasinfo.org\/?p=1200#breadcrumb\"},\"inLanguage\":\"en-US\",\"potentialAction\":[{\"@type\":\"ReadAction\",\"target\":[\"https:\/\/veritasinfo.org\/?p=1200\"]}]},{\"@type\":\"ImageObject\",\"inLanguage\":\"en-US\",\"@id\":\"https:\/\/veritasinfo.org\/?p=1200#primaryimage\",\"url\":\"https:\/\/veritasinfo.org\/wp-content\/uploads\/2025\/06\/OJQ-Aktiv.jpg\",\"contentUrl\":\"https:\/\/veritasinfo.org\/wp-content\/uploads\/2025\/06\/OJQ-Aktiv.jpg\",\"width\":1600,\"height\":900},{\"@type\":\"BreadcrumbList\",\"@id\":\"https:\/\/veritasinfo.org\/?p=1200#breadcrumb\",\"itemListElement\":[{\"@type\":\"ListItem\",\"position\":1,\"name\":\"Home\",\"item\":\"https:\/\/veritasinfo.org\/\"},{\"@type\":\"ListItem\",\"position\":2,\"name\":\"N\u00eb Zve\u00e7an u mbajt nj\u00eb takim informues p\u00ebr pun\u00ebn e Dhomave t\u00eb Specializuara t\u00eb Kosov\u00ebs\"}]},{\"@type\":\"WebSite\",\"@id\":\"https:\/\/veritasinfo.org\/#website\",\"url\":\"https:\/\/veritasinfo.org\/\",\"name\":\"\",\"description\":\"\",\"potentialAction\":[{\"@type\":\"SearchAction\",\"target\":{\"@type\":\"EntryPoint\",\"urlTemplate\":\"https:\/\/veritasinfo.org\/?s={search_term_string}\"},\"query-input\":{\"@type\":\"PropertyValueSpecification\",\"valueRequired\":true,\"valueName\":\"search_term_string\"}}],\"inLanguage\":\"en-US\"},{\"@type\":\"Person\",\"@id\":\"https:\/\/veritasinfo.org\/#\/schema\/person\/c2b8be262ea994d0995addca692c5e98\",\"name\":\"US1\",\"image\":{\"@type\":\"ImageObject\",\"inLanguage\":\"en-US\",\"@id\":\"https:\/\/veritasinfo.org\/#\/schema\/person\/image\/\",\"url\":\"https:\/\/secure.gravatar.com\/avatar\/4e96a59bd256abf9956eb9963ac891a47461ffb364d47b0e9aab113328fdb75b?s=96&d=mm&r=g\",\"contentUrl\":\"https:\/\/secure.gravatar.com\/avatar\/4e96a59bd256abf9956eb9963ac891a47461ffb364d47b0e9aab113328fdb75b?s=96&d=mm&r=g\",\"caption\":\"US1\"},\"url\":\"https:\/\/veritasinfo.org\/?author=2\"}]}<\/script>\n<!-- \/ Yoast SEO plugin. -->","yoast_head_json":{"title":"N\u00eb Zve\u00e7an u mbajt nj\u00eb takim informues p\u00ebr pun\u00ebn e Dhomave t\u00eb Specializuara t\u00eb Kosov\u00ebs -","robots":{"index":"index","follow":"follow","max-snippet":"max-snippet:-1","max-image-preview":"max-image-preview:large","max-video-preview":"max-video-preview:-1"},"canonical":"https:\/\/veritasinfo.org\/?p=1200","og_locale":"en_US","og_type":"article","og_title":"N\u00eb Zve\u00e7an u mbajt nj\u00eb takim informues p\u00ebr pun\u00ebn e Dhomave t\u00eb Specializuara t\u00eb Kosov\u00ebs -","og_description":"Zve\u00e7an, 21 Qershor 2025 &#8211;\u00a0 N\u00eb organizim t\u00eb OJQ-s\u00eb Aktiv, m\u00eb 17 qershor n\u00eb Zve\u00e7an u mbajt nj\u00eb takim informues i dedikuar p\u00ebr pun\u00ebn e","og_url":"https:\/\/veritasinfo.org\/?p=1200","article_published_time":"2025-06-21T07:36:29+00:00","og_image":[{"width":1600,"height":900,"url":"https:\/\/veritasinfo.org\/wp-content\/uploads\/2025\/06\/OJQ-Aktiv.jpg","type":"image\/jpeg"}],"author":"US1","twitter_card":"summary_large_image","twitter_misc":{"Written by":"US1","Est. reading time":"2 minutes"},"schema":{"@context":"https:\/\/schema.org","@graph":[{"@type":"WebPage","@id":"https:\/\/veritasinfo.org\/?p=1200","url":"https:\/\/veritasinfo.org\/?p=1200","name":"N\u00eb Zve\u00e7an u mbajt nj\u00eb takim informues p\u00ebr pun\u00ebn e Dhomave t\u00eb Specializuara t\u00eb Kosov\u00ebs -","isPartOf":{"@id":"https:\/\/veritasinfo.org\/#website"},"primaryImageOfPage":{"@id":"https:\/\/veritasinfo.org\/?p=1200#primaryimage"},"image":{"@id":"https:\/\/veritasinfo.org\/?p=1200#primaryimage"},"thumbnailUrl":"https:\/\/veritasinfo.org\/wp-content\/uploads\/2025\/06\/OJQ-Aktiv.jpg","datePublished":"2025-06-21T07:36:29+00:00","author":{"@id":"https:\/\/veritasinfo.org\/#\/schema\/person\/c2b8be262ea994d0995addca692c5e98"},"breadcrumb":{"@id":"https:\/\/veritasinfo.org\/?p=1200#breadcrumb"},"inLanguage":"en-US","potentialAction":[{"@type":"ReadAction","target":["https:\/\/veritasinfo.org\/?p=1200"]}]},{"@type":"ImageObject","inLanguage":"en-US","@id":"https:\/\/veritasinfo.org\/?p=1200#primaryimage","url":"https:\/\/veritasinfo.org\/wp-content\/uploads\/2025\/06\/OJQ-Aktiv.jpg","contentUrl":"https:\/\/veritasinfo.org\/wp-content\/uploads\/2025\/06\/OJQ-Aktiv.jpg","width":1600,"height":900},{"@type":"BreadcrumbList","@id":"https:\/\/veritasinfo.org\/?p=1200#breadcrumb","itemListElement":[{"@type":"ListItem","position":1,"name":"Home","item":"https:\/\/veritasinfo.org\/"},{"@type":"ListItem","position":2,"name":"N\u00eb Zve\u00e7an u mbajt nj\u00eb takim informues p\u00ebr pun\u00ebn e Dhomave t\u00eb Specializuara t\u00eb Kosov\u00ebs"}]},{"@type":"WebSite","@id":"https:\/\/veritasinfo.org\/#website","url":"https:\/\/veritasinfo.org\/","name":"","description":"","potentialAction":[{"@type":"SearchAction","target":{"@type":"EntryPoint","urlTemplate":"https:\/\/veritasinfo.org\/?s={search_term_string}"},"query-input":{"@type":"PropertyValueSpecification","valueRequired":true,"valueName":"search_term_string"}}],"inLanguage":"en-US"},{"@type":"Person","@id":"https:\/\/veritasinfo.org\/#\/schema\/person\/c2b8be262ea994d0995addca692c5e98","name":"US1","image":{"@type":"ImageObject","inLanguage":"en-US","@id":"https:\/\/veritasinfo.org\/#\/schema\/person\/image\/","url":"https:\/\/secure.gravatar.com\/avatar\/4e96a59bd256abf9956eb9963ac891a47461ffb364d47b0e9aab113328fdb75b?s=96&d=mm&r=g","contentUrl":"https:\/\/secure.gravatar.com\/avatar\/4e96a59bd256abf9956eb9963ac891a47461ffb364d47b0e9aab113328fdb75b?s=96&d=mm&r=g","caption":"US1"},"url":"https:\/\/veritasinfo.org\/?author=2"}]}},"featured_image_urls":{"full":["https:\/\/veritasinfo.org\/wp-content\/uploads\/2025\/06\/OJQ-Aktiv.jpg",1600,900,false],"thumbnail":["https:\/\/veritasinfo.org\/wp-content\/uploads\/2025\/06\/OJQ-Aktiv-150x150.jpg",150,150,true],"medium":["https:\/\/veritasinfo.org\/wp-content\/uploads\/2025\/06\/OJQ-Aktiv-300x169.jpg",300,169,true],"medium_large":["https:\/\/veritasinfo.org\/wp-content\/uploads\/2025\/06\/OJQ-Aktiv-768x432.jpg",640,360,true],"large":["https:\/\/veritasinfo.org\/wp-content\/uploads\/2025\/06\/OJQ-Aktiv-1024x576.jpg",640,360,true],"1536x1536":["https:\/\/veritasinfo.org\/wp-content\/uploads\/2025\/06\/OJQ-Aktiv-1536x864.jpg",1536,864,true],"2048x2048":["https:\/\/veritasinfo.org\/wp-content\/uploads\/2025\/06\/OJQ-Aktiv.jpg",1600,900,false],"kreeti-slider-full":["https:\/\/veritasinfo.org\/wp-content\/uploads\/2025\/06\/OJQ-Aktiv.jpg",1280,720,false],"kreeti-featured":["https:\/\/veritasinfo.org\/wp-content\/uploads\/2025\/06\/OJQ-Aktiv.jpg",1024,576,false],"kreeti-medium":["https:\/\/veritasinfo.org\/wp-content\/uploads\/2025\/06\/OJQ-Aktiv.jpg",720,405,false],"kreeti-medium-square":["https:\/\/veritasinfo.org\/wp-content\/uploads\/2025\/06\/OJQ-Aktiv.jpg",350,197,false]},"author_info":{"info":["US1"]},"category_info":"<a href=\"https:\/\/veritasinfo.org\/?cat=52\" rel=\"category\">Komunat<\/a>","tag_info":"Komunat","comment_count":"0","_links":{"self":[{"href":"https:\/\/veritasinfo.org\/index.php?rest_route=\/wp\/v2\/posts\/1200","targetHints":{"allow":["GET"]}}],"collection":[{"href":"https:\/\/veritasinfo.org\/index.php?rest_route=\/wp\/v2\/posts"}],"about":[{"href":"https:\/\/veritasinfo.org\/index.php?rest_route=\/wp\/v2\/types\/post"}],"author":[{"embeddable":true,"href":"https:\/\/veritasinfo.org\/index.php?rest_route=\/wp\/v2\/users\/2"}],"replies":[{"embeddable":true,"href":"https:\/\/veritasinfo.org\/index.php?rest_route=%2Fwp%2Fv2%2Fcomments&post=1200"}],"version-history":[{"count":1,"href":"https:\/\/veritasinfo.org\/index.php?rest_route=\/wp\/v2\/posts\/1200\/revisions"}],"predecessor-version":[{"id":1202,"href":"https:\/\/veritasinfo.org\/index.php?rest_route=\/wp\/v2\/posts\/1200\/revisions\/1202"}],"wp:featuredmedia":[{"embeddable":true,"href":"https:\/\/veritasinfo.org\/index.php?rest_route=\/wp\/v2\/media\/1201"}],"wp:attachment":[{"href":"https:\/\/veritasinfo.org\/index.php?rest_route=%2Fwp%2Fv2%2Fmedia&parent=1200"}],"wp:term":[{"taxonomy":"category","embeddable":true,"href":"https:\/\/veritasinfo.org\/index.php?rest_route=%2Fwp%2Fv2%2Fcategories&post=1200"},{"taxonomy":"post_tag","embeddable":true,"href":"https:\/\/veritasinfo.org\/index.php?rest_route=%2Fwp%2Fv2%2Ftags&post=1200"}],"curies":[{"name":"wp","href":"https:\/\/api.w.org\/{rel}","templated":true}]}}