{"id":1199,"date":"2025-06-21T09:37:53","date_gmt":"2025-06-21T07:37:53","guid":{"rendered":"https:\/\/veritasinfo.org\/?p=1199"},"modified":"2025-06-21T09:38:11","modified_gmt":"2025-06-21T07:38:11","slug":"arrestohet-edhe-nje-tjeter-pjesetar-i-sherbimeve-te-sigurise-serbe","status":"publish","type":"post","link":"https:\/\/veritasinfo.org\/?p=1199","title":{"rendered":"Arrestohet edhe nj\u00eb tjet\u00ebr pjes\u00ebtar i sh\u00ebrbimeve t\u00eb siguris\u00eb serbe"},"content":{"rendered":"<p>Jarinj\u00eb, 21.06.2025<\/p>\n<p>Nj\u00eb tjet\u00ebr pjes\u00ebtar i sh\u00ebrbimeve t\u00eb siguris\u00eb serbe u arrestua n\u00eb pik\u00ebn kufitare Jarinje.<br \/>\n\u00cbsht\u00eb Nebojsha Lazoviq nga Leposavici. Ai \u00ebsht\u00eb an\u00ebtar i Xhandarm\u00ebris\u00eb s\u00eb MPB-s\u00eb s\u00eb Serbis\u00eb.<br \/>\nAi u arrestua n\u00eb pik\u00ebn kufitare Jarinje, pas s\u00eb cil\u00ebs u d\u00ebrgua n\u00eb Ju\u017ena Mitrovica p\u00ebr nj\u00eb intervist\u00eb informative.<br \/>\nJu kujtojm\u00eb se jav\u00ebn e kaluar, pes\u00eb an\u00ebtar\u00eb t\u00eb strukturave t\u00eb siguris\u00eb s\u00eb MPB-s\u00eb s\u00eb Serbis\u00eb u ndaluan dhe u deportuan.<\/p>\n<p>Ai eshte derguar ne stacionin policer ne Mitrovicen e Jugut per t&#8217;u marre ne pyetje.<\/p>\n","protected":false},"excerpt":{"rendered":"<p>Jarinj\u00eb, 21.06.2025 Nj\u00eb tjet\u00ebr pjes\u00ebtar i sh\u00ebrbimeve t\u00eb siguris\u00eb serbe u arrestua n\u00eb pik\u00ebn kufitare Jarinje. \u00cbsht\u00eb Nebojsha Lazoviq nga Leposavici. Ai \u00ebsht\u00eb an\u00ebtar i<\/p>\n","protected":false},"author":1,"featured_media":1204,"comment_status":"open","ping_status":"open","sticky":false,"template":"","format":"standard","meta":{"footnotes":""},"categories":[60],"tags":[],"class_list":["post-1199","post","type-post","status-publish","format-standard","has-post-thumbnail","hentry","category-shoqerore-sq"],"yoast_head":"<!-- This site is optimized with the Yoast SEO plugin v25.3.1 - https:\/\/yoast.com\/wordpress\/plugins\/seo\/ -->\n<title>Arrestohet edhe nj\u00eb tjet\u00ebr pjes\u00ebtar i sh\u00ebrbimeve t\u00eb siguris\u00eb serbe -<\/title>\n<meta name=\"robots\" content=\"index, follow, max-snippet:-1, max-image-preview:large, max-video-preview:-1\" \/>\n<link rel=\"canonical\" href=\"https:\/\/veritasinfo.org\/?p=1199\" \/>\n<meta property=\"og:locale\" content=\"en_US\" \/>\n<meta property=\"og:type\" content=\"article\" \/>\n<meta property=\"og:title\" content=\"Arrestohet edhe nj\u00eb tjet\u00ebr pjes\u00ebtar i sh\u00ebrbimeve t\u00eb siguris\u00eb serbe -\" \/>\n<meta property=\"og:description\" content=\"Jarinj\u00eb, 21.06.2025 Nj\u00eb tjet\u00ebr pjes\u00ebtar i sh\u00ebrbimeve t\u00eb siguris\u00eb serbe u arrestua n\u00eb pik\u00ebn kufitare Jarinje. \u00cbsht\u00eb Nebojsha Lazoviq nga Leposavici. Ai \u00ebsht\u00eb an\u00ebtar i\" \/>\n<meta property=\"og:url\" content=\"https:\/\/veritasinfo.org\/?p=1199\" \/>\n<meta property=\"article:published_time\" content=\"2025-06-21T07:37:53+00:00\" \/>\n<meta property=\"article:modified_time\" content=\"2025-06-21T07:38:11+00:00\" \/>\n<meta property=\"og:image\" content=\"https:\/\/veritasinfo.org\/wp-content\/uploads\/2025\/06\/IMG_1488.jpeg\" \/>\n\t<meta property=\"og:image:width\" content=\"275\" \/>\n\t<meta property=\"og:image:height\" content=\"183\" \/>\n\t<meta property=\"og:image:type\" content=\"image\/jpeg\" \/>\n<meta name=\"author\" content=\"admin\" \/>\n<meta name=\"twitter:card\" content=\"summary_large_image\" \/>\n<meta name=\"twitter:label1\" content=\"Written by\" \/>\n\t<meta name=\"twitter:data1\" content=\"admin\" \/>\n\t<meta name=\"twitter:label2\" content=\"Est. reading time\" \/>\n\t<meta name=\"twitter:data2\" content=\"1 minute\" \/>\n<script type=\"application\/ld+json\" class=\"yoast-schema-graph\">{\"@context\":\"https:\/\/schema.org\",\"@graph\":[{\"@type\":\"WebPage\",\"@id\":\"https:\/\/veritasinfo.org\/?p=1199\",\"url\":\"https:\/\/veritasinfo.org\/?p=1199\",\"name\":\"Arrestohet edhe nj\u00eb tjet\u00ebr pjes\u00ebtar i sh\u00ebrbimeve t\u00eb siguris\u00eb serbe -\",\"isPartOf\":{\"@id\":\"https:\/\/veritasinfo.org\/#website\"},\"primaryImageOfPage\":{\"@id\":\"https:\/\/veritasinfo.org\/?p=1199#primaryimage\"},\"image\":{\"@id\":\"https:\/\/veritasinfo.org\/?p=1199#primaryimage\"},\"thumbnailUrl\":\"https:\/\/veritasinfo.org\/wp-content\/uploads\/2025\/06\/IMG_1488.jpeg\",\"datePublished\":\"2025-06-21T07:37:53+00:00\",\"dateModified\":\"2025-06-21T07:38:11+00:00\",\"author\":{\"@id\":\"https:\/\/veritasinfo.org\/#\/schema\/person\/7701f8c088bece422266b100a712374f\"},\"breadcrumb\":{\"@id\":\"https:\/\/veritasinfo.org\/?p=1199#breadcrumb\"},\"inLanguage\":\"en-US\",\"potentialAction\":[{\"@type\":\"ReadAction\",\"target\":[\"https:\/\/veritasinfo.org\/?p=1199\"]}]},{\"@type\":\"ImageObject\",\"inLanguage\":\"en-US\",\"@id\":\"https:\/\/veritasinfo.org\/?p=1199#primaryimage\",\"url\":\"https:\/\/veritasinfo.org\/wp-content\/uploads\/2025\/06\/IMG_1488.jpeg\",\"contentUrl\":\"https:\/\/veritasinfo.org\/wp-content\/uploads\/2025\/06\/IMG_1488.jpeg\",\"width\":275,\"height\":183},{\"@type\":\"BreadcrumbList\",\"@id\":\"https:\/\/veritasinfo.org\/?p=1199#breadcrumb\",\"itemListElement\":[{\"@type\":\"ListItem\",\"position\":1,\"name\":\"Home\",\"item\":\"https:\/\/veritasinfo.org\/\"},{\"@type\":\"ListItem\",\"position\":2,\"name\":\"Arrestohet edhe nj\u00eb tjet\u00ebr pjes\u00ebtar i sh\u00ebrbimeve t\u00eb siguris\u00eb serbe\"}]},{\"@type\":\"WebSite\",\"@id\":\"https:\/\/veritasinfo.org\/#website\",\"url\":\"https:\/\/veritasinfo.org\/\",\"name\":\"\",\"description\":\"\",\"potentialAction\":[{\"@type\":\"SearchAction\",\"target\":{\"@type\":\"EntryPoint\",\"urlTemplate\":\"https:\/\/veritasinfo.org\/?s={search_term_string}\"},\"query-input\":{\"@type\":\"PropertyValueSpecification\",\"valueRequired\":true,\"valueName\":\"search_term_string\"}}],\"inLanguage\":\"en-US\"},{\"@type\":\"Person\",\"@id\":\"https:\/\/veritasinfo.org\/#\/schema\/person\/7701f8c088bece422266b100a712374f\",\"name\":\"admin\",\"image\":{\"@type\":\"ImageObject\",\"inLanguage\":\"en-US\",\"@id\":\"https:\/\/veritasinfo.org\/#\/schema\/person\/image\/\",\"url\":\"https:\/\/secure.gravatar.com\/avatar\/ea53aa3bf6c9a12d5fde8ce4deff43fef3885ae33cf60184161a50d6987cfd2f?s=96&d=mm&r=g\",\"contentUrl\":\"https:\/\/secure.gravatar.com\/avatar\/ea53aa3bf6c9a12d5fde8ce4deff43fef3885ae33cf60184161a50d6987cfd2f?s=96&d=mm&r=g\",\"caption\":\"admin\"},\"sameAs\":[\"https:\/\/veritasinfo.org\"],\"url\":\"https:\/\/veritasinfo.org\/?author=1\"}]}<\/script>\n<!-- \/ Yoast SEO plugin. -->","yoast_head_json":{"title":"Arrestohet edhe nj\u00eb tjet\u00ebr pjes\u00ebtar i sh\u00ebrbimeve t\u00eb siguris\u00eb serbe -","robots":{"index":"index","follow":"follow","max-snippet":"max-snippet:-1","max-image-preview":"max-image-preview:large","max-video-preview":"max-video-preview:-1"},"canonical":"https:\/\/veritasinfo.org\/?p=1199","og_locale":"en_US","og_type":"article","og_title":"Arrestohet edhe nj\u00eb tjet\u00ebr pjes\u00ebtar i sh\u00ebrbimeve t\u00eb siguris\u00eb serbe -","og_description":"Jarinj\u00eb, 21.06.2025 Nj\u00eb tjet\u00ebr pjes\u00ebtar i sh\u00ebrbimeve t\u00eb siguris\u00eb serbe u arrestua n\u00eb pik\u00ebn kufitare Jarinje. \u00cbsht\u00eb Nebojsha Lazoviq nga Leposavici. Ai \u00ebsht\u00eb an\u00ebtar i","og_url":"https:\/\/veritasinfo.org\/?p=1199","article_published_time":"2025-06-21T07:37:53+00:00","article_modified_time":"2025-06-21T07:38:11+00:00","og_image":[{"width":275,"height":183,"url":"https:\/\/veritasinfo.org\/wp-content\/uploads\/2025\/06\/IMG_1488.jpeg","type":"image\/jpeg"}],"author":"admin","twitter_card":"summary_large_image","twitter_misc":{"Written by":"admin","Est. reading time":"1 minute"},"schema":{"@context":"https:\/\/schema.org","@graph":[{"@type":"WebPage","@id":"https:\/\/veritasinfo.org\/?p=1199","url":"https:\/\/veritasinfo.org\/?p=1199","name":"Arrestohet edhe nj\u00eb tjet\u00ebr pjes\u00ebtar i sh\u00ebrbimeve t\u00eb siguris\u00eb serbe -","isPartOf":{"@id":"https:\/\/veritasinfo.org\/#website"},"primaryImageOfPage":{"@id":"https:\/\/veritasinfo.org\/?p=1199#primaryimage"},"image":{"@id":"https:\/\/veritasinfo.org\/?p=1199#primaryimage"},"thumbnailUrl":"https:\/\/veritasinfo.org\/wp-content\/uploads\/2025\/06\/IMG_1488.jpeg","datePublished":"2025-06-21T07:37:53+00:00","dateModified":"2025-06-21T07:38:11+00:00","author":{"@id":"https:\/\/veritasinfo.org\/#\/schema\/person\/7701f8c088bece422266b100a712374f"},"breadcrumb":{"@id":"https:\/\/veritasinfo.org\/?p=1199#breadcrumb"},"inLanguage":"en-US","potentialAction":[{"@type":"ReadAction","target":["https:\/\/veritasinfo.org\/?p=1199"]}]},{"@type":"ImageObject","inLanguage":"en-US","@id":"https:\/\/veritasinfo.org\/?p=1199#primaryimage","url":"https:\/\/veritasinfo.org\/wp-content\/uploads\/2025\/06\/IMG_1488.jpeg","contentUrl":"https:\/\/veritasinfo.org\/wp-content\/uploads\/2025\/06\/IMG_1488.jpeg","width":275,"height":183},{"@type":"BreadcrumbList","@id":"https:\/\/veritasinfo.org\/?p=1199#breadcrumb","itemListElement":[{"@type":"ListItem","position":1,"name":"Home","item":"https:\/\/veritasinfo.org\/"},{"@type":"ListItem","position":2,"name":"Arrestohet edhe nj\u00eb tjet\u00ebr pjes\u00ebtar i sh\u00ebrbimeve t\u00eb siguris\u00eb serbe"}]},{"@type":"WebSite","@id":"https:\/\/veritasinfo.org\/#website","url":"https:\/\/veritasinfo.org\/","name":"","description":"","potentialAction":[{"@type":"SearchAction","target":{"@type":"EntryPoint","urlTemplate":"https:\/\/veritasinfo.org\/?s={search_term_string}"},"query-input":{"@type":"PropertyValueSpecification","valueRequired":true,"valueName":"search_term_string"}}],"inLanguage":"en-US"},{"@type":"Person","@id":"https:\/\/veritasinfo.org\/#\/schema\/person\/7701f8c088bece422266b100a712374f","name":"admin","image":{"@type":"ImageObject","inLanguage":"en-US","@id":"https:\/\/veritasinfo.org\/#\/schema\/person\/image\/","url":"https:\/\/secure.gravatar.com\/avatar\/ea53aa3bf6c9a12d5fde8ce4deff43fef3885ae33cf60184161a50d6987cfd2f?s=96&d=mm&r=g","contentUrl":"https:\/\/secure.gravatar.com\/avatar\/ea53aa3bf6c9a12d5fde8ce4deff43fef3885ae33cf60184161a50d6987cfd2f?s=96&d=mm&r=g","caption":"admin"},"sameAs":["https:\/\/veritasinfo.org"],"url":"https:\/\/veritasinfo.org\/?author=1"}]}},"featured_image_urls":{"full":["https:\/\/veritasinfo.org\/wp-content\/uploads\/2025\/06\/IMG_1488.jpeg",275,183,false],"thumbnail":["https:\/\/veritasinfo.org\/wp-content\/uploads\/2025\/06\/IMG_1488-150x150.jpeg",150,150,true],"medium":["https:\/\/veritasinfo.org\/wp-content\/uploads\/2025\/06\/IMG_1488.jpeg",275,183,false],"medium_large":["https:\/\/veritasinfo.org\/wp-content\/uploads\/2025\/06\/IMG_1488.jpeg",275,183,false],"large":["https:\/\/veritasinfo.org\/wp-content\/uploads\/2025\/06\/IMG_1488.jpeg",275,183,false],"1536x1536":["https:\/\/veritasinfo.org\/wp-content\/uploads\/2025\/06\/IMG_1488.jpeg",275,183,false],"2048x2048":["https:\/\/veritasinfo.org\/wp-content\/uploads\/2025\/06\/IMG_1488.jpeg",275,183,false],"kreeti-slider-full":["https:\/\/veritasinfo.org\/wp-content\/uploads\/2025\/06\/IMG_1488.jpeg",275,183,false],"kreeti-featured":["https:\/\/veritasinfo.org\/wp-content\/uploads\/2025\/06\/IMG_1488.jpeg",275,183,false],"kreeti-medium":["https:\/\/veritasinfo.org\/wp-content\/uploads\/2025\/06\/IMG_1488.jpeg",275,183,false],"kreeti-medium-square":["https:\/\/veritasinfo.org\/wp-content\/uploads\/2025\/06\/IMG_1488.jpeg",275,183,false]},"author_info":{"info":["admin"]},"category_info":"<a href=\"https:\/\/veritasinfo.org\/?cat=60\" rel=\"category\">Shoq\u00ebrore<\/a>","tag_info":"Shoq\u00ebrore","comment_count":"0","_links":{"self":[{"href":"https:\/\/veritasinfo.org\/index.php?rest_route=\/wp\/v2\/posts\/1199","targetHints":{"allow":["GET"]}}],"collection":[{"href":"https:\/\/veritasinfo.org\/index.php?rest_route=\/wp\/v2\/posts"}],"about":[{"href":"https:\/\/veritasinfo.org\/index.php?rest_route=\/wp\/v2\/types\/post"}],"author":[{"embeddable":true,"href":"https:\/\/veritasinfo.org\/index.php?rest_route=\/wp\/v2\/users\/1"}],"replies":[{"embeddable":true,"href":"https:\/\/veritasinfo.org\/index.php?rest_route=%2Fwp%2Fv2%2Fcomments&post=1199"}],"version-history":[{"count":1,"href":"https:\/\/veritasinfo.org\/index.php?rest_route=\/wp\/v2\/posts\/1199\/revisions"}],"predecessor-version":[{"id":1205,"href":"https:\/\/veritasinfo.org\/index.php?rest_route=\/wp\/v2\/posts\/1199\/revisions\/1205"}],"wp:featuredmedia":[{"embeddable":true,"href":"https:\/\/veritasinfo.org\/index.php?rest_route=\/wp\/v2\/media\/1204"}],"wp:attachment":[{"href":"https:\/\/veritasinfo.org\/index.php?rest_route=%2Fwp%2Fv2%2Fmedia&parent=1199"}],"wp:term":[{"taxonomy":"category","embeddable":true,"href":"https:\/\/veritasinfo.org\/index.php?rest_route=%2Fwp%2Fv2%2Fcategories&post=1199"},{"taxonomy":"post_tag","embeddable":true,"href":"https:\/\/veritasinfo.org\/index.php?rest_route=%2Fwp%2Fv2%2Ftags&post=1199"}],"curies":[{"name":"wp","href":"https:\/\/api.w.org\/{rel}","templated":true}]}}