{"id":11977,"date":"2025-09-15T08:47:10","date_gmt":"2025-09-15T06:47:10","guid":{"rendered":"https:\/\/veritasinfo.org\/?p=11977"},"modified":"2025-09-15T08:47:10","modified_gmt":"2025-09-15T06:47:10","slug":"gjukic-u-srbiji-postoji-gradjanski-rat-konacni-ishod-za-nekoliko-nedelja","status":"publish","type":"post","link":"https:\/\/veritasinfo.org\/?p=11977&lang=sr","title":{"rendered":"Gjuki\u0107: U Srbiji postoji gra\u0111anski rat, kona\u010dni ishod za nekoliko nedelja"},"content":{"rendered":"<p data-start=\"0\" data-end=\"106\">Pri\u0161tina, 15. septembar 2025<\/p>\n<p data-start=\"108\" data-end=\"297\">Snaga protesta u Srbiji je izvanredna, nevidljiva i mislim da niko ne bi trebalo da podcenjuje mo\u0107 naroda, ka\u017ee Sr\u0111ko Gjuki\u0107, biv\u0161i diplomata i \u010dlan Foruma za me\u0111unarodne odnose u Srbiji.<\/p>\n<p data-start=\"299\" data-end=\"980\">On u intervjuu za Geopost dodaje da je re\u017eim u Beogradu sada u zamci, bez ikakvog izlaza iz ove situacije sem da ode sa vlasti.<br data-start=\"426\" data-end=\"429\" \/>\u201eNaravno, tako diktatorski i autoritarni re\u017eim ne\u0107e to u\u010diniti ako nije apsolutno neophodno.\u201c Vlada, isti\u010de on, veoma je svesna da ulazimo u zavr\u0161nu fazu \u201egra\u0111anskog rata u Srbiji\u201c. On dodaje da gra\u0111anski rat u Srbiji nije po\u010deo tek pre mesec ili dva. \u201eGra\u0111anski rat u Srbiji traje otkako je ova vlada do\u0161la na vlast. Tada je podelila narod na dva tabora.\u201c Gjuki\u0107 je ube\u0111en da Srbija ima jo\u0161 dana i sedmica re\u0161enja pred sobom i da \u0107e to re\u0161enje, \u201epo mom ose\u0107aju, logikom, dosti\u0107i vrhunac negde oko godi\u0161njice katastrofe koja se desila u Novom Sadu.\u201c<\/p>\n<p data-start=\"982\" data-end=\"1183\">Kakav je potencijal aktuelnih vi\u0161emese\u010dnih protesta u Srbiji, i da li intervencija snaga bezbednosti, koje su vrlo vidljive me\u0111u demonstrantima, mo\u017ee da pokvari put ka potencijalno boljoj Srbiji?<\/p>\n<p data-start=\"1185\" data-end=\"1742\">Gjuki\u0107: I poslednjih 10 ili 11 meseci ve\u0107 se vidi da ova vlast ne slabi. Zapravo, danas je glavno pitanje kako zavr\u0161iti ove proteste, da bi oni poprimili demokratski oblik, da se zavr\u0161e na demokratski na\u010din, a ne na neki brutalan, nedemokratski na\u010din. Mislim da je to klju\u010dno pitanje sa kojim se suo\u010dava pokret, ustanak u Srbiji. Mislim da je i sam re\u017eim svestan toga. I da je sada jednostavno u zamci, bez izlaza iz ove situacije osim da se povu\u010de s vlasti, ali, ponavljam, re\u017eim toliko diktatorski i autoritaran ne\u0107e to u\u010diniti ukoliko ne bude primoran.<\/p>\n<p data-start=\"1744\" data-end=\"2916\">Sve okolnosti ga navode na zaklju\u010dak da \u0107e vrlo brzo do\u0107i u situaciju da \u0107e morati da se povu\u010de s politi\u010dke scene Srbije, uprkos svim raznim govorkanjima koja kru\u017ee. Uklju\u010duju\u0107i ono \u0161to ste pomenuli u ovom pitanju \u2013 odre\u0111ene slu\u017ebe koje su bile ume\u0161ane, i sli\u010dno. Slu\u017ebe su radile i uvek rade, ali ja ih nikada ne bih stavio iznad mo\u0107i naroda, niti su iznad mo\u0107i naroda, \u0161to je ve\u0107 pokazano kroz niz doga\u0111aja, kroz niz istorijskih prilika, kroz niz stvari, na kraju krajeva u samoj Srbiji. Jer, ako su radile \u2013 a radile su od po\u010detka, kada je studentski pokret bio slabiji, neorganizovaniji \u2013 sada se pokret, kao \u0161to rekoh, razvio u op\u0161ti civilni proces, sada je sila nezaustavljiva i nijedna slu\u017eba ne mo\u017ee je zaustaviti, nijedna slu\u017eba ne mo\u017ee je spre\u010diti. Dakle, rekao bih da, kao \u0161to se govorilo pre nekoliko godina za rezultat iz 1990-ih, suo\u010davamo se sa danima i sedmicama re\u0161enja, i meni izgleda da \u0107e, po nekoj logici, to re\u0161enje dosti\u0107i vrhunac negde oko godi\u0161njice katastrofe u Novom Sadu (1. novembar) koja je odnela toliko nevinih \u017eivota, a istina je da ni danas ne znamo ko su pravi po\u010dinioci i krivci, koji i dalje \u0161e\u0107u slobodni i hvale se svojom slobodom.<\/p>\n<p data-start=\"2918\" data-end=\"3137\">Rekli ste da je ostalo samo jo\u0161 nekoliko nedelja. Zna\u010di li to da \u0107e vlada poja\u010dati brutalnost koju vidimo na ulicama, i ako to posmatramo spolja, neki bi rekli da Srbija klizi u gra\u0111anski rat. Kakav je va\u0161 utisak?<\/p>\n<p data-start=\"3139\" data-end=\"3511\">Gjuki\u0107: Mislim da \u0107e vlada poku\u0161ati da bude veoma brutalisna u nekim trenucima. Ne mo\u017ee to biti stalno, jer se ose\u0107a da ljudi reaguju \u010dak i nasilnije na tu brutalnost. Vlada veoma dobro zna da ulazimo u zavr\u0161nu fazu gra\u0111anskog rata u Srbiji. Ne varajmo se i ne pretvarajmo da gra\u0111anski rat u Srbiji traje samo poslednjih mesec dana, dva dana, ili ne znam koliko nedelja.<\/p>\n<p data-start=\"3513\" data-end=\"3835\">Gra\u0111anski rat u Srbiji traje otkako je ova vlada do\u0161la na vlast. Tada je podelila narod na dva dela. Njihov narod i na\u0161 narod. Njihova policija i na\u0161a policija. Podelila je ljude na patriote i izdajnike, saradnike i ostale. Srpska vlada ima veoma bogat re\u010dnik da opi\u0161e kako je podelila i kako i dalje deli svoje gra\u0111ane.<\/p>\n<p data-start=\"3837\" data-end=\"4207\">I nemam nijednu sumnju da u svim godinama otkako je aktuelna neo-radikalna vlada do\u0161la na vlast u Srbiji, postoji gra\u0111anski rat. Gra\u0111anski rat ne zna\u010di samo borbe na ulicama ili, \u0161to je jo\u0161 gore, pucnjava na ulicama. Gra\u0111anski rat zna\u010di i po\u010dinje re\u010dima, i ba\u0161 tu agresija i gra\u0111anski rat re\u010dima su po\u010deli ta\u010dno kada je ova neo-radikalna vlada do\u0161la na vlast u Srbiji.<\/p>\n<p data-start=\"4209\" data-end=\"4488\">Dakle, to se doga\u0111a otprilike deset ili vi\u0161e godina, ali poslednjih godina je to ubrzano, i sada sa ovim protestima nemamo samo verbalni gra\u0111anski rat, nego imamo i sukobe na ulicama, kao \u0161to smo videli poslednjih nedelja, i naravno da \u0107e sada u\u0107i u svoju logi\u010dku zavr\u0161nu fazu.<\/p>\n<p data-start=\"4490\" data-end=\"4689\">Ne smemo zaboraviti da predsednica Evropske komisije, Ursula fon der Lajen, nije pomenula Srbiju u svom govoru ove nedelje. Za\u0161to? Da li je srpskim vlastima dato malo vi\u0161e manevarskog prostora?<\/p>\n<p data-start=\"4691\" data-end=\"5328\">Gjuki\u0107: Pitanje je za\u0161to je to izostavljeno iz njenog govora, koji je, kako ka\u017eu, bio upu\u0107en naciji, Evropi, Evropskoj uniji i sli\u010dno. Mislim da su tu dve stvari. Prva je da ona jo\u0161 uvek ne mo\u017ee da se otarasi svog \u201edragog Aleksandra\u201c. Jer se se\u0107amo da je ne tako davno bila go\u0161\u0107a Aleksandra Vu\u010di\u0107a i da mu se obratila kao \u201emoj dragi Aleksandar\u201c ili \u201edragi Aleksandar\u201c, kako ga je ve\u0107 nazvala. Dakle, to je jedan trenutak. Drugi trenutak je ideolo\u0161ki. Postoje \u010dlanovi tog desnog krila, politi\u010dke opcije desnog krila u Evropskoj narodnoj partiji (ENP), u kojoj stranka Vu\u010di\u0107a ima status posmatra\u010da, sa velikim ambicijama da postane \u010dlan.<\/p>\n<p data-start=\"5330\" data-end=\"5897\">Mo\u017eemo videti da su stvari potpuno preokrenute, i verujem da Ursula fon der Lajen prosto ne mo\u017ee da shvati stepen u kom su se stvari promenile u Srbiji i stepen u kom doga\u0111aji u Srbiji menjaju situaciju u Evropskoj uniji u vezi sa de\u0161avanjima u Srbiji. Ne samo u Evropskom parlamentu, gde su ovih dana izneti napadi na Srbiju, ili preciznije, napadi nisu izneti, nego su koordinisani nad Srbijom, jer je prakti\u010dno bilo jedinstvenog i jednoglasnog debata i stavova, istih stavova o situaciji u Srbiji, kr\u0161enju osnovnih ljudskih prava i temeljnih evropskih vrednosti.<\/p>\n<p data-start=\"5899\" data-end=\"6441\">Sve strane su se slo\u017eile \u2013 od levice do desnice \u2013 uklju\u010duju\u0107i Evropsku narodnu partiju i njenog predsednika (Manfred Vebera) iz poslani\u010dkog kluba u Evropskom parlamentu, koji je \u010dak obe\u0107ao i izjavio da \u0107e status posmatra\u010da Srpske napredne stranke (SNS) u toj evropskoj desni\u010darskoj me\u0111unarodnoj organizaciji biti revidiran. Pa, stvari su se znatno promenile u vezi sa Srbijom, i opet, da vam to podsetim jednim re\u010denicom \u2013 studenti su dali klju\u010dni doprinos u svemu ovome. Setimo se njihove maratonske borbe za demokratiju, i svi po\u0161tuju to.<\/p>\n<p data-start=\"6443\" data-end=\"6653\">Vidim da je studentski pokret u Srbiji i studenti Srbije sada sa pravom nominovani za Saharovljev pe\u010dat u Evropi, koji se dodeljuje upravo za takve stvari kao \u0161to su one koje su inicirali srpski studenti.<\/p>\n<p data-start=\"6655\" data-end=\"6806\">Da li mislite da izjava Vebera da ENP mo\u017ee isklju\u010diti SNS iz pridru\u017eenog \u010dlanstva \u0107e ostati samo retori\u010dka, ili \u0107e zaista biti konkretnih rezova?<\/p>\n<p data-start=\"6808\" data-end=\"7035\">Gjuki\u0107: Ne, mislim da \u0107e se to svakako desiti. Mo\u017eda je za neke ljude sve \u0161to se do sada desilo trebalo da se desi mnogo ranije, i mislim da je trebalo da se desi mnogo ranije i da pravi cilj protesta u Srbiji bude prepoznat.<\/p>\n<p data-start=\"7037\" data-end=\"7637\">Ipak, znamo i za\u0161to se to nije desilo, jer Vu\u010di\u0107 kupuje evropske politi\u010dare i sli\u010dno. Ali sada su maske pale. Dakle, nije re\u010d samo o Briselu i Evropskom parlamentu, nego o \u010dinjenici da mnoge zemlje ve\u0107 razumeju ovo. Imate Austriju, Nema\u010dku i mnoge druge zemlje koje tra\u017ee objektivnu procenu situacije u Srbiji. I to je proces koji se ne mo\u017ee zaustaviti. Dozvolite mi da napomenem samo da i na\u0161e susedne zemlje u Evropskoj uniji, Hrvatska i Slovenija, tako\u0111e posmatraju procese u na\u0161oj zemlji kroz te evropske o\u010di, i mislim da je taj proces zapo\u010deo punom brzinom prema, nadam se, demokratskom kraju.<\/p>\n<p data-start=\"7639\" data-end=\"8023\">Nakon otkazivanja diskusije na panelu \u201eSrbija: strate\u0161ki kandidat u kriti\u010dnoj raskrsnici\u201c, na kojem je Ana Brnabi\u0107 bila planirana da govori u Briselu u petak, srpska misija pri EU \u0107e primiti predsednika parlamenta Srbije na sopstvenom doga\u0111aju. Da li ovo zvu\u010di kao pismo Aleksandra Vu\u010di\u0107a upu\u0107eno The Guardian\u2011u, u kojem se hvalio, ali je zapravo zavr\u0161ilo u sekciji pisama uredniku?<\/p>\n<p data-start=\"8025\" data-end=\"8264\">Gjuki\u0107: Pa, tu\u017eno je da je srpska vlada nau\u010dila da raspravlja ili me\u0111u sobom ili preko svojih medija, i da mo\u017ee da ka\u017ee opoziciji i ljudima koji se ne sla\u017eu sa vladom, sa njenim stavovima, sa njenom politikom, da ih ne slu\u0161aju, ignori\u0161u.<\/p>\n<p data-start=\"8266\" data-end=\"8633\">Me\u0111utim, The Guardian je pokazao gde pripada pismo Vu\u010di\u0107a, i sada ovaj panel, koji je trebalo da se odr\u017ei u Briselu, pokazuje da ne\u0107\u0301e svi na tom panelu da aplaudiraju i bodre Anu Brnabi\u0107 i srpsku politiku. Naprotiv, ljudi \u017eele istinu i prave stvari i demokratske vrednosti, ne prevare i la\u017ei kojima smo bombardovani proteklih 14, 13 godina otkad su do\u0161li na vlast.<\/p>\n","protected":false},"excerpt":{"rendered":"<p>Pri\u0161tina, 15. septembar 2025 Snaga protesta u Srbiji je izvanredna, nevidljiva i mislim da niko ne bi trebalo da podcenjuje mo\u0107 naroda, ka\u017ee Sr\u0111ko Gjuki\u0107,<\/p>\n","protected":false},"author":7,"featured_media":11975,"comment_status":"open","ping_status":"open","sticky":false,"template":"","format":"standard","meta":{"footnotes":""},"categories":[28],"tags":[],"class_list":["post-11977","post","type-post","status-publish","format-standard","has-post-thumbnail","hentry","category-politika"],"yoast_head":"<!-- This site is optimized with the Yoast SEO plugin v25.3.1 - https:\/\/yoast.com\/wordpress\/plugins\/seo\/ -->\n<title>Gjuki\u0107: U Srbiji postoji gra\u0111anski rat, kona\u010dni ishod za nekoliko nedelja -<\/title>\n<meta name=\"robots\" content=\"index, follow, max-snippet:-1, max-image-preview:large, max-video-preview:-1\" \/>\n<link rel=\"canonical\" href=\"https:\/\/veritasinfo.org\/?p=11977&lang=sr\" \/>\n<meta property=\"og:locale\" content=\"en_US\" \/>\n<meta property=\"og:type\" content=\"article\" \/>\n<meta property=\"og:title\" content=\"Gjuki\u0107: U Srbiji postoji gra\u0111anski rat, kona\u010dni ishod za nekoliko nedelja -\" \/>\n<meta property=\"og:description\" content=\"Pri\u0161tina, 15. septembar 2025 Snaga protesta u Srbiji je izvanredna, nevidljiva i mislim da niko ne bi trebalo da podcenjuje mo\u0107 naroda, ka\u017ee Sr\u0111ko Gjuki\u0107,\" \/>\n<meta property=\"og:url\" content=\"https:\/\/veritasinfo.org\/?p=11977&amp;lang=sr\" \/>\n<meta property=\"article:published_time\" content=\"2025-09-15T06:47:10+00:00\" \/>\n<meta property=\"og:image\" content=\"https:\/\/veritasinfo.org\/wp-content\/uploads\/2025\/09\/ser-1.jpg\" \/>\n\t<meta property=\"og:image:width\" content=\"600\" \/>\n\t<meta property=\"og:image:height\" content=\"360\" \/>\n\t<meta property=\"og:image:type\" content=\"image\/jpeg\" \/>\n<meta name=\"author\" content=\"US6\" \/>\n<meta name=\"twitter:card\" content=\"summary_large_image\" \/>\n<meta name=\"twitter:label1\" content=\"Written by\" \/>\n\t<meta name=\"twitter:data1\" content=\"US6\" \/>\n\t<meta name=\"twitter:label2\" content=\"Est. reading time\" \/>\n\t<meta name=\"twitter:data2\" content=\"7 minutes\" \/>\n<script type=\"application\/ld+json\" class=\"yoast-schema-graph\">{\"@context\":\"https:\/\/schema.org\",\"@graph\":[{\"@type\":\"WebPage\",\"@id\":\"https:\/\/veritasinfo.org\/?p=11977&lang=sr\",\"url\":\"https:\/\/veritasinfo.org\/?p=11977&lang=sr\",\"name\":\"Gjuki\u0107: U Srbiji postoji gra\u0111anski rat, kona\u010dni ishod za nekoliko nedelja -\",\"isPartOf\":{\"@id\":\"https:\/\/veritasinfo.org\/#website\"},\"primaryImageOfPage\":{\"@id\":\"https:\/\/veritasinfo.org\/?p=11977&lang=sr#primaryimage\"},\"image\":{\"@id\":\"https:\/\/veritasinfo.org\/?p=11977&lang=sr#primaryimage\"},\"thumbnailUrl\":\"https:\/\/veritasinfo.org\/wp-content\/uploads\/2025\/09\/ser-1.jpg\",\"datePublished\":\"2025-09-15T06:47:10+00:00\",\"author\":{\"@id\":\"https:\/\/veritasinfo.org\/#\/schema\/person\/fe199eede04c3937362892b7444747cc\"},\"breadcrumb\":{\"@id\":\"https:\/\/veritasinfo.org\/?p=11977&lang=sr#breadcrumb\"},\"inLanguage\":\"en-US\",\"potentialAction\":[{\"@type\":\"ReadAction\",\"target\":[\"https:\/\/veritasinfo.org\/?p=11977&lang=sr\"]}]},{\"@type\":\"ImageObject\",\"inLanguage\":\"en-US\",\"@id\":\"https:\/\/veritasinfo.org\/?p=11977&lang=sr#primaryimage\",\"url\":\"https:\/\/veritasinfo.org\/wp-content\/uploads\/2025\/09\/ser-1.jpg\",\"contentUrl\":\"https:\/\/veritasinfo.org\/wp-content\/uploads\/2025\/09\/ser-1.jpg\",\"width\":600,\"height\":360,\"caption\":\"Beograd 15. avgust 2025. Protest studenata u blokadi I gra\u0111ana Srbije pod sloganom \u201eNismo vre\u0107a za udaranje\u201c, protesti nakon brutalnog nasilja policije nad gra\u0111anima Slavija Foto:Vladislav Miti\u0107\/Nova.rs\"},{\"@type\":\"BreadcrumbList\",\"@id\":\"https:\/\/veritasinfo.org\/?p=11977&lang=sr#breadcrumb\",\"itemListElement\":[{\"@type\":\"ListItem\",\"position\":1,\"name\":\"Home\",\"item\":\"https:\/\/veritasinfo.org\/\"},{\"@type\":\"ListItem\",\"position\":2,\"name\":\"Gjuki\u0107: U Srbiji postoji gra\u0111anski rat, kona\u010dni ishod za nekoliko nedelja\"}]},{\"@type\":\"WebSite\",\"@id\":\"https:\/\/veritasinfo.org\/#website\",\"url\":\"https:\/\/veritasinfo.org\/\",\"name\":\"\",\"description\":\"\",\"potentialAction\":[{\"@type\":\"SearchAction\",\"target\":{\"@type\":\"EntryPoint\",\"urlTemplate\":\"https:\/\/veritasinfo.org\/?s={search_term_string}\"},\"query-input\":{\"@type\":\"PropertyValueSpecification\",\"valueRequired\":true,\"valueName\":\"search_term_string\"}}],\"inLanguage\":\"en-US\"},{\"@type\":\"Person\",\"@id\":\"https:\/\/veritasinfo.org\/#\/schema\/person\/fe199eede04c3937362892b7444747cc\",\"name\":\"US6\",\"image\":{\"@type\":\"ImageObject\",\"inLanguage\":\"en-US\",\"@id\":\"https:\/\/veritasinfo.org\/#\/schema\/person\/image\/\",\"url\":\"https:\/\/secure.gravatar.com\/avatar\/cb16c3c31c9d23b9b8c705964598220b3014e42ff51eb540ff23cefa3ae8c15f?s=96&d=mm&r=g\",\"contentUrl\":\"https:\/\/secure.gravatar.com\/avatar\/cb16c3c31c9d23b9b8c705964598220b3014e42ff51eb540ff23cefa3ae8c15f?s=96&d=mm&r=g\",\"caption\":\"US6\"},\"url\":\"https:\/\/veritasinfo.org\/?author=7\"}]}<\/script>\n<!-- \/ Yoast SEO plugin. -->","yoast_head_json":{"title":"Gjuki\u0107: U Srbiji postoji gra\u0111anski rat, kona\u010dni ishod za nekoliko nedelja -","robots":{"index":"index","follow":"follow","max-snippet":"max-snippet:-1","max-image-preview":"max-image-preview:large","max-video-preview":"max-video-preview:-1"},"canonical":"https:\/\/veritasinfo.org\/?p=11977&lang=sr","og_locale":"en_US","og_type":"article","og_title":"Gjuki\u0107: U Srbiji postoji gra\u0111anski rat, kona\u010dni ishod za nekoliko nedelja -","og_description":"Pri\u0161tina, 15. septembar 2025 Snaga protesta u Srbiji je izvanredna, nevidljiva i mislim da niko ne bi trebalo da podcenjuje mo\u0107 naroda, ka\u017ee Sr\u0111ko Gjuki\u0107,","og_url":"https:\/\/veritasinfo.org\/?p=11977&lang=sr","article_published_time":"2025-09-15T06:47:10+00:00","og_image":[{"width":600,"height":360,"url":"https:\/\/veritasinfo.org\/wp-content\/uploads\/2025\/09\/ser-1.jpg","type":"image\/jpeg"}],"author":"US6","twitter_card":"summary_large_image","twitter_misc":{"Written by":"US6","Est. reading time":"7 minutes"},"schema":{"@context":"https:\/\/schema.org","@graph":[{"@type":"WebPage","@id":"https:\/\/veritasinfo.org\/?p=11977&lang=sr","url":"https:\/\/veritasinfo.org\/?p=11977&lang=sr","name":"Gjuki\u0107: U Srbiji postoji gra\u0111anski rat, kona\u010dni ishod za nekoliko nedelja -","isPartOf":{"@id":"https:\/\/veritasinfo.org\/#website"},"primaryImageOfPage":{"@id":"https:\/\/veritasinfo.org\/?p=11977&lang=sr#primaryimage"},"image":{"@id":"https:\/\/veritasinfo.org\/?p=11977&lang=sr#primaryimage"},"thumbnailUrl":"https:\/\/veritasinfo.org\/wp-content\/uploads\/2025\/09\/ser-1.jpg","datePublished":"2025-09-15T06:47:10+00:00","author":{"@id":"https:\/\/veritasinfo.org\/#\/schema\/person\/fe199eede04c3937362892b7444747cc"},"breadcrumb":{"@id":"https:\/\/veritasinfo.org\/?p=11977&lang=sr#breadcrumb"},"inLanguage":"en-US","potentialAction":[{"@type":"ReadAction","target":["https:\/\/veritasinfo.org\/?p=11977&lang=sr"]}]},{"@type":"ImageObject","inLanguage":"en-US","@id":"https:\/\/veritasinfo.org\/?p=11977&lang=sr#primaryimage","url":"https:\/\/veritasinfo.org\/wp-content\/uploads\/2025\/09\/ser-1.jpg","contentUrl":"https:\/\/veritasinfo.org\/wp-content\/uploads\/2025\/09\/ser-1.jpg","width":600,"height":360,"caption":"Beograd 15. avgust 2025. Protest studenata u blokadi I gra\u0111ana Srbije pod sloganom \u201eNismo vre\u0107a za udaranje\u201c, protesti nakon brutalnog nasilja policije nad gra\u0111anima Slavija Foto:Vladislav Miti\u0107\/Nova.rs"},{"@type":"BreadcrumbList","@id":"https:\/\/veritasinfo.org\/?p=11977&lang=sr#breadcrumb","itemListElement":[{"@type":"ListItem","position":1,"name":"Home","item":"https:\/\/veritasinfo.org\/"},{"@type":"ListItem","position":2,"name":"Gjuki\u0107: U Srbiji postoji gra\u0111anski rat, kona\u010dni ishod za nekoliko nedelja"}]},{"@type":"WebSite","@id":"https:\/\/veritasinfo.org\/#website","url":"https:\/\/veritasinfo.org\/","name":"","description":"","potentialAction":[{"@type":"SearchAction","target":{"@type":"EntryPoint","urlTemplate":"https:\/\/veritasinfo.org\/?s={search_term_string}"},"query-input":{"@type":"PropertyValueSpecification","valueRequired":true,"valueName":"search_term_string"}}],"inLanguage":"en-US"},{"@type":"Person","@id":"https:\/\/veritasinfo.org\/#\/schema\/person\/fe199eede04c3937362892b7444747cc","name":"US6","image":{"@type":"ImageObject","inLanguage":"en-US","@id":"https:\/\/veritasinfo.org\/#\/schema\/person\/image\/","url":"https:\/\/secure.gravatar.com\/avatar\/cb16c3c31c9d23b9b8c705964598220b3014e42ff51eb540ff23cefa3ae8c15f?s=96&d=mm&r=g","contentUrl":"https:\/\/secure.gravatar.com\/avatar\/cb16c3c31c9d23b9b8c705964598220b3014e42ff51eb540ff23cefa3ae8c15f?s=96&d=mm&r=g","caption":"US6"},"url":"https:\/\/veritasinfo.org\/?author=7"}]}},"featured_image_urls":{"full":["https:\/\/veritasinfo.org\/wp-content\/uploads\/2025\/09\/ser-1.jpg",600,360,false],"thumbnail":["https:\/\/veritasinfo.org\/wp-content\/uploads\/2025\/09\/ser-1-150x150.jpg",150,150,true],"medium":["https:\/\/veritasinfo.org\/wp-content\/uploads\/2025\/09\/ser-1-300x180.jpg",300,180,true],"medium_large":["https:\/\/veritasinfo.org\/wp-content\/uploads\/2025\/09\/ser-1.jpg",600,360,false],"large":["https:\/\/veritasinfo.org\/wp-content\/uploads\/2025\/09\/ser-1.jpg",600,360,false],"1536x1536":["https:\/\/veritasinfo.org\/wp-content\/uploads\/2025\/09\/ser-1.jpg",600,360,false],"2048x2048":["https:\/\/veritasinfo.org\/wp-content\/uploads\/2025\/09\/ser-1.jpg",600,360,false],"kreeti-slider-full":["https:\/\/veritasinfo.org\/wp-content\/uploads\/2025\/09\/ser-1.jpg",600,360,false],"kreeti-featured":["https:\/\/veritasinfo.org\/wp-content\/uploads\/2025\/09\/ser-1.jpg",600,360,false],"kreeti-medium":["https:\/\/veritasinfo.org\/wp-content\/uploads\/2025\/09\/ser-1.jpg",600,360,false],"kreeti-medium-square":["https:\/\/veritasinfo.org\/wp-content\/uploads\/2025\/09\/ser-1.jpg",350,210,false]},"author_info":{"info":["US6"]},"category_info":"<a href=\"https:\/\/veritasinfo.org\/?cat=28&#038;lang=sr\" rel=\"category\">Politika<\/a>","tag_info":"Politika","comment_count":"0","_links":{"self":[{"href":"https:\/\/veritasinfo.org\/index.php?rest_route=\/wp\/v2\/posts\/11977","targetHints":{"allow":["GET"]}}],"collection":[{"href":"https:\/\/veritasinfo.org\/index.php?rest_route=\/wp\/v2\/posts"}],"about":[{"href":"https:\/\/veritasinfo.org\/index.php?rest_route=\/wp\/v2\/types\/post"}],"author":[{"embeddable":true,"href":"https:\/\/veritasinfo.org\/index.php?rest_route=\/wp\/v2\/users\/7"}],"replies":[{"embeddable":true,"href":"https:\/\/veritasinfo.org\/index.php?rest_route=%2Fwp%2Fv2%2Fcomments&post=11977"}],"version-history":[{"count":1,"href":"https:\/\/veritasinfo.org\/index.php?rest_route=\/wp\/v2\/posts\/11977\/revisions"}],"predecessor-version":[{"id":11979,"href":"https:\/\/veritasinfo.org\/index.php?rest_route=\/wp\/v2\/posts\/11977\/revisions\/11979"}],"wp:featuredmedia":[{"embeddable":true,"href":"https:\/\/veritasinfo.org\/index.php?rest_route=\/wp\/v2\/media\/11975"}],"wp:attachment":[{"href":"https:\/\/veritasinfo.org\/index.php?rest_route=%2Fwp%2Fv2%2Fmedia&parent=11977"}],"wp:term":[{"taxonomy":"category","embeddable":true,"href":"https:\/\/veritasinfo.org\/index.php?rest_route=%2Fwp%2Fv2%2Fcategories&post=11977"},{"taxonomy":"post_tag","embeddable":true,"href":"https:\/\/veritasinfo.org\/index.php?rest_route=%2Fwp%2Fv2%2Ftags&post=11977"}],"curies":[{"name":"wp","href":"https:\/\/api.w.org\/{rel}","templated":true}]}}