{"id":1197,"date":"2025-06-21T07:55:17","date_gmt":"2025-06-21T05:55:17","guid":{"rendered":"https:\/\/veritasinfo.org\/?p=1197"},"modified":"2025-06-21T07:55:49","modified_gmt":"2025-06-21T05:55:49","slug":"anketa-srbi-priznaju-bez-priznanja-kosova-nema-eu-to-je-glavna-prepreka","status":"publish","type":"post","link":"https:\/\/veritasinfo.org\/?p=1197&lang=sr","title":{"rendered":"Anketa \/ Srbi priznaju: Bez priznanja Kosova \u2013 nema EU, to je glavna prepreka"},"content":{"rendered":"<p>Srbi prihvataju realnost: bez priznanja Kosova, ne\u0107e biti \u010dlanstva u Evropskoj uniji. To potvr\u0111uje novo istra\u017eivanje koje je objavila nevladina organizacija Centar za slobodne izbore i demokratiju \u2013 CeSID.<\/p>\n<p>Srbi su priznali da bez priznanja Kosova ne\u0107e biti \u010dlanstva u Evropskoj uniji. To je pokazalo novo istra\u017eivanje koje je objavio CeSID.<\/p>\n<p>Prema rezultatima ankete, 32 odsto gra\u0111ana Srbije veruje da je status Kosova, odnosno nepriznavanje, glavna prepreka na putu ka EU.<\/p>\n<p>\u201eUpravo me\u0111u gra\u0111anima koji smatraju da proces pristupanja Evropskoj uniji treba da se prekine, najvi\u0161e je onih koji veruju da je status Kosova klju\u010dni faktor koji usporava ceo ovaj proces, \u0161to uti\u010de i na njihov stav prema evropskoj budu\u0107nosti Srbije.<\/p>\n<p>Va\u017eno je ista\u0107i da me\u0111u mla\u0111im ispitanicima, problem Kosova prepoznaje se kao najva\u017enija prepreka na evropskom putu zemlje, \u0161to zna\u010dajno uti\u010de na njihov ne\u0161to negativniji stav prema samoj EU\u201c, navodi se u istra\u017eivanju CeSID-a.<\/p>\n<p>Prema objavljenoj anketi, gra\u0111ani priznaju da postoje i druge prepreke na putu Srbije ka EU, uklju\u010duju\u0107i nesposobno unutra\u0161nje rukovodstvo i neuvodjenje sankcija Rusiji.<\/p>\n<p>U me\u0111uvremenu, po prvi put u istoriji, ve\u0107ina gra\u0111ana podr\u017eava \u010dlanstvo. 48 odsto gra\u0111ana Srbije \u017eeli da zemlja ubrza evropski put, dok je 44 odsto protiv tog procesa.<\/p>\n<p>Proevropsko raspolo\u017eenje je najja\u010de me\u0111u mladima, ali i u starosnoj grupi od 45 do 60 godina, me\u0111u visokoobrazovanima i stanovnicima zapadne Srbije.<\/p>\n","protected":false},"excerpt":{"rendered":"<p>Srbi prihvataju realnost: bez priznanja Kosova, ne\u0107e biti \u010dlanstva u Evropskoj uniji. To potvr\u0111uje novo istra\u017eivanje koje je objavila nevladina organizacija Centar za slobodne izbore<\/p>\n","protected":false},"author":1,"featured_media":1183,"comment_status":"open","ping_status":"open","sticky":false,"template":"","format":"standard","meta":{"footnotes":""},"categories":[30],"tags":[],"class_list":["post-1197","post","type-post","status-publish","format-standard","has-post-thumbnail","hentry","category-drustvo"],"yoast_head":"<!-- This site is optimized with the Yoast SEO plugin v25.3.1 - https:\/\/yoast.com\/wordpress\/plugins\/seo\/ -->\n<title>Anketa \/ Srbi priznaju: Bez priznanja Kosova \u2013 nema EU, to je glavna prepreka -<\/title>\n<meta name=\"robots\" content=\"index, follow, max-snippet:-1, max-image-preview:large, max-video-preview:-1\" \/>\n<link rel=\"canonical\" href=\"https:\/\/veritasinfo.org\/?p=1197&lang=sr\" \/>\n<meta property=\"og:locale\" content=\"en_US\" \/>\n<meta property=\"og:type\" content=\"article\" \/>\n<meta property=\"og:title\" content=\"Anketa \/ Srbi priznaju: Bez priznanja Kosova \u2013 nema EU, to je glavna prepreka -\" \/>\n<meta property=\"og:description\" content=\"Srbi prihvataju realnost: bez priznanja Kosova, ne\u0107e biti \u010dlanstva u Evropskoj uniji. To potvr\u0111uje novo istra\u017eivanje koje je objavila nevladina organizacija Centar za slobodne izbore\" \/>\n<meta property=\"og:url\" content=\"https:\/\/veritasinfo.org\/?p=1197&amp;lang=sr\" \/>\n<meta property=\"article:published_time\" content=\"2025-06-21T05:55:17+00:00\" \/>\n<meta property=\"article:modified_time\" content=\"2025-06-21T05:55:49+00:00\" \/>\n<meta property=\"og:image\" content=\"https:\/\/veritasinfo.org\/wp-content\/uploads\/2025\/06\/IMG_0040.jpeg\" \/>\n\t<meta property=\"og:image:width\" content=\"1228\" \/>\n\t<meta property=\"og:image:height\" content=\"743\" \/>\n\t<meta property=\"og:image:type\" content=\"image\/jpeg\" \/>\n<meta name=\"author\" content=\"admin\" \/>\n<meta name=\"twitter:card\" content=\"summary_large_image\" \/>\n<meta name=\"twitter:label1\" content=\"Written by\" \/>\n\t<meta name=\"twitter:data1\" content=\"admin\" \/>\n\t<meta name=\"twitter:label2\" content=\"Est. reading time\" \/>\n\t<meta name=\"twitter:data2\" content=\"2 minutes\" \/>\n<script type=\"application\/ld+json\" class=\"yoast-schema-graph\">{\"@context\":\"https:\/\/schema.org\",\"@graph\":[{\"@type\":\"WebPage\",\"@id\":\"https:\/\/veritasinfo.org\/?p=1197&lang=sr\",\"url\":\"https:\/\/veritasinfo.org\/?p=1197&lang=sr\",\"name\":\"Anketa \/ Srbi priznaju: Bez priznanja Kosova \u2013 nema EU, to je glavna prepreka -\",\"isPartOf\":{\"@id\":\"https:\/\/veritasinfo.org\/#website\"},\"primaryImageOfPage\":{\"@id\":\"https:\/\/veritasinfo.org\/?p=1197&lang=sr#primaryimage\"},\"image\":{\"@id\":\"https:\/\/veritasinfo.org\/?p=1197&lang=sr#primaryimage\"},\"thumbnailUrl\":\"https:\/\/veritasinfo.org\/wp-content\/uploads\/2025\/06\/IMG_0040.jpeg\",\"datePublished\":\"2025-06-21T05:55:17+00:00\",\"dateModified\":\"2025-06-21T05:55:49+00:00\",\"author\":{\"@id\":\"https:\/\/veritasinfo.org\/#\/schema\/person\/7701f8c088bece422266b100a712374f\"},\"breadcrumb\":{\"@id\":\"https:\/\/veritasinfo.org\/?p=1197&lang=sr#breadcrumb\"},\"inLanguage\":\"en-US\",\"potentialAction\":[{\"@type\":\"ReadAction\",\"target\":[\"https:\/\/veritasinfo.org\/?p=1197&lang=sr\"]}]},{\"@type\":\"ImageObject\",\"inLanguage\":\"en-US\",\"@id\":\"https:\/\/veritasinfo.org\/?p=1197&lang=sr#primaryimage\",\"url\":\"https:\/\/veritasinfo.org\/wp-content\/uploads\/2025\/06\/IMG_0040.jpeg\",\"contentUrl\":\"https:\/\/veritasinfo.org\/wp-content\/uploads\/2025\/06\/IMG_0040.jpeg\",\"width\":1228,\"height\":743},{\"@type\":\"BreadcrumbList\",\"@id\":\"https:\/\/veritasinfo.org\/?p=1197&lang=sr#breadcrumb\",\"itemListElement\":[{\"@type\":\"ListItem\",\"position\":1,\"name\":\"Home\",\"item\":\"https:\/\/veritasinfo.org\/\"},{\"@type\":\"ListItem\",\"position\":2,\"name\":\"Anketa \/ Srbi priznaju: Bez priznanja Kosova \u2013 nema EU, to je glavna prepreka\"}]},{\"@type\":\"WebSite\",\"@id\":\"https:\/\/veritasinfo.org\/#website\",\"url\":\"https:\/\/veritasinfo.org\/\",\"name\":\"\",\"description\":\"\",\"potentialAction\":[{\"@type\":\"SearchAction\",\"target\":{\"@type\":\"EntryPoint\",\"urlTemplate\":\"https:\/\/veritasinfo.org\/?s={search_term_string}\"},\"query-input\":{\"@type\":\"PropertyValueSpecification\",\"valueRequired\":true,\"valueName\":\"search_term_string\"}}],\"inLanguage\":\"en-US\"},{\"@type\":\"Person\",\"@id\":\"https:\/\/veritasinfo.org\/#\/schema\/person\/7701f8c088bece422266b100a712374f\",\"name\":\"admin\",\"image\":{\"@type\":\"ImageObject\",\"inLanguage\":\"en-US\",\"@id\":\"https:\/\/veritasinfo.org\/#\/schema\/person\/image\/\",\"url\":\"https:\/\/secure.gravatar.com\/avatar\/ea53aa3bf6c9a12d5fde8ce4deff43fef3885ae33cf60184161a50d6987cfd2f?s=96&d=mm&r=g\",\"contentUrl\":\"https:\/\/secure.gravatar.com\/avatar\/ea53aa3bf6c9a12d5fde8ce4deff43fef3885ae33cf60184161a50d6987cfd2f?s=96&d=mm&r=g\",\"caption\":\"admin\"},\"sameAs\":[\"https:\/\/veritasinfo.org\"],\"url\":\"https:\/\/veritasinfo.org\/?author=1\"}]}<\/script>\n<!-- \/ Yoast SEO plugin. -->","yoast_head_json":{"title":"Anketa \/ Srbi priznaju: Bez priznanja Kosova \u2013 nema EU, to je glavna prepreka -","robots":{"index":"index","follow":"follow","max-snippet":"max-snippet:-1","max-image-preview":"max-image-preview:large","max-video-preview":"max-video-preview:-1"},"canonical":"https:\/\/veritasinfo.org\/?p=1197&lang=sr","og_locale":"en_US","og_type":"article","og_title":"Anketa \/ Srbi priznaju: Bez priznanja Kosova \u2013 nema EU, to je glavna prepreka -","og_description":"Srbi prihvataju realnost: bez priznanja Kosova, ne\u0107e biti \u010dlanstva u Evropskoj uniji. To potvr\u0111uje novo istra\u017eivanje koje je objavila nevladina organizacija Centar za slobodne izbore","og_url":"https:\/\/veritasinfo.org\/?p=1197&lang=sr","article_published_time":"2025-06-21T05:55:17+00:00","article_modified_time":"2025-06-21T05:55:49+00:00","og_image":[{"width":1228,"height":743,"url":"https:\/\/veritasinfo.org\/wp-content\/uploads\/2025\/06\/IMG_0040.jpeg","type":"image\/jpeg"}],"author":"admin","twitter_card":"summary_large_image","twitter_misc":{"Written by":"admin","Est. reading time":"2 minutes"},"schema":{"@context":"https:\/\/schema.org","@graph":[{"@type":"WebPage","@id":"https:\/\/veritasinfo.org\/?p=1197&lang=sr","url":"https:\/\/veritasinfo.org\/?p=1197&lang=sr","name":"Anketa \/ Srbi priznaju: Bez priznanja Kosova \u2013 nema EU, to je glavna prepreka -","isPartOf":{"@id":"https:\/\/veritasinfo.org\/#website"},"primaryImageOfPage":{"@id":"https:\/\/veritasinfo.org\/?p=1197&lang=sr#primaryimage"},"image":{"@id":"https:\/\/veritasinfo.org\/?p=1197&lang=sr#primaryimage"},"thumbnailUrl":"https:\/\/veritasinfo.org\/wp-content\/uploads\/2025\/06\/IMG_0040.jpeg","datePublished":"2025-06-21T05:55:17+00:00","dateModified":"2025-06-21T05:55:49+00:00","author":{"@id":"https:\/\/veritasinfo.org\/#\/schema\/person\/7701f8c088bece422266b100a712374f"},"breadcrumb":{"@id":"https:\/\/veritasinfo.org\/?p=1197&lang=sr#breadcrumb"},"inLanguage":"en-US","potentialAction":[{"@type":"ReadAction","target":["https:\/\/veritasinfo.org\/?p=1197&lang=sr"]}]},{"@type":"ImageObject","inLanguage":"en-US","@id":"https:\/\/veritasinfo.org\/?p=1197&lang=sr#primaryimage","url":"https:\/\/veritasinfo.org\/wp-content\/uploads\/2025\/06\/IMG_0040.jpeg","contentUrl":"https:\/\/veritasinfo.org\/wp-content\/uploads\/2025\/06\/IMG_0040.jpeg","width":1228,"height":743},{"@type":"BreadcrumbList","@id":"https:\/\/veritasinfo.org\/?p=1197&lang=sr#breadcrumb","itemListElement":[{"@type":"ListItem","position":1,"name":"Home","item":"https:\/\/veritasinfo.org\/"},{"@type":"ListItem","position":2,"name":"Anketa \/ Srbi priznaju: Bez priznanja Kosova \u2013 nema EU, to je glavna prepreka"}]},{"@type":"WebSite","@id":"https:\/\/veritasinfo.org\/#website","url":"https:\/\/veritasinfo.org\/","name":"","description":"","potentialAction":[{"@type":"SearchAction","target":{"@type":"EntryPoint","urlTemplate":"https:\/\/veritasinfo.org\/?s={search_term_string}"},"query-input":{"@type":"PropertyValueSpecification","valueRequired":true,"valueName":"search_term_string"}}],"inLanguage":"en-US"},{"@type":"Person","@id":"https:\/\/veritasinfo.org\/#\/schema\/person\/7701f8c088bece422266b100a712374f","name":"admin","image":{"@type":"ImageObject","inLanguage":"en-US","@id":"https:\/\/veritasinfo.org\/#\/schema\/person\/image\/","url":"https:\/\/secure.gravatar.com\/avatar\/ea53aa3bf6c9a12d5fde8ce4deff43fef3885ae33cf60184161a50d6987cfd2f?s=96&d=mm&r=g","contentUrl":"https:\/\/secure.gravatar.com\/avatar\/ea53aa3bf6c9a12d5fde8ce4deff43fef3885ae33cf60184161a50d6987cfd2f?s=96&d=mm&r=g","caption":"admin"},"sameAs":["https:\/\/veritasinfo.org"],"url":"https:\/\/veritasinfo.org\/?author=1"}]}},"featured_image_urls":{"full":["https:\/\/veritasinfo.org\/wp-content\/uploads\/2025\/06\/IMG_0040.jpeg",1228,743,false],"thumbnail":["https:\/\/veritasinfo.org\/wp-content\/uploads\/2025\/06\/IMG_0040-150x150.jpeg",150,150,true],"medium":["https:\/\/veritasinfo.org\/wp-content\/uploads\/2025\/06\/IMG_0040-300x182.jpeg",300,182,true],"medium_large":["https:\/\/veritasinfo.org\/wp-content\/uploads\/2025\/06\/IMG_0040-768x465.jpeg",640,388,true],"large":["https:\/\/veritasinfo.org\/wp-content\/uploads\/2025\/06\/IMG_0040-1024x620.jpeg",640,388,true],"1536x1536":["https:\/\/veritasinfo.org\/wp-content\/uploads\/2025\/06\/IMG_0040.jpeg",1228,743,false],"2048x2048":["https:\/\/veritasinfo.org\/wp-content\/uploads\/2025\/06\/IMG_0040.jpeg",1228,743,false],"kreeti-slider-full":["https:\/\/veritasinfo.org\/wp-content\/uploads\/2025\/06\/IMG_0040.jpeg",1190,720,false],"kreeti-featured":["https:\/\/veritasinfo.org\/wp-content\/uploads\/2025\/06\/IMG_0040.jpeg",1024,620,false],"kreeti-medium":["https:\/\/veritasinfo.org\/wp-content\/uploads\/2025\/06\/IMG_0040.jpeg",720,436,false],"kreeti-medium-square":["https:\/\/veritasinfo.org\/wp-content\/uploads\/2025\/06\/IMG_0040.jpeg",350,212,false]},"author_info":{"info":["admin"]},"category_info":"<a href=\"https:\/\/veritasinfo.org\/?cat=30&#038;lang=sr\" rel=\"category\">Dru\u0161tvo<\/a>","tag_info":"Dru\u0161tvo","comment_count":"0","_links":{"self":[{"href":"https:\/\/veritasinfo.org\/index.php?rest_route=\/wp\/v2\/posts\/1197","targetHints":{"allow":["GET"]}}],"collection":[{"href":"https:\/\/veritasinfo.org\/index.php?rest_route=\/wp\/v2\/posts"}],"about":[{"href":"https:\/\/veritasinfo.org\/index.php?rest_route=\/wp\/v2\/types\/post"}],"author":[{"embeddable":true,"href":"https:\/\/veritasinfo.org\/index.php?rest_route=\/wp\/v2\/users\/1"}],"replies":[{"embeddable":true,"href":"https:\/\/veritasinfo.org\/index.php?rest_route=%2Fwp%2Fv2%2Fcomments&post=1197"}],"version-history":[{"count":1,"href":"https:\/\/veritasinfo.org\/index.php?rest_route=\/wp\/v2\/posts\/1197\/revisions"}],"predecessor-version":[{"id":1198,"href":"https:\/\/veritasinfo.org\/index.php?rest_route=\/wp\/v2\/posts\/1197\/revisions\/1198"}],"wp:featuredmedia":[{"embeddable":true,"href":"https:\/\/veritasinfo.org\/index.php?rest_route=\/wp\/v2\/media\/1183"}],"wp:attachment":[{"href":"https:\/\/veritasinfo.org\/index.php?rest_route=%2Fwp%2Fv2%2Fmedia&parent=1197"}],"wp:term":[{"taxonomy":"category","embeddable":true,"href":"https:\/\/veritasinfo.org\/index.php?rest_route=%2Fwp%2Fv2%2Fcategories&post=1197"},{"taxonomy":"post_tag","embeddable":true,"href":"https:\/\/veritasinfo.org\/index.php?rest_route=%2Fwp%2Fv2%2Ftags&post=1197"}],"curies":[{"name":"wp","href":"https:\/\/api.w.org\/{rel}","templated":true}]}}