{"id":11954,"date":"2025-09-15T07:47:40","date_gmt":"2025-09-15T05:47:40","guid":{"rendered":"https:\/\/veritasinfo.org\/?p=11954"},"modified":"2025-09-15T07:47:40","modified_gmt":"2025-09-15T05:47:40","slug":"sot-ne-speciale-fillon-paraqitja-e-provave-e-deshmitari-i-pare-nga-mbrojtja","status":"publish","type":"post","link":"https:\/\/veritasinfo.org\/?p=11954","title":{"rendered":"Sot n\u00eb Speciale fillon paraqitja e provave e d\u00ebshmitari i par\u00eb nga mbrojtja"},"content":{"rendered":"<p><strong>Hag\u00eb, 15 shtator 2025<\/strong><\/p>\n<p>Sot n\u00eb Dhomat e Specializuara t\u00eb Kosov\u00ebs n\u00eb Hag\u00eb, n\u00eb gjykimin e Hashim Tha\u00e7it, Kadri Veselit, Rexhep Selimit dhe Jakup Krasniqit, Mbrojtja e Hashim Tha\u00e7it do t\u00eb filloj\u00eb me paraqitjen e provave dhe thirrjen e d\u00ebshmitar\u00ebve. Seanca pritet t\u00eb jet\u00eb kryesisht publike.<\/p>\n<p>Seanca do t\u00eb filloj\u00eb n\u00eb or\u00ebn 9:00, p\u00ebrmes transmetimit me 45 minuta vones\u00eb.<\/p>\n<p>N\u00eb t\u00eb nj\u00ebjt\u00ebn \u00e7\u00ebshtje gjyq\u00ebsore, m\u00eb 9 shtator 2025, Trupi Gjykues pranoi si prova disa aktekspertiza t\u00eb dor\u00ebzuara nga Mbrojtja e Viktimave dhe nj\u00eb prov\u00eb materiale t\u00eb dor\u00ebzuar nga Mbrojtja.<\/p>\n<p>Gjykat\u00ebsit nuk pranuan nj\u00eb prov\u00eb materiale tjet\u00ebr q\u00eb u k\u00ebrkua t\u00eb pranohej nga Mbrojtja. Kur u pyet lidhur me k\u00ebt\u00eb prov\u00eb gjat\u00eb pyetjeve nga pala kund\u00ebrshtare, d\u00ebshmitari nuk ishte n\u00eb gjendje t\u00eb jepte asnj\u00eb kontekst p\u00ebr t\u00eb, k\u00ebshtu q\u00eb Trupi Gjykues e konstatoi jorelevante p\u00ebr d\u00ebshmin\u00eb.<\/p>\n<p>M\u00eb 8 shtator 2025, Trupi Gjykues hodhi posht\u00eb k\u00ebrkes\u00ebn e Mbrojtjes s\u00eb Selimit p\u00ebr t\u00eb vendosur disa garanci gjat\u00eb pyetjeve t\u00eb d\u00ebshmitar\u00ebve t\u00eb thirrur nga ekipet e tjera t\u00eb Mbrojtjes.<\/p>\n<p>K\u00ebto p\u00ebrfshinin kufizimin e objektit t\u00eb pyetjeve dhe moslejimin e pal\u00ebve q\u00eb pyetjet n\u00eb cil\u00ebsin\u00eb e pal\u00ebs jothirr\u00ebse t\u00eb jen\u00eb n\u00eb lidhje me veprimet dhe sjelljen e nj\u00eb t\u00eb akuzuari q\u00eb nuk e ka thirrur at\u00eb d\u00ebshmitar.<\/p>\n<p>N\u00eb vendim, Trupi Gjykues shpjegoi se, kuadri i lejuar dhe kufizimet e pyetjeve nga pal\u00ebt jothirr\u00ebse jan\u00eb t\u00eb p\u00ebrcaktuara n\u00eb Rregulloren e Procedur\u00ebs dhe Provave dhe n\u00eb Urdhrin e Trupit Gjykues p\u00ebr Zhvillimin e Gjykimit.<\/p>\n<p>Pal\u00ebt mund t\u2019u b\u00ebjn\u00eb pyetje d\u00ebshmitar\u00ebve lidhur me temat e trajtuara nga pala thirr\u00ebse si dhe lidhur me besueshm\u00ebrin\u00eb e d\u00ebshmitarit, dhe n\u00eb p\u00ebrgjith\u00ebsi jan\u00eb t\u00eb autorizuara t\u2019u b\u00ebjn\u00eb pyetje d\u00ebshmitar\u00ebve p\u00ebr aspekte q\u00eb lidhen me argumentet e tyre, me kusht q\u00eb d\u00ebshmitari t\u00eb jet\u00eb n\u00eb gjendje t\u00eb jap\u00eb d\u00ebshmi relevante p\u00ebr l\u00ebnd\u00ebn.<\/p>\n<p>\u00c7\u00ebshtja p\u00ebrfshin kat\u00ebr ish-zyrtar\u00eb t\u00eb lart\u00eb t\u00eb Ushtris\u00eb \u00c7lirimtare t\u00eb Kosov\u00ebs: Hashim Tha\u00e7i, Kadri Veseli, Rexhep Selimi dhe Jakup Krasniqi.<\/p>\n<p>Sipas aktakuz\u00ebs, krimet e paraqitura n\u00eb t\u00eb u kryen m\u00eb s\u00eb paku prej marsit 1998 deri n\u00eb shtator 1999 n\u00eb disa vendndodhje n\u00eb Kosov\u00eb, si edhe n\u00eb Kuk\u00ebs dhe Cahan, n\u00eb Shqip\u00ebrin\u00eb Veriore.<\/p>\n<p>M\u00eb 15 dhjetor 2022, Gjykat\u00ebsi i Procedur\u00ebs Paraprake ia kaloi dosjen e \u00e7\u00ebshtjes Trupit Gjykues II. Gjykimi filloi m\u00eb 3 prill 2023 me deklaratat hyr\u00ebse t\u00eb Prokurorit t\u00eb Specializuar dhe t\u00eb p\u00ebrfaq\u00ebsuesit t\u00eb viktimave, ndjekur nga ekipet e mbrojtjes m\u00eb 4 dhe 5 prill 2023.<\/p>\n<p>M\u00eb 15 prill 2025, ZPS-ja e mbylli \u00e7\u00ebshtjen e vet. N\u00eb vendimin e tij gojor m\u00eb 16 korrik 2025, Trupi Gjykues hodhi posht\u00eb mocionin e p\u00ebrbashk\u00ebt t\u00eb Mbrojtjes p\u00ebr rr\u00ebzimin e akuzave n\u00eb baz\u00eb t\u00eb rregull\u00ebs 130 t\u00eb Rregullores.<\/p>\n<p>M\u00eb 16 dhe 17 korrik 2025, Mbrojt\u00ebsi i Viktimave paraqiti provat n\u00eb gjykat\u00eb. Konferenca p\u00ebrgatitore p\u00ebr Mbrojtjen u mbajt m\u00eb 19 gusht 2025, kurse paraqitja e provave nga Mbrojtja fillon m\u00eb 15 shtator 2025, me synimin q\u00eb t\u00eb p\u00ebrfundoj\u00eb m\u00eb 14 n\u00ebntor 2025. N\u00eb k\u00ebt\u00eb \u00e7\u00ebshtje gjyq\u00ebsore jan\u00eb 155 viktima pjes\u00ebmarr\u00ebse.<\/p>\n","protected":false},"excerpt":{"rendered":"<p>Hag\u00eb, 15 shtator 2025 Sot n\u00eb Dhomat e Specializuara t\u00eb Kosov\u00ebs n\u00eb Hag\u00eb, n\u00eb gjykimin e Hashim Tha\u00e7it, Kadri Veselit, Rexhep Selimit dhe Jakup Krasniqit,<\/p>\n","protected":false},"author":2,"featured_media":11955,"comment_status":"open","ping_status":"open","sticky":false,"template":"","format":"standard","meta":{"footnotes":""},"categories":[101],"tags":[],"class_list":["post-11954","post","type-post","status-publish","format-standard","has-post-thumbnail","hentry","category-kronika"],"yoast_head":"<!-- This site is optimized with the Yoast SEO plugin v25.3.1 - https:\/\/yoast.com\/wordpress\/plugins\/seo\/ -->\n<title>Sot n\u00eb Speciale fillon paraqitja e provave e d\u00ebshmitari i par\u00eb nga mbrojtja -<\/title>\n<meta name=\"robots\" content=\"index, follow, max-snippet:-1, max-image-preview:large, max-video-preview:-1\" \/>\n<link rel=\"canonical\" href=\"https:\/\/veritasinfo.org\/?p=11954\" \/>\n<meta property=\"og:locale\" content=\"en_US\" \/>\n<meta property=\"og:type\" content=\"article\" \/>\n<meta property=\"og:title\" content=\"Sot n\u00eb Speciale fillon paraqitja e provave e d\u00ebshmitari i par\u00eb nga mbrojtja -\" \/>\n<meta property=\"og:description\" content=\"Hag\u00eb, 15 shtator 2025 Sot n\u00eb Dhomat e Specializuara t\u00eb Kosov\u00ebs n\u00eb Hag\u00eb, n\u00eb gjykimin e Hashim Tha\u00e7it, Kadri Veselit, Rexhep Selimit dhe Jakup Krasniqit,\" \/>\n<meta property=\"og:url\" content=\"https:\/\/veritasinfo.org\/?p=11954\" \/>\n<meta property=\"article:published_time\" content=\"2025-09-15T05:47:40+00:00\" \/>\n<meta property=\"og:image\" content=\"https:\/\/veritasinfo.org\/wp-content\/uploads\/2025\/09\/HAGE.jpg\" \/>\n\t<meta property=\"og:image:width\" content=\"960\" \/>\n\t<meta property=\"og:image:height\" content=\"540\" \/>\n\t<meta property=\"og:image:type\" content=\"image\/jpeg\" \/>\n<meta name=\"author\" content=\"US1\" \/>\n<meta name=\"twitter:card\" content=\"summary_large_image\" \/>\n<meta name=\"twitter:label1\" content=\"Written by\" \/>\n\t<meta name=\"twitter:data1\" content=\"US1\" \/>\n\t<meta name=\"twitter:label2\" content=\"Est. reading time\" \/>\n\t<meta name=\"twitter:data2\" content=\"3 minutes\" \/>\n<script type=\"application\/ld+json\" class=\"yoast-schema-graph\">{\"@context\":\"https:\/\/schema.org\",\"@graph\":[{\"@type\":\"WebPage\",\"@id\":\"https:\/\/veritasinfo.org\/?p=11954\",\"url\":\"https:\/\/veritasinfo.org\/?p=11954\",\"name\":\"Sot n\u00eb Speciale fillon paraqitja e provave e d\u00ebshmitari i par\u00eb nga mbrojtja -\",\"isPartOf\":{\"@id\":\"https:\/\/veritasinfo.org\/#website\"},\"primaryImageOfPage\":{\"@id\":\"https:\/\/veritasinfo.org\/?p=11954#primaryimage\"},\"image\":{\"@id\":\"https:\/\/veritasinfo.org\/?p=11954#primaryimage\"},\"thumbnailUrl\":\"https:\/\/veritasinfo.org\/wp-content\/uploads\/2025\/09\/HAGE.jpg\",\"datePublished\":\"2025-09-15T05:47:40+00:00\",\"author\":{\"@id\":\"https:\/\/veritasinfo.org\/#\/schema\/person\/c2b8be262ea994d0995addca692c5e98\"},\"breadcrumb\":{\"@id\":\"https:\/\/veritasinfo.org\/?p=11954#breadcrumb\"},\"inLanguage\":\"en-US\",\"potentialAction\":[{\"@type\":\"ReadAction\",\"target\":[\"https:\/\/veritasinfo.org\/?p=11954\"]}]},{\"@type\":\"ImageObject\",\"inLanguage\":\"en-US\",\"@id\":\"https:\/\/veritasinfo.org\/?p=11954#primaryimage\",\"url\":\"https:\/\/veritasinfo.org\/wp-content\/uploads\/2025\/09\/HAGE.jpg\",\"contentUrl\":\"https:\/\/veritasinfo.org\/wp-content\/uploads\/2025\/09\/HAGE.jpg\",\"width\":960,\"height\":540},{\"@type\":\"BreadcrumbList\",\"@id\":\"https:\/\/veritasinfo.org\/?p=11954#breadcrumb\",\"itemListElement\":[{\"@type\":\"ListItem\",\"position\":1,\"name\":\"Home\",\"item\":\"https:\/\/veritasinfo.org\/\"},{\"@type\":\"ListItem\",\"position\":2,\"name\":\"Sot n\u00eb Speciale fillon paraqitja e provave e d\u00ebshmitari i par\u00eb nga mbrojtja\"}]},{\"@type\":\"WebSite\",\"@id\":\"https:\/\/veritasinfo.org\/#website\",\"url\":\"https:\/\/veritasinfo.org\/\",\"name\":\"\",\"description\":\"\",\"potentialAction\":[{\"@type\":\"SearchAction\",\"target\":{\"@type\":\"EntryPoint\",\"urlTemplate\":\"https:\/\/veritasinfo.org\/?s={search_term_string}\"},\"query-input\":{\"@type\":\"PropertyValueSpecification\",\"valueRequired\":true,\"valueName\":\"search_term_string\"}}],\"inLanguage\":\"en-US\"},{\"@type\":\"Person\",\"@id\":\"https:\/\/veritasinfo.org\/#\/schema\/person\/c2b8be262ea994d0995addca692c5e98\",\"name\":\"US1\",\"image\":{\"@type\":\"ImageObject\",\"inLanguage\":\"en-US\",\"@id\":\"https:\/\/veritasinfo.org\/#\/schema\/person\/image\/\",\"url\":\"https:\/\/secure.gravatar.com\/avatar\/4e96a59bd256abf9956eb9963ac891a47461ffb364d47b0e9aab113328fdb75b?s=96&d=mm&r=g\",\"contentUrl\":\"https:\/\/secure.gravatar.com\/avatar\/4e96a59bd256abf9956eb9963ac891a47461ffb364d47b0e9aab113328fdb75b?s=96&d=mm&r=g\",\"caption\":\"US1\"},\"url\":\"https:\/\/veritasinfo.org\/?author=2\"}]}<\/script>\n<!-- \/ Yoast SEO plugin. -->","yoast_head_json":{"title":"Sot n\u00eb Speciale fillon paraqitja e provave e d\u00ebshmitari i par\u00eb nga mbrojtja -","robots":{"index":"index","follow":"follow","max-snippet":"max-snippet:-1","max-image-preview":"max-image-preview:large","max-video-preview":"max-video-preview:-1"},"canonical":"https:\/\/veritasinfo.org\/?p=11954","og_locale":"en_US","og_type":"article","og_title":"Sot n\u00eb Speciale fillon paraqitja e provave e d\u00ebshmitari i par\u00eb nga mbrojtja -","og_description":"Hag\u00eb, 15 shtator 2025 Sot n\u00eb Dhomat e Specializuara t\u00eb Kosov\u00ebs n\u00eb Hag\u00eb, n\u00eb gjykimin e Hashim Tha\u00e7it, Kadri Veselit, Rexhep Selimit dhe Jakup Krasniqit,","og_url":"https:\/\/veritasinfo.org\/?p=11954","article_published_time":"2025-09-15T05:47:40+00:00","og_image":[{"width":960,"height":540,"url":"https:\/\/veritasinfo.org\/wp-content\/uploads\/2025\/09\/HAGE.jpg","type":"image\/jpeg"}],"author":"US1","twitter_card":"summary_large_image","twitter_misc":{"Written by":"US1","Est. reading time":"3 minutes"},"schema":{"@context":"https:\/\/schema.org","@graph":[{"@type":"WebPage","@id":"https:\/\/veritasinfo.org\/?p=11954","url":"https:\/\/veritasinfo.org\/?p=11954","name":"Sot n\u00eb Speciale fillon paraqitja e provave e d\u00ebshmitari i par\u00eb nga mbrojtja -","isPartOf":{"@id":"https:\/\/veritasinfo.org\/#website"},"primaryImageOfPage":{"@id":"https:\/\/veritasinfo.org\/?p=11954#primaryimage"},"image":{"@id":"https:\/\/veritasinfo.org\/?p=11954#primaryimage"},"thumbnailUrl":"https:\/\/veritasinfo.org\/wp-content\/uploads\/2025\/09\/HAGE.jpg","datePublished":"2025-09-15T05:47:40+00:00","author":{"@id":"https:\/\/veritasinfo.org\/#\/schema\/person\/c2b8be262ea994d0995addca692c5e98"},"breadcrumb":{"@id":"https:\/\/veritasinfo.org\/?p=11954#breadcrumb"},"inLanguage":"en-US","potentialAction":[{"@type":"ReadAction","target":["https:\/\/veritasinfo.org\/?p=11954"]}]},{"@type":"ImageObject","inLanguage":"en-US","@id":"https:\/\/veritasinfo.org\/?p=11954#primaryimage","url":"https:\/\/veritasinfo.org\/wp-content\/uploads\/2025\/09\/HAGE.jpg","contentUrl":"https:\/\/veritasinfo.org\/wp-content\/uploads\/2025\/09\/HAGE.jpg","width":960,"height":540},{"@type":"BreadcrumbList","@id":"https:\/\/veritasinfo.org\/?p=11954#breadcrumb","itemListElement":[{"@type":"ListItem","position":1,"name":"Home","item":"https:\/\/veritasinfo.org\/"},{"@type":"ListItem","position":2,"name":"Sot n\u00eb Speciale fillon paraqitja e provave e d\u00ebshmitari i par\u00eb nga mbrojtja"}]},{"@type":"WebSite","@id":"https:\/\/veritasinfo.org\/#website","url":"https:\/\/veritasinfo.org\/","name":"","description":"","potentialAction":[{"@type":"SearchAction","target":{"@type":"EntryPoint","urlTemplate":"https:\/\/veritasinfo.org\/?s={search_term_string}"},"query-input":{"@type":"PropertyValueSpecification","valueRequired":true,"valueName":"search_term_string"}}],"inLanguage":"en-US"},{"@type":"Person","@id":"https:\/\/veritasinfo.org\/#\/schema\/person\/c2b8be262ea994d0995addca692c5e98","name":"US1","image":{"@type":"ImageObject","inLanguage":"en-US","@id":"https:\/\/veritasinfo.org\/#\/schema\/person\/image\/","url":"https:\/\/secure.gravatar.com\/avatar\/4e96a59bd256abf9956eb9963ac891a47461ffb364d47b0e9aab113328fdb75b?s=96&d=mm&r=g","contentUrl":"https:\/\/secure.gravatar.com\/avatar\/4e96a59bd256abf9956eb9963ac891a47461ffb364d47b0e9aab113328fdb75b?s=96&d=mm&r=g","caption":"US1"},"url":"https:\/\/veritasinfo.org\/?author=2"}]}},"featured_image_urls":{"full":["https:\/\/veritasinfo.org\/wp-content\/uploads\/2025\/09\/HAGE.jpg",960,540,false],"thumbnail":["https:\/\/veritasinfo.org\/wp-content\/uploads\/2025\/09\/HAGE-150x150.jpg",150,150,true],"medium":["https:\/\/veritasinfo.org\/wp-content\/uploads\/2025\/09\/HAGE-300x169.jpg",300,169,true],"medium_large":["https:\/\/veritasinfo.org\/wp-content\/uploads\/2025\/09\/HAGE-768x432.jpg",640,360,true],"large":["https:\/\/veritasinfo.org\/wp-content\/uploads\/2025\/09\/HAGE.jpg",640,360,false],"1536x1536":["https:\/\/veritasinfo.org\/wp-content\/uploads\/2025\/09\/HAGE.jpg",960,540,false],"2048x2048":["https:\/\/veritasinfo.org\/wp-content\/uploads\/2025\/09\/HAGE.jpg",960,540,false],"kreeti-slider-full":["https:\/\/veritasinfo.org\/wp-content\/uploads\/2025\/09\/HAGE.jpg",960,540,false],"kreeti-featured":["https:\/\/veritasinfo.org\/wp-content\/uploads\/2025\/09\/HAGE.jpg",960,540,false],"kreeti-medium":["https:\/\/veritasinfo.org\/wp-content\/uploads\/2025\/09\/HAGE.jpg",720,405,false],"kreeti-medium-square":["https:\/\/veritasinfo.org\/wp-content\/uploads\/2025\/09\/HAGE.jpg",350,197,false]},"author_info":{"info":["US1"]},"category_info":"<a href=\"https:\/\/veritasinfo.org\/?cat=101\" rel=\"category\">Kronika<\/a>","tag_info":"Kronika","comment_count":"0","_links":{"self":[{"href":"https:\/\/veritasinfo.org\/index.php?rest_route=\/wp\/v2\/posts\/11954","targetHints":{"allow":["GET"]}}],"collection":[{"href":"https:\/\/veritasinfo.org\/index.php?rest_route=\/wp\/v2\/posts"}],"about":[{"href":"https:\/\/veritasinfo.org\/index.php?rest_route=\/wp\/v2\/types\/post"}],"author":[{"embeddable":true,"href":"https:\/\/veritasinfo.org\/index.php?rest_route=\/wp\/v2\/users\/2"}],"replies":[{"embeddable":true,"href":"https:\/\/veritasinfo.org\/index.php?rest_route=%2Fwp%2Fv2%2Fcomments&post=11954"}],"version-history":[{"count":1,"href":"https:\/\/veritasinfo.org\/index.php?rest_route=\/wp\/v2\/posts\/11954\/revisions"}],"predecessor-version":[{"id":11956,"href":"https:\/\/veritasinfo.org\/index.php?rest_route=\/wp\/v2\/posts\/11954\/revisions\/11956"}],"wp:featuredmedia":[{"embeddable":true,"href":"https:\/\/veritasinfo.org\/index.php?rest_route=\/wp\/v2\/media\/11955"}],"wp:attachment":[{"href":"https:\/\/veritasinfo.org\/index.php?rest_route=%2Fwp%2Fv2%2Fmedia&parent=11954"}],"wp:term":[{"taxonomy":"category","embeddable":true,"href":"https:\/\/veritasinfo.org\/index.php?rest_route=%2Fwp%2Fv2%2Fcategories&post=11954"},{"taxonomy":"post_tag","embeddable":true,"href":"https:\/\/veritasinfo.org\/index.php?rest_route=%2Fwp%2Fv2%2Ftags&post=11954"}],"curies":[{"name":"wp","href":"https:\/\/api.w.org\/{rel}","templated":true}]}}