{"id":11941,"date":"2025-09-14T22:04:58","date_gmt":"2025-09-14T20:04:58","guid":{"rendered":"https:\/\/veritasinfo.org\/?p=11941"},"modified":"2025-09-14T22:07:14","modified_gmt":"2025-09-14T20:07:14","slug":"potpredsednica-skupstine-kosova-i-funkcionerka-samoopredeljenja-aljbuljena-hadziju-zamerila-je-civilnom-drustvu-na-kosovu-sto-ne-reaguju-na-kako-navodi-uvrede-koje-srpska-lista-iznosi-na-sve-sto-se","status":"publish","type":"post","link":"https:\/\/veritasinfo.org\/?p=11941&lang=sr","title":{"rendered":"Potpredsednica Skup\u0161tine Kosova i funkcionerka Samoopredeljenja Aljbuljena Had\u017eiju zamerila je civilnom dru\u0161tvu na Kosovu \u0161to ne reaguju na, kako navodi, uvrede koje Srpska lista iznosi na sve \u0161to se ti\u010de \u201ekosovske Republike\u201c, dok je uvek spremno da reaguje protiv Samoopredeljenja"},"content":{"rendered":"<p>Pristina 14 Septembar 2025<\/p>\n<div class=\"article__content\">\n<div class=\"article__main\">\n<div class=\"article__body clearfix\">\n<p>\u201eNa parlamentarnim izborima 2025. godine insistirali smo da se Srpska lista ne overava. Rekli smo, izme\u0111u ostalog, da nema distanciranja, posebno od slu\u010daja Banjska. Tada su svuda reagovali. Na lokalnim izborima smo ponovo insistirali da se ne overava. Opet je bilo reakcija\u201c, navela je Had\u017eiju na\u00a0<a href=\"https:\/\/www.facebook.com\/albulenaa.haxhiuu\/posts\/31122884490688945?ref=embed_post\">Fejsbuku<\/a>.<\/p>\n<p>Kako je napisala, profili poslanika Srpske liste su svi \u201eantikosovski\u201c, i to \u201ene zna se koji vi\u0161e\u201c.<\/p>\n<p>\u201eJu\u010de, na po\u010detku kampanje, ti isti ponovo su vre\u0111ali Kurtija, govorili o \u2019oslobo\u0111enju\u2019 od njega i skandirali \u2019brate Milane\u2019. Ovog puta nije bilo reakcije. Civilno dru\u0161tvo, spremno protiv Samoopredeljenja kada se suprotstavilo Srpskoj listi, danas spava dok Srpska lista vre\u0111a sve \u0161to se ti\u010de na\u0161e Republike\u201c, navela je Had\u017eiju.<\/p>\n<p><a href=\"https:\/\/www.kosovo-online.com\/vesti\/izbori\/simic-zelimo-da-vratimo-opstine-na-severu-u-srpske-ruke-i-zastitimo-sunarodnike-na\" target=\"_blank\" rel=\"noopener\">Potpredsednik Srpske liste Igor Simi\u0107 poru\u010dio je danas<\/a>\u00a0da oni znaju da je poruka \u2019Svi za brata Milana\u2019 na skupu povodom po\u010detka predizborne kampanje u Severnoj Mitrovici upu\u0107ena kandidatu te liste za gradona\u010delnika Milanu Radojevi\u0107u, koga je opisao kao \u010dasnog Srbina koji brani interese srpskog naroda.<\/p>\n<p>\u201eEnergija se osetila u gradu, ljudi vape za promenama. Videli ste i jasne poruke sa skupa. Bio je tu i ogroman transpaternat \u2019Svi za brata Milana\u2019, koji neko interpretira ovako ili onako. Mi dobro znamo kome je ta poruka bila namenjena. Na\u0161 kandidat za predsednika op\u0161tine Severna Mitrovica je Milan Radojevi\u0107, \u010dastan Srbin koji \u0107e braniti interese srpskog naroda i sa\u010duvati ovaj grad\u201c, naglasio je Simi\u0107.<\/p>\n<\/div>\n<\/div>\n<\/div>\n<footer class=\"article__footer\">\n<div class=\"article__info\">\n<div class=\"article__time\"><\/div>\n<div class=\"article__source\"><\/div>\n<\/div>\n<\/footer>\n","protected":false},"excerpt":{"rendered":"<p>Pristina 14 Septembar 2025 \u201eNa parlamentarnim izborima 2025. godine insistirali smo da se Srpska lista ne overava. Rekli smo, izme\u0111u ostalog, da nema distanciranja, posebno<\/p>\n","protected":false},"author":6,"featured_media":11943,"comment_status":"open","ping_status":"open","sticky":false,"template":"","format":"standard","meta":{"footnotes":""},"categories":[28],"tags":[],"class_list":["post-11941","post","type-post","status-publish","format-standard","has-post-thumbnail","hentry","category-politika"],"yoast_head":"<!-- This site is optimized with the Yoast SEO plugin v25.3.1 - https:\/\/yoast.com\/wordpress\/plugins\/seo\/ -->\n<title>Potpredsednica Skup\u0161tine Kosova i funkcionerka Samoopredeljenja Aljbuljena Had\u017eiju zamerila je civilnom dru\u0161tvu na Kosovu \u0161to ne reaguju na, kako navodi, uvrede koje Srpska lista iznosi na sve \u0161to se ti\u010de \u201ekosovske Republike\u201c, dok je uvek spremno da reaguje protiv Samoopredeljenja -<\/title>\n<meta name=\"robots\" content=\"index, follow, max-snippet:-1, max-image-preview:large, max-video-preview:-1\" \/>\n<link rel=\"canonical\" href=\"https:\/\/veritasinfo.org\/?p=11941&lang=sr\" \/>\n<meta property=\"og:locale\" content=\"en_US\" \/>\n<meta property=\"og:type\" content=\"article\" \/>\n<meta property=\"og:title\" content=\"Potpredsednica Skup\u0161tine Kosova i funkcionerka Samoopredeljenja Aljbuljena Had\u017eiju zamerila je civilnom dru\u0161tvu na Kosovu \u0161to ne reaguju na, kako navodi, uvrede koje Srpska lista iznosi na sve \u0161to se ti\u010de \u201ekosovske Republike\u201c, dok je uvek spremno da reaguje protiv Samoopredeljenja -\" \/>\n<meta property=\"og:description\" content=\"Pristina 14 Septembar 2025 \u201eNa parlamentarnim izborima 2025. godine insistirali smo da se Srpska lista ne overava. Rekli smo, izme\u0111u ostalog, da nema distanciranja, posebno\" \/>\n<meta property=\"og:url\" content=\"https:\/\/veritasinfo.org\/?p=11941&amp;lang=sr\" \/>\n<meta property=\"article:published_time\" content=\"2025-09-14T20:04:58+00:00\" \/>\n<meta property=\"article:modified_time\" content=\"2025-09-14T20:07:14+00:00\" \/>\n<meta property=\"og:image\" content=\"https:\/\/veritasinfo.org\/wp-content\/uploads\/2025\/09\/aljbuljena_hadziju_0-1.jpg\" \/>\n\t<meta property=\"og:image:width\" content=\"1550\" \/>\n\t<meta property=\"og:image:height\" content=\"872\" \/>\n\t<meta property=\"og:image:type\" content=\"image\/jpeg\" \/>\n<meta name=\"author\" content=\"US5\" \/>\n<meta name=\"twitter:card\" content=\"summary_large_image\" \/>\n<meta name=\"twitter:label1\" content=\"Written by\" \/>\n\t<meta name=\"twitter:data1\" content=\"US5\" \/>\n\t<meta name=\"twitter:label2\" content=\"Est. reading time\" \/>\n\t<meta name=\"twitter:data2\" content=\"2 minutes\" \/>\n<script type=\"application\/ld+json\" class=\"yoast-schema-graph\">{\"@context\":\"https:\/\/schema.org\",\"@graph\":[{\"@type\":\"WebPage\",\"@id\":\"https:\/\/veritasinfo.org\/?p=11941&lang=sr\",\"url\":\"https:\/\/veritasinfo.org\/?p=11941&lang=sr\",\"name\":\"Potpredsednica Skup\u0161tine Kosova i funkcionerka Samoopredeljenja Aljbuljena Had\u017eiju zamerila je civilnom dru\u0161tvu na Kosovu \u0161to ne reaguju na, kako navodi, uvrede koje Srpska lista iznosi na sve \u0161to se ti\u010de \u201ekosovske Republike\u201c, dok je uvek spremno da reaguje protiv Samoopredeljenja -\",\"isPartOf\":{\"@id\":\"https:\/\/veritasinfo.org\/#website\"},\"primaryImageOfPage\":{\"@id\":\"https:\/\/veritasinfo.org\/?p=11941&lang=sr#primaryimage\"},\"image\":{\"@id\":\"https:\/\/veritasinfo.org\/?p=11941&lang=sr#primaryimage\"},\"thumbnailUrl\":\"https:\/\/veritasinfo.org\/wp-content\/uploads\/2025\/09\/aljbuljena_hadziju_0-1.jpg\",\"datePublished\":\"2025-09-14T20:04:58+00:00\",\"dateModified\":\"2025-09-14T20:07:14+00:00\",\"author\":{\"@id\":\"https:\/\/veritasinfo.org\/#\/schema\/person\/bc442336e35414d04494ab8fb45db4c6\"},\"breadcrumb\":{\"@id\":\"https:\/\/veritasinfo.org\/?p=11941&lang=sr#breadcrumb\"},\"inLanguage\":\"en-US\",\"potentialAction\":[{\"@type\":\"ReadAction\",\"target\":[\"https:\/\/veritasinfo.org\/?p=11941&lang=sr\"]}]},{\"@type\":\"ImageObject\",\"inLanguage\":\"en-US\",\"@id\":\"https:\/\/veritasinfo.org\/?p=11941&lang=sr#primaryimage\",\"url\":\"https:\/\/veritasinfo.org\/wp-content\/uploads\/2025\/09\/aljbuljena_hadziju_0-1.jpg\",\"contentUrl\":\"https:\/\/veritasinfo.org\/wp-content\/uploads\/2025\/09\/aljbuljena_hadziju_0-1.jpg\",\"width\":1550,\"height\":872},{\"@type\":\"BreadcrumbList\",\"@id\":\"https:\/\/veritasinfo.org\/?p=11941&lang=sr#breadcrumb\",\"itemListElement\":[{\"@type\":\"ListItem\",\"position\":1,\"name\":\"Home\",\"item\":\"https:\/\/veritasinfo.org\/\"},{\"@type\":\"ListItem\",\"position\":2,\"name\":\"Potpredsednica Skup\u0161tine Kosova i funkcionerka Samoopredeljenja Aljbuljena Had\u017eiju zamerila je civilnom dru\u0161tvu na Kosovu \u0161to ne reaguju na, kako navodi, uvrede koje Srpska lista iznosi na sve \u0161to se ti\u010de \u201ekosovske Republike\u201c, dok je uvek spremno da reaguje protiv Samoopredeljenja\"}]},{\"@type\":\"WebSite\",\"@id\":\"https:\/\/veritasinfo.org\/#website\",\"url\":\"https:\/\/veritasinfo.org\/\",\"name\":\"\",\"description\":\"\",\"potentialAction\":[{\"@type\":\"SearchAction\",\"target\":{\"@type\":\"EntryPoint\",\"urlTemplate\":\"https:\/\/veritasinfo.org\/?s={search_term_string}\"},\"query-input\":{\"@type\":\"PropertyValueSpecification\",\"valueRequired\":true,\"valueName\":\"search_term_string\"}}],\"inLanguage\":\"en-US\"},{\"@type\":\"Person\",\"@id\":\"https:\/\/veritasinfo.org\/#\/schema\/person\/bc442336e35414d04494ab8fb45db4c6\",\"name\":\"US5\",\"image\":{\"@type\":\"ImageObject\",\"inLanguage\":\"en-US\",\"@id\":\"https:\/\/veritasinfo.org\/#\/schema\/person\/image\/\",\"url\":\"https:\/\/secure.gravatar.com\/avatar\/16a61e7272a0c5d001121ebb9e60e925d5816e4ac1e443ed3e640d9a6ae55d0c?s=96&d=mm&r=g\",\"contentUrl\":\"https:\/\/secure.gravatar.com\/avatar\/16a61e7272a0c5d001121ebb9e60e925d5816e4ac1e443ed3e640d9a6ae55d0c?s=96&d=mm&r=g\",\"caption\":\"US5\"},\"url\":\"https:\/\/veritasinfo.org\/?author=6\"}]}<\/script>\n<!-- \/ Yoast SEO plugin. -->","yoast_head_json":{"title":"Potpredsednica Skup\u0161tine Kosova i funkcionerka Samoopredeljenja Aljbuljena Had\u017eiju zamerila je civilnom dru\u0161tvu na Kosovu \u0161to ne reaguju na, kako navodi, uvrede koje Srpska lista iznosi na sve \u0161to se ti\u010de \u201ekosovske Republike\u201c, dok je uvek spremno da reaguje protiv Samoopredeljenja -","robots":{"index":"index","follow":"follow","max-snippet":"max-snippet:-1","max-image-preview":"max-image-preview:large","max-video-preview":"max-video-preview:-1"},"canonical":"https:\/\/veritasinfo.org\/?p=11941&lang=sr","og_locale":"en_US","og_type":"article","og_title":"Potpredsednica Skup\u0161tine Kosova i funkcionerka Samoopredeljenja Aljbuljena Had\u017eiju zamerila je civilnom dru\u0161tvu na Kosovu \u0161to ne reaguju na, kako navodi, uvrede koje Srpska lista iznosi na sve \u0161to se ti\u010de \u201ekosovske Republike\u201c, dok je uvek spremno da reaguje protiv Samoopredeljenja -","og_description":"Pristina 14 Septembar 2025 \u201eNa parlamentarnim izborima 2025. godine insistirali smo da se Srpska lista ne overava. Rekli smo, izme\u0111u ostalog, da nema distanciranja, posebno","og_url":"https:\/\/veritasinfo.org\/?p=11941&lang=sr","article_published_time":"2025-09-14T20:04:58+00:00","article_modified_time":"2025-09-14T20:07:14+00:00","og_image":[{"width":1550,"height":872,"url":"https:\/\/veritasinfo.org\/wp-content\/uploads\/2025\/09\/aljbuljena_hadziju_0-1.jpg","type":"image\/jpeg"}],"author":"US5","twitter_card":"summary_large_image","twitter_misc":{"Written by":"US5","Est. reading time":"2 minutes"},"schema":{"@context":"https:\/\/schema.org","@graph":[{"@type":"WebPage","@id":"https:\/\/veritasinfo.org\/?p=11941&lang=sr","url":"https:\/\/veritasinfo.org\/?p=11941&lang=sr","name":"Potpredsednica Skup\u0161tine Kosova i funkcionerka Samoopredeljenja Aljbuljena Had\u017eiju zamerila je civilnom dru\u0161tvu na Kosovu \u0161to ne reaguju na, kako navodi, uvrede koje Srpska lista iznosi na sve \u0161to se ti\u010de \u201ekosovske Republike\u201c, dok je uvek spremno da reaguje protiv Samoopredeljenja -","isPartOf":{"@id":"https:\/\/veritasinfo.org\/#website"},"primaryImageOfPage":{"@id":"https:\/\/veritasinfo.org\/?p=11941&lang=sr#primaryimage"},"image":{"@id":"https:\/\/veritasinfo.org\/?p=11941&lang=sr#primaryimage"},"thumbnailUrl":"https:\/\/veritasinfo.org\/wp-content\/uploads\/2025\/09\/aljbuljena_hadziju_0-1.jpg","datePublished":"2025-09-14T20:04:58+00:00","dateModified":"2025-09-14T20:07:14+00:00","author":{"@id":"https:\/\/veritasinfo.org\/#\/schema\/person\/bc442336e35414d04494ab8fb45db4c6"},"breadcrumb":{"@id":"https:\/\/veritasinfo.org\/?p=11941&lang=sr#breadcrumb"},"inLanguage":"en-US","potentialAction":[{"@type":"ReadAction","target":["https:\/\/veritasinfo.org\/?p=11941&lang=sr"]}]},{"@type":"ImageObject","inLanguage":"en-US","@id":"https:\/\/veritasinfo.org\/?p=11941&lang=sr#primaryimage","url":"https:\/\/veritasinfo.org\/wp-content\/uploads\/2025\/09\/aljbuljena_hadziju_0-1.jpg","contentUrl":"https:\/\/veritasinfo.org\/wp-content\/uploads\/2025\/09\/aljbuljena_hadziju_0-1.jpg","width":1550,"height":872},{"@type":"BreadcrumbList","@id":"https:\/\/veritasinfo.org\/?p=11941&lang=sr#breadcrumb","itemListElement":[{"@type":"ListItem","position":1,"name":"Home","item":"https:\/\/veritasinfo.org\/"},{"@type":"ListItem","position":2,"name":"Potpredsednica Skup\u0161tine Kosova i funkcionerka Samoopredeljenja Aljbuljena Had\u017eiju zamerila je civilnom dru\u0161tvu na Kosovu \u0161to ne reaguju na, kako navodi, uvrede koje Srpska lista iznosi na sve \u0161to se ti\u010de \u201ekosovske Republike\u201c, dok je uvek spremno da reaguje protiv Samoopredeljenja"}]},{"@type":"WebSite","@id":"https:\/\/veritasinfo.org\/#website","url":"https:\/\/veritasinfo.org\/","name":"","description":"","potentialAction":[{"@type":"SearchAction","target":{"@type":"EntryPoint","urlTemplate":"https:\/\/veritasinfo.org\/?s={search_term_string}"},"query-input":{"@type":"PropertyValueSpecification","valueRequired":true,"valueName":"search_term_string"}}],"inLanguage":"en-US"},{"@type":"Person","@id":"https:\/\/veritasinfo.org\/#\/schema\/person\/bc442336e35414d04494ab8fb45db4c6","name":"US5","image":{"@type":"ImageObject","inLanguage":"en-US","@id":"https:\/\/veritasinfo.org\/#\/schema\/person\/image\/","url":"https:\/\/secure.gravatar.com\/avatar\/16a61e7272a0c5d001121ebb9e60e925d5816e4ac1e443ed3e640d9a6ae55d0c?s=96&d=mm&r=g","contentUrl":"https:\/\/secure.gravatar.com\/avatar\/16a61e7272a0c5d001121ebb9e60e925d5816e4ac1e443ed3e640d9a6ae55d0c?s=96&d=mm&r=g","caption":"US5"},"url":"https:\/\/veritasinfo.org\/?author=6"}]}},"featured_image_urls":{"full":["https:\/\/veritasinfo.org\/wp-content\/uploads\/2025\/09\/aljbuljena_hadziju_0-1.jpg",1550,872,false],"thumbnail":["https:\/\/veritasinfo.org\/wp-content\/uploads\/2025\/09\/aljbuljena_hadziju_0-1-150x150.jpg",150,150,true],"medium":["https:\/\/veritasinfo.org\/wp-content\/uploads\/2025\/09\/aljbuljena_hadziju_0-1-300x169.jpg",300,169,true],"medium_large":["https:\/\/veritasinfo.org\/wp-content\/uploads\/2025\/09\/aljbuljena_hadziju_0-1-768x432.jpg",640,360,true],"large":["https:\/\/veritasinfo.org\/wp-content\/uploads\/2025\/09\/aljbuljena_hadziju_0-1-1024x576.jpg",640,360,true],"1536x1536":["https:\/\/veritasinfo.org\/wp-content\/uploads\/2025\/09\/aljbuljena_hadziju_0-1-1536x864.jpg",1536,864,true],"2048x2048":["https:\/\/veritasinfo.org\/wp-content\/uploads\/2025\/09\/aljbuljena_hadziju_0-1.jpg",1550,872,false],"kreeti-slider-full":["https:\/\/veritasinfo.org\/wp-content\/uploads\/2025\/09\/aljbuljena_hadziju_0-1.jpg",1280,720,false],"kreeti-featured":["https:\/\/veritasinfo.org\/wp-content\/uploads\/2025\/09\/aljbuljena_hadziju_0-1.jpg",1024,576,false],"kreeti-medium":["https:\/\/veritasinfo.org\/wp-content\/uploads\/2025\/09\/aljbuljena_hadziju_0-1.jpg",720,405,false],"kreeti-medium-square":["https:\/\/veritasinfo.org\/wp-content\/uploads\/2025\/09\/aljbuljena_hadziju_0-1.jpg",350,197,false]},"author_info":{"info":["US5"]},"category_info":"<a href=\"https:\/\/veritasinfo.org\/?cat=28&#038;lang=sr\" rel=\"category\">Politika<\/a>","tag_info":"Politika","comment_count":"0","_links":{"self":[{"href":"https:\/\/veritasinfo.org\/index.php?rest_route=\/wp\/v2\/posts\/11941","targetHints":{"allow":["GET"]}}],"collection":[{"href":"https:\/\/veritasinfo.org\/index.php?rest_route=\/wp\/v2\/posts"}],"about":[{"href":"https:\/\/veritasinfo.org\/index.php?rest_route=\/wp\/v2\/types\/post"}],"author":[{"embeddable":true,"href":"https:\/\/veritasinfo.org\/index.php?rest_route=\/wp\/v2\/users\/6"}],"replies":[{"embeddable":true,"href":"https:\/\/veritasinfo.org\/index.php?rest_route=%2Fwp%2Fv2%2Fcomments&post=11941"}],"version-history":[{"count":2,"href":"https:\/\/veritasinfo.org\/index.php?rest_route=\/wp\/v2\/posts\/11941\/revisions"}],"predecessor-version":[{"id":11948,"href":"https:\/\/veritasinfo.org\/index.php?rest_route=\/wp\/v2\/posts\/11941\/revisions\/11948"}],"wp:featuredmedia":[{"embeddable":true,"href":"https:\/\/veritasinfo.org\/index.php?rest_route=\/wp\/v2\/media\/11943"}],"wp:attachment":[{"href":"https:\/\/veritasinfo.org\/index.php?rest_route=%2Fwp%2Fv2%2Fmedia&parent=11941"}],"wp:term":[{"taxonomy":"category","embeddable":true,"href":"https:\/\/veritasinfo.org\/index.php?rest_route=%2Fwp%2Fv2%2Fcategories&post=11941"},{"taxonomy":"post_tag","embeddable":true,"href":"https:\/\/veritasinfo.org\/index.php?rest_route=%2Fwp%2Fv2%2Ftags&post=11941"}],"curies":[{"name":"wp","href":"https:\/\/api.w.org\/{rel}","templated":true}]}}