{"id":1194,"date":"2025-06-21T07:48:16","date_gmt":"2025-06-21T05:48:16","guid":{"rendered":"https:\/\/veritasinfo.org\/?p=1194"},"modified":"2025-06-21T07:48:16","modified_gmt":"2025-06-21T05:48:16","slug":"sondazhi-serbet-e-pranojne-pa-njohur-kosoven-nuk-ka-be-eshte-pengesa-kryesore","status":"publish","type":"post","link":"https:\/\/veritasinfo.org\/?p=1194","title":{"rendered":"Sondazhi\/ Serb\u00ebt e pranojn\u00eb: Pa njohur Kosov\u00ebn, nuk ka BE, \u00ebsht\u00eb pengesa kryesore"},"content":{"rendered":"<div class=\"inside_div_article\">\n<div class=\"image_wrapp\"><span style=\"font-size: 15px;\"><strong><em>Serb\u00ebt pranojn\u00eb realitetin: pa njohur Kosov\u00ebn nuk do t\u00eb ket\u00eb an\u00ebtar\u00ebsim n\u00eb Bashkimin Europian. Kjo konfirmohet nga nj\u00eb sondazh i ri i publikuar nga organizata joqeveritare, Qendra p\u00ebr Zgjedhje t\u00eb Lira dhe Demokratike, CESID.<\/em><\/strong><\/span><\/div>\n<\/div>\n<div><\/div>\n<div>\n<p>Serb\u00ebt e kan\u00eb\u00a0pranuar se\u00a0pa njohur Kosov\u00ebn nuk do t\u00eb ket\u00eb an\u00ebtar\u00ebsim n\u00eb Bashkimin Europian. Kjo \u00ebsht\u00eb b\u00ebr\u00eb me dije\u00a0nga nj\u00eb sondazh i ri i publikuar nga organizata joqeveritare, Qendra p\u00ebr Zgjedhje t\u00eb Lira dhe Demokratike, <a href=\"https:\/\/shqiptarja.com\/tag\/146634\">CESID<\/a>.<\/p>\n<div class=\"row\">\n<div class=\"center\">\n<div>Sipas shifrave t\u00eb sondazhit, 32 p\u00ebr qind e serb\u00ebve besojn\u00eb se statusi i Kosov\u00ebs, apo th\u00ebn\u00eb ndryshe mos njohja, \u00ebsht\u00eb pengesa kryesore e rrug\u00ebs drejt BE-s\u00eb.<\/div>\n<div><\/div>\n<div><img decoding=\"async\" src=\"https:\/\/video.shqiptarja.com\/reviveads_new\/www\/delivery\/lg.php?bannerid=0&amp;campaignid=0&amp;zoneid=123&amp;loc=https%3A%2F%2Fshqiptarja.com%2Flajm%2Fpublikohet-sondazhi-i-ri-serbet-pranojne-realitetin-pa-njohur-kosoven-nuk-ka-be%3Ffbclid%3DIwZXh0bgNhZW0CMTEAAR6xnW0_GsvEzZSTlnz5Gpbv7DuQnajz9-uskUluW22YhzCorBXUNyY7eQn1WQ_aem_bNK7zswh5j8SLh__wAvvGw&amp;referer=http%3A%2F%2Fm.facebook.com%2F&amp;cb=612fd1939a\" alt=\"\" width=\"0\" height=\"0\" \/>\u201cPik\u00ebrisht n\u00eb mesin e qytetar\u00ebve q\u00eb besojn\u00eb se procesi i an\u00ebtar\u00ebsimit n\u00eb Bashkimin Europian duhet t\u00eb nd\u00ebrpritet, hasim m\u00eb s\u00eb shumti nga ata q\u00eb besojn\u00eb se statusi i Kosov\u00ebs \u00ebsht\u00eb faktor ky\u00e7 q\u00eb ngadal\u00ebson t\u00eb gjith\u00eb k\u00ebt\u00eb proces, gj\u00eb q\u00eb ndikon edhe n\u00eb q\u00ebndrimin e tyre ndaj t\u00eb ardhmes europiane t\u00eb Serbis\u00eb.<\/div>\n<\/div>\n<\/div>\n<div><\/div>\n<div>\u00cbsht\u00eb e r\u00ebnd\u00ebsishme t\u00eb theksohet se nd\u00ebr t\u00eb anketuarit m\u00eb t\u00eb rinj, problemi i Kosov\u00ebs njihet si pengesa m\u00eb e r\u00ebnd\u00ebsishme n\u00eb rrug\u00ebn europiane t\u00eb vendit, gj\u00eb q\u00eb ndikon n\u00eb mas\u00eb t\u00eb madhe q\u00ebndrimin e tyre disi m\u00eb negativ ndaj vet\u00eb BE-s\u00eb\u201d, thot\u00eb sondazh i CESID.<br \/>\nSipas<a href=\"https:\/\/www.cesid.rs\/istrazivanja\/podrska-evropskim-integracijama-u-srbiji-polarizovala-javnost\/\"> sondazhit t\u00eb publikuar, <\/a>qytetar\u00ebt pranojn\u00eb se pengesa t\u00eb tjera p\u00ebr rrug\u00ebn e Serbis\u00eb drejt\u00eb BE-s\u00eb p\u00ebrfshirjen udh\u00ebheqjen e paaft\u00eb t\u00eb brendshme dhe mos vendosjen e sanksioneve ndaj Rusis\u00eb.Nd\u00ebrkoh\u00eb, p\u00ebr her\u00eb t\u00eb par\u00eb n\u00eb histori, shumica e qytetar\u00ebve jan\u00eb n\u00eb favor t\u00eb an\u00ebtar\u00ebsimit. 48 p\u00ebr qind e serb\u00ebve d\u00ebshirojn\u00eb q\u00eb Serbia t\u00eb p\u00ebrshpejtoj\u00eb rrug\u00ebn drejt BE-s\u00eb, nd\u00ebrsa 44 p\u00ebr qind jan\u00eb kund\u00ebr k\u00ebtij procesi.<\/p>\n<p>Ndjenja pro Unionit \u00ebsht\u00eb m\u00eb e fort\u00eb tek t\u00eb rinjt\u00eb, por edhe tek grupmosha 45 deri n\u00eb 60 vje\u00e7, tek ata me diplom\u00eb universitare dhe tek banor\u00ebt e Serbis\u00eb Per\u00ebndimore.<\/p>\n<\/div>\n<\/div>\n","protected":false},"excerpt":{"rendered":"<p>Serb\u00ebt pranojn\u00eb realitetin: pa njohur Kosov\u00ebn nuk do t\u00eb ket\u00eb an\u00ebtar\u00ebsim n\u00eb Bashkimin Europian. Kjo konfirmohet nga nj\u00eb sondazh i ri i publikuar nga organizata<\/p>\n","protected":false},"author":1,"featured_media":1183,"comment_status":"open","ping_status":"open","sticky":false,"template":"","format":"standard","meta":{"footnotes":""},"categories":[60],"tags":[],"class_list":["post-1194","post","type-post","status-publish","format-standard","has-post-thumbnail","hentry","category-shoqerore-sq"],"yoast_head":"<!-- This site is optimized with the Yoast SEO plugin v25.3.1 - https:\/\/yoast.com\/wordpress\/plugins\/seo\/ -->\n<title>Sondazhi\/ Serb\u00ebt e pranojn\u00eb: Pa njohur Kosov\u00ebn, nuk ka BE, \u00ebsht\u00eb pengesa kryesore -<\/title>\n<meta name=\"robots\" content=\"index, follow, max-snippet:-1, max-image-preview:large, max-video-preview:-1\" \/>\n<link rel=\"canonical\" href=\"https:\/\/veritasinfo.org\/?p=1194\" \/>\n<meta property=\"og:locale\" content=\"en_US\" \/>\n<meta property=\"og:type\" content=\"article\" \/>\n<meta property=\"og:title\" content=\"Sondazhi\/ Serb\u00ebt e pranojn\u00eb: Pa njohur Kosov\u00ebn, nuk ka BE, \u00ebsht\u00eb pengesa kryesore -\" \/>\n<meta property=\"og:description\" content=\"Serb\u00ebt pranojn\u00eb realitetin: pa njohur Kosov\u00ebn nuk do t\u00eb ket\u00eb an\u00ebtar\u00ebsim n\u00eb Bashkimin Europian. Kjo konfirmohet nga nj\u00eb sondazh i ri i publikuar nga organizata\" \/>\n<meta property=\"og:url\" content=\"https:\/\/veritasinfo.org\/?p=1194\" \/>\n<meta property=\"article:published_time\" content=\"2025-06-21T05:48:16+00:00\" \/>\n<meta property=\"og:image\" content=\"https:\/\/veritasinfo.org\/wp-content\/uploads\/2025\/06\/IMG_0040.jpeg\" \/>\n\t<meta property=\"og:image:width\" content=\"1228\" \/>\n\t<meta property=\"og:image:height\" content=\"743\" \/>\n\t<meta property=\"og:image:type\" content=\"image\/jpeg\" \/>\n<meta name=\"author\" content=\"admin\" \/>\n<meta name=\"twitter:card\" content=\"summary_large_image\" \/>\n<meta name=\"twitter:label1\" content=\"Written by\" \/>\n\t<meta name=\"twitter:data1\" content=\"admin\" \/>\n\t<meta name=\"twitter:label2\" content=\"Est. reading time\" \/>\n\t<meta name=\"twitter:data2\" content=\"2 minutes\" \/>\n<script type=\"application\/ld+json\" class=\"yoast-schema-graph\">{\"@context\":\"https:\/\/schema.org\",\"@graph\":[{\"@type\":\"WebPage\",\"@id\":\"https:\/\/veritasinfo.org\/?p=1194\",\"url\":\"https:\/\/veritasinfo.org\/?p=1194\",\"name\":\"Sondazhi\/ Serb\u00ebt e pranojn\u00eb: Pa njohur Kosov\u00ebn, nuk ka BE, \u00ebsht\u00eb pengesa kryesore -\",\"isPartOf\":{\"@id\":\"https:\/\/veritasinfo.org\/#website\"},\"primaryImageOfPage\":{\"@id\":\"https:\/\/veritasinfo.org\/?p=1194#primaryimage\"},\"image\":{\"@id\":\"https:\/\/veritasinfo.org\/?p=1194#primaryimage\"},\"thumbnailUrl\":\"https:\/\/veritasinfo.org\/wp-content\/uploads\/2025\/06\/IMG_0040.jpeg\",\"datePublished\":\"2025-06-21T05:48:16+00:00\",\"author\":{\"@id\":\"https:\/\/veritasinfo.org\/#\/schema\/person\/7701f8c088bece422266b100a712374f\"},\"breadcrumb\":{\"@id\":\"https:\/\/veritasinfo.org\/?p=1194#breadcrumb\"},\"inLanguage\":\"en-US\",\"potentialAction\":[{\"@type\":\"ReadAction\",\"target\":[\"https:\/\/veritasinfo.org\/?p=1194\"]}]},{\"@type\":\"ImageObject\",\"inLanguage\":\"en-US\",\"@id\":\"https:\/\/veritasinfo.org\/?p=1194#primaryimage\",\"url\":\"https:\/\/veritasinfo.org\/wp-content\/uploads\/2025\/06\/IMG_0040.jpeg\",\"contentUrl\":\"https:\/\/veritasinfo.org\/wp-content\/uploads\/2025\/06\/IMG_0040.jpeg\",\"width\":1228,\"height\":743},{\"@type\":\"BreadcrumbList\",\"@id\":\"https:\/\/veritasinfo.org\/?p=1194#breadcrumb\",\"itemListElement\":[{\"@type\":\"ListItem\",\"position\":1,\"name\":\"Home\",\"item\":\"https:\/\/veritasinfo.org\/\"},{\"@type\":\"ListItem\",\"position\":2,\"name\":\"Sondazhi\/ Serb\u00ebt e pranojn\u00eb: Pa njohur Kosov\u00ebn, nuk ka BE, \u00ebsht\u00eb pengesa kryesore\"}]},{\"@type\":\"WebSite\",\"@id\":\"https:\/\/veritasinfo.org\/#website\",\"url\":\"https:\/\/veritasinfo.org\/\",\"name\":\"\",\"description\":\"\",\"potentialAction\":[{\"@type\":\"SearchAction\",\"target\":{\"@type\":\"EntryPoint\",\"urlTemplate\":\"https:\/\/veritasinfo.org\/?s={search_term_string}\"},\"query-input\":{\"@type\":\"PropertyValueSpecification\",\"valueRequired\":true,\"valueName\":\"search_term_string\"}}],\"inLanguage\":\"en-US\"},{\"@type\":\"Person\",\"@id\":\"https:\/\/veritasinfo.org\/#\/schema\/person\/7701f8c088bece422266b100a712374f\",\"name\":\"admin\",\"image\":{\"@type\":\"ImageObject\",\"inLanguage\":\"en-US\",\"@id\":\"https:\/\/veritasinfo.org\/#\/schema\/person\/image\/\",\"url\":\"https:\/\/secure.gravatar.com\/avatar\/ea53aa3bf6c9a12d5fde8ce4deff43fef3885ae33cf60184161a50d6987cfd2f?s=96&d=mm&r=g\",\"contentUrl\":\"https:\/\/secure.gravatar.com\/avatar\/ea53aa3bf6c9a12d5fde8ce4deff43fef3885ae33cf60184161a50d6987cfd2f?s=96&d=mm&r=g\",\"caption\":\"admin\"},\"sameAs\":[\"https:\/\/veritasinfo.org\"],\"url\":\"https:\/\/veritasinfo.org\/?author=1\"}]}<\/script>\n<!-- \/ Yoast SEO plugin. -->","yoast_head_json":{"title":"Sondazhi\/ Serb\u00ebt e pranojn\u00eb: Pa njohur Kosov\u00ebn, nuk ka BE, \u00ebsht\u00eb pengesa kryesore -","robots":{"index":"index","follow":"follow","max-snippet":"max-snippet:-1","max-image-preview":"max-image-preview:large","max-video-preview":"max-video-preview:-1"},"canonical":"https:\/\/veritasinfo.org\/?p=1194","og_locale":"en_US","og_type":"article","og_title":"Sondazhi\/ Serb\u00ebt e pranojn\u00eb: Pa njohur Kosov\u00ebn, nuk ka BE, \u00ebsht\u00eb pengesa kryesore -","og_description":"Serb\u00ebt pranojn\u00eb realitetin: pa njohur Kosov\u00ebn nuk do t\u00eb ket\u00eb an\u00ebtar\u00ebsim n\u00eb Bashkimin Europian. Kjo konfirmohet nga nj\u00eb sondazh i ri i publikuar nga organizata","og_url":"https:\/\/veritasinfo.org\/?p=1194","article_published_time":"2025-06-21T05:48:16+00:00","og_image":[{"width":1228,"height":743,"url":"https:\/\/veritasinfo.org\/wp-content\/uploads\/2025\/06\/IMG_0040.jpeg","type":"image\/jpeg"}],"author":"admin","twitter_card":"summary_large_image","twitter_misc":{"Written by":"admin","Est. reading time":"2 minutes"},"schema":{"@context":"https:\/\/schema.org","@graph":[{"@type":"WebPage","@id":"https:\/\/veritasinfo.org\/?p=1194","url":"https:\/\/veritasinfo.org\/?p=1194","name":"Sondazhi\/ Serb\u00ebt e pranojn\u00eb: Pa njohur Kosov\u00ebn, nuk ka BE, \u00ebsht\u00eb pengesa kryesore -","isPartOf":{"@id":"https:\/\/veritasinfo.org\/#website"},"primaryImageOfPage":{"@id":"https:\/\/veritasinfo.org\/?p=1194#primaryimage"},"image":{"@id":"https:\/\/veritasinfo.org\/?p=1194#primaryimage"},"thumbnailUrl":"https:\/\/veritasinfo.org\/wp-content\/uploads\/2025\/06\/IMG_0040.jpeg","datePublished":"2025-06-21T05:48:16+00:00","author":{"@id":"https:\/\/veritasinfo.org\/#\/schema\/person\/7701f8c088bece422266b100a712374f"},"breadcrumb":{"@id":"https:\/\/veritasinfo.org\/?p=1194#breadcrumb"},"inLanguage":"en-US","potentialAction":[{"@type":"ReadAction","target":["https:\/\/veritasinfo.org\/?p=1194"]}]},{"@type":"ImageObject","inLanguage":"en-US","@id":"https:\/\/veritasinfo.org\/?p=1194#primaryimage","url":"https:\/\/veritasinfo.org\/wp-content\/uploads\/2025\/06\/IMG_0040.jpeg","contentUrl":"https:\/\/veritasinfo.org\/wp-content\/uploads\/2025\/06\/IMG_0040.jpeg","width":1228,"height":743},{"@type":"BreadcrumbList","@id":"https:\/\/veritasinfo.org\/?p=1194#breadcrumb","itemListElement":[{"@type":"ListItem","position":1,"name":"Home","item":"https:\/\/veritasinfo.org\/"},{"@type":"ListItem","position":2,"name":"Sondazhi\/ Serb\u00ebt e pranojn\u00eb: Pa njohur Kosov\u00ebn, nuk ka BE, \u00ebsht\u00eb pengesa kryesore"}]},{"@type":"WebSite","@id":"https:\/\/veritasinfo.org\/#website","url":"https:\/\/veritasinfo.org\/","name":"","description":"","potentialAction":[{"@type":"SearchAction","target":{"@type":"EntryPoint","urlTemplate":"https:\/\/veritasinfo.org\/?s={search_term_string}"},"query-input":{"@type":"PropertyValueSpecification","valueRequired":true,"valueName":"search_term_string"}}],"inLanguage":"en-US"},{"@type":"Person","@id":"https:\/\/veritasinfo.org\/#\/schema\/person\/7701f8c088bece422266b100a712374f","name":"admin","image":{"@type":"ImageObject","inLanguage":"en-US","@id":"https:\/\/veritasinfo.org\/#\/schema\/person\/image\/","url":"https:\/\/secure.gravatar.com\/avatar\/ea53aa3bf6c9a12d5fde8ce4deff43fef3885ae33cf60184161a50d6987cfd2f?s=96&d=mm&r=g","contentUrl":"https:\/\/secure.gravatar.com\/avatar\/ea53aa3bf6c9a12d5fde8ce4deff43fef3885ae33cf60184161a50d6987cfd2f?s=96&d=mm&r=g","caption":"admin"},"sameAs":["https:\/\/veritasinfo.org"],"url":"https:\/\/veritasinfo.org\/?author=1"}]}},"featured_image_urls":{"full":["https:\/\/veritasinfo.org\/wp-content\/uploads\/2025\/06\/IMG_0040.jpeg",1228,743,false],"thumbnail":["https:\/\/veritasinfo.org\/wp-content\/uploads\/2025\/06\/IMG_0040-150x150.jpeg",150,150,true],"medium":["https:\/\/veritasinfo.org\/wp-content\/uploads\/2025\/06\/IMG_0040-300x182.jpeg",300,182,true],"medium_large":["https:\/\/veritasinfo.org\/wp-content\/uploads\/2025\/06\/IMG_0040-768x465.jpeg",640,388,true],"large":["https:\/\/veritasinfo.org\/wp-content\/uploads\/2025\/06\/IMG_0040-1024x620.jpeg",640,388,true],"1536x1536":["https:\/\/veritasinfo.org\/wp-content\/uploads\/2025\/06\/IMG_0040.jpeg",1228,743,false],"2048x2048":["https:\/\/veritasinfo.org\/wp-content\/uploads\/2025\/06\/IMG_0040.jpeg",1228,743,false],"kreeti-slider-full":["https:\/\/veritasinfo.org\/wp-content\/uploads\/2025\/06\/IMG_0040.jpeg",1190,720,false],"kreeti-featured":["https:\/\/veritasinfo.org\/wp-content\/uploads\/2025\/06\/IMG_0040.jpeg",1024,620,false],"kreeti-medium":["https:\/\/veritasinfo.org\/wp-content\/uploads\/2025\/06\/IMG_0040.jpeg",720,436,false],"kreeti-medium-square":["https:\/\/veritasinfo.org\/wp-content\/uploads\/2025\/06\/IMG_0040.jpeg",350,212,false]},"author_info":{"info":["admin"]},"category_info":"<a href=\"https:\/\/veritasinfo.org\/?cat=60\" rel=\"category\">Shoq\u00ebrore<\/a>","tag_info":"Shoq\u00ebrore","comment_count":"0","_links":{"self":[{"href":"https:\/\/veritasinfo.org\/index.php?rest_route=\/wp\/v2\/posts\/1194","targetHints":{"allow":["GET"]}}],"collection":[{"href":"https:\/\/veritasinfo.org\/index.php?rest_route=\/wp\/v2\/posts"}],"about":[{"href":"https:\/\/veritasinfo.org\/index.php?rest_route=\/wp\/v2\/types\/post"}],"author":[{"embeddable":true,"href":"https:\/\/veritasinfo.org\/index.php?rest_route=\/wp\/v2\/users\/1"}],"replies":[{"embeddable":true,"href":"https:\/\/veritasinfo.org\/index.php?rest_route=%2Fwp%2Fv2%2Fcomments&post=1194"}],"version-history":[{"count":1,"href":"https:\/\/veritasinfo.org\/index.php?rest_route=\/wp\/v2\/posts\/1194\/revisions"}],"predecessor-version":[{"id":1195,"href":"https:\/\/veritasinfo.org\/index.php?rest_route=\/wp\/v2\/posts\/1194\/revisions\/1195"}],"wp:featuredmedia":[{"embeddable":true,"href":"https:\/\/veritasinfo.org\/index.php?rest_route=\/wp\/v2\/media\/1183"}],"wp:attachment":[{"href":"https:\/\/veritasinfo.org\/index.php?rest_route=%2Fwp%2Fv2%2Fmedia&parent=1194"}],"wp:term":[{"taxonomy":"category","embeddable":true,"href":"https:\/\/veritasinfo.org\/index.php?rest_route=%2Fwp%2Fv2%2Fcategories&post=1194"},{"taxonomy":"post_tag","embeddable":true,"href":"https:\/\/veritasinfo.org\/index.php?rest_route=%2Fwp%2Fv2%2Ftags&post=1194"}],"curies":[{"name":"wp","href":"https:\/\/api.w.org\/{rel}","templated":true}]}}