{"id":1191,"date":"2025-06-21T07:38:57","date_gmt":"2025-06-21T05:38:57","guid":{"rendered":"https:\/\/veritasinfo.org\/?p=1191"},"modified":"2025-06-21T07:38:57","modified_gmt":"2025-06-21T05:38:57","slug":"vuciq-aleanca-ushtarake-kosove-kroaci-shqiperi-na-ka-detyruar-ta-forcojme-ushtrine","status":"publish","type":"post","link":"https:\/\/veritasinfo.org\/?p=1191","title":{"rendered":"Vu\u00e7iq: Aleanca ushtarake Kosov\u00eb-Kroaci-Shqip\u00ebri na ka detyruar ta forcojm\u00eb ushtrin\u00eb"},"content":{"rendered":"<p>Beograd, 21.06.2025<\/p>\n<p>Presidenti i Serbis\u00eb, Alleksandar Vu\u00e7iq, deklaroi se Ushtria e Serbis\u00eb \u00ebsht\u00eb \u201cm\u00eb e fuqishme se kurr\u00eb\u201d dhe shtoi se \u201cvet\u00ebm nj\u00eb num\u00ebr i vog\u00ebl njer\u00ebzish e din\u00eb\u201d \u00e7far\u00eb \u00ebsht\u00eb bler\u00eb gjat\u00eb viteve t\u00eb fundit, pasi \u201cgjith\u00e7ka \u00ebsht\u00eb b\u00ebr\u00eb n\u00eb fsheht\u00ebsi\u201d.<\/p>\n<p>N\u00eb nj\u00eb intervist\u00eb p\u00ebr televizionin n\u00eb gjuh\u00ebn serbe \u201cPrva\u201d m\u00eb 20 qershor, ai tha se gjat\u00eb nj\u00eb \u201cparade t\u00eb madhe\u201d ushtarake n\u00eb shtator, ushtria do t\u00eb tregoj\u00eb gjith\u00e7ka q\u00eb posedon.<\/p>\n<p>\u201cE kemi mbajtur t\u00eb fshehur, por k\u00ebto jan\u00eb ndryshime t\u00eb m\u00ebdha p\u00ebr Ushtrin\u00eb e Serbis\u00eb n\u00eb periudh\u00ebn e ardhshme. Jan\u00eb m\u00eb s\u00eb shumti pes\u00eb persona q\u00eb din\u00eb \u00e7far\u00eb kemi sjell\u00eb. Q\u00ebllimi yn\u00eb \u00ebsht\u00eb ta mbrojm\u00eb vendin ton\u00eb\u201d, tha Vu\u00e7iq, pa sqaruar se nga kush Serbia duhet t\u00eb \u201cmbrohet\u201d, shkruan REL.<\/p>\n<p>Ai shtoi se ushtria \u201cpo b\u00ebhet tmerr\u00ebsisht godit\u00ebse\u201d.<\/p>\n<p>Vu\u00e7iqi tha se Serbia ka mbajtur t\u00eb fshehura edhe shum\u00eb pajisje q\u00eb ka bler\u00eb dhe paralajm\u00ebroi se \u201cshum\u00eb do t\u00eb habiten\u201d kur t\u00eb shohin \u00e7far\u00eb posedon ushtria.<\/p>\n<p>Sipas tij, Kosova, Kroacia dhe Shqip\u00ebria \u201cpo krijojn\u00eb nj\u00eb aleanc\u00eb ushtarake\u201d dhe se vazhdimisht po e ftojn\u00eb Bullgarin\u00eb q\u00eb t\u2019u bashkohet, gj\u00eb q\u00eb e ka detyruar Serbin\u00eb \u201ct\u00eb armatoset\u201d.<\/p>\n<p>Kosova, Shqip\u00ebria dhe Kroacia n\u00ebnshkruan m\u00eb 18 mars nj\u00eb Deklarat\u00eb p\u00ebr bashk\u00ebpunim n\u00eb fush\u00ebn e siguris\u00eb dhe mbrojtjes. Deklarata \u00ebsht\u00eb p\u00ebrshkruar si nj\u00eb dokument trilateral q\u00eb forcon bashk\u00ebpunimin dhe thekson r\u00ebnd\u00ebsin\u00eb e nj\u00eb qasjeje t\u00eb p\u00ebrbashk\u00ebt ndaj sfidave t\u00eb siguris\u00eb, k\u00ebrc\u00ebnimeve hibride dhe rreziqeve t\u00eb tjera q\u00eb mund t\u00eb d\u00ebmtojn\u00eb stabilitetin rajonal, nd\u00ebrkoh\u00eb q\u00eb n\u00ebnshkruesit mohuan se synojn\u00eb krijimin e nj\u00eb aleance ushtarake.<\/p>\n<p>Vu\u00e7iqi theksoi se Beogradi nuk p\u00ebrb\u00ebn k\u00ebrc\u00ebnim p\u00ebr vendet fqinje dhe se \u201cnuk do t\u00eb jet\u00eb i pari q\u00eb do t\u00eb q\u00eblloj\u00eb me shigjet\u00eb\u201d, por se \u201cduhet t\u00eb jet\u00eb vigjilent\u201d.<\/p>\n<p>\u201cJemi t\u00eb rrethuar nga vende t\u00eb NATO-s \u2013 k\u00eb mund t\u00eb k\u00ebrc\u00ebnojm\u00eb ne? Ask\u00ebnd. Por duhet t\u00eb jemi t\u00eb gatsh\u00ebm t\u00eb mbrojm\u00eb vendin ton\u00eb\u201d, tha Vu\u00e7iq.<\/p>\n","protected":false},"excerpt":{"rendered":"<p>Beograd, 21.06.2025 Presidenti i Serbis\u00eb, Alleksandar Vu\u00e7iq, deklaroi se Ushtria e Serbis\u00eb \u00ebsht\u00eb \u201cm\u00eb e fuqishme se kurr\u00eb\u201d dhe shtoi se \u201cvet\u00ebm nj\u00eb num\u00ebr i<\/p>\n","protected":false},"author":1,"featured_media":1175,"comment_status":"open","ping_status":"open","sticky":false,"template":"","format":"standard","meta":{"footnotes":""},"categories":[58],"tags":[],"class_list":["post-1191","post","type-post","status-publish","format-standard","has-post-thumbnail","hentry","category-politike-sq"],"yoast_head":"<!-- This site is optimized with the Yoast SEO plugin v25.3.1 - https:\/\/yoast.com\/wordpress\/plugins\/seo\/ -->\n<title>Vu\u00e7iq: Aleanca ushtarake Kosov\u00eb-Kroaci-Shqip\u00ebri na ka detyruar ta forcojm\u00eb ushtrin\u00eb -<\/title>\n<meta name=\"robots\" content=\"index, follow, max-snippet:-1, max-image-preview:large, max-video-preview:-1\" \/>\n<link rel=\"canonical\" href=\"https:\/\/veritasinfo.org\/?p=1191\" \/>\n<meta property=\"og:locale\" content=\"en_US\" \/>\n<meta property=\"og:type\" content=\"article\" \/>\n<meta property=\"og:title\" content=\"Vu\u00e7iq: Aleanca ushtarake Kosov\u00eb-Kroaci-Shqip\u00ebri na ka detyruar ta forcojm\u00eb ushtrin\u00eb -\" \/>\n<meta property=\"og:description\" content=\"Beograd, 21.06.2025 Presidenti i Serbis\u00eb, Alleksandar Vu\u00e7iq, deklaroi se Ushtria e Serbis\u00eb \u00ebsht\u00eb \u201cm\u00eb e fuqishme se kurr\u00eb\u201d dhe shtoi se \u201cvet\u00ebm nj\u00eb num\u00ebr i\" \/>\n<meta property=\"og:url\" content=\"https:\/\/veritasinfo.org\/?p=1191\" \/>\n<meta property=\"article:published_time\" content=\"2025-06-21T05:38:57+00:00\" \/>\n<meta property=\"og:image\" content=\"https:\/\/veritasinfo.org\/wp-content\/uploads\/2025\/06\/IMG_0042.jpeg\" \/>\n\t<meta property=\"og:image:width\" content=\"1290\" \/>\n\t<meta property=\"og:image:height\" content=\"767\" \/>\n\t<meta property=\"og:image:type\" content=\"image\/jpeg\" \/>\n<meta name=\"author\" content=\"admin\" \/>\n<meta name=\"twitter:card\" content=\"summary_large_image\" \/>\n<meta name=\"twitter:label1\" content=\"Written by\" \/>\n\t<meta name=\"twitter:data1\" content=\"admin\" \/>\n\t<meta name=\"twitter:label2\" content=\"Est. reading time\" \/>\n\t<meta name=\"twitter:data2\" content=\"2 minutes\" \/>\n<script type=\"application\/ld+json\" class=\"yoast-schema-graph\">{\"@context\":\"https:\/\/schema.org\",\"@graph\":[{\"@type\":\"WebPage\",\"@id\":\"https:\/\/veritasinfo.org\/?p=1191\",\"url\":\"https:\/\/veritasinfo.org\/?p=1191\",\"name\":\"Vu\u00e7iq: Aleanca ushtarake Kosov\u00eb-Kroaci-Shqip\u00ebri na ka detyruar ta forcojm\u00eb ushtrin\u00eb -\",\"isPartOf\":{\"@id\":\"https:\/\/veritasinfo.org\/#website\"},\"primaryImageOfPage\":{\"@id\":\"https:\/\/veritasinfo.org\/?p=1191#primaryimage\"},\"image\":{\"@id\":\"https:\/\/veritasinfo.org\/?p=1191#primaryimage\"},\"thumbnailUrl\":\"https:\/\/veritasinfo.org\/wp-content\/uploads\/2025\/06\/IMG_0042.jpeg\",\"datePublished\":\"2025-06-21T05:38:57+00:00\",\"author\":{\"@id\":\"https:\/\/veritasinfo.org\/#\/schema\/person\/7701f8c088bece422266b100a712374f\"},\"breadcrumb\":{\"@id\":\"https:\/\/veritasinfo.org\/?p=1191#breadcrumb\"},\"inLanguage\":\"en-US\",\"potentialAction\":[{\"@type\":\"ReadAction\",\"target\":[\"https:\/\/veritasinfo.org\/?p=1191\"]}]},{\"@type\":\"ImageObject\",\"inLanguage\":\"en-US\",\"@id\":\"https:\/\/veritasinfo.org\/?p=1191#primaryimage\",\"url\":\"https:\/\/veritasinfo.org\/wp-content\/uploads\/2025\/06\/IMG_0042.jpeg\",\"contentUrl\":\"https:\/\/veritasinfo.org\/wp-content\/uploads\/2025\/06\/IMG_0042.jpeg\",\"width\":1290,\"height\":767},{\"@type\":\"BreadcrumbList\",\"@id\":\"https:\/\/veritasinfo.org\/?p=1191#breadcrumb\",\"itemListElement\":[{\"@type\":\"ListItem\",\"position\":1,\"name\":\"Home\",\"item\":\"https:\/\/veritasinfo.org\/\"},{\"@type\":\"ListItem\",\"position\":2,\"name\":\"Vu\u00e7iq: Aleanca ushtarake Kosov\u00eb-Kroaci-Shqip\u00ebri na ka detyruar ta forcojm\u00eb ushtrin\u00eb\"}]},{\"@type\":\"WebSite\",\"@id\":\"https:\/\/veritasinfo.org\/#website\",\"url\":\"https:\/\/veritasinfo.org\/\",\"name\":\"\",\"description\":\"\",\"potentialAction\":[{\"@type\":\"SearchAction\",\"target\":{\"@type\":\"EntryPoint\",\"urlTemplate\":\"https:\/\/veritasinfo.org\/?s={search_term_string}\"},\"query-input\":{\"@type\":\"PropertyValueSpecification\",\"valueRequired\":true,\"valueName\":\"search_term_string\"}}],\"inLanguage\":\"en-US\"},{\"@type\":\"Person\",\"@id\":\"https:\/\/veritasinfo.org\/#\/schema\/person\/7701f8c088bece422266b100a712374f\",\"name\":\"admin\",\"image\":{\"@type\":\"ImageObject\",\"inLanguage\":\"en-US\",\"@id\":\"https:\/\/veritasinfo.org\/#\/schema\/person\/image\/\",\"url\":\"https:\/\/secure.gravatar.com\/avatar\/ea53aa3bf6c9a12d5fde8ce4deff43fef3885ae33cf60184161a50d6987cfd2f?s=96&d=mm&r=g\",\"contentUrl\":\"https:\/\/secure.gravatar.com\/avatar\/ea53aa3bf6c9a12d5fde8ce4deff43fef3885ae33cf60184161a50d6987cfd2f?s=96&d=mm&r=g\",\"caption\":\"admin\"},\"sameAs\":[\"https:\/\/veritasinfo.org\"],\"url\":\"https:\/\/veritasinfo.org\/?author=1\"}]}<\/script>\n<!-- \/ Yoast SEO plugin. -->","yoast_head_json":{"title":"Vu\u00e7iq: Aleanca ushtarake Kosov\u00eb-Kroaci-Shqip\u00ebri na ka detyruar ta forcojm\u00eb ushtrin\u00eb -","robots":{"index":"index","follow":"follow","max-snippet":"max-snippet:-1","max-image-preview":"max-image-preview:large","max-video-preview":"max-video-preview:-1"},"canonical":"https:\/\/veritasinfo.org\/?p=1191","og_locale":"en_US","og_type":"article","og_title":"Vu\u00e7iq: Aleanca ushtarake Kosov\u00eb-Kroaci-Shqip\u00ebri na ka detyruar ta forcojm\u00eb ushtrin\u00eb -","og_description":"Beograd, 21.06.2025 Presidenti i Serbis\u00eb, Alleksandar Vu\u00e7iq, deklaroi se Ushtria e Serbis\u00eb \u00ebsht\u00eb \u201cm\u00eb e fuqishme se kurr\u00eb\u201d dhe shtoi se \u201cvet\u00ebm nj\u00eb num\u00ebr i","og_url":"https:\/\/veritasinfo.org\/?p=1191","article_published_time":"2025-06-21T05:38:57+00:00","og_image":[{"width":1290,"height":767,"url":"https:\/\/veritasinfo.org\/wp-content\/uploads\/2025\/06\/IMG_0042.jpeg","type":"image\/jpeg"}],"author":"admin","twitter_card":"summary_large_image","twitter_misc":{"Written by":"admin","Est. reading time":"2 minutes"},"schema":{"@context":"https:\/\/schema.org","@graph":[{"@type":"WebPage","@id":"https:\/\/veritasinfo.org\/?p=1191","url":"https:\/\/veritasinfo.org\/?p=1191","name":"Vu\u00e7iq: Aleanca ushtarake Kosov\u00eb-Kroaci-Shqip\u00ebri na ka detyruar ta forcojm\u00eb ushtrin\u00eb -","isPartOf":{"@id":"https:\/\/veritasinfo.org\/#website"},"primaryImageOfPage":{"@id":"https:\/\/veritasinfo.org\/?p=1191#primaryimage"},"image":{"@id":"https:\/\/veritasinfo.org\/?p=1191#primaryimage"},"thumbnailUrl":"https:\/\/veritasinfo.org\/wp-content\/uploads\/2025\/06\/IMG_0042.jpeg","datePublished":"2025-06-21T05:38:57+00:00","author":{"@id":"https:\/\/veritasinfo.org\/#\/schema\/person\/7701f8c088bece422266b100a712374f"},"breadcrumb":{"@id":"https:\/\/veritasinfo.org\/?p=1191#breadcrumb"},"inLanguage":"en-US","potentialAction":[{"@type":"ReadAction","target":["https:\/\/veritasinfo.org\/?p=1191"]}]},{"@type":"ImageObject","inLanguage":"en-US","@id":"https:\/\/veritasinfo.org\/?p=1191#primaryimage","url":"https:\/\/veritasinfo.org\/wp-content\/uploads\/2025\/06\/IMG_0042.jpeg","contentUrl":"https:\/\/veritasinfo.org\/wp-content\/uploads\/2025\/06\/IMG_0042.jpeg","width":1290,"height":767},{"@type":"BreadcrumbList","@id":"https:\/\/veritasinfo.org\/?p=1191#breadcrumb","itemListElement":[{"@type":"ListItem","position":1,"name":"Home","item":"https:\/\/veritasinfo.org\/"},{"@type":"ListItem","position":2,"name":"Vu\u00e7iq: Aleanca ushtarake Kosov\u00eb-Kroaci-Shqip\u00ebri na ka detyruar ta forcojm\u00eb ushtrin\u00eb"}]},{"@type":"WebSite","@id":"https:\/\/veritasinfo.org\/#website","url":"https:\/\/veritasinfo.org\/","name":"","description":"","potentialAction":[{"@type":"SearchAction","target":{"@type":"EntryPoint","urlTemplate":"https:\/\/veritasinfo.org\/?s={search_term_string}"},"query-input":{"@type":"PropertyValueSpecification","valueRequired":true,"valueName":"search_term_string"}}],"inLanguage":"en-US"},{"@type":"Person","@id":"https:\/\/veritasinfo.org\/#\/schema\/person\/7701f8c088bece422266b100a712374f","name":"admin","image":{"@type":"ImageObject","inLanguage":"en-US","@id":"https:\/\/veritasinfo.org\/#\/schema\/person\/image\/","url":"https:\/\/secure.gravatar.com\/avatar\/ea53aa3bf6c9a12d5fde8ce4deff43fef3885ae33cf60184161a50d6987cfd2f?s=96&d=mm&r=g","contentUrl":"https:\/\/secure.gravatar.com\/avatar\/ea53aa3bf6c9a12d5fde8ce4deff43fef3885ae33cf60184161a50d6987cfd2f?s=96&d=mm&r=g","caption":"admin"},"sameAs":["https:\/\/veritasinfo.org"],"url":"https:\/\/veritasinfo.org\/?author=1"}]}},"featured_image_urls":{"full":["https:\/\/veritasinfo.org\/wp-content\/uploads\/2025\/06\/IMG_0042.jpeg",1290,767,false],"thumbnail":["https:\/\/veritasinfo.org\/wp-content\/uploads\/2025\/06\/IMG_0042-150x150.jpeg",150,150,true],"medium":["https:\/\/veritasinfo.org\/wp-content\/uploads\/2025\/06\/IMG_0042-300x178.jpeg",300,178,true],"medium_large":["https:\/\/veritasinfo.org\/wp-content\/uploads\/2025\/06\/IMG_0042-768x457.jpeg",640,381,true],"large":["https:\/\/veritasinfo.org\/wp-content\/uploads\/2025\/06\/IMG_0042-1024x609.jpeg",640,381,true],"1536x1536":["https:\/\/veritasinfo.org\/wp-content\/uploads\/2025\/06\/IMG_0042.jpeg",1290,767,false],"2048x2048":["https:\/\/veritasinfo.org\/wp-content\/uploads\/2025\/06\/IMG_0042.jpeg",1290,767,false],"kreeti-slider-full":["https:\/\/veritasinfo.org\/wp-content\/uploads\/2025\/06\/IMG_0042.jpeg",1211,720,false],"kreeti-featured":["https:\/\/veritasinfo.org\/wp-content\/uploads\/2025\/06\/IMG_0042.jpeg",1024,609,false],"kreeti-medium":["https:\/\/veritasinfo.org\/wp-content\/uploads\/2025\/06\/IMG_0042.jpeg",720,428,false],"kreeti-medium-square":["https:\/\/veritasinfo.org\/wp-content\/uploads\/2025\/06\/IMG_0042.jpeg",350,208,false]},"author_info":{"info":["admin"]},"category_info":"<a href=\"https:\/\/veritasinfo.org\/?cat=58\" rel=\"category\">Politik\u00eb<\/a>","tag_info":"Politik\u00eb","comment_count":"0","_links":{"self":[{"href":"https:\/\/veritasinfo.org\/index.php?rest_route=\/wp\/v2\/posts\/1191","targetHints":{"allow":["GET"]}}],"collection":[{"href":"https:\/\/veritasinfo.org\/index.php?rest_route=\/wp\/v2\/posts"}],"about":[{"href":"https:\/\/veritasinfo.org\/index.php?rest_route=\/wp\/v2\/types\/post"}],"author":[{"embeddable":true,"href":"https:\/\/veritasinfo.org\/index.php?rest_route=\/wp\/v2\/users\/1"}],"replies":[{"embeddable":true,"href":"https:\/\/veritasinfo.org\/index.php?rest_route=%2Fwp%2Fv2%2Fcomments&post=1191"}],"version-history":[{"count":1,"href":"https:\/\/veritasinfo.org\/index.php?rest_route=\/wp\/v2\/posts\/1191\/revisions"}],"predecessor-version":[{"id":1192,"href":"https:\/\/veritasinfo.org\/index.php?rest_route=\/wp\/v2\/posts\/1191\/revisions\/1192"}],"wp:featuredmedia":[{"embeddable":true,"href":"https:\/\/veritasinfo.org\/index.php?rest_route=\/wp\/v2\/media\/1175"}],"wp:attachment":[{"href":"https:\/\/veritasinfo.org\/index.php?rest_route=%2Fwp%2Fv2%2Fmedia&parent=1191"}],"wp:term":[{"taxonomy":"category","embeddable":true,"href":"https:\/\/veritasinfo.org\/index.php?rest_route=%2Fwp%2Fv2%2Fcategories&post=1191"},{"taxonomy":"post_tag","embeddable":true,"href":"https:\/\/veritasinfo.org\/index.php?rest_route=%2Fwp%2Fv2%2Ftags&post=1191"}],"curies":[{"name":"wp","href":"https:\/\/api.w.org\/{rel}","templated":true}]}}