{"id":1189,"date":"2025-06-21T07:42:29","date_gmt":"2025-06-21T05:42:29","guid":{"rendered":"https:\/\/veritasinfo.org\/?p=1189"},"modified":"2025-06-21T07:42:29","modified_gmt":"2025-06-21T05:42:29","slug":"vucic-vojni-savez-kosovo-hrvatska-albanija-nas-je-primorao-da-ojacamo-vojsku","status":"publish","type":"post","link":"https:\/\/veritasinfo.org\/?p=1189&lang=sr","title":{"rendered":"Vu\u010di\u0107: Vojni savez Kosovo-Hrvatska-Albanija nas je primorao da oja\u010damo vojsku"},"content":{"rendered":"<p>Predsednik Srbije, Aleksandar Vu\u010di\u0107, izjavio je da je Vojska Srbije &#8220;ja\u010da nego ikada&#8221;, dodaju\u0107i da &#8220;samo mali broj ljudi zna&#8221; \u0161ta je kupljeno tokom poslednjih godina, jer je &#8220;sve ra\u0111eno u tajnosti&#8221;.<\/p>\n<p>U intervjuu za televiziju na srpskom jeziku \u201ePrva\u201c 20. juna, on je rekao da \u0107e tokom &#8220;velike vojne parade&#8221; u septembru, vojska pokazati sve \u0161to poseduje.<\/p>\n<p>\u201eDr\u017eali smo to u tajnosti, ali ovo su velike promene za Vojsku Srbije u narednom periodu. Najvi\u0161e pet ljudi zna \u0161ta smo nabavili. Na\u0161 cilj je da odbranimo svoju zemlju\u201c, rekao je Vu\u010di\u0107, ne poja\u0161njavaju\u0107i od koga bi Srbija trebalo da se \u201ebrani\u201c, pi\u0161e Radio Slobodna Evropa.<\/p>\n<p>Dodao je da vojska postaje &#8220;stra\u0161no udarna&#8221;.<\/p>\n<p>Vu\u010di\u0107 je rekao da je Srbija dr\u017eala u tajnosti mnoge ure\u0111aje koje je nabavila i najavio da \u0107e se &#8220;mnogi iznenaditi&#8221; kada vide \u0161ta vojska poseduje.<\/p>\n<p>Prema njegovim re\u010dima, Kosovo, Hrvatska i Albanija &#8220;formiraju vojni savez&#8221; i stalno pozivaju Bugarsku da im se pridru\u017ei, \u0161to je, kako ka\u017ee, primoralo Srbiju da se &#8220;naoru\u017ea&#8221;.<\/p>\n<p>Kosovo, Albanija i Hrvatska su 18. marta potpisale Deklaraciju o saradnji u oblasti bezbednosti i odbrane. Deklaracija je opisana kao trilateralni dokument koji ja\u010da saradnju i nagla\u0161ava va\u017enost zajedni\u010dkog pristupa bezbednosnim izazovima, hibridnim pretnjama i drugim rizicima koji mogu ugroziti regionalnu stabilnost, dok su potpisnici negirali da im je cilj stvaranje vojnog saveza.<\/p>\n<p>Vu\u010di\u0107 je naglasio da Beograd ne predstavlja pretnju za susedne zemlje i da &#8220;ne\u0107e biti prvi koji \u0107e odapeti strelu&#8221;, ali da &#8220;mora biti oprezan&#8221;.<\/p>\n<p>\u201eOkru\u017eeni smo NATO zemljama \u2013 koga mi mo\u017eemo da ugrozimo? Nikoga. Ali moramo biti spremni da branimo svoju zemlju\u201c, rekao je Vu\u010di\u0107.<\/p>\n<p>&nbsp;<\/p>\n<p>&nbsp;<\/p>\n","protected":false},"excerpt":{"rendered":"<p>Predsednik Srbije, Aleksandar Vu\u010di\u0107, izjavio je da je Vojska Srbije &#8220;ja\u010da nego ikada&#8221;, dodaju\u0107i da &#8220;samo mali broj ljudi zna&#8221; \u0161ta je kupljeno tokom poslednjih<\/p>\n","protected":false},"author":1,"featured_media":1175,"comment_status":"open","ping_status":"open","sticky":false,"template":"","format":"standard","meta":{"footnotes":""},"categories":[28],"tags":[],"class_list":["post-1189","post","type-post","status-publish","format-standard","has-post-thumbnail","hentry","category-politika"],"yoast_head":"<!-- This site is optimized with the Yoast SEO plugin v25.3.1 - https:\/\/yoast.com\/wordpress\/plugins\/seo\/ -->\n<title>Vu\u010di\u0107: Vojni savez Kosovo-Hrvatska-Albanija nas je primorao da oja\u010damo vojsku -<\/title>\n<meta name=\"robots\" content=\"index, follow, max-snippet:-1, max-image-preview:large, max-video-preview:-1\" \/>\n<link rel=\"canonical\" href=\"https:\/\/veritasinfo.org\/?p=1189&lang=sr\" \/>\n<meta property=\"og:locale\" content=\"en_US\" \/>\n<meta property=\"og:type\" content=\"article\" \/>\n<meta property=\"og:title\" content=\"Vu\u010di\u0107: Vojni savez Kosovo-Hrvatska-Albanija nas je primorao da oja\u010damo vojsku -\" \/>\n<meta property=\"og:description\" content=\"Predsednik Srbije, Aleksandar Vu\u010di\u0107, izjavio je da je Vojska Srbije &#8220;ja\u010da nego ikada&#8221;, dodaju\u0107i da &#8220;samo mali broj ljudi zna&#8221; \u0161ta je kupljeno tokom poslednjih\" \/>\n<meta property=\"og:url\" content=\"https:\/\/veritasinfo.org\/?p=1189&amp;lang=sr\" \/>\n<meta property=\"article:published_time\" content=\"2025-06-21T05:42:29+00:00\" \/>\n<meta property=\"og:image\" content=\"https:\/\/veritasinfo.org\/wp-content\/uploads\/2025\/06\/IMG_0042.jpeg\" \/>\n\t<meta property=\"og:image:width\" content=\"1290\" \/>\n\t<meta property=\"og:image:height\" content=\"767\" \/>\n\t<meta property=\"og:image:type\" content=\"image\/jpeg\" \/>\n<meta name=\"author\" content=\"admin\" \/>\n<meta name=\"twitter:card\" content=\"summary_large_image\" \/>\n<meta name=\"twitter:label1\" content=\"Written by\" \/>\n\t<meta name=\"twitter:data1\" content=\"admin\" \/>\n\t<meta name=\"twitter:label2\" content=\"Est. reading time\" \/>\n\t<meta name=\"twitter:data2\" content=\"2 minutes\" \/>\n<script type=\"application\/ld+json\" class=\"yoast-schema-graph\">{\"@context\":\"https:\/\/schema.org\",\"@graph\":[{\"@type\":\"WebPage\",\"@id\":\"https:\/\/veritasinfo.org\/?p=1189&lang=sr\",\"url\":\"https:\/\/veritasinfo.org\/?p=1189&lang=sr\",\"name\":\"Vu\u010di\u0107: Vojni savez Kosovo-Hrvatska-Albanija nas je primorao da oja\u010damo vojsku -\",\"isPartOf\":{\"@id\":\"https:\/\/veritasinfo.org\/#website\"},\"primaryImageOfPage\":{\"@id\":\"https:\/\/veritasinfo.org\/?p=1189&lang=sr#primaryimage\"},\"image\":{\"@id\":\"https:\/\/veritasinfo.org\/?p=1189&lang=sr#primaryimage\"},\"thumbnailUrl\":\"https:\/\/veritasinfo.org\/wp-content\/uploads\/2025\/06\/IMG_0042.jpeg\",\"datePublished\":\"2025-06-21T05:42:29+00:00\",\"author\":{\"@id\":\"https:\/\/veritasinfo.org\/#\/schema\/person\/7701f8c088bece422266b100a712374f\"},\"breadcrumb\":{\"@id\":\"https:\/\/veritasinfo.org\/?p=1189&lang=sr#breadcrumb\"},\"inLanguage\":\"en-US\",\"potentialAction\":[{\"@type\":\"ReadAction\",\"target\":[\"https:\/\/veritasinfo.org\/?p=1189&lang=sr\"]}]},{\"@type\":\"ImageObject\",\"inLanguage\":\"en-US\",\"@id\":\"https:\/\/veritasinfo.org\/?p=1189&lang=sr#primaryimage\",\"url\":\"https:\/\/veritasinfo.org\/wp-content\/uploads\/2025\/06\/IMG_0042.jpeg\",\"contentUrl\":\"https:\/\/veritasinfo.org\/wp-content\/uploads\/2025\/06\/IMG_0042.jpeg\",\"width\":1290,\"height\":767},{\"@type\":\"BreadcrumbList\",\"@id\":\"https:\/\/veritasinfo.org\/?p=1189&lang=sr#breadcrumb\",\"itemListElement\":[{\"@type\":\"ListItem\",\"position\":1,\"name\":\"Home\",\"item\":\"https:\/\/veritasinfo.org\/\"},{\"@type\":\"ListItem\",\"position\":2,\"name\":\"Vu\u010di\u0107: Vojni savez Kosovo-Hrvatska-Albanija nas je primorao da oja\u010damo vojsku\"}]},{\"@type\":\"WebSite\",\"@id\":\"https:\/\/veritasinfo.org\/#website\",\"url\":\"https:\/\/veritasinfo.org\/\",\"name\":\"\",\"description\":\"\",\"potentialAction\":[{\"@type\":\"SearchAction\",\"target\":{\"@type\":\"EntryPoint\",\"urlTemplate\":\"https:\/\/veritasinfo.org\/?s={search_term_string}\"},\"query-input\":{\"@type\":\"PropertyValueSpecification\",\"valueRequired\":true,\"valueName\":\"search_term_string\"}}],\"inLanguage\":\"en-US\"},{\"@type\":\"Person\",\"@id\":\"https:\/\/veritasinfo.org\/#\/schema\/person\/7701f8c088bece422266b100a712374f\",\"name\":\"admin\",\"image\":{\"@type\":\"ImageObject\",\"inLanguage\":\"en-US\",\"@id\":\"https:\/\/veritasinfo.org\/#\/schema\/person\/image\/\",\"url\":\"https:\/\/secure.gravatar.com\/avatar\/ea53aa3bf6c9a12d5fde8ce4deff43fef3885ae33cf60184161a50d6987cfd2f?s=96&d=mm&r=g\",\"contentUrl\":\"https:\/\/secure.gravatar.com\/avatar\/ea53aa3bf6c9a12d5fde8ce4deff43fef3885ae33cf60184161a50d6987cfd2f?s=96&d=mm&r=g\",\"caption\":\"admin\"},\"sameAs\":[\"https:\/\/veritasinfo.org\"],\"url\":\"https:\/\/veritasinfo.org\/?author=1\"}]}<\/script>\n<!-- \/ Yoast SEO plugin. -->","yoast_head_json":{"title":"Vu\u010di\u0107: Vojni savez Kosovo-Hrvatska-Albanija nas je primorao da oja\u010damo vojsku -","robots":{"index":"index","follow":"follow","max-snippet":"max-snippet:-1","max-image-preview":"max-image-preview:large","max-video-preview":"max-video-preview:-1"},"canonical":"https:\/\/veritasinfo.org\/?p=1189&lang=sr","og_locale":"en_US","og_type":"article","og_title":"Vu\u010di\u0107: Vojni savez Kosovo-Hrvatska-Albanija nas je primorao da oja\u010damo vojsku -","og_description":"Predsednik Srbije, Aleksandar Vu\u010di\u0107, izjavio je da je Vojska Srbije &#8220;ja\u010da nego ikada&#8221;, dodaju\u0107i da &#8220;samo mali broj ljudi zna&#8221; \u0161ta je kupljeno tokom poslednjih","og_url":"https:\/\/veritasinfo.org\/?p=1189&lang=sr","article_published_time":"2025-06-21T05:42:29+00:00","og_image":[{"width":1290,"height":767,"url":"https:\/\/veritasinfo.org\/wp-content\/uploads\/2025\/06\/IMG_0042.jpeg","type":"image\/jpeg"}],"author":"admin","twitter_card":"summary_large_image","twitter_misc":{"Written by":"admin","Est. reading time":"2 minutes"},"schema":{"@context":"https:\/\/schema.org","@graph":[{"@type":"WebPage","@id":"https:\/\/veritasinfo.org\/?p=1189&lang=sr","url":"https:\/\/veritasinfo.org\/?p=1189&lang=sr","name":"Vu\u010di\u0107: Vojni savez Kosovo-Hrvatska-Albanija nas je primorao da oja\u010damo vojsku -","isPartOf":{"@id":"https:\/\/veritasinfo.org\/#website"},"primaryImageOfPage":{"@id":"https:\/\/veritasinfo.org\/?p=1189&lang=sr#primaryimage"},"image":{"@id":"https:\/\/veritasinfo.org\/?p=1189&lang=sr#primaryimage"},"thumbnailUrl":"https:\/\/veritasinfo.org\/wp-content\/uploads\/2025\/06\/IMG_0042.jpeg","datePublished":"2025-06-21T05:42:29+00:00","author":{"@id":"https:\/\/veritasinfo.org\/#\/schema\/person\/7701f8c088bece422266b100a712374f"},"breadcrumb":{"@id":"https:\/\/veritasinfo.org\/?p=1189&lang=sr#breadcrumb"},"inLanguage":"en-US","potentialAction":[{"@type":"ReadAction","target":["https:\/\/veritasinfo.org\/?p=1189&lang=sr"]}]},{"@type":"ImageObject","inLanguage":"en-US","@id":"https:\/\/veritasinfo.org\/?p=1189&lang=sr#primaryimage","url":"https:\/\/veritasinfo.org\/wp-content\/uploads\/2025\/06\/IMG_0042.jpeg","contentUrl":"https:\/\/veritasinfo.org\/wp-content\/uploads\/2025\/06\/IMG_0042.jpeg","width":1290,"height":767},{"@type":"BreadcrumbList","@id":"https:\/\/veritasinfo.org\/?p=1189&lang=sr#breadcrumb","itemListElement":[{"@type":"ListItem","position":1,"name":"Home","item":"https:\/\/veritasinfo.org\/"},{"@type":"ListItem","position":2,"name":"Vu\u010di\u0107: Vojni savez Kosovo-Hrvatska-Albanija nas je primorao da oja\u010damo vojsku"}]},{"@type":"WebSite","@id":"https:\/\/veritasinfo.org\/#website","url":"https:\/\/veritasinfo.org\/","name":"","description":"","potentialAction":[{"@type":"SearchAction","target":{"@type":"EntryPoint","urlTemplate":"https:\/\/veritasinfo.org\/?s={search_term_string}"},"query-input":{"@type":"PropertyValueSpecification","valueRequired":true,"valueName":"search_term_string"}}],"inLanguage":"en-US"},{"@type":"Person","@id":"https:\/\/veritasinfo.org\/#\/schema\/person\/7701f8c088bece422266b100a712374f","name":"admin","image":{"@type":"ImageObject","inLanguage":"en-US","@id":"https:\/\/veritasinfo.org\/#\/schema\/person\/image\/","url":"https:\/\/secure.gravatar.com\/avatar\/ea53aa3bf6c9a12d5fde8ce4deff43fef3885ae33cf60184161a50d6987cfd2f?s=96&d=mm&r=g","contentUrl":"https:\/\/secure.gravatar.com\/avatar\/ea53aa3bf6c9a12d5fde8ce4deff43fef3885ae33cf60184161a50d6987cfd2f?s=96&d=mm&r=g","caption":"admin"},"sameAs":["https:\/\/veritasinfo.org"],"url":"https:\/\/veritasinfo.org\/?author=1"}]}},"featured_image_urls":{"full":["https:\/\/veritasinfo.org\/wp-content\/uploads\/2025\/06\/IMG_0042.jpeg",1290,767,false],"thumbnail":["https:\/\/veritasinfo.org\/wp-content\/uploads\/2025\/06\/IMG_0042-150x150.jpeg",150,150,true],"medium":["https:\/\/veritasinfo.org\/wp-content\/uploads\/2025\/06\/IMG_0042-300x178.jpeg",300,178,true],"medium_large":["https:\/\/veritasinfo.org\/wp-content\/uploads\/2025\/06\/IMG_0042-768x457.jpeg",640,381,true],"large":["https:\/\/veritasinfo.org\/wp-content\/uploads\/2025\/06\/IMG_0042-1024x609.jpeg",640,381,true],"1536x1536":["https:\/\/veritasinfo.org\/wp-content\/uploads\/2025\/06\/IMG_0042.jpeg",1290,767,false],"2048x2048":["https:\/\/veritasinfo.org\/wp-content\/uploads\/2025\/06\/IMG_0042.jpeg",1290,767,false],"kreeti-slider-full":["https:\/\/veritasinfo.org\/wp-content\/uploads\/2025\/06\/IMG_0042.jpeg",1211,720,false],"kreeti-featured":["https:\/\/veritasinfo.org\/wp-content\/uploads\/2025\/06\/IMG_0042.jpeg",1024,609,false],"kreeti-medium":["https:\/\/veritasinfo.org\/wp-content\/uploads\/2025\/06\/IMG_0042.jpeg",720,428,false],"kreeti-medium-square":["https:\/\/veritasinfo.org\/wp-content\/uploads\/2025\/06\/IMG_0042.jpeg",350,208,false]},"author_info":{"info":["admin"]},"category_info":"<a href=\"https:\/\/veritasinfo.org\/?cat=28&#038;lang=sr\" rel=\"category\">Politika<\/a>","tag_info":"Politika","comment_count":"0","_links":{"self":[{"href":"https:\/\/veritasinfo.org\/index.php?rest_route=\/wp\/v2\/posts\/1189","targetHints":{"allow":["GET"]}}],"collection":[{"href":"https:\/\/veritasinfo.org\/index.php?rest_route=\/wp\/v2\/posts"}],"about":[{"href":"https:\/\/veritasinfo.org\/index.php?rest_route=\/wp\/v2\/types\/post"}],"author":[{"embeddable":true,"href":"https:\/\/veritasinfo.org\/index.php?rest_route=\/wp\/v2\/users\/1"}],"replies":[{"embeddable":true,"href":"https:\/\/veritasinfo.org\/index.php?rest_route=%2Fwp%2Fv2%2Fcomments&post=1189"}],"version-history":[{"count":1,"href":"https:\/\/veritasinfo.org\/index.php?rest_route=\/wp\/v2\/posts\/1189\/revisions"}],"predecessor-version":[{"id":1193,"href":"https:\/\/veritasinfo.org\/index.php?rest_route=\/wp\/v2\/posts\/1189\/revisions\/1193"}],"wp:featuredmedia":[{"embeddable":true,"href":"https:\/\/veritasinfo.org\/index.php?rest_route=\/wp\/v2\/media\/1175"}],"wp:attachment":[{"href":"https:\/\/veritasinfo.org\/index.php?rest_route=%2Fwp%2Fv2%2Fmedia&parent=1189"}],"wp:term":[{"taxonomy":"category","embeddable":true,"href":"https:\/\/veritasinfo.org\/index.php?rest_route=%2Fwp%2Fv2%2Fcategories&post=1189"},{"taxonomy":"post_tag","embeddable":true,"href":"https:\/\/veritasinfo.org\/index.php?rest_route=%2Fwp%2Fv2%2Ftags&post=1189"}],"curies":[{"name":"wp","href":"https:\/\/api.w.org\/{rel}","templated":true}]}}