{"id":11873,"date":"2025-09-14T13:11:05","date_gmt":"2025-09-14T11:11:05","guid":{"rendered":"https:\/\/veritasinfo.org\/?p=11873"},"modified":"2025-09-14T13:11:05","modified_gmt":"2025-09-14T11:11:05","slug":"renia-e-demokracise-ne-shumicen-e-vendeve-te-botes-serbia-ka-rezultate-dukshem-me-te-dobeta","status":"publish","type":"post","link":"https:\/\/veritasinfo.org\/?p=11873","title":{"rendered":"R\u00ebnia e demokracis\u00eb n\u00eb shumic\u00ebn e vendeve t\u00eb bot\u00ebs, Serbia ka rezultate duksh\u00ebm m\u00eb t\u00eb dob\u00ebta"},"content":{"rendered":"<p>Prishtin\u00eb, 14 shtator<\/p>\n<p>N\u00eb shumic\u00ebn e vendeve t\u00eb bot\u00ebs \u00ebsht\u00eb sh\u00ebnuar s\u00ebrish nj\u00eb p\u00ebrkeq\u00ebsim dhe k\u00ebrc\u00ebnim ndaj demokracis\u00eb, nd\u00ebrsa Serbia renditet n\u00eb mesin e list\u00ebs s\u00eb zhvillimit demokratik nga gjithsej 173 vende q\u00eb jan\u00eb analizuar nga Instituti Nd\u00ebrkomb\u00ebtar p\u00ebr Demokraci dhe Asistenc\u00eb Zgjedhore (IDEA).<\/p>\n<p>Sipas IDEA-s, vendet per\u00ebndimore kryesojn\u00eb n\u00eb p\u00ebrmir\u00ebsimin e elementeve ky\u00e7e t\u00eb demokracis\u00eb, si sundimi i ligjit, nd\u00ebrsa n\u00eb Ballkan, Sllovenia ka nj\u00eb ecuri duksh\u00ebm m\u00eb t\u00eb mir\u00eb, e ndjekur nga Kroacia dhe Mali i Zi, nd\u00ebrsa Serbia dhe vendet e tjera t\u00eb rajonit q\u00ebndrojn\u00eb edhe m\u00eb posht\u00eb.<\/p>\n<p>Sekretari i p\u00ebrgjithsh\u00ebm i IDEA-s, Kevin Kasas-Samora, deklaroi se \u201cdemokracia \u00ebsht\u00eb n\u00ebn sulmin e nj\u00eb stuhie t\u00eb keqe, t\u00eb karakterizuar nga nj\u00eb val\u00eb autokracie dhe pasiguri t\u00eb theksuar p\u00ebr shkak t\u00eb ndryshimeve t\u00eb m\u00ebdha shoq\u00ebrore dhe ekonomike\u201d.<\/p>\n<p>Ky institut nd\u00ebrqeveritar me seli n\u00eb Stokholm thekson n\u00eb studimin e tij se n\u00eb vitin 2024 ka ndodhur p\u00ebrkeq\u00ebsimi m\u00eb i madh n\u00eb 50 vjet sa i p\u00ebrket liris\u00eb s\u00eb mediave.<\/p>\n<p>N\u00eb raport theksohet se \u00ebsht\u00eb v\u00ebrejtur nj\u00eb regres shqet\u00ebsues edhe n\u00eb fusha t\u00eb tjera ky\u00e7e si pavar\u00ebsia e gjyq\u00ebsorit dhe besueshm\u00ebria e zgjedhjeve, sidomos n\u00eb pes\u00eb vitet e fundit q\u00eb nga analiza e m\u00ebparshme e IDEA-s.<\/p>\n<p>N\u00eb krye t\u00eb list\u00ebs p\u00ebr zhvillim demokratik jan\u00eb vendet e Evrop\u00ebs Per\u00ebndimore, Japonia dhe Australia, nd\u00ebrsa nj\u00eb p\u00ebrparim i leht\u00eb \u00ebsht\u00eb v\u00ebrejtur edhe n\u00eb SHBA. Brazil, Kili dhe Uruguai kan\u00eb sh\u00ebnuar gjithashtu p\u00ebrparim.<\/p>\n<p>Sipas studimit, Serbia ka rezultate duksh\u00ebm m\u00eb t\u00eb dob\u00ebta se mesatarja n\u00eb fushat e p\u00ebrfaq\u00ebsimit demokratik, zgjedhjeve t\u00eb ndershme dhe mbik\u00ebqyrjes efektive parlamentare, duke u renditur n\u00eb mes t\u00eb t\u00eb gjitha kategorive.<\/p>\n<p>Analiza v\u00ebren se n\u00eb periudh\u00ebn 2019\u20132024, Serbia ka p\u00ebrjetuar nj\u00eb p\u00ebrkeq\u00ebsim t\u00eb r\u00ebnd\u00ebsish\u00ebm sa i p\u00ebrket zgjedhjeve t\u00eb besueshme, funksionimit t\u00eb parlamentit dhe lirive qytetare (liria e shoq\u00ebrimit, tubimit dhe l\u00ebvizjes).<\/p>\n","protected":false},"excerpt":{"rendered":"<p>Prishtin\u00eb, 14 shtator N\u00eb shumic\u00ebn e vendeve t\u00eb bot\u00ebs \u00ebsht\u00eb sh\u00ebnuar s\u00ebrish nj\u00eb p\u00ebrkeq\u00ebsim dhe k\u00ebrc\u00ebnim ndaj demokracis\u00eb, nd\u00ebrsa Serbia renditet n\u00eb mesin e list\u00ebs<\/p>\n","protected":false},"author":7,"featured_media":11874,"comment_status":"open","ping_status":"open","sticky":false,"template":"","format":"standard","meta":{"footnotes":""},"categories":[58],"tags":[],"class_list":["post-11873","post","type-post","status-publish","format-standard","has-post-thumbnail","hentry","category-politike-sq"],"yoast_head":"<!-- This site is optimized with the Yoast SEO plugin v25.3.1 - https:\/\/yoast.com\/wordpress\/plugins\/seo\/ -->\n<title>R\u00ebnia e demokracis\u00eb n\u00eb shumic\u00ebn e vendeve t\u00eb bot\u00ebs, Serbia ka rezultate duksh\u00ebm m\u00eb t\u00eb dob\u00ebta -<\/title>\n<meta name=\"robots\" content=\"index, follow, max-snippet:-1, max-image-preview:large, max-video-preview:-1\" \/>\n<link rel=\"canonical\" href=\"https:\/\/veritasinfo.org\/?p=11873\" \/>\n<meta property=\"og:locale\" content=\"en_US\" \/>\n<meta property=\"og:type\" content=\"article\" \/>\n<meta property=\"og:title\" content=\"R\u00ebnia e demokracis\u00eb n\u00eb shumic\u00ebn e vendeve t\u00eb bot\u00ebs, Serbia ka rezultate duksh\u00ebm m\u00eb t\u00eb dob\u00ebta -\" \/>\n<meta property=\"og:description\" content=\"Prishtin\u00eb, 14 shtator N\u00eb shumic\u00ebn e vendeve t\u00eb bot\u00ebs \u00ebsht\u00eb sh\u00ebnuar s\u00ebrish nj\u00eb p\u00ebrkeq\u00ebsim dhe k\u00ebrc\u00ebnim ndaj demokracis\u00eb, nd\u00ebrsa Serbia renditet n\u00eb mesin e list\u00ebs\" \/>\n<meta property=\"og:url\" content=\"https:\/\/veritasinfo.org\/?p=11873\" \/>\n<meta property=\"article:published_time\" content=\"2025-09-14T11:11:05+00:00\" \/>\n<meta property=\"og:image\" content=\"https:\/\/veritasinfo.org\/wp-content\/uploads\/2025\/09\/462648331_571542018828990_4795646113599346057_n-1920x1081-1.jpg\" \/>\n\t<meta property=\"og:image:width\" content=\"1920\" \/>\n\t<meta property=\"og:image:height\" content=\"1081\" \/>\n\t<meta property=\"og:image:type\" content=\"image\/jpeg\" \/>\n<meta name=\"author\" content=\"US6\" \/>\n<meta name=\"twitter:card\" content=\"summary_large_image\" \/>\n<meta name=\"twitter:label1\" content=\"Written by\" \/>\n\t<meta name=\"twitter:data1\" content=\"US6\" \/>\n\t<meta name=\"twitter:label2\" content=\"Est. reading time\" \/>\n\t<meta name=\"twitter:data2\" content=\"2 minutes\" \/>\n<script type=\"application\/ld+json\" class=\"yoast-schema-graph\">{\"@context\":\"https:\/\/schema.org\",\"@graph\":[{\"@type\":\"WebPage\",\"@id\":\"https:\/\/veritasinfo.org\/?p=11873\",\"url\":\"https:\/\/veritasinfo.org\/?p=11873\",\"name\":\"R\u00ebnia e demokracis\u00eb n\u00eb shumic\u00ebn e vendeve t\u00eb bot\u00ebs, Serbia ka rezultate duksh\u00ebm m\u00eb t\u00eb dob\u00ebta -\",\"isPartOf\":{\"@id\":\"https:\/\/veritasinfo.org\/#website\"},\"primaryImageOfPage\":{\"@id\":\"https:\/\/veritasinfo.org\/?p=11873#primaryimage\"},\"image\":{\"@id\":\"https:\/\/veritasinfo.org\/?p=11873#primaryimage\"},\"thumbnailUrl\":\"https:\/\/veritasinfo.org\/wp-content\/uploads\/2025\/09\/462648331_571542018828990_4795646113599346057_n-1920x1081-1.jpg\",\"datePublished\":\"2025-09-14T11:11:05+00:00\",\"author\":{\"@id\":\"https:\/\/veritasinfo.org\/#\/schema\/person\/fe199eede04c3937362892b7444747cc\"},\"breadcrumb\":{\"@id\":\"https:\/\/veritasinfo.org\/?p=11873#breadcrumb\"},\"inLanguage\":\"en-US\",\"potentialAction\":[{\"@type\":\"ReadAction\",\"target\":[\"https:\/\/veritasinfo.org\/?p=11873\"]}]},{\"@type\":\"ImageObject\",\"inLanguage\":\"en-US\",\"@id\":\"https:\/\/veritasinfo.org\/?p=11873#primaryimage\",\"url\":\"https:\/\/veritasinfo.org\/wp-content\/uploads\/2025\/09\/462648331_571542018828990_4795646113599346057_n-1920x1081-1.jpg\",\"contentUrl\":\"https:\/\/veritasinfo.org\/wp-content\/uploads\/2025\/09\/462648331_571542018828990_4795646113599346057_n-1920x1081-1.jpg\",\"width\":1920,\"height\":1081},{\"@type\":\"BreadcrumbList\",\"@id\":\"https:\/\/veritasinfo.org\/?p=11873#breadcrumb\",\"itemListElement\":[{\"@type\":\"ListItem\",\"position\":1,\"name\":\"Home\",\"item\":\"https:\/\/veritasinfo.org\/\"},{\"@type\":\"ListItem\",\"position\":2,\"name\":\"R\u00ebnia e demokracis\u00eb n\u00eb shumic\u00ebn e vendeve t\u00eb bot\u00ebs, Serbia ka rezultate duksh\u00ebm m\u00eb t\u00eb dob\u00ebta\"}]},{\"@type\":\"WebSite\",\"@id\":\"https:\/\/veritasinfo.org\/#website\",\"url\":\"https:\/\/veritasinfo.org\/\",\"name\":\"\",\"description\":\"\",\"potentialAction\":[{\"@type\":\"SearchAction\",\"target\":{\"@type\":\"EntryPoint\",\"urlTemplate\":\"https:\/\/veritasinfo.org\/?s={search_term_string}\"},\"query-input\":{\"@type\":\"PropertyValueSpecification\",\"valueRequired\":true,\"valueName\":\"search_term_string\"}}],\"inLanguage\":\"en-US\"},{\"@type\":\"Person\",\"@id\":\"https:\/\/veritasinfo.org\/#\/schema\/person\/fe199eede04c3937362892b7444747cc\",\"name\":\"US6\",\"image\":{\"@type\":\"ImageObject\",\"inLanguage\":\"en-US\",\"@id\":\"https:\/\/veritasinfo.org\/#\/schema\/person\/image\/\",\"url\":\"https:\/\/secure.gravatar.com\/avatar\/cb16c3c31c9d23b9b8c705964598220b3014e42ff51eb540ff23cefa3ae8c15f?s=96&d=mm&r=g\",\"contentUrl\":\"https:\/\/secure.gravatar.com\/avatar\/cb16c3c31c9d23b9b8c705964598220b3014e42ff51eb540ff23cefa3ae8c15f?s=96&d=mm&r=g\",\"caption\":\"US6\"},\"url\":\"https:\/\/veritasinfo.org\/?author=7\"}]}<\/script>\n<!-- \/ Yoast SEO plugin. -->","yoast_head_json":{"title":"R\u00ebnia e demokracis\u00eb n\u00eb shumic\u00ebn e vendeve t\u00eb bot\u00ebs, Serbia ka rezultate duksh\u00ebm m\u00eb t\u00eb dob\u00ebta -","robots":{"index":"index","follow":"follow","max-snippet":"max-snippet:-1","max-image-preview":"max-image-preview:large","max-video-preview":"max-video-preview:-1"},"canonical":"https:\/\/veritasinfo.org\/?p=11873","og_locale":"en_US","og_type":"article","og_title":"R\u00ebnia e demokracis\u00eb n\u00eb shumic\u00ebn e vendeve t\u00eb bot\u00ebs, Serbia ka rezultate duksh\u00ebm m\u00eb t\u00eb dob\u00ebta -","og_description":"Prishtin\u00eb, 14 shtator N\u00eb shumic\u00ebn e vendeve t\u00eb bot\u00ebs \u00ebsht\u00eb sh\u00ebnuar s\u00ebrish nj\u00eb p\u00ebrkeq\u00ebsim dhe k\u00ebrc\u00ebnim ndaj demokracis\u00eb, nd\u00ebrsa Serbia renditet n\u00eb mesin e list\u00ebs","og_url":"https:\/\/veritasinfo.org\/?p=11873","article_published_time":"2025-09-14T11:11:05+00:00","og_image":[{"width":1920,"height":1081,"url":"https:\/\/veritasinfo.org\/wp-content\/uploads\/2025\/09\/462648331_571542018828990_4795646113599346057_n-1920x1081-1.jpg","type":"image\/jpeg"}],"author":"US6","twitter_card":"summary_large_image","twitter_misc":{"Written by":"US6","Est. reading time":"2 minutes"},"schema":{"@context":"https:\/\/schema.org","@graph":[{"@type":"WebPage","@id":"https:\/\/veritasinfo.org\/?p=11873","url":"https:\/\/veritasinfo.org\/?p=11873","name":"R\u00ebnia e demokracis\u00eb n\u00eb shumic\u00ebn e vendeve t\u00eb bot\u00ebs, Serbia ka rezultate duksh\u00ebm m\u00eb t\u00eb dob\u00ebta -","isPartOf":{"@id":"https:\/\/veritasinfo.org\/#website"},"primaryImageOfPage":{"@id":"https:\/\/veritasinfo.org\/?p=11873#primaryimage"},"image":{"@id":"https:\/\/veritasinfo.org\/?p=11873#primaryimage"},"thumbnailUrl":"https:\/\/veritasinfo.org\/wp-content\/uploads\/2025\/09\/462648331_571542018828990_4795646113599346057_n-1920x1081-1.jpg","datePublished":"2025-09-14T11:11:05+00:00","author":{"@id":"https:\/\/veritasinfo.org\/#\/schema\/person\/fe199eede04c3937362892b7444747cc"},"breadcrumb":{"@id":"https:\/\/veritasinfo.org\/?p=11873#breadcrumb"},"inLanguage":"en-US","potentialAction":[{"@type":"ReadAction","target":["https:\/\/veritasinfo.org\/?p=11873"]}]},{"@type":"ImageObject","inLanguage":"en-US","@id":"https:\/\/veritasinfo.org\/?p=11873#primaryimage","url":"https:\/\/veritasinfo.org\/wp-content\/uploads\/2025\/09\/462648331_571542018828990_4795646113599346057_n-1920x1081-1.jpg","contentUrl":"https:\/\/veritasinfo.org\/wp-content\/uploads\/2025\/09\/462648331_571542018828990_4795646113599346057_n-1920x1081-1.jpg","width":1920,"height":1081},{"@type":"BreadcrumbList","@id":"https:\/\/veritasinfo.org\/?p=11873#breadcrumb","itemListElement":[{"@type":"ListItem","position":1,"name":"Home","item":"https:\/\/veritasinfo.org\/"},{"@type":"ListItem","position":2,"name":"R\u00ebnia e demokracis\u00eb n\u00eb shumic\u00ebn e vendeve t\u00eb bot\u00ebs, Serbia ka rezultate duksh\u00ebm m\u00eb t\u00eb dob\u00ebta"}]},{"@type":"WebSite","@id":"https:\/\/veritasinfo.org\/#website","url":"https:\/\/veritasinfo.org\/","name":"","description":"","potentialAction":[{"@type":"SearchAction","target":{"@type":"EntryPoint","urlTemplate":"https:\/\/veritasinfo.org\/?s={search_term_string}"},"query-input":{"@type":"PropertyValueSpecification","valueRequired":true,"valueName":"search_term_string"}}],"inLanguage":"en-US"},{"@type":"Person","@id":"https:\/\/veritasinfo.org\/#\/schema\/person\/fe199eede04c3937362892b7444747cc","name":"US6","image":{"@type":"ImageObject","inLanguage":"en-US","@id":"https:\/\/veritasinfo.org\/#\/schema\/person\/image\/","url":"https:\/\/secure.gravatar.com\/avatar\/cb16c3c31c9d23b9b8c705964598220b3014e42ff51eb540ff23cefa3ae8c15f?s=96&d=mm&r=g","contentUrl":"https:\/\/secure.gravatar.com\/avatar\/cb16c3c31c9d23b9b8c705964598220b3014e42ff51eb540ff23cefa3ae8c15f?s=96&d=mm&r=g","caption":"US6"},"url":"https:\/\/veritasinfo.org\/?author=7"}]}},"featured_image_urls":{"full":["https:\/\/veritasinfo.org\/wp-content\/uploads\/2025\/09\/462648331_571542018828990_4795646113599346057_n-1920x1081-1.jpg",1920,1081,false],"thumbnail":["https:\/\/veritasinfo.org\/wp-content\/uploads\/2025\/09\/462648331_571542018828990_4795646113599346057_n-1920x1081-1-150x150.jpg",150,150,true],"medium":["https:\/\/veritasinfo.org\/wp-content\/uploads\/2025\/09\/462648331_571542018828990_4795646113599346057_n-1920x1081-1-300x169.jpg",300,169,true],"medium_large":["https:\/\/veritasinfo.org\/wp-content\/uploads\/2025\/09\/462648331_571542018828990_4795646113599346057_n-1920x1081-1-768x432.jpg",640,360,true],"large":["https:\/\/veritasinfo.org\/wp-content\/uploads\/2025\/09\/462648331_571542018828990_4795646113599346057_n-1920x1081-1-1024x577.jpg",640,361,true],"1536x1536":["https:\/\/veritasinfo.org\/wp-content\/uploads\/2025\/09\/462648331_571542018828990_4795646113599346057_n-1920x1081-1-1536x865.jpg",1536,865,true],"2048x2048":["https:\/\/veritasinfo.org\/wp-content\/uploads\/2025\/09\/462648331_571542018828990_4795646113599346057_n-1920x1081-1.jpg",1920,1081,false],"kreeti-slider-full":["https:\/\/veritasinfo.org\/wp-content\/uploads\/2025\/09\/462648331_571542018828990_4795646113599346057_n-1920x1081-1.jpg",1280,720,false],"kreeti-featured":["https:\/\/veritasinfo.org\/wp-content\/uploads\/2025\/09\/462648331_571542018828990_4795646113599346057_n-1920x1081-1.jpg",1024,577,false],"kreeti-medium":["https:\/\/veritasinfo.org\/wp-content\/uploads\/2025\/09\/462648331_571542018828990_4795646113599346057_n-1920x1081-1.jpg",720,405,false],"kreeti-medium-square":["https:\/\/veritasinfo.org\/wp-content\/uploads\/2025\/09\/462648331_571542018828990_4795646113599346057_n-1920x1081-1.jpg",350,197,false]},"author_info":{"info":["US6"]},"category_info":"<a href=\"https:\/\/veritasinfo.org\/?cat=58\" rel=\"category\">Politik\u00eb<\/a>","tag_info":"Politik\u00eb","comment_count":"0","_links":{"self":[{"href":"https:\/\/veritasinfo.org\/index.php?rest_route=\/wp\/v2\/posts\/11873","targetHints":{"allow":["GET"]}}],"collection":[{"href":"https:\/\/veritasinfo.org\/index.php?rest_route=\/wp\/v2\/posts"}],"about":[{"href":"https:\/\/veritasinfo.org\/index.php?rest_route=\/wp\/v2\/types\/post"}],"author":[{"embeddable":true,"href":"https:\/\/veritasinfo.org\/index.php?rest_route=\/wp\/v2\/users\/7"}],"replies":[{"embeddable":true,"href":"https:\/\/veritasinfo.org\/index.php?rest_route=%2Fwp%2Fv2%2Fcomments&post=11873"}],"version-history":[{"count":1,"href":"https:\/\/veritasinfo.org\/index.php?rest_route=\/wp\/v2\/posts\/11873\/revisions"}],"predecessor-version":[{"id":11875,"href":"https:\/\/veritasinfo.org\/index.php?rest_route=\/wp\/v2\/posts\/11873\/revisions\/11875"}],"wp:featuredmedia":[{"embeddable":true,"href":"https:\/\/veritasinfo.org\/index.php?rest_route=\/wp\/v2\/media\/11874"}],"wp:attachment":[{"href":"https:\/\/veritasinfo.org\/index.php?rest_route=%2Fwp%2Fv2%2Fmedia&parent=11873"}],"wp:term":[{"taxonomy":"category","embeddable":true,"href":"https:\/\/veritasinfo.org\/index.php?rest_route=%2Fwp%2Fv2%2Fcategories&post=11873"},{"taxonomy":"post_tag","embeddable":true,"href":"https:\/\/veritasinfo.org\/index.php?rest_route=%2Fwp%2Fv2%2Ftags&post=11873"}],"curies":[{"name":"wp","href":"https:\/\/api.w.org\/{rel}","templated":true}]}}