{"id":1187,"date":"2025-06-21T07:36:37","date_gmt":"2025-06-21T05:36:37","guid":{"rendered":"https:\/\/veritasinfo.org\/?p=1187"},"modified":"2025-06-21T07:36:37","modified_gmt":"2025-06-21T05:36:37","slug":"shteti-pagoi-gjysme-milioni-euro-ne-5-muaj-per-persona-qe-u-burgosen-e-arrestuan-pa-faj","status":"publish","type":"post","link":"https:\/\/veritasinfo.org\/?p=1187","title":{"rendered":"Shteti pagoi gjysm\u00eb milioni euro n\u00eb 5 muaj p\u00ebr persona q\u00eb u burgos\u00ebn e arrestuan pa faj"},"content":{"rendered":"<p>Prishtin\u00eb, 21.06.2025<\/p>\n<p>K\u00ebshilli Gjyq\u00ebsor i Kosov\u00ebs (KGjK), vet\u00ebm n\u00eb pes\u00eb muajt e par\u00eb t\u00eb k\u00ebtij viti i ka kompensuar me shuma parash n\u00eb total 113 persona.<\/p>\n<p>Vlera e k\u00ebtij kompensimi kap shum\u00ebn e hi\u00e7 m\u00eb pak se 500 mij\u00eb eurove.<\/p>\n<p>E arsyeja e k\u00ebtij kompensimi \u00ebsht\u00eb se k\u00ebta persona ishin arrestuar dhe kishin p\u00ebrfunduar n\u00eb burg, madje edhe ishin d\u00ebnuar pa pasur as edhe nj\u00eb faj t\u00eb vet\u00ebm.<\/p>\n<p>K\u00ebshtu thuhet n\u00eb p\u00ebrgjigjen e KGjK-s\u00eb p\u00ebr Klan Kosov\u00ebn.<\/p>\n<p>Sipas t\u00eb dh\u00ebnave nga K\u00ebshilli Gjyq\u00ebsor, 11 t\u00eb d\u00ebmtuar jan\u00eb kompensuar sipas vendimeve gjyq\u00ebsore, derisa 102 n\u00eb procedur\u00eb jasht\u00eb gjyq\u00ebsore.<\/p>\n<p>\u201cGjat\u00eb vitit 2025 e deri m\u00eb tani, jan\u00eb kompensuar 113 persona; 11 persona jan\u00eb kompensuar sipas vendimeve gjyq\u00ebsore, nd\u00ebrsa 102 jan\u00eb kompensuar n\u00eb procedur\u00eb jasht\u00ebgjyq\u00ebsore pran\u00eb komisionit p\u00ebr kompensim d\u00ebmi. T\u00eb gjitha n\u00eb shum\u00eb prej 500.000 euro\u201d, ka th\u00ebn\u00eb KGjK-ja.<\/p>\n<div class=\"td-a-ad id_inline_ad2 id_ad_content-horiz-center\">Naser Pajazitaj, para dy vjet\u00ebsh kishte b\u00ebr\u00eb padi p\u00ebr kompensimin e d\u00ebmit q\u00eb pretendon se iu shkaktua gjat\u00eb koh\u00ebs kur p\u00ebrballej me akuzat p\u00ebr vrasjen e Donjeta Pajazitajt, rast ky i cili akoma s\u2019ka marr\u00eb epilog. Shteti vendosi ta d\u00ebmshp\u00ebrblej\u00eb me 61 mij\u00eb e 777 euro, nd\u00ebrsa ai kishte k\u00ebrkuar 1 milion e 150 mij\u00eb euro.<\/div>\n<p>Pajazitaj ishte d\u00ebnuar me burgim t\u00eb p\u00ebrjetsh\u00ebm, e m\u00eb pas Gjykata e Apelit e ndryshoi vendimin, duke e d\u00ebnuar at\u00eb me 35 vjet burgim. Por, me vendim t\u00eb Gjykat\u00ebs Supreme, Naser Pajazitaj u lirua m\u00eb 6 prill t\u00eb 2023-t\u00ebs.<\/p>\n<p>Fillimisht nga K\u00ebshilli Gjyq\u00ebsor i Kosov\u00ebs, Pajazitaj kishte marr\u00eb ofert\u00eb p\u00ebr kompensim prej 60 mij\u00eb eurosh, por q\u00eb u refuzua nga pala mbrojt\u00ebse.<\/p>\n<p>Para gati dy vjet\u00ebsh, mbrojtja e tij b\u00ebri padin\u00eb p\u00ebr kompensim n\u00eb vler\u00eb prej 1 milion eurosh.<\/p>\n<p>P\u00ebr k\u00ebt\u00eb ka folur p\u00ebr Klankosova.tv avokati Ahmet Tahiri, i cili p\u00ebrfaq\u00ebson Pajazitajn.<\/p>\n<p>\u201cNuk jemi kompensuar ende. Ende nuk ka filluar procesi gjyq\u00ebsor. Padin\u00eb e kemi b\u00ebr\u00eb para gati dy vjet\u00ebsh, jemi ende n\u00eb pritje. Tash krejt varet nga gjykata se kur do t\u00eb filloj\u00eb procesi. Ne fillimisht kemi pranuar nj\u00eb ofert\u00eb p\u00ebr d\u00ebmshp\u00ebrblim, por q\u00eb e kemi refuzuar\u201d, deklaroi ai.<\/p>\n<p>Tahiri shtoi tutje se klienti i tij e ka p\u00ebrjetuar r\u00ebnd\u00eb krejt k\u00ebt\u00eb ngjarje.<\/p>\n<p>\u201cKlienti im \u00ebsht\u00eb n\u00eb gjendje t\u00eb r\u00ebnd\u00eb sh\u00ebndet\u00ebsore. E ka p\u00ebrjetuar shum\u00eb r\u00ebnd\u00eb. Paramendoni si \u00ebsht\u00eb t\u00eb jesh n\u00eb burg. Ka q\u00ebndruar i pafajsh\u00ebm n\u00eb burg p\u00ebr shtat\u00eb vite\u201d, theksoi Tahiri.<\/p>\n<p>N\u00eb raportin e plot\u00eb\u00a0nga K\u00ebshilli Gjyq\u00ebsor i Kosov\u00ebs jan\u00eb kompensuar edhe ata me marr\u00ebveshje gjyq\u00ebsore e jasht\u00ebgjyq\u00ebsore.<\/p>\n<p>E po ashtu edhe p\u00ebr ata q\u00eb jan\u00eb refuzuar p\u00ebr t\u2019u kompensuar.<\/p>\n<p>Aty ka persona q\u00eb jan\u00eb kompensuar me shuma simbolike, t\u00eb tilla si 200, 300, 400 e 500 euro, por edhe raste kur t\u00eb d\u00ebmtuarit kan\u00eb p\u00ebrfituar shuma m\u00eb t\u00eb m\u00ebdha nga shteti, si 35 mij\u00eb, 30 mij\u00eb e 20 mij\u00eb e t\u00eb ngjashme.<\/p>\n<p>Raporti nuk jep detaje p\u00ebr rastet, por tregon vet\u00ebm periudh\u00ebn e q\u00ebndrimit t\u00eb tyre n\u00eb burg.<\/p>\n<p>&nbsp;<\/p>\n","protected":false},"excerpt":{"rendered":"<p>Prishtin\u00eb, 21.06.2025 K\u00ebshilli Gjyq\u00ebsor i Kosov\u00ebs (KGjK), vet\u00ebm n\u00eb pes\u00eb muajt e par\u00eb t\u00eb k\u00ebtij viti i ka kompensuar me shuma parash n\u00eb total 113<\/p>\n","protected":false},"author":1,"featured_media":1188,"comment_status":"open","ping_status":"open","sticky":false,"template":"","format":"standard","meta":{"footnotes":""},"categories":[60],"tags":[],"class_list":["post-1187","post","type-post","status-publish","format-standard","has-post-thumbnail","hentry","category-shoqerore-sq"],"yoast_head":"<!-- This site is optimized with the Yoast SEO plugin v25.3.1 - https:\/\/yoast.com\/wordpress\/plugins\/seo\/ -->\n<title>Shteti pagoi gjysm\u00eb milioni euro n\u00eb 5 muaj p\u00ebr persona q\u00eb u burgos\u00ebn e arrestuan pa faj -<\/title>\n<meta name=\"robots\" content=\"index, follow, max-snippet:-1, max-image-preview:large, max-video-preview:-1\" \/>\n<link rel=\"canonical\" href=\"https:\/\/veritasinfo.org\/?p=1187\" \/>\n<meta property=\"og:locale\" content=\"en_US\" \/>\n<meta property=\"og:type\" content=\"article\" \/>\n<meta property=\"og:title\" content=\"Shteti pagoi gjysm\u00eb milioni euro n\u00eb 5 muaj p\u00ebr persona q\u00eb u burgos\u00ebn e arrestuan pa faj -\" \/>\n<meta property=\"og:description\" content=\"Prishtin\u00eb, 21.06.2025 K\u00ebshilli Gjyq\u00ebsor i Kosov\u00ebs (KGjK), vet\u00ebm n\u00eb pes\u00eb muajt e par\u00eb t\u00eb k\u00ebtij viti i ka kompensuar me shuma parash n\u00eb total 113\" \/>\n<meta property=\"og:url\" content=\"https:\/\/veritasinfo.org\/?p=1187\" \/>\n<meta property=\"article:published_time\" content=\"2025-06-21T05:36:37+00:00\" \/>\n<meta property=\"og:image\" content=\"https:\/\/veritasinfo.org\/wp-content\/uploads\/2025\/06\/IMG_1485.jpeg\" \/>\n\t<meta property=\"og:image:width\" content=\"640\" \/>\n\t<meta property=\"og:image:height\" content=\"360\" \/>\n\t<meta property=\"og:image:type\" content=\"image\/jpeg\" \/>\n<meta name=\"author\" content=\"admin\" \/>\n<meta name=\"twitter:card\" content=\"summary_large_image\" \/>\n<meta name=\"twitter:label1\" content=\"Written by\" \/>\n\t<meta name=\"twitter:data1\" content=\"admin\" \/>\n\t<meta name=\"twitter:label2\" content=\"Est. reading time\" \/>\n\t<meta name=\"twitter:data2\" content=\"3 minutes\" \/>\n<script type=\"application\/ld+json\" class=\"yoast-schema-graph\">{\"@context\":\"https:\/\/schema.org\",\"@graph\":[{\"@type\":\"WebPage\",\"@id\":\"https:\/\/veritasinfo.org\/?p=1187\",\"url\":\"https:\/\/veritasinfo.org\/?p=1187\",\"name\":\"Shteti pagoi gjysm\u00eb milioni euro n\u00eb 5 muaj p\u00ebr persona q\u00eb u burgos\u00ebn e arrestuan pa faj -\",\"isPartOf\":{\"@id\":\"https:\/\/veritasinfo.org\/#website\"},\"primaryImageOfPage\":{\"@id\":\"https:\/\/veritasinfo.org\/?p=1187#primaryimage\"},\"image\":{\"@id\":\"https:\/\/veritasinfo.org\/?p=1187#primaryimage\"},\"thumbnailUrl\":\"https:\/\/veritasinfo.org\/wp-content\/uploads\/2025\/06\/IMG_1485.jpeg\",\"datePublished\":\"2025-06-21T05:36:37+00:00\",\"author\":{\"@id\":\"https:\/\/veritasinfo.org\/#\/schema\/person\/7701f8c088bece422266b100a712374f\"},\"breadcrumb\":{\"@id\":\"https:\/\/veritasinfo.org\/?p=1187#breadcrumb\"},\"inLanguage\":\"en-US\",\"potentialAction\":[{\"@type\":\"ReadAction\",\"target\":[\"https:\/\/veritasinfo.org\/?p=1187\"]}]},{\"@type\":\"ImageObject\",\"inLanguage\":\"en-US\",\"@id\":\"https:\/\/veritasinfo.org\/?p=1187#primaryimage\",\"url\":\"https:\/\/veritasinfo.org\/wp-content\/uploads\/2025\/06\/IMG_1485.jpeg\",\"contentUrl\":\"https:\/\/veritasinfo.org\/wp-content\/uploads\/2025\/06\/IMG_1485.jpeg\",\"width\":640,\"height\":360},{\"@type\":\"BreadcrumbList\",\"@id\":\"https:\/\/veritasinfo.org\/?p=1187#breadcrumb\",\"itemListElement\":[{\"@type\":\"ListItem\",\"position\":1,\"name\":\"Home\",\"item\":\"https:\/\/veritasinfo.org\/\"},{\"@type\":\"ListItem\",\"position\":2,\"name\":\"Shteti pagoi gjysm\u00eb milioni euro n\u00eb 5 muaj p\u00ebr persona q\u00eb u burgos\u00ebn e arrestuan pa faj\"}]},{\"@type\":\"WebSite\",\"@id\":\"https:\/\/veritasinfo.org\/#website\",\"url\":\"https:\/\/veritasinfo.org\/\",\"name\":\"\",\"description\":\"\",\"potentialAction\":[{\"@type\":\"SearchAction\",\"target\":{\"@type\":\"EntryPoint\",\"urlTemplate\":\"https:\/\/veritasinfo.org\/?s={search_term_string}\"},\"query-input\":{\"@type\":\"PropertyValueSpecification\",\"valueRequired\":true,\"valueName\":\"search_term_string\"}}],\"inLanguage\":\"en-US\"},{\"@type\":\"Person\",\"@id\":\"https:\/\/veritasinfo.org\/#\/schema\/person\/7701f8c088bece422266b100a712374f\",\"name\":\"admin\",\"image\":{\"@type\":\"ImageObject\",\"inLanguage\":\"en-US\",\"@id\":\"https:\/\/veritasinfo.org\/#\/schema\/person\/image\/\",\"url\":\"https:\/\/secure.gravatar.com\/avatar\/ea53aa3bf6c9a12d5fde8ce4deff43fef3885ae33cf60184161a50d6987cfd2f?s=96&d=mm&r=g\",\"contentUrl\":\"https:\/\/secure.gravatar.com\/avatar\/ea53aa3bf6c9a12d5fde8ce4deff43fef3885ae33cf60184161a50d6987cfd2f?s=96&d=mm&r=g\",\"caption\":\"admin\"},\"sameAs\":[\"https:\/\/veritasinfo.org\"],\"url\":\"https:\/\/veritasinfo.org\/?author=1\"}]}<\/script>\n<!-- \/ Yoast SEO plugin. -->","yoast_head_json":{"title":"Shteti pagoi gjysm\u00eb milioni euro n\u00eb 5 muaj p\u00ebr persona q\u00eb u burgos\u00ebn e arrestuan pa faj -","robots":{"index":"index","follow":"follow","max-snippet":"max-snippet:-1","max-image-preview":"max-image-preview:large","max-video-preview":"max-video-preview:-1"},"canonical":"https:\/\/veritasinfo.org\/?p=1187","og_locale":"en_US","og_type":"article","og_title":"Shteti pagoi gjysm\u00eb milioni euro n\u00eb 5 muaj p\u00ebr persona q\u00eb u burgos\u00ebn e arrestuan pa faj -","og_description":"Prishtin\u00eb, 21.06.2025 K\u00ebshilli Gjyq\u00ebsor i Kosov\u00ebs (KGjK), vet\u00ebm n\u00eb pes\u00eb muajt e par\u00eb t\u00eb k\u00ebtij viti i ka kompensuar me shuma parash n\u00eb total 113","og_url":"https:\/\/veritasinfo.org\/?p=1187","article_published_time":"2025-06-21T05:36:37+00:00","og_image":[{"width":640,"height":360,"url":"https:\/\/veritasinfo.org\/wp-content\/uploads\/2025\/06\/IMG_1485.jpeg","type":"image\/jpeg"}],"author":"admin","twitter_card":"summary_large_image","twitter_misc":{"Written by":"admin","Est. reading time":"3 minutes"},"schema":{"@context":"https:\/\/schema.org","@graph":[{"@type":"WebPage","@id":"https:\/\/veritasinfo.org\/?p=1187","url":"https:\/\/veritasinfo.org\/?p=1187","name":"Shteti pagoi gjysm\u00eb milioni euro n\u00eb 5 muaj p\u00ebr persona q\u00eb u burgos\u00ebn e arrestuan pa faj -","isPartOf":{"@id":"https:\/\/veritasinfo.org\/#website"},"primaryImageOfPage":{"@id":"https:\/\/veritasinfo.org\/?p=1187#primaryimage"},"image":{"@id":"https:\/\/veritasinfo.org\/?p=1187#primaryimage"},"thumbnailUrl":"https:\/\/veritasinfo.org\/wp-content\/uploads\/2025\/06\/IMG_1485.jpeg","datePublished":"2025-06-21T05:36:37+00:00","author":{"@id":"https:\/\/veritasinfo.org\/#\/schema\/person\/7701f8c088bece422266b100a712374f"},"breadcrumb":{"@id":"https:\/\/veritasinfo.org\/?p=1187#breadcrumb"},"inLanguage":"en-US","potentialAction":[{"@type":"ReadAction","target":["https:\/\/veritasinfo.org\/?p=1187"]}]},{"@type":"ImageObject","inLanguage":"en-US","@id":"https:\/\/veritasinfo.org\/?p=1187#primaryimage","url":"https:\/\/veritasinfo.org\/wp-content\/uploads\/2025\/06\/IMG_1485.jpeg","contentUrl":"https:\/\/veritasinfo.org\/wp-content\/uploads\/2025\/06\/IMG_1485.jpeg","width":640,"height":360},{"@type":"BreadcrumbList","@id":"https:\/\/veritasinfo.org\/?p=1187#breadcrumb","itemListElement":[{"@type":"ListItem","position":1,"name":"Home","item":"https:\/\/veritasinfo.org\/"},{"@type":"ListItem","position":2,"name":"Shteti pagoi gjysm\u00eb milioni euro n\u00eb 5 muaj p\u00ebr persona q\u00eb u burgos\u00ebn e arrestuan pa faj"}]},{"@type":"WebSite","@id":"https:\/\/veritasinfo.org\/#website","url":"https:\/\/veritasinfo.org\/","name":"","description":"","potentialAction":[{"@type":"SearchAction","target":{"@type":"EntryPoint","urlTemplate":"https:\/\/veritasinfo.org\/?s={search_term_string}"},"query-input":{"@type":"PropertyValueSpecification","valueRequired":true,"valueName":"search_term_string"}}],"inLanguage":"en-US"},{"@type":"Person","@id":"https:\/\/veritasinfo.org\/#\/schema\/person\/7701f8c088bece422266b100a712374f","name":"admin","image":{"@type":"ImageObject","inLanguage":"en-US","@id":"https:\/\/veritasinfo.org\/#\/schema\/person\/image\/","url":"https:\/\/secure.gravatar.com\/avatar\/ea53aa3bf6c9a12d5fde8ce4deff43fef3885ae33cf60184161a50d6987cfd2f?s=96&d=mm&r=g","contentUrl":"https:\/\/secure.gravatar.com\/avatar\/ea53aa3bf6c9a12d5fde8ce4deff43fef3885ae33cf60184161a50d6987cfd2f?s=96&d=mm&r=g","caption":"admin"},"sameAs":["https:\/\/veritasinfo.org"],"url":"https:\/\/veritasinfo.org\/?author=1"}]}},"featured_image_urls":{"full":["https:\/\/veritasinfo.org\/wp-content\/uploads\/2025\/06\/IMG_1485.jpeg",640,360,false],"thumbnail":["https:\/\/veritasinfo.org\/wp-content\/uploads\/2025\/06\/IMG_1485-150x150.jpeg",150,150,true],"medium":["https:\/\/veritasinfo.org\/wp-content\/uploads\/2025\/06\/IMG_1485-300x169.jpeg",300,169,true],"medium_large":["https:\/\/veritasinfo.org\/wp-content\/uploads\/2025\/06\/IMG_1485.jpeg",640,360,false],"large":["https:\/\/veritasinfo.org\/wp-content\/uploads\/2025\/06\/IMG_1485.jpeg",640,360,false],"1536x1536":["https:\/\/veritasinfo.org\/wp-content\/uploads\/2025\/06\/IMG_1485.jpeg",640,360,false],"2048x2048":["https:\/\/veritasinfo.org\/wp-content\/uploads\/2025\/06\/IMG_1485.jpeg",640,360,false],"kreeti-slider-full":["https:\/\/veritasinfo.org\/wp-content\/uploads\/2025\/06\/IMG_1485.jpeg",640,360,false],"kreeti-featured":["https:\/\/veritasinfo.org\/wp-content\/uploads\/2025\/06\/IMG_1485.jpeg",640,360,false],"kreeti-medium":["https:\/\/veritasinfo.org\/wp-content\/uploads\/2025\/06\/IMG_1485.jpeg",640,360,false],"kreeti-medium-square":["https:\/\/veritasinfo.org\/wp-content\/uploads\/2025\/06\/IMG_1485.jpeg",350,197,false]},"author_info":{"info":["admin"]},"category_info":"<a href=\"https:\/\/veritasinfo.org\/?cat=60\" rel=\"category\">Shoq\u00ebrore<\/a>","tag_info":"Shoq\u00ebrore","comment_count":"0","_links":{"self":[{"href":"https:\/\/veritasinfo.org\/index.php?rest_route=\/wp\/v2\/posts\/1187","targetHints":{"allow":["GET"]}}],"collection":[{"href":"https:\/\/veritasinfo.org\/index.php?rest_route=\/wp\/v2\/posts"}],"about":[{"href":"https:\/\/veritasinfo.org\/index.php?rest_route=\/wp\/v2\/types\/post"}],"author":[{"embeddable":true,"href":"https:\/\/veritasinfo.org\/index.php?rest_route=\/wp\/v2\/users\/1"}],"replies":[{"embeddable":true,"href":"https:\/\/veritasinfo.org\/index.php?rest_route=%2Fwp%2Fv2%2Fcomments&post=1187"}],"version-history":[{"count":1,"href":"https:\/\/veritasinfo.org\/index.php?rest_route=\/wp\/v2\/posts\/1187\/revisions"}],"predecessor-version":[{"id":1190,"href":"https:\/\/veritasinfo.org\/index.php?rest_route=\/wp\/v2\/posts\/1187\/revisions\/1190"}],"wp:featuredmedia":[{"embeddable":true,"href":"https:\/\/veritasinfo.org\/index.php?rest_route=\/wp\/v2\/media\/1188"}],"wp:attachment":[{"href":"https:\/\/veritasinfo.org\/index.php?rest_route=%2Fwp%2Fv2%2Fmedia&parent=1187"}],"wp:term":[{"taxonomy":"category","embeddable":true,"href":"https:\/\/veritasinfo.org\/index.php?rest_route=%2Fwp%2Fv2%2Fcategories&post=1187"},{"taxonomy":"post_tag","embeddable":true,"href":"https:\/\/veritasinfo.org\/index.php?rest_route=%2Fwp%2Fv2%2Ftags&post=1187"}],"curies":[{"name":"wp","href":"https:\/\/api.w.org\/{rel}","templated":true}]}}